{"id":4247,"date":"2021-02-20T08:02:12","date_gmt":"2021-02-20T06:02:12","guid":{"rendered":"https:\/\/mhf.ro\/mm\/?p=4247"},"modified":"2021-02-20T00:10:06","modified_gmt":"2021-02-19T22:10:06","slug":"bugetul-ministerului-educatiei-inregistreaza-o-crestere-de-finantare","status":"publish","type":"post","link":"https:\/\/mhf.ro\/mm\/bugetul-ministerului-educatiei-inregistreaza-o-crestere-de-finantare\/","title":{"rendered":"Bugetul Ministerului Educa\u021biei \u00eenregistreaz\u0103 o cre\u0219tere de finan\u021bare"},"content":{"rendered":"<p>Bugetul Ministerului Educa\u021biei \u00eenregistreaz\u0103 o cre\u0219tere de finan\u021bare a domeniului \u00eenv\u0103\u021b\u0103m\u00e2nt de 241,8 milioane lei &#8211; \u00een valoare absolut\u0103<\/p>\n<div class=\"field field-name-body field-type-text-with-summary field-label-hidden\">\n<div class=\"field-items\">\n<div class=\"field-item even\">\n<p class=\"rtejustify\">\u00cen \u0219edin\u021ba de Guvern de ast\u0103zi, 19 februarie 2021, a fost adoptat proiectul Legii bugetului de stat pe anul 2021.<\/p>\n<p class=\"rtejustify\"><strong>Bugetul Ministerului Educa\u021biei \u00eenregistreaz\u0103 o cre\u0219tere de finan\u021bare a domeniului \u00eenv\u0103\u021b\u0103m\u00e2nt, \u00een valoare absolut\u0103, de 241,8 milioane lei.<\/strong> Preciz\u0103m ca aceast\u0103 cre\u0219tere este \u00eenregistrat\u0103 \u00een condi\u021biile \u00een care bugetul anului 2021 nu mai cuprinde o serie de cheltuieli, precum voucherele de vacan\u021b\u0103, plata diferen\u021belor salariale conform\u00a0Legii 85\/2016 sau aloc\u0103ri din\u00a0fondul de rezerv\u0103.<\/p>\n<p class=\"rtejustify\"><strong>Ac\u021biunea \u00eenv\u0103\u021b\u0103m\u00e2nt (total finan\u021bare educa\u021bie) \u00eenregistreaz\u0103, conform proiectului de buget pentru anul 2021, o valoare de 39,65 miliarde lei, \u00een cre\u0219tere cu 6% fa\u021b\u0103 de 2020 (cre\u0219tere cu 2,24 miliarde lei).<\/strong> Cele mai relevante cre\u0219teri constau \u00een <strong>asigurarea, \u00een premier\u0103 de la bugetul de stat, prin bugetele locale, a finan\u021b\u0103rii pentru bursele elevilor (535,7 milioane lei).<\/strong> De asemenea, o cre\u0219tere substan\u021bial\u0103 \u00eenregistreaz\u0103 finan\u021barea de baz\u0103 a unit\u0103\u021bilor de \u00eenv\u0103t\u0103m\u00e2nt preuniversitar de stat, componenta destinat\u0103 cheltuielilor materiale \u0219i preg\u0103tirii profesionale (cre\u0219tere de 26%, de la 1,259 miliarde lei la 1,585 miliarde lei). De\u0219i subdimensionat \u00een raport cu necesarul de resurse \u00een educa\u021bie, se constat\u0103 totu\u0219i c\u0103 anii 2020 \u0219i 2021 au beneficiat de un maximum de finan\u021bare a \u00eenv\u0103\u021b\u0103m\u00e2ntului rom\u00e2nesc din ultimii 10 ani, at\u00e2t \u00een valoare absolut\u0103, c\u00e2t \u0219i procentual, raportat la PIB.<\/p>\n<p class=\"rtejustify\">Preciz\u0103m faptul c\u0103 acestui buget alocat \u00eenv\u0103\u021b\u0103m\u00e2ntului (cel mai mare, \u00een valoare absolut\u0103, \u00een ultimii 30 de ani), urmeaz\u0103 s\u0103 i se adauge finan\u021barea ob\u021binut\u0103 prin Planul Na\u021bional de Redresare \u0219i Rezilien\u021b\u0103 pentru reforma educa\u021biei.<\/p>\n<p class=\"rtejustify\"><img fetchpriority=\"high\" decoding=\"async\" src=\"https:\/\/www.edu.ro\/sites\/default\/files\/_imagini\/comunicate\/2021\/ilustratii%20comunicate%20presa\/buget1.JPG\" alt=\"\" width=\"650\" height=\"498\" \/><img decoding=\"async\" src=\"https:\/\/www.edu.ro\/sites\/default\/files\/_imagini\/comunicate\/2021\/ilustratii%20comunicate%20presa\/buget2.JPG\" alt=\"\" width=\"650\" height=\"617\" \/><\/p>\n<\/div>\n<\/div>\n<\/div>\n<div class=\"field field-name-field-etichete field-type-taxonomy-term-reference field-label-above\">\n<div class=\"field-label\" style=\"text-align: right\">(conf. edu.ro)<\/div>\n<\/div>\n","protected":false},"excerpt":{"rendered":"<p>Bugetul Ministerului Educa\u021biei \u00eenregistreaz\u0103 o cre\u0219tere de finan\u021bare a domeniului \u00eenv\u0103\u021b\u0103m\u00e2nt de 241,8 milioane lei &#8211; \u00een valoare absolut\u0103 \u00cen<\/p>\n","protected":false},"author":11,"featured_media":4248,"comment_status":"open","ping_status":"open","sticky":false,"template":"","format":"standard","meta":{"colormag_page_container_layout":"default_layout","colormag_page_sidebar_layout":"default_layout","footnotes":""},"categories":[32,5],"tags":[],"class_list":["post-4247","post","type-post","status-publish","format-standard","has-post-thumbnail","hentry","category-comunicate","category-locale"],"yoast_head":"<!-- This site is optimized with the Yoast SEO plugin v27.0 - https:\/\/yoast.com\/product\/yoast-seo-wordpress\/ -->\n<title>Bugetul Ministerului Educa\u021biei \u00eenregistreaz\u0103 o cre\u0219tere de finan\u021bare - MHF Photography<\/title>\n<meta name=\"robots\" content=\"index, follow, max-snippet:-1, max-image-preview:large, max-video-preview:-1\" \/>\n<link rel=\"canonical\" href=\"https:\/\/mhf.ro\/mm\/bugetul-ministerului-educatiei-inregistreaza-o-crestere-de-finantare\/\" \/>\n<meta property=\"og:locale\" content=\"ro_RO\" \/>\n<meta property=\"og:type\" content=\"article\" \/>\n<meta property=\"og:title\" content=\"Bugetul Ministerului Educa\u021biei \u00eenregistreaz\u0103 o cre\u0219tere de finan\u021bare - MHF Photography\" \/>\n<meta property=\"og:description\" content=\"Bugetul Ministerului Educa\u021biei \u00eenregistreaz\u0103 o cre\u0219tere de finan\u021bare a domeniului \u00eenv\u0103\u021b\u0103m\u00e2nt de 241,8 milioane lei &#8211; \u00een valoare absolut\u0103 \u00cen\" \/>\n<meta property=\"og:url\" content=\"https:\/\/mhf.ro\/mm\/bugetul-ministerului-educatiei-inregistreaza-o-crestere-de-finantare\/\" \/>\n<meta property=\"og:site_name\" content=\"MHF Photography\" \/>\n<meta property=\"article:published_time\" content=\"2021-02-20T06:02:12+00:00\" \/>\n<meta property=\"og:image\" content=\"https:\/\/mhf.ro\/mm\/wp-content\/uploads\/2021\/02\/classroom-2093743_1280.jpg\" \/>\n\t<meta property=\"og:image:width\" content=\"1280\" \/>\n\t<meta property=\"og:image:height\" content=\"914\" \/>\n\t<meta property=\"og:image:type\" content=\"image\/jpeg\" \/>\n<meta name=\"author\" content=\"Fodrea Iuliana Reve\" \/>\n<meta name=\"twitter:card\" content=\"summary_large_image\" \/>\n<meta name=\"twitter:label1\" content=\"Scris de\" \/>\n\t<meta name=\"twitter:data1\" content=\"Fodrea Iuliana Reve\" \/>\n\t<meta name=\"twitter:label2\" content=\"Timp estimat pentru citire\" \/>\n\t<meta name=\"twitter:data2\" content=\"2 minute\" \/>\n<script type=\"application\/ld+json\" class=\"yoast-schema-graph\">{\"@context\":\"https:\/\/schema.org\",\"@graph\":[{\"@type\":\"Article\",\"@id\":\"https:\/\/mhf.ro\/mm\/bugetul-ministerului-educatiei-inregistreaza-o-crestere-de-finantare\/#article\",\"isPartOf\":{\"@id\":\"https:\/\/mhf.ro\/mm\/bugetul-ministerului-educatiei-inregistreaza-o-crestere-de-finantare\/\"},\"author\":{\"name\":\"Fodrea Iuliana Reve\",\"@id\":\"https:\/\/mhf.ro\/mm\/#\/schema\/person\/17f3fed455503130cb08cdc1421f8001\"},\"headline\":\"Bugetul Ministerului Educa\u021biei \u00eenregistreaz\u0103 o cre\u0219tere de finan\u021bare\",\"datePublished\":\"2021-02-20T06:02:12+00:00\",\"mainEntityOfPage\":{\"@id\":\"https:\/\/mhf.ro\/mm\/bugetul-ministerului-educatiei-inregistreaza-o-crestere-de-finantare\/\"},\"wordCount\":306,\"commentCount\":0,\"publisher\":{\"@id\":\"https:\/\/mhf.ro\/mm\/#\/schema\/person\/a3bebf7bdb4bf12f698aff73c7e46c21\"},\"image\":{\"@id\":\"https:\/\/mhf.ro\/mm\/bugetul-ministerului-educatiei-inregistreaza-o-crestere-de-finantare\/#primaryimage\"},\"thumbnailUrl\":\"https:\/\/mhf.ro\/mm\/wp-content\/uploads\/2021\/02\/classroom-2093743_1280.jpg\",\"articleSection\":[\"Comunicate\",\"Locale\"],\"inLanguage\":\"ro-RO\",\"potentialAction\":[{\"@type\":\"CommentAction\",\"name\":\"Comment\",\"target\":[\"https:\/\/mhf.ro\/mm\/bugetul-ministerului-educatiei-inregistreaza-o-crestere-de-finantare\/#respond\"]}]},{\"@type\":\"WebPage\",\"@id\":\"https:\/\/mhf.ro\/mm\/bugetul-ministerului-educatiei-inregistreaza-o-crestere-de-finantare\/\",\"url\":\"https:\/\/mhf.ro\/mm\/bugetul-ministerului-educatiei-inregistreaza-o-crestere-de-finantare\/\",\"name\":\"Bugetul Ministerului Educa\u021biei \u00eenregistreaz\u0103 o cre\u0219tere de finan\u021bare - MHF Photography\",\"isPartOf\":{\"@id\":\"https:\/\/mhf.ro\/mm\/#website\"},\"primaryImageOfPage\":{\"@id\":\"https:\/\/mhf.ro\/mm\/bugetul-ministerului-educatiei-inregistreaza-o-crestere-de-finantare\/#primaryimage\"},\"image\":{\"@id\":\"https:\/\/mhf.ro\/mm\/bugetul-ministerului-educatiei-inregistreaza-o-crestere-de-finantare\/#primaryimage\"},\"thumbnailUrl\":\"https:\/\/mhf.ro\/mm\/wp-content\/uploads\/2021\/02\/classroom-2093743_1280.jpg\",\"datePublished\":\"2021-02-20T06:02:12+00:00\",\"breadcrumb\":{\"@id\":\"https:\/\/mhf.ro\/mm\/bugetul-ministerului-educatiei-inregistreaza-o-crestere-de-finantare\/#breadcrumb\"},\"inLanguage\":\"ro-RO\",\"potentialAction\":[{\"@type\":\"ReadAction\",\"target\":[\"https:\/\/mhf.ro\/mm\/bugetul-ministerului-educatiei-inregistreaza-o-crestere-de-finantare\/\"]}]},{\"@type\":\"ImageObject\",\"inLanguage\":\"ro-RO\",\"@id\":\"https:\/\/mhf.ro\/mm\/bugetul-ministerului-educatiei-inregistreaza-o-crestere-de-finantare\/#primaryimage\",\"url\":\"https:\/\/mhf.ro\/mm\/wp-content\/uploads\/2021\/02\/classroom-2093743_1280.jpg\",\"contentUrl\":\"https:\/\/mhf.ro\/mm\/wp-content\/uploads\/2021\/02\/classroom-2093743_1280.jpg\",\"width\":1280,\"height\":914},{\"@type\":\"BreadcrumbList\",\"@id\":\"https:\/\/mhf.ro\/mm\/bugetul-ministerului-educatiei-inregistreaza-o-crestere-de-finantare\/#breadcrumb\",\"itemListElement\":[{\"@type\":\"ListItem\",\"position\":1,\"name\":\"Prima pagin\u0103\",\"item\":\"https:\/\/mhf.ro\/mm\/\"},{\"@type\":\"ListItem\",\"position\":2,\"name\":\"Bugetul Ministerului Educa\u021biei \u00eenregistreaz\u0103 o cre\u0219tere de finan\u021bare\"}]},{\"@type\":\"WebSite\",\"@id\":\"https:\/\/mhf.ro\/mm\/#website\",\"url\":\"https:\/\/mhf.ro\/mm\/\",\"name\":\"MHF Photography \u2013 Blog de fotografie, natur\u0103 \u0219i tehnic\u0103 divers\u0103\",\"description\":\"Aventur\u0103 \u00een fiecare cadru.\",\"publisher\":{\"@id\":\"https:\/\/mhf.ro\/mm\/#\/schema\/person\/a3bebf7bdb4bf12f698aff73c7e46c21\"},\"potentialAction\":[{\"@type\":\"SearchAction\",\"target\":{\"@type\":\"EntryPoint\",\"urlTemplate\":\"https:\/\/mhf.ro\/mm\/?s={search_term_string}\"},\"query-input\":{\"@type\":\"PropertyValueSpecification\",\"valueRequired\":true,\"valueName\":\"search_term_string\"}}],\"inLanguage\":\"ro-RO\"},{\"@type\":[\"Person\",\"Organization\"],\"@id\":\"https:\/\/mhf.ro\/mm\/#\/schema\/person\/a3bebf7bdb4bf12f698aff73c7e46c21\",\"name\":\"Marius Marcu\",\"image\":{\"@type\":\"ImageObject\",\"inLanguage\":\"ro-RO\",\"@id\":\"https:\/\/mhf.ro\/mm\/#\/schema\/person\/image\/\",\"url\":\"https:\/\/mhf.ro\/mm\/wp-content\/uploads\/2025\/12\/cropped-logo_mhf_2.png\",\"contentUrl\":\"https:\/\/mhf.ro\/mm\/wp-content\/uploads\/2025\/12\/cropped-logo_mhf_2.png\",\"width\":1096,\"height\":457,\"caption\":\"Marius Marcu\"},\"logo\":{\"@id\":\"https:\/\/mhf.ro\/mm\/#\/schema\/person\/image\/\"},\"sameAs\":[\"https:\/\/mhf.ro\/mm\"]},{\"@type\":\"Person\",\"@id\":\"https:\/\/mhf.ro\/mm\/#\/schema\/person\/17f3fed455503130cb08cdc1421f8001\",\"name\":\"Fodrea Iuliana Reve\",\"image\":{\"@type\":\"ImageObject\",\"inLanguage\":\"ro-RO\",\"@id\":\"https:\/\/mhf.ro\/mm\/#\/schema\/person\/image\/\",\"url\":\"https:\/\/secure.gravatar.com\/avatar\/f6a66b0b93f1a25e8049c1c4e66e60a1a6809ab11ad60f8dcc2eaafeb7ca1580?s=96&d=monsterid&r=g\",\"contentUrl\":\"https:\/\/secure.gravatar.com\/avatar\/f6a66b0b93f1a25e8049c1c4e66e60a1a6809ab11ad60f8dcc2eaafeb7ca1580?s=96&d=monsterid&r=g\",\"caption\":\"Fodrea Iuliana Reve\"},\"sameAs\":[\"https:\/\/mhf.ro\/mm\"],\"url\":\"https:\/\/mhf.ro\/mm\/author\/iuliana\/\"}]}<\/script>\n<!-- \/ Yoast SEO plugin. -->","yoast_head_json":{"title":"Bugetul Ministerului Educa\u021biei \u00eenregistreaz\u0103 o cre\u0219tere de finan\u021bare - MHF Photography","robots":{"index":"index","follow":"follow","max-snippet":"max-snippet:-1","max-image-preview":"max-image-preview:large","max-video-preview":"max-video-preview:-1"},"canonical":"https:\/\/mhf.ro\/mm\/bugetul-ministerului-educatiei-inregistreaza-o-crestere-de-finantare\/","og_locale":"ro_RO","og_type":"article","og_title":"Bugetul Ministerului Educa\u021biei \u00eenregistreaz\u0103 o cre\u0219tere de finan\u021bare - MHF Photography","og_description":"Bugetul Ministerului Educa\u021biei \u00eenregistreaz\u0103 o cre\u0219tere de finan\u021bare a domeniului \u00eenv\u0103\u021b\u0103m\u00e2nt de 241,8 milioane lei &#8211; \u00een valoare absolut\u0103 \u00cen","og_url":"https:\/\/mhf.ro\/mm\/bugetul-ministerului-educatiei-inregistreaza-o-crestere-de-finantare\/","og_site_name":"MHF Photography","article_published_time":"2021-02-20T06:02:12+00:00","og_image":[{"width":1280,"height":914,"url":"https:\/\/mhf.ro\/mm\/wp-content\/uploads\/2021\/02\/classroom-2093743_1280.jpg","type":"image\/jpeg"}],"author":"Fodrea Iuliana Reve","twitter_card":"summary_large_image","twitter_misc":{"Scris de":"Fodrea Iuliana Reve","Timp estimat pentru citire":"2 minute"},"schema":{"@context":"https:\/\/schema.org","@graph":[{"@type":"Article","@id":"https:\/\/mhf.ro\/mm\/bugetul-ministerului-educatiei-inregistreaza-o-crestere-de-finantare\/#article","isPartOf":{"@id":"https:\/\/mhf.ro\/mm\/bugetul-ministerului-educatiei-inregistreaza-o-crestere-de-finantare\/"},"author":{"name":"Fodrea Iuliana Reve","@id":"https:\/\/mhf.ro\/mm\/#\/schema\/person\/17f3fed455503130cb08cdc1421f8001"},"headline":"Bugetul Ministerului Educa\u021biei \u00eenregistreaz\u0103 o cre\u0219tere de finan\u021bare","datePublished":"2021-02-20T06:02:12+00:00","mainEntityOfPage":{"@id":"https:\/\/mhf.ro\/mm\/bugetul-ministerului-educatiei-inregistreaza-o-crestere-de-finantare\/"},"wordCount":306,"commentCount":0,"publisher":{"@id":"https:\/\/mhf.ro\/mm\/#\/schema\/person\/a3bebf7bdb4bf12f698aff73c7e46c21"},"image":{"@id":"https:\/\/mhf.ro\/mm\/bugetul-ministerului-educatiei-inregistreaza-o-crestere-de-finantare\/#primaryimage"},"thumbnailUrl":"https:\/\/mhf.ro\/mm\/wp-content\/uploads\/2021\/02\/classroom-2093743_1280.jpg","articleSection":["Comunicate","Locale"],"inLanguage":"ro-RO","potentialAction":[{"@type":"CommentAction","name":"Comment","target":["https:\/\/mhf.ro\/mm\/bugetul-ministerului-educatiei-inregistreaza-o-crestere-de-finantare\/#respond"]}]},{"@type":"WebPage","@id":"https:\/\/mhf.ro\/mm\/bugetul-ministerului-educatiei-inregistreaza-o-crestere-de-finantare\/","url":"https:\/\/mhf.ro\/mm\/bugetul-ministerului-educatiei-inregistreaza-o-crestere-de-finantare\/","name":"Bugetul Ministerului Educa\u021biei \u00eenregistreaz\u0103 o cre\u0219tere de finan\u021bare - MHF Photography","isPartOf":{"@id":"https:\/\/mhf.ro\/mm\/#website"},"primaryImageOfPage":{"@id":"https:\/\/mhf.ro\/mm\/bugetul-ministerului-educatiei-inregistreaza-o-crestere-de-finantare\/#primaryimage"},"image":{"@id":"https:\/\/mhf.ro\/mm\/bugetul-ministerului-educatiei-inregistreaza-o-crestere-de-finantare\/#primaryimage"},"thumbnailUrl":"https:\/\/mhf.ro\/mm\/wp-content\/uploads\/2021\/02\/classroom-2093743_1280.jpg","datePublished":"2021-02-20T06:02:12+00:00","breadcrumb":{"@id":"https:\/\/mhf.ro\/mm\/bugetul-ministerului-educatiei-inregistreaza-o-crestere-de-finantare\/#breadcrumb"},"inLanguage":"ro-RO","potentialAction":[{"@type":"ReadAction","target":["https:\/\/mhf.ro\/mm\/bugetul-ministerului-educatiei-inregistreaza-o-crestere-de-finantare\/"]}]},{"@type":"ImageObject","inLanguage":"ro-RO","@id":"https:\/\/mhf.ro\/mm\/bugetul-ministerului-educatiei-inregistreaza-o-crestere-de-finantare\/#primaryimage","url":"https:\/\/mhf.ro\/mm\/wp-content\/uploads\/2021\/02\/classroom-2093743_1280.jpg","contentUrl":"https:\/\/mhf.ro\/mm\/wp-content\/uploads\/2021\/02\/classroom-2093743_1280.jpg","width":1280,"height":914},{"@type":"BreadcrumbList","@id":"https:\/\/mhf.ro\/mm\/bugetul-ministerului-educatiei-inregistreaza-o-crestere-de-finantare\/#breadcrumb","itemListElement":[{"@type":"ListItem","position":1,"name":"Prima pagin\u0103","item":"https:\/\/mhf.ro\/mm\/"},{"@type":"ListItem","position":2,"name":"Bugetul Ministerului Educa\u021biei \u00eenregistreaz\u0103 o cre\u0219tere de finan\u021bare"}]},{"@type":"WebSite","@id":"https:\/\/mhf.ro\/mm\/#website","url":"https:\/\/mhf.ro\/mm\/","name":"MHF Photography \u2013 Blog de fotografie, natur\u0103 \u0219i tehnic\u0103 divers\u0103","description":"Aventur\u0103 \u00een fiecare cadru.","publisher":{"@id":"https:\/\/mhf.ro\/mm\/#\/schema\/person\/a3bebf7bdb4bf12f698aff73c7e46c21"},"potentialAction":[{"@type":"SearchAction","target":{"@type":"EntryPoint","urlTemplate":"https:\/\/mhf.ro\/mm\/?s={search_term_string}"},"query-input":{"@type":"PropertyValueSpecification","valueRequired":true,"valueName":"search_term_string"}}],"inLanguage":"ro-RO"},{"@type":["Person","Organization"],"@id":"https:\/\/mhf.ro\/mm\/#\/schema\/person\/a3bebf7bdb4bf12f698aff73c7e46c21","name":"Marius Marcu","image":{"@type":"ImageObject","inLanguage":"ro-RO","@id":"https:\/\/mhf.ro\/mm\/#\/schema\/person\/image\/","url":"https:\/\/mhf.ro\/mm\/wp-content\/uploads\/2025\/12\/cropped-logo_mhf_2.png","contentUrl":"https:\/\/mhf.ro\/mm\/wp-content\/uploads\/2025\/12\/cropped-logo_mhf_2.png","width":1096,"height":457,"caption":"Marius Marcu"},"logo":{"@id":"https:\/\/mhf.ro\/mm\/#\/schema\/person\/image\/"},"sameAs":["https:\/\/mhf.ro\/mm"]},{"@type":"Person","@id":"https:\/\/mhf.ro\/mm\/#\/schema\/person\/17f3fed455503130cb08cdc1421f8001","name":"Fodrea Iuliana Reve","image":{"@type":"ImageObject","inLanguage":"ro-RO","@id":"https:\/\/mhf.ro\/mm\/#\/schema\/person\/image\/","url":"https:\/\/secure.gravatar.com\/avatar\/f6a66b0b93f1a25e8049c1c4e66e60a1a6809ab11ad60f8dcc2eaafeb7ca1580?s=96&d=monsterid&r=g","contentUrl":"https:\/\/secure.gravatar.com\/avatar\/f6a66b0b93f1a25e8049c1c4e66e60a1a6809ab11ad60f8dcc2eaafeb7ca1580?s=96&d=monsterid&r=g","caption":"Fodrea Iuliana Reve"},"sameAs":["https:\/\/mhf.ro\/mm"],"url":"https:\/\/mhf.ro\/mm\/author\/iuliana\/"}]}},"_links":{"self":[{"href":"https:\/\/mhf.ro\/mm\/wp-json\/wp\/v2\/posts\/4247","targetHints":{"allow":["GET"]}}],"collection":[{"href":"https:\/\/mhf.ro\/mm\/wp-json\/wp\/v2\/posts"}],"about":[{"href":"https:\/\/mhf.ro\/mm\/wp-json\/wp\/v2\/types\/post"}],"author":[{"embeddable":true,"href":"https:\/\/mhf.ro\/mm\/wp-json\/wp\/v2\/users\/11"}],"replies":[{"embeddable":true,"href":"https:\/\/mhf.ro\/mm\/wp-json\/wp\/v2\/comments?post=4247"}],"version-history":[{"count":1,"href":"https:\/\/mhf.ro\/mm\/wp-json\/wp\/v2\/posts\/4247\/revisions"}],"predecessor-version":[{"id":4249,"href":"https:\/\/mhf.ro\/mm\/wp-json\/wp\/v2\/posts\/4247\/revisions\/4249"}],"wp:featuredmedia":[{"embeddable":true,"href":"https:\/\/mhf.ro\/mm\/wp-json\/wp\/v2\/media\/4248"}],"wp:attachment":[{"href":"https:\/\/mhf.ro\/mm\/wp-json\/wp\/v2\/media?parent=4247"}],"wp:term":[{"taxonomy":"category","embeddable":true,"href":"https:\/\/mhf.ro\/mm\/wp-json\/wp\/v2\/categories?post=4247"},{"taxonomy":"post_tag","embeddable":true,"href":"https:\/\/mhf.ro\/mm\/wp-json\/wp\/v2\/tags?post=4247"}],"curies":[{"name":"wp","href":"https:\/\/api.w.org\/{rel}","templated":true}]}}