{"id":4255,"date":"2021-02-22T09:48:43","date_gmt":"2021-02-22T07:48:43","guid":{"rendered":"https:\/\/mhf.ro\/mm\/?p=4255"},"modified":"2021-02-22T09:50:15","modified_gmt":"2021-02-22T07:50:15","slug":"transport-agabaritic-pe-ruta-nadlac-ii-ptf-arad","status":"publish","type":"post","link":"https:\/\/mhf.ro\/mm\/transport-agabaritic-pe-ruta-nadlac-ii-ptf-arad\/","title":{"rendered":"Transport agabaritic pe ruta N\u0103dlac II PTF \u2013 Arad"},"content":{"rendered":"<p>\u00cen perioada 22.02.2021 \u2013 25.02.2021 se va desf\u0103\u0219ura un transport cu dep\u0103\u0219iri pe traseul:<\/p>\n<p>N\u0103dlac II PTF A1 \u2013 A11 \u2013 DN7 \u2013 Centur\u0103 Arad \u2013 DN7 \u2013 Arad (PAB)<\/p>\n<p>Vehiculul transport\u0103 o construc\u021bie metalic\u0103.<\/p>\n<p>L\u0103\u021bimea maxim\u0103 a vehiculului este 3,00 m, viteza de deplasare urm\u00e2nd a fi adaptat\u0103 condi\u021biilor de trafic. Men\u021bion\u0103m c\u0103 \u00een conformitate OUG 195\/2002 privind circula\u021bia pe drumurile publice viteza maxim\u0103 de deplasare a vehiculului cu dep\u0103\u0219iri este de 70 km\/or\u0103.<\/p>\n<p>Etapele de desf\u0103surare ale transportului sunt stabilite de poli\u021bia rutier\u0103, care asigur\u0103 \u00eenso\u021birea vehiculului cu dep\u0103\u0219iri. Transportul nu se va desf\u0103\u0219ura \u00een perioadele \u0219i pe sectoarele de drum pe care sunt semnalate fenomene meteorologice periculoase, prin codurile galben, portocaliu sau ro\u0219u.<\/p>\n<p>Informa\u021bii suplimentare privind starea re\u021belei de drumuri na\u021bionale \u0219i autostr\u0103zi pot fi ob\u021binute de la Dispeceratul Companiei Na\u021bionale de Administrare a Infrastructurii Rutiere S.A., la numerele de telefon 021\/264.33.33; 021\/9360 \u0219i pot accesa pe prima pagina \u00een caseta din st\u00e2nga: www.cnadnr.ro &#8211; DISPECERAT &#8211; Situa\u021bia Drumurilor Na\u021bionale, dar \u0219i pagina de FB https:\/\/www.facebook.com\/cnadnr\/ \u0219i de TWITTER, @CNADNR.<\/p>\n<p>CNAIR SA\u00a0\u00a0 (conf. cnadnr.ro)<\/p>\n","protected":false},"excerpt":{"rendered":"<p>\u00cen perioada 22.02.2021 \u2013 25.02.2021 se va desf\u0103\u0219ura un transport cu dep\u0103\u0219iri pe traseul: N\u0103dlac II PTF A1 \u2013 A11<\/p>\n","protected":false},"author":11,"featured_media":2671,"comment_status":"open","ping_status":"open","sticky":false,"template":"","format":"standard","meta":{"colormag_page_container_layout":"default_layout","colormag_page_sidebar_layout":"default_layout","footnotes":""},"categories":[8],"tags":[],"class_list":["post-4255","post","type-post","status-publish","format-standard","has-post-thumbnail","hentry","category-div"],"yoast_head":"<!-- This site is optimized with the Yoast SEO plugin v27.0 - https:\/\/yoast.com\/product\/yoast-seo-wordpress\/ -->\n<title>Transport agabaritic pe ruta N\u0103dlac II PTF \u2013 Arad - MHF Photography<\/title>\n<meta name=\"robots\" content=\"index, follow, max-snippet:-1, max-image-preview:large, max-video-preview:-1\" \/>\n<link rel=\"canonical\" href=\"https:\/\/mhf.ro\/mm\/transport-agabaritic-pe-ruta-nadlac-ii-ptf-arad\/\" \/>\n<meta property=\"og:locale\" content=\"ro_RO\" \/>\n<meta property=\"og:type\" content=\"article\" \/>\n<meta property=\"og:title\" content=\"Transport agabaritic pe ruta N\u0103dlac II PTF \u2013 Arad - MHF Photography\" \/>\n<meta property=\"og:description\" content=\"\u00cen perioada 22.02.2021 \u2013 25.02.2021 se va desf\u0103\u0219ura un transport cu dep\u0103\u0219iri pe traseul: N\u0103dlac II PTF A1 \u2013 A11\" \/>\n<meta property=\"og:url\" content=\"https:\/\/mhf.ro\/mm\/transport-agabaritic-pe-ruta-nadlac-ii-ptf-arad\/\" \/>\n<meta property=\"og:site_name\" content=\"MHF Photography\" \/>\n<meta property=\"article:published_time\" content=\"2021-02-22T07:48:43+00:00\" \/>\n<meta property=\"article:modified_time\" content=\"2021-02-22T07:50:15+00:00\" \/>\n<meta property=\"og:image\" content=\"https:\/\/mhf.ro\/mm\/wp-content\/uploads\/2020\/11\/camioane_gabarit.jpg\" \/>\n\t<meta property=\"og:image:width\" content=\"1280\" \/>\n\t<meta property=\"og:image:height\" content=\"861\" \/>\n\t<meta property=\"og:image:type\" content=\"image\/jpeg\" \/>\n<meta name=\"author\" content=\"Fodrea Iuliana Reve\" \/>\n<meta name=\"twitter:card\" content=\"summary_large_image\" \/>\n<meta name=\"twitter:label1\" content=\"Scris de\" \/>\n\t<meta name=\"twitter:data1\" content=\"Fodrea Iuliana Reve\" \/>\n\t<meta name=\"twitter:label2\" content=\"Timp estimat pentru citire\" \/>\n\t<meta name=\"twitter:data2\" content=\"1 minut\" \/>\n<script type=\"application\/ld+json\" class=\"yoast-schema-graph\">{\"@context\":\"https:\/\/schema.org\",\"@graph\":[{\"@type\":\"Article\",\"@id\":\"https:\/\/mhf.ro\/mm\/transport-agabaritic-pe-ruta-nadlac-ii-ptf-arad\/#article\",\"isPartOf\":{\"@id\":\"https:\/\/mhf.ro\/mm\/transport-agabaritic-pe-ruta-nadlac-ii-ptf-arad\/\"},\"author\":{\"name\":\"Fodrea Iuliana Reve\",\"@id\":\"https:\/\/mhf.ro\/mm\/#\/schema\/person\/17f3fed455503130cb08cdc1421f8001\"},\"headline\":\"Transport agabaritic pe ruta N\u0103dlac II PTF \u2013 Arad\",\"datePublished\":\"2021-02-22T07:48:43+00:00\",\"dateModified\":\"2021-02-22T07:50:15+00:00\",\"mainEntityOfPage\":{\"@id\":\"https:\/\/mhf.ro\/mm\/transport-agabaritic-pe-ruta-nadlac-ii-ptf-arad\/\"},\"wordCount\":208,\"commentCount\":0,\"publisher\":{\"@id\":\"https:\/\/mhf.ro\/mm\/#\/schema\/person\/a3bebf7bdb4bf12f698aff73c7e46c21\"},\"image\":{\"@id\":\"https:\/\/mhf.ro\/mm\/transport-agabaritic-pe-ruta-nadlac-ii-ptf-arad\/#primaryimage\"},\"thumbnailUrl\":\"https:\/\/mhf.ro\/mm\/wp-content\/uploads\/2020\/11\/camioane_gabarit.jpg\",\"articleSection\":[\"Diverse\"],\"inLanguage\":\"ro-RO\",\"potentialAction\":[{\"@type\":\"CommentAction\",\"name\":\"Comment\",\"target\":[\"https:\/\/mhf.ro\/mm\/transport-agabaritic-pe-ruta-nadlac-ii-ptf-arad\/#respond\"]}]},{\"@type\":\"WebPage\",\"@id\":\"https:\/\/mhf.ro\/mm\/transport-agabaritic-pe-ruta-nadlac-ii-ptf-arad\/\",\"url\":\"https:\/\/mhf.ro\/mm\/transport-agabaritic-pe-ruta-nadlac-ii-ptf-arad\/\",\"name\":\"Transport agabaritic pe ruta N\u0103dlac II PTF \u2013 Arad - MHF Photography\",\"isPartOf\":{\"@id\":\"https:\/\/mhf.ro\/mm\/#website\"},\"primaryImageOfPage\":{\"@id\":\"https:\/\/mhf.ro\/mm\/transport-agabaritic-pe-ruta-nadlac-ii-ptf-arad\/#primaryimage\"},\"image\":{\"@id\":\"https:\/\/mhf.ro\/mm\/transport-agabaritic-pe-ruta-nadlac-ii-ptf-arad\/#primaryimage\"},\"thumbnailUrl\":\"https:\/\/mhf.ro\/mm\/wp-content\/uploads\/2020\/11\/camioane_gabarit.jpg\",\"datePublished\":\"2021-02-22T07:48:43+00:00\",\"dateModified\":\"2021-02-22T07:50:15+00:00\",\"breadcrumb\":{\"@id\":\"https:\/\/mhf.ro\/mm\/transport-agabaritic-pe-ruta-nadlac-ii-ptf-arad\/#breadcrumb\"},\"inLanguage\":\"ro-RO\",\"potentialAction\":[{\"@type\":\"ReadAction\",\"target\":[\"https:\/\/mhf.ro\/mm\/transport-agabaritic-pe-ruta-nadlac-ii-ptf-arad\/\"]}]},{\"@type\":\"ImageObject\",\"inLanguage\":\"ro-RO\",\"@id\":\"https:\/\/mhf.ro\/mm\/transport-agabaritic-pe-ruta-nadlac-ii-ptf-arad\/#primaryimage\",\"url\":\"https:\/\/mhf.ro\/mm\/wp-content\/uploads\/2020\/11\/camioane_gabarit.jpg\",\"contentUrl\":\"https:\/\/mhf.ro\/mm\/wp-content\/uploads\/2020\/11\/camioane_gabarit.jpg\",\"width\":1280,\"height\":861},{\"@type\":\"BreadcrumbList\",\"@id\":\"https:\/\/mhf.ro\/mm\/transport-agabaritic-pe-ruta-nadlac-ii-ptf-arad\/#breadcrumb\",\"itemListElement\":[{\"@type\":\"ListItem\",\"position\":1,\"name\":\"Prima pagin\u0103\",\"item\":\"https:\/\/mhf.ro\/mm\/\"},{\"@type\":\"ListItem\",\"position\":2,\"name\":\"Transport agabaritic pe ruta N\u0103dlac II PTF \u2013 Arad\"}]},{\"@type\":\"WebSite\",\"@id\":\"https:\/\/mhf.ro\/mm\/#website\",\"url\":\"https:\/\/mhf.ro\/mm\/\",\"name\":\"MHF Photography \u2013 Blog de fotografie, natur\u0103 \u0219i tehnic\u0103 divers\u0103\",\"description\":\"Aventur\u0103 \u00een fiecare cadru.\",\"publisher\":{\"@id\":\"https:\/\/mhf.ro\/mm\/#\/schema\/person\/a3bebf7bdb4bf12f698aff73c7e46c21\"},\"potentialAction\":[{\"@type\":\"SearchAction\",\"target\":{\"@type\":\"EntryPoint\",\"urlTemplate\":\"https:\/\/mhf.ro\/mm\/?s={search_term_string}\"},\"query-input\":{\"@type\":\"PropertyValueSpecification\",\"valueRequired\":true,\"valueName\":\"search_term_string\"}}],\"inLanguage\":\"ro-RO\"},{\"@type\":[\"Person\",\"Organization\"],\"@id\":\"https:\/\/mhf.ro\/mm\/#\/schema\/person\/a3bebf7bdb4bf12f698aff73c7e46c21\",\"name\":\"Marius Marcu\",\"image\":{\"@type\":\"ImageObject\",\"inLanguage\":\"ro-RO\",\"@id\":\"https:\/\/mhf.ro\/mm\/#\/schema\/person\/image\/\",\"url\":\"https:\/\/mhf.ro\/mm\/wp-content\/uploads\/2025\/12\/cropped-logo_mhf_2.png\",\"contentUrl\":\"https:\/\/mhf.ro\/mm\/wp-content\/uploads\/2025\/12\/cropped-logo_mhf_2.png\",\"width\":1096,\"height\":457,\"caption\":\"Marius Marcu\"},\"logo\":{\"@id\":\"https:\/\/mhf.ro\/mm\/#\/schema\/person\/image\/\"},\"sameAs\":[\"https:\/\/mhf.ro\/mm\"]},{\"@type\":\"Person\",\"@id\":\"https:\/\/mhf.ro\/mm\/#\/schema\/person\/17f3fed455503130cb08cdc1421f8001\",\"name\":\"Fodrea Iuliana Reve\",\"image\":{\"@type\":\"ImageObject\",\"inLanguage\":\"ro-RO\",\"@id\":\"https:\/\/mhf.ro\/mm\/#\/schema\/person\/image\/\",\"url\":\"https:\/\/secure.gravatar.com\/avatar\/f6a66b0b93f1a25e8049c1c4e66e60a1a6809ab11ad60f8dcc2eaafeb7ca1580?s=96&d=monsterid&r=g\",\"contentUrl\":\"https:\/\/secure.gravatar.com\/avatar\/f6a66b0b93f1a25e8049c1c4e66e60a1a6809ab11ad60f8dcc2eaafeb7ca1580?s=96&d=monsterid&r=g\",\"caption\":\"Fodrea Iuliana Reve\"},\"sameAs\":[\"https:\/\/mhf.ro\/mm\"],\"url\":\"https:\/\/mhf.ro\/mm\/author\/iuliana\/\"}]}<\/script>\n<!-- \/ Yoast SEO plugin. -->","yoast_head_json":{"title":"Transport agabaritic pe ruta N\u0103dlac II PTF \u2013 Arad - MHF Photography","robots":{"index":"index","follow":"follow","max-snippet":"max-snippet:-1","max-image-preview":"max-image-preview:large","max-video-preview":"max-video-preview:-1"},"canonical":"https:\/\/mhf.ro\/mm\/transport-agabaritic-pe-ruta-nadlac-ii-ptf-arad\/","og_locale":"ro_RO","og_type":"article","og_title":"Transport agabaritic pe ruta N\u0103dlac II PTF \u2013 Arad - MHF Photography","og_description":"\u00cen perioada 22.02.2021 \u2013 25.02.2021 se va desf\u0103\u0219ura un transport cu dep\u0103\u0219iri pe traseul: N\u0103dlac II PTF A1 \u2013 A11","og_url":"https:\/\/mhf.ro\/mm\/transport-agabaritic-pe-ruta-nadlac-ii-ptf-arad\/","og_site_name":"MHF Photography","article_published_time":"2021-02-22T07:48:43+00:00","article_modified_time":"2021-02-22T07:50:15+00:00","og_image":[{"width":1280,"height":861,"url":"https:\/\/mhf.ro\/mm\/wp-content\/uploads\/2020\/11\/camioane_gabarit.jpg","type":"image\/jpeg"}],"author":"Fodrea Iuliana Reve","twitter_card":"summary_large_image","twitter_misc":{"Scris de":"Fodrea Iuliana Reve","Timp estimat pentru citire":"1 minut"},"schema":{"@context":"https:\/\/schema.org","@graph":[{"@type":"Article","@id":"https:\/\/mhf.ro\/mm\/transport-agabaritic-pe-ruta-nadlac-ii-ptf-arad\/#article","isPartOf":{"@id":"https:\/\/mhf.ro\/mm\/transport-agabaritic-pe-ruta-nadlac-ii-ptf-arad\/"},"author":{"name":"Fodrea Iuliana Reve","@id":"https:\/\/mhf.ro\/mm\/#\/schema\/person\/17f3fed455503130cb08cdc1421f8001"},"headline":"Transport agabaritic pe ruta N\u0103dlac II PTF \u2013 Arad","datePublished":"2021-02-22T07:48:43+00:00","dateModified":"2021-02-22T07:50:15+00:00","mainEntityOfPage":{"@id":"https:\/\/mhf.ro\/mm\/transport-agabaritic-pe-ruta-nadlac-ii-ptf-arad\/"},"wordCount":208,"commentCount":0,"publisher":{"@id":"https:\/\/mhf.ro\/mm\/#\/schema\/person\/a3bebf7bdb4bf12f698aff73c7e46c21"},"image":{"@id":"https:\/\/mhf.ro\/mm\/transport-agabaritic-pe-ruta-nadlac-ii-ptf-arad\/#primaryimage"},"thumbnailUrl":"https:\/\/mhf.ro\/mm\/wp-content\/uploads\/2020\/11\/camioane_gabarit.jpg","articleSection":["Diverse"],"inLanguage":"ro-RO","potentialAction":[{"@type":"CommentAction","name":"Comment","target":["https:\/\/mhf.ro\/mm\/transport-agabaritic-pe-ruta-nadlac-ii-ptf-arad\/#respond"]}]},{"@type":"WebPage","@id":"https:\/\/mhf.ro\/mm\/transport-agabaritic-pe-ruta-nadlac-ii-ptf-arad\/","url":"https:\/\/mhf.ro\/mm\/transport-agabaritic-pe-ruta-nadlac-ii-ptf-arad\/","name":"Transport agabaritic pe ruta N\u0103dlac II PTF \u2013 Arad - MHF Photography","isPartOf":{"@id":"https:\/\/mhf.ro\/mm\/#website"},"primaryImageOfPage":{"@id":"https:\/\/mhf.ro\/mm\/transport-agabaritic-pe-ruta-nadlac-ii-ptf-arad\/#primaryimage"},"image":{"@id":"https:\/\/mhf.ro\/mm\/transport-agabaritic-pe-ruta-nadlac-ii-ptf-arad\/#primaryimage"},"thumbnailUrl":"https:\/\/mhf.ro\/mm\/wp-content\/uploads\/2020\/11\/camioane_gabarit.jpg","datePublished":"2021-02-22T07:48:43+00:00","dateModified":"2021-02-22T07:50:15+00:00","breadcrumb":{"@id":"https:\/\/mhf.ro\/mm\/transport-agabaritic-pe-ruta-nadlac-ii-ptf-arad\/#breadcrumb"},"inLanguage":"ro-RO","potentialAction":[{"@type":"ReadAction","target":["https:\/\/mhf.ro\/mm\/transport-agabaritic-pe-ruta-nadlac-ii-ptf-arad\/"]}]},{"@type":"ImageObject","inLanguage":"ro-RO","@id":"https:\/\/mhf.ro\/mm\/transport-agabaritic-pe-ruta-nadlac-ii-ptf-arad\/#primaryimage","url":"https:\/\/mhf.ro\/mm\/wp-content\/uploads\/2020\/11\/camioane_gabarit.jpg","contentUrl":"https:\/\/mhf.ro\/mm\/wp-content\/uploads\/2020\/11\/camioane_gabarit.jpg","width":1280,"height":861},{"@type":"BreadcrumbList","@id":"https:\/\/mhf.ro\/mm\/transport-agabaritic-pe-ruta-nadlac-ii-ptf-arad\/#breadcrumb","itemListElement":[{"@type":"ListItem","position":1,"name":"Prima pagin\u0103","item":"https:\/\/mhf.ro\/mm\/"},{"@type":"ListItem","position":2,"name":"Transport agabaritic pe ruta N\u0103dlac II PTF \u2013 Arad"}]},{"@type":"WebSite","@id":"https:\/\/mhf.ro\/mm\/#website","url":"https:\/\/mhf.ro\/mm\/","name":"MHF Photography \u2013 Blog de fotografie, natur\u0103 \u0219i tehnic\u0103 divers\u0103","description":"Aventur\u0103 \u00een fiecare cadru.","publisher":{"@id":"https:\/\/mhf.ro\/mm\/#\/schema\/person\/a3bebf7bdb4bf12f698aff73c7e46c21"},"potentialAction":[{"@type":"SearchAction","target":{"@type":"EntryPoint","urlTemplate":"https:\/\/mhf.ro\/mm\/?s={search_term_string}"},"query-input":{"@type":"PropertyValueSpecification","valueRequired":true,"valueName":"search_term_string"}}],"inLanguage":"ro-RO"},{"@type":["Person","Organization"],"@id":"https:\/\/mhf.ro\/mm\/#\/schema\/person\/a3bebf7bdb4bf12f698aff73c7e46c21","name":"Marius Marcu","image":{"@type":"ImageObject","inLanguage":"ro-RO","@id":"https:\/\/mhf.ro\/mm\/#\/schema\/person\/image\/","url":"https:\/\/mhf.ro\/mm\/wp-content\/uploads\/2025\/12\/cropped-logo_mhf_2.png","contentUrl":"https:\/\/mhf.ro\/mm\/wp-content\/uploads\/2025\/12\/cropped-logo_mhf_2.png","width":1096,"height":457,"caption":"Marius Marcu"},"logo":{"@id":"https:\/\/mhf.ro\/mm\/#\/schema\/person\/image\/"},"sameAs":["https:\/\/mhf.ro\/mm"]},{"@type":"Person","@id":"https:\/\/mhf.ro\/mm\/#\/schema\/person\/17f3fed455503130cb08cdc1421f8001","name":"Fodrea Iuliana Reve","image":{"@type":"ImageObject","inLanguage":"ro-RO","@id":"https:\/\/mhf.ro\/mm\/#\/schema\/person\/image\/","url":"https:\/\/secure.gravatar.com\/avatar\/f6a66b0b93f1a25e8049c1c4e66e60a1a6809ab11ad60f8dcc2eaafeb7ca1580?s=96&d=monsterid&r=g","contentUrl":"https:\/\/secure.gravatar.com\/avatar\/f6a66b0b93f1a25e8049c1c4e66e60a1a6809ab11ad60f8dcc2eaafeb7ca1580?s=96&d=monsterid&r=g","caption":"Fodrea Iuliana Reve"},"sameAs":["https:\/\/mhf.ro\/mm"],"url":"https:\/\/mhf.ro\/mm\/author\/iuliana\/"}]}},"_links":{"self":[{"href":"https:\/\/mhf.ro\/mm\/wp-json\/wp\/v2\/posts\/4255","targetHints":{"allow":["GET"]}}],"collection":[{"href":"https:\/\/mhf.ro\/mm\/wp-json\/wp\/v2\/posts"}],"about":[{"href":"https:\/\/mhf.ro\/mm\/wp-json\/wp\/v2\/types\/post"}],"author":[{"embeddable":true,"href":"https:\/\/mhf.ro\/mm\/wp-json\/wp\/v2\/users\/11"}],"replies":[{"embeddable":true,"href":"https:\/\/mhf.ro\/mm\/wp-json\/wp\/v2\/comments?post=4255"}],"version-history":[{"count":3,"href":"https:\/\/mhf.ro\/mm\/wp-json\/wp\/v2\/posts\/4255\/revisions"}],"predecessor-version":[{"id":4258,"href":"https:\/\/mhf.ro\/mm\/wp-json\/wp\/v2\/posts\/4255\/revisions\/4258"}],"wp:featuredmedia":[{"embeddable":true,"href":"https:\/\/mhf.ro\/mm\/wp-json\/wp\/v2\/media\/2671"}],"wp:attachment":[{"href":"https:\/\/mhf.ro\/mm\/wp-json\/wp\/v2\/media?parent=4255"}],"wp:term":[{"taxonomy":"category","embeddable":true,"href":"https:\/\/mhf.ro\/mm\/wp-json\/wp\/v2\/categories?post=4255"},{"taxonomy":"post_tag","embeddable":true,"href":"https:\/\/mhf.ro\/mm\/wp-json\/wp\/v2\/tags?post=4255"}],"curies":[{"name":"wp","href":"https:\/\/api.w.org\/{rel}","templated":true}]}}