{"id":4271,"date":"2021-02-23T10:56:49","date_gmt":"2021-02-23T08:56:49","guid":{"rendered":"https:\/\/mhf.ro\/mm\/?p=4271"},"modified":"2021-02-23T10:56:49","modified_gmt":"2021-02-23T08:56:49","slug":"cei-care-au-suferit-reactii-adverse-grave-la-vaccinuri-vor-primi-compensatii-anunta-oms","status":"publish","type":"post","link":"https:\/\/mhf.ro\/mm\/cei-care-au-suferit-reactii-adverse-grave-la-vaccinuri-vor-primi-compensatii-anunta-oms\/","title":{"rendered":"Cei care au suferit reac\u021bii adverse grave la vaccinuri vor primi compensa\u021bii, anun\u021b\u0103 OMS"},"content":{"rendered":"<p>Organiza\u021bia Mondial\u0103 a S\u0103n\u0103t\u0103\u021bii promite un program de compensa\u021bii care va fi acordat persoanelor care au avut reac\u021bii severe dup\u0103 ce s-au vaccinat anti-Covid. Cei care au suferit efecte adverse grave \u0219i fac parte din grupul celor 92 de \u021b\u0103ri cele mai s\u0103race ale lumii vor fi compensa\u021bi.<\/p>\n<p>Persoanele care care au primit vaccin prin platforma COVAX \u0219i au suferit reac\u021bii adverse severe vor primi compensa\u021bii. Pentru asta, OMS va lansa un program, cu scopul de a garanta un acces echitabil la aceste tratamente \u00een \u021b\u0103rile cu venituri medii \u0219i mici, scrie EFE.<\/p>\n<p>OMS a anun\u021bat, \u00eentr-un comunicat, c\u0103 toate vaccinurile distribuite ca parte a acestui program au trecut etapele proprii de dezvoltare ale unui vaccin care \u00eei garanteaz\u0103 eficien\u021ba, securitatea \u0219i calitatea, \u00eens\u0103 toate aceste medicamente, inclusiv vaccinurile, pot provoca, rar, efecte adverse grave.<\/p>\n<p>Totu\u0219i, programul de acordare a compensa\u021biilor nu se aplic\u0103 \u00een toate cele peste 190 de \u021b\u0103ri care particip\u0103 la COVAX, ci \u00een 92 de state cu venituri mici, care au fost selectate s\u0103 primeasc\u0103 vaccinuri finan\u021bate de platform\u0103.<\/p>\n<p>\u201eEste vorba de primul \u0219i unicul mecanism de acordare de compensa\u021bii pentru daune provocate de vaccinuri care opereaz\u0103 la scar\u0103 interna\u021bional\u0103\u201c, precizeaz\u0103 OMS.<\/p>\n<p>Programul, pentru care OMS a \u00eencheiat un acord cu societatea de asigur\u0103ri Chubb Limited, are ca obiectiv s\u0103 ofere acestui grup de \u021b\u0103ri o procedur\u0103 rapid\u0103, just\u0103 \u0219i transparent\u0103 pentru a primi compensa\u021bii \u00een cazurile \u201erare de efecte adverse grave, asociate distribuirii de vaccinuri prin COVAX p\u00e2n\u0103 la 30 iunie 2022\u201c. Astfel, persoanele afectate nu vor fi nevoite s\u0103 recurg\u0103 la tribunale \u0219i s\u0103 ini\u021bieze procese ce pot fi lungi \u0219i costisitoare.&#8221; (preluat alephnews.ro)<\/p>\n","protected":false},"excerpt":{"rendered":"<p>Organiza\u021bia Mondial\u0103 a S\u0103n\u0103t\u0103\u021bii promite un program de compensa\u021bii care va fi acordat persoanelor care au avut reac\u021bii severe dup\u0103<\/p>\n","protected":false},"author":1,"featured_media":4272,"comment_status":"open","ping_status":"open","sticky":false,"template":"","format":"standard","meta":{"colormag_page_container_layout":"default_layout","colormag_page_sidebar_layout":"default_layout","footnotes":""},"categories":[5],"tags":[],"class_list":["post-4271","post","type-post","status-publish","format-standard","has-post-thumbnail","hentry","category-locale"],"yoast_head":"<!-- This site is optimized with the Yoast SEO plugin v27.0 - https:\/\/yoast.com\/product\/yoast-seo-wordpress\/ -->\n<title>Cei care au suferit reac\u021bii adverse grave la vaccinuri vor primi compensa\u021bii, anun\u021b\u0103 OMS - MHF Photography<\/title>\n<meta name=\"robots\" content=\"index, follow, max-snippet:-1, max-image-preview:large, max-video-preview:-1\" \/>\n<link rel=\"canonical\" href=\"https:\/\/mhf.ro\/mm\/cei-care-au-suferit-reactii-adverse-grave-la-vaccinuri-vor-primi-compensatii-anunta-oms\/\" \/>\n<meta property=\"og:locale\" content=\"ro_RO\" \/>\n<meta property=\"og:type\" content=\"article\" \/>\n<meta property=\"og:title\" content=\"Cei care au suferit reac\u021bii adverse grave la vaccinuri vor primi compensa\u021bii, anun\u021b\u0103 OMS - MHF Photography\" \/>\n<meta property=\"og:description\" content=\"Organiza\u021bia Mondial\u0103 a S\u0103n\u0103t\u0103\u021bii promite un program de compensa\u021bii care va fi acordat persoanelor care au avut reac\u021bii severe dup\u0103\" \/>\n<meta property=\"og:url\" content=\"https:\/\/mhf.ro\/mm\/cei-care-au-suferit-reactii-adverse-grave-la-vaccinuri-vor-primi-compensatii-anunta-oms\/\" \/>\n<meta property=\"og:site_name\" content=\"MHF Photography\" \/>\n<meta property=\"article:published_time\" content=\"2021-02-23T08:56:49+00:00\" \/>\n<meta property=\"og:image\" content=\"https:\/\/mhf.ro\/mm\/wp-content\/uploads\/2021\/02\/african-femei.jpg\" \/>\n\t<meta property=\"og:image:width\" content=\"1280\" \/>\n\t<meta property=\"og:image:height\" content=\"853\" \/>\n\t<meta property=\"og:image:type\" content=\"image\/jpeg\" \/>\n<meta name=\"author\" content=\"Marius Marcu\" \/>\n<meta name=\"twitter:card\" content=\"summary_large_image\" \/>\n<meta name=\"twitter:label1\" content=\"Scris de\" \/>\n\t<meta name=\"twitter:data1\" content=\"Marius Marcu\" \/>\n\t<meta name=\"twitter:label2\" content=\"Timp estimat pentru citire\" \/>\n\t<meta name=\"twitter:data2\" content=\"2 minute\" \/>\n<script type=\"application\/ld+json\" class=\"yoast-schema-graph\">{\"@context\":\"https:\/\/schema.org\",\"@graph\":[{\"@type\":\"Article\",\"@id\":\"https:\/\/mhf.ro\/mm\/cei-care-au-suferit-reactii-adverse-grave-la-vaccinuri-vor-primi-compensatii-anunta-oms\/#article\",\"isPartOf\":{\"@id\":\"https:\/\/mhf.ro\/mm\/cei-care-au-suferit-reactii-adverse-grave-la-vaccinuri-vor-primi-compensatii-anunta-oms\/\"},\"author\":{\"name\":\"Marius Marcu\",\"@id\":\"https:\/\/mhf.ro\/mm\/#\/schema\/person\/a3bebf7bdb4bf12f698aff73c7e46c21\"},\"headline\":\"Cei care au suferit reac\u021bii adverse grave la vaccinuri vor primi compensa\u021bii, anun\u021b\u0103 OMS\",\"datePublished\":\"2021-02-23T08:56:49+00:00\",\"mainEntityOfPage\":{\"@id\":\"https:\/\/mhf.ro\/mm\/cei-care-au-suferit-reactii-adverse-grave-la-vaccinuri-vor-primi-compensatii-anunta-oms\/\"},\"wordCount\":303,\"commentCount\":0,\"publisher\":{\"@id\":\"https:\/\/mhf.ro\/mm\/#\/schema\/person\/a3bebf7bdb4bf12f698aff73c7e46c21\"},\"image\":{\"@id\":\"https:\/\/mhf.ro\/mm\/cei-care-au-suferit-reactii-adverse-grave-la-vaccinuri-vor-primi-compensatii-anunta-oms\/#primaryimage\"},\"thumbnailUrl\":\"https:\/\/mhf.ro\/mm\/wp-content\/uploads\/2021\/02\/african-femei.jpg\",\"articleSection\":[\"Locale\"],\"inLanguage\":\"ro-RO\",\"potentialAction\":[{\"@type\":\"CommentAction\",\"name\":\"Comment\",\"target\":[\"https:\/\/mhf.ro\/mm\/cei-care-au-suferit-reactii-adverse-grave-la-vaccinuri-vor-primi-compensatii-anunta-oms\/#respond\"]}]},{\"@type\":\"WebPage\",\"@id\":\"https:\/\/mhf.ro\/mm\/cei-care-au-suferit-reactii-adverse-grave-la-vaccinuri-vor-primi-compensatii-anunta-oms\/\",\"url\":\"https:\/\/mhf.ro\/mm\/cei-care-au-suferit-reactii-adverse-grave-la-vaccinuri-vor-primi-compensatii-anunta-oms\/\",\"name\":\"Cei care au suferit reac\u021bii adverse grave la vaccinuri vor primi compensa\u021bii, anun\u021b\u0103 OMS - MHF Photography\",\"isPartOf\":{\"@id\":\"https:\/\/mhf.ro\/mm\/#website\"},\"primaryImageOfPage\":{\"@id\":\"https:\/\/mhf.ro\/mm\/cei-care-au-suferit-reactii-adverse-grave-la-vaccinuri-vor-primi-compensatii-anunta-oms\/#primaryimage\"},\"image\":{\"@id\":\"https:\/\/mhf.ro\/mm\/cei-care-au-suferit-reactii-adverse-grave-la-vaccinuri-vor-primi-compensatii-anunta-oms\/#primaryimage\"},\"thumbnailUrl\":\"https:\/\/mhf.ro\/mm\/wp-content\/uploads\/2021\/02\/african-femei.jpg\",\"datePublished\":\"2021-02-23T08:56:49+00:00\",\"breadcrumb\":{\"@id\":\"https:\/\/mhf.ro\/mm\/cei-care-au-suferit-reactii-adverse-grave-la-vaccinuri-vor-primi-compensatii-anunta-oms\/#breadcrumb\"},\"inLanguage\":\"ro-RO\",\"potentialAction\":[{\"@type\":\"ReadAction\",\"target\":[\"https:\/\/mhf.ro\/mm\/cei-care-au-suferit-reactii-adverse-grave-la-vaccinuri-vor-primi-compensatii-anunta-oms\/\"]}]},{\"@type\":\"ImageObject\",\"inLanguage\":\"ro-RO\",\"@id\":\"https:\/\/mhf.ro\/mm\/cei-care-au-suferit-reactii-adverse-grave-la-vaccinuri-vor-primi-compensatii-anunta-oms\/#primaryimage\",\"url\":\"https:\/\/mhf.ro\/mm\/wp-content\/uploads\/2021\/02\/african-femei.jpg\",\"contentUrl\":\"https:\/\/mhf.ro\/mm\/wp-content\/uploads\/2021\/02\/african-femei.jpg\",\"width\":1280,\"height\":853},{\"@type\":\"BreadcrumbList\",\"@id\":\"https:\/\/mhf.ro\/mm\/cei-care-au-suferit-reactii-adverse-grave-la-vaccinuri-vor-primi-compensatii-anunta-oms\/#breadcrumb\",\"itemListElement\":[{\"@type\":\"ListItem\",\"position\":1,\"name\":\"Prima pagin\u0103\",\"item\":\"https:\/\/mhf.ro\/mm\/\"},{\"@type\":\"ListItem\",\"position\":2,\"name\":\"Cei care au suferit reac\u021bii adverse grave la vaccinuri vor primi compensa\u021bii, anun\u021b\u0103 OMS\"}]},{\"@type\":\"WebSite\",\"@id\":\"https:\/\/mhf.ro\/mm\/#website\",\"url\":\"https:\/\/mhf.ro\/mm\/\",\"name\":\"MHF Photography \u2013 Blog de fotografie, natur\u0103 \u0219i tehnic\u0103 divers\u0103\",\"description\":\"Aventur\u0103 \u00een fiecare cadru.\",\"publisher\":{\"@id\":\"https:\/\/mhf.ro\/mm\/#\/schema\/person\/a3bebf7bdb4bf12f698aff73c7e46c21\"},\"potentialAction\":[{\"@type\":\"SearchAction\",\"target\":{\"@type\":\"EntryPoint\",\"urlTemplate\":\"https:\/\/mhf.ro\/mm\/?s={search_term_string}\"},\"query-input\":{\"@type\":\"PropertyValueSpecification\",\"valueRequired\":true,\"valueName\":\"search_term_string\"}}],\"inLanguage\":\"ro-RO\"},{\"@type\":[\"Person\",\"Organization\"],\"@id\":\"https:\/\/mhf.ro\/mm\/#\/schema\/person\/a3bebf7bdb4bf12f698aff73c7e46c21\",\"name\":\"Marius Marcu\",\"image\":{\"@type\":\"ImageObject\",\"inLanguage\":\"ro-RO\",\"@id\":\"https:\/\/mhf.ro\/mm\/#\/schema\/person\/image\/\",\"url\":\"https:\/\/mhf.ro\/mm\/wp-content\/uploads\/2025\/12\/cropped-logo_mhf_2.png\",\"contentUrl\":\"https:\/\/mhf.ro\/mm\/wp-content\/uploads\/2025\/12\/cropped-logo_mhf_2.png\",\"width\":1096,\"height\":457,\"caption\":\"Marius Marcu\"},\"logo\":{\"@id\":\"https:\/\/mhf.ro\/mm\/#\/schema\/person\/image\/\"},\"sameAs\":[\"https:\/\/mhf.ro\/mm\"],\"url\":\"https:\/\/mhf.ro\/mm\/author\/mihai\/\"}]}<\/script>\n<!-- \/ Yoast SEO plugin. -->","yoast_head_json":{"title":"Cei care au suferit reac\u021bii adverse grave la vaccinuri vor primi compensa\u021bii, anun\u021b\u0103 OMS - MHF Photography","robots":{"index":"index","follow":"follow","max-snippet":"max-snippet:-1","max-image-preview":"max-image-preview:large","max-video-preview":"max-video-preview:-1"},"canonical":"https:\/\/mhf.ro\/mm\/cei-care-au-suferit-reactii-adverse-grave-la-vaccinuri-vor-primi-compensatii-anunta-oms\/","og_locale":"ro_RO","og_type":"article","og_title":"Cei care au suferit reac\u021bii adverse grave la vaccinuri vor primi compensa\u021bii, anun\u021b\u0103 OMS - MHF Photography","og_description":"Organiza\u021bia Mondial\u0103 a S\u0103n\u0103t\u0103\u021bii promite un program de compensa\u021bii care va fi acordat persoanelor care au avut reac\u021bii severe dup\u0103","og_url":"https:\/\/mhf.ro\/mm\/cei-care-au-suferit-reactii-adverse-grave-la-vaccinuri-vor-primi-compensatii-anunta-oms\/","og_site_name":"MHF Photography","article_published_time":"2021-02-23T08:56:49+00:00","og_image":[{"width":1280,"height":853,"url":"https:\/\/mhf.ro\/mm\/wp-content\/uploads\/2021\/02\/african-femei.jpg","type":"image\/jpeg"}],"author":"Marius Marcu","twitter_card":"summary_large_image","twitter_misc":{"Scris de":"Marius Marcu","Timp estimat pentru citire":"2 minute"},"schema":{"@context":"https:\/\/schema.org","@graph":[{"@type":"Article","@id":"https:\/\/mhf.ro\/mm\/cei-care-au-suferit-reactii-adverse-grave-la-vaccinuri-vor-primi-compensatii-anunta-oms\/#article","isPartOf":{"@id":"https:\/\/mhf.ro\/mm\/cei-care-au-suferit-reactii-adverse-grave-la-vaccinuri-vor-primi-compensatii-anunta-oms\/"},"author":{"name":"Marius Marcu","@id":"https:\/\/mhf.ro\/mm\/#\/schema\/person\/a3bebf7bdb4bf12f698aff73c7e46c21"},"headline":"Cei care au suferit reac\u021bii adverse grave la vaccinuri vor primi compensa\u021bii, anun\u021b\u0103 OMS","datePublished":"2021-02-23T08:56:49+00:00","mainEntityOfPage":{"@id":"https:\/\/mhf.ro\/mm\/cei-care-au-suferit-reactii-adverse-grave-la-vaccinuri-vor-primi-compensatii-anunta-oms\/"},"wordCount":303,"commentCount":0,"publisher":{"@id":"https:\/\/mhf.ro\/mm\/#\/schema\/person\/a3bebf7bdb4bf12f698aff73c7e46c21"},"image":{"@id":"https:\/\/mhf.ro\/mm\/cei-care-au-suferit-reactii-adverse-grave-la-vaccinuri-vor-primi-compensatii-anunta-oms\/#primaryimage"},"thumbnailUrl":"https:\/\/mhf.ro\/mm\/wp-content\/uploads\/2021\/02\/african-femei.jpg","articleSection":["Locale"],"inLanguage":"ro-RO","potentialAction":[{"@type":"CommentAction","name":"Comment","target":["https:\/\/mhf.ro\/mm\/cei-care-au-suferit-reactii-adverse-grave-la-vaccinuri-vor-primi-compensatii-anunta-oms\/#respond"]}]},{"@type":"WebPage","@id":"https:\/\/mhf.ro\/mm\/cei-care-au-suferit-reactii-adverse-grave-la-vaccinuri-vor-primi-compensatii-anunta-oms\/","url":"https:\/\/mhf.ro\/mm\/cei-care-au-suferit-reactii-adverse-grave-la-vaccinuri-vor-primi-compensatii-anunta-oms\/","name":"Cei care au suferit reac\u021bii adverse grave la vaccinuri vor primi compensa\u021bii, anun\u021b\u0103 OMS - MHF Photography","isPartOf":{"@id":"https:\/\/mhf.ro\/mm\/#website"},"primaryImageOfPage":{"@id":"https:\/\/mhf.ro\/mm\/cei-care-au-suferit-reactii-adverse-grave-la-vaccinuri-vor-primi-compensatii-anunta-oms\/#primaryimage"},"image":{"@id":"https:\/\/mhf.ro\/mm\/cei-care-au-suferit-reactii-adverse-grave-la-vaccinuri-vor-primi-compensatii-anunta-oms\/#primaryimage"},"thumbnailUrl":"https:\/\/mhf.ro\/mm\/wp-content\/uploads\/2021\/02\/african-femei.jpg","datePublished":"2021-02-23T08:56:49+00:00","breadcrumb":{"@id":"https:\/\/mhf.ro\/mm\/cei-care-au-suferit-reactii-adverse-grave-la-vaccinuri-vor-primi-compensatii-anunta-oms\/#breadcrumb"},"inLanguage":"ro-RO","potentialAction":[{"@type":"ReadAction","target":["https:\/\/mhf.ro\/mm\/cei-care-au-suferit-reactii-adverse-grave-la-vaccinuri-vor-primi-compensatii-anunta-oms\/"]}]},{"@type":"ImageObject","inLanguage":"ro-RO","@id":"https:\/\/mhf.ro\/mm\/cei-care-au-suferit-reactii-adverse-grave-la-vaccinuri-vor-primi-compensatii-anunta-oms\/#primaryimage","url":"https:\/\/mhf.ro\/mm\/wp-content\/uploads\/2021\/02\/african-femei.jpg","contentUrl":"https:\/\/mhf.ro\/mm\/wp-content\/uploads\/2021\/02\/african-femei.jpg","width":1280,"height":853},{"@type":"BreadcrumbList","@id":"https:\/\/mhf.ro\/mm\/cei-care-au-suferit-reactii-adverse-grave-la-vaccinuri-vor-primi-compensatii-anunta-oms\/#breadcrumb","itemListElement":[{"@type":"ListItem","position":1,"name":"Prima pagin\u0103","item":"https:\/\/mhf.ro\/mm\/"},{"@type":"ListItem","position":2,"name":"Cei care au suferit reac\u021bii adverse grave la vaccinuri vor primi compensa\u021bii, anun\u021b\u0103 OMS"}]},{"@type":"WebSite","@id":"https:\/\/mhf.ro\/mm\/#website","url":"https:\/\/mhf.ro\/mm\/","name":"MHF Photography \u2013 Blog de fotografie, natur\u0103 \u0219i tehnic\u0103 divers\u0103","description":"Aventur\u0103 \u00een fiecare cadru.","publisher":{"@id":"https:\/\/mhf.ro\/mm\/#\/schema\/person\/a3bebf7bdb4bf12f698aff73c7e46c21"},"potentialAction":[{"@type":"SearchAction","target":{"@type":"EntryPoint","urlTemplate":"https:\/\/mhf.ro\/mm\/?s={search_term_string}"},"query-input":{"@type":"PropertyValueSpecification","valueRequired":true,"valueName":"search_term_string"}}],"inLanguage":"ro-RO"},{"@type":["Person","Organization"],"@id":"https:\/\/mhf.ro\/mm\/#\/schema\/person\/a3bebf7bdb4bf12f698aff73c7e46c21","name":"Marius Marcu","image":{"@type":"ImageObject","inLanguage":"ro-RO","@id":"https:\/\/mhf.ro\/mm\/#\/schema\/person\/image\/","url":"https:\/\/mhf.ro\/mm\/wp-content\/uploads\/2025\/12\/cropped-logo_mhf_2.png","contentUrl":"https:\/\/mhf.ro\/mm\/wp-content\/uploads\/2025\/12\/cropped-logo_mhf_2.png","width":1096,"height":457,"caption":"Marius Marcu"},"logo":{"@id":"https:\/\/mhf.ro\/mm\/#\/schema\/person\/image\/"},"sameAs":["https:\/\/mhf.ro\/mm"],"url":"https:\/\/mhf.ro\/mm\/author\/mihai\/"}]}},"_links":{"self":[{"href":"https:\/\/mhf.ro\/mm\/wp-json\/wp\/v2\/posts\/4271","targetHints":{"allow":["GET"]}}],"collection":[{"href":"https:\/\/mhf.ro\/mm\/wp-json\/wp\/v2\/posts"}],"about":[{"href":"https:\/\/mhf.ro\/mm\/wp-json\/wp\/v2\/types\/post"}],"author":[{"embeddable":true,"href":"https:\/\/mhf.ro\/mm\/wp-json\/wp\/v2\/users\/1"}],"replies":[{"embeddable":true,"href":"https:\/\/mhf.ro\/mm\/wp-json\/wp\/v2\/comments?post=4271"}],"version-history":[{"count":1,"href":"https:\/\/mhf.ro\/mm\/wp-json\/wp\/v2\/posts\/4271\/revisions"}],"predecessor-version":[{"id":4273,"href":"https:\/\/mhf.ro\/mm\/wp-json\/wp\/v2\/posts\/4271\/revisions\/4273"}],"wp:featuredmedia":[{"embeddable":true,"href":"https:\/\/mhf.ro\/mm\/wp-json\/wp\/v2\/media\/4272"}],"wp:attachment":[{"href":"https:\/\/mhf.ro\/mm\/wp-json\/wp\/v2\/media?parent=4271"}],"wp:term":[{"taxonomy":"category","embeddable":true,"href":"https:\/\/mhf.ro\/mm\/wp-json\/wp\/v2\/categories?post=4271"},{"taxonomy":"post_tag","embeddable":true,"href":"https:\/\/mhf.ro\/mm\/wp-json\/wp\/v2\/tags?post=4271"}],"curies":[{"name":"wp","href":"https:\/\/api.w.org\/{rel}","templated":true}]}}