{"id":4274,"date":"2021-02-24T08:20:13","date_gmt":"2021-02-24T06:20:13","guid":{"rendered":"https:\/\/mhf.ro\/mm\/?p=4274"},"modified":"2021-02-23T23:55:30","modified_gmt":"2021-02-23T21:55:30","slug":"liderii-pnl-ironizati-cu-figurine-de-carton-la-ora-prim-ministrului","status":"publish","type":"post","link":"https:\/\/mhf.ro\/mm\/liderii-pnl-ironizati-cu-figurine-de-carton-la-ora-prim-ministrului\/","title":{"rendered":"Liderii PNL ironiza\u021bi cu figurine de carton la \u201eOra prim-ministrului\u201d"},"content":{"rendered":"<p><strong>Prim-ministrul Florin C\u00ee\u021bu s-a contrazis luni cu social-democra\u021bii, \u00een plenul Camerei Deputa\u021bilor, la \u201eOra prim-ministrului\u201d. Acesta a fost chemat de PSD pe tema \u2018Bugetul t\u0103ierilor: moartea economic\u0103 a Rom\u00e2niei\u2019.<\/strong><\/p>\n<p>\u201eDe fiecare dat\u0103 c\u00e2nd sunt invitat \u00een Parlament vin \u0219i r\u0103spund. Rom\u00e2nii ar trebui s\u0103 \u0219tie c\u0103 aceast\u0103 invita\u021bie din partea PSD nu are nicio leg\u0103tur\u0103 cu bugetul Rom\u00e2niei. Ei m-au chemat s\u0103 vad\u0103 c\u00e2t rezist eu la \u00eenjur\u0103turile lor. V\u0103 spun c\u0103 acest premier rezist\u0103\u201d, a zis C\u00ee\u021bu.<\/p>\n<p>\u201eSa vedem cine m\u0103 contest\u0103 pe mine. Conducerea PSD, Marcel Ciolacu, Sorin Grindeanu, Paul St\u0103nescu, Mihai Tudose, ace\u0219tia sunt cei care m\u0103 contest\u0103 pe mine, to\u021bi slugile lui Dragnea \u0219i V\u00e2lcov.<\/p>\n<p>Este adus un decupaj din carton cu Florin C\u00ee\u021bu, iar o coas\u0103 \u00eei este adus\u0103 premierului de un deputat PSD, care \u00eei spune ca este din partea minerilor din Valea Jiului.<\/p>\n<p>\u201eHai, v\u0103 rog, l\u0103sa\u021bi aceast\u0103 circotec\u0103 ieftin\u0103\u201d, a reac\u021bionat Ludovic Orban. \u201eV\u0103d c\u0103 v\u0103 place s\u0103 decupa\u021bi\u201d, a zis \u0219i premierul.<\/p>\n<p>\u201eMarii g\u00e2nditori economici Ciolacu \u0219i St\u0103nescu vin cu amendamente la buget si ce amendamente, care \u00eensumate fac 6% din PIB, dar cel mai tragic \u0219i e la limita tr\u0103d\u0103rii na\u021bionale este c\u0103 propun s\u0103 nu mai pl\u0103tim la Comisia Europeana contribu\u021bia, de acolo vor s\u0103 ia ei bani\u201d, a ad\u0103ugat C\u00ee\u021bu.<\/p>\n<p>\u201eLe atrag aten\u021bia colegilor no\u0219tri c\u0103 suntem \u00een Parlamentul Rom\u00e2niei, c\u0103 pentru exprimare exist\u0103 microfon \u0219i cei care vor s\u0103 se comporte ca \u00een galerie s\u0103 se duc\u0103 \u00een stadion dup\u0103 ce se redeschid\u201d, le-a zis Orban celor din PSD.<\/p>\n<p>\u201eBugetul pe 2021 este un buget care for\u021beaz\u0103 reforma. De asta v\u0103 e fric\u0103, c\u0103 sinecuri\u0219tii nu vor mai fi acolo\u201d, a \u00eencheiat Florin C\u00ee\u021bu. (conf. jurnalist.ro)<\/p>\n","protected":false},"excerpt":{"rendered":"<p>Prim-ministrul Florin C\u00ee\u021bu s-a contrazis luni cu social-democra\u021bii, \u00een plenul Camerei Deputa\u021bilor, la \u201eOra prim-ministrului\u201d. Acesta a fost chemat de<\/p>\n","protected":false},"author":1,"featured_media":4275,"comment_status":"open","ping_status":"open","sticky":false,"template":"","format":"standard","meta":{"colormag_page_container_layout":"default_layout","colormag_page_sidebar_layout":"default_layout","footnotes":""},"categories":[8],"tags":[],"class_list":["post-4274","post","type-post","status-publish","format-standard","has-post-thumbnail","hentry","category-div"],"yoast_head":"<!-- This site is optimized with the Yoast SEO plugin v27.0 - https:\/\/yoast.com\/product\/yoast-seo-wordpress\/ -->\n<title>Liderii PNL ironiza\u021bi cu figurine de carton la \u201eOra prim-ministrului\u201d - MHF Photography<\/title>\n<meta name=\"robots\" content=\"index, follow, max-snippet:-1, max-image-preview:large, max-video-preview:-1\" \/>\n<link rel=\"canonical\" href=\"https:\/\/mhf.ro\/mm\/liderii-pnl-ironizati-cu-figurine-de-carton-la-ora-prim-ministrului\/\" \/>\n<meta property=\"og:locale\" content=\"ro_RO\" \/>\n<meta property=\"og:type\" content=\"article\" \/>\n<meta property=\"og:title\" content=\"Liderii PNL ironiza\u021bi cu figurine de carton la \u201eOra prim-ministrului\u201d - MHF Photography\" \/>\n<meta property=\"og:description\" content=\"Prim-ministrul Florin C\u00ee\u021bu s-a contrazis luni cu social-democra\u021bii, \u00een plenul Camerei Deputa\u021bilor, la \u201eOra prim-ministrului\u201d. Acesta a fost chemat de\" \/>\n<meta property=\"og:url\" content=\"https:\/\/mhf.ro\/mm\/liderii-pnl-ironizati-cu-figurine-de-carton-la-ora-prim-ministrului\/\" \/>\n<meta property=\"og:site_name\" content=\"MHF Photography\" \/>\n<meta property=\"article:published_time\" content=\"2021-02-24T06:20:13+00:00\" \/>\n<meta property=\"og:image\" content=\"https:\/\/mhf.ro\/mm\/wp-content\/uploads\/2021\/02\/7634853-mediafax-foto-alexandru-dobre.jpg\" \/>\n\t<meta property=\"og:image:width\" content=\"559\" \/>\n\t<meta property=\"og:image:height\" content=\"373\" \/>\n\t<meta property=\"og:image:type\" content=\"image\/jpeg\" \/>\n<meta name=\"author\" content=\"Marius Marcu\" \/>\n<meta name=\"twitter:card\" content=\"summary_large_image\" \/>\n<meta name=\"twitter:label1\" content=\"Scris de\" \/>\n\t<meta name=\"twitter:data1\" content=\"Marius Marcu\" \/>\n\t<meta name=\"twitter:label2\" content=\"Timp estimat pentru citire\" \/>\n\t<meta name=\"twitter:data2\" content=\"2 minute\" \/>\n<script type=\"application\/ld+json\" class=\"yoast-schema-graph\">{\"@context\":\"https:\/\/schema.org\",\"@graph\":[{\"@type\":\"Article\",\"@id\":\"https:\/\/mhf.ro\/mm\/liderii-pnl-ironizati-cu-figurine-de-carton-la-ora-prim-ministrului\/#article\",\"isPartOf\":{\"@id\":\"https:\/\/mhf.ro\/mm\/liderii-pnl-ironizati-cu-figurine-de-carton-la-ora-prim-ministrului\/\"},\"author\":{\"name\":\"Marius Marcu\",\"@id\":\"https:\/\/mhf.ro\/mm\/#\/schema\/person\/a3bebf7bdb4bf12f698aff73c7e46c21\"},\"headline\":\"Liderii PNL ironiza\u021bi cu figurine de carton la \u201eOra prim-ministrului\u201d\",\"datePublished\":\"2021-02-24T06:20:13+00:00\",\"mainEntityOfPage\":{\"@id\":\"https:\/\/mhf.ro\/mm\/liderii-pnl-ironizati-cu-figurine-de-carton-la-ora-prim-ministrului\/\"},\"wordCount\":328,\"commentCount\":0,\"publisher\":{\"@id\":\"https:\/\/mhf.ro\/mm\/#\/schema\/person\/a3bebf7bdb4bf12f698aff73c7e46c21\"},\"image\":{\"@id\":\"https:\/\/mhf.ro\/mm\/liderii-pnl-ironizati-cu-figurine-de-carton-la-ora-prim-ministrului\/#primaryimage\"},\"thumbnailUrl\":\"https:\/\/mhf.ro\/mm\/wp-content\/uploads\/2021\/02\/7634853-mediafax-foto-alexandru-dobre.jpg\",\"articleSection\":[\"Diverse\"],\"inLanguage\":\"ro-RO\",\"potentialAction\":[{\"@type\":\"CommentAction\",\"name\":\"Comment\",\"target\":[\"https:\/\/mhf.ro\/mm\/liderii-pnl-ironizati-cu-figurine-de-carton-la-ora-prim-ministrului\/#respond\"]}]},{\"@type\":\"WebPage\",\"@id\":\"https:\/\/mhf.ro\/mm\/liderii-pnl-ironizati-cu-figurine-de-carton-la-ora-prim-ministrului\/\",\"url\":\"https:\/\/mhf.ro\/mm\/liderii-pnl-ironizati-cu-figurine-de-carton-la-ora-prim-ministrului\/\",\"name\":\"Liderii PNL ironiza\u021bi cu figurine de carton la \u201eOra prim-ministrului\u201d - MHF Photography\",\"isPartOf\":{\"@id\":\"https:\/\/mhf.ro\/mm\/#website\"},\"primaryImageOfPage\":{\"@id\":\"https:\/\/mhf.ro\/mm\/liderii-pnl-ironizati-cu-figurine-de-carton-la-ora-prim-ministrului\/#primaryimage\"},\"image\":{\"@id\":\"https:\/\/mhf.ro\/mm\/liderii-pnl-ironizati-cu-figurine-de-carton-la-ora-prim-ministrului\/#primaryimage\"},\"thumbnailUrl\":\"https:\/\/mhf.ro\/mm\/wp-content\/uploads\/2021\/02\/7634853-mediafax-foto-alexandru-dobre.jpg\",\"datePublished\":\"2021-02-24T06:20:13+00:00\",\"breadcrumb\":{\"@id\":\"https:\/\/mhf.ro\/mm\/liderii-pnl-ironizati-cu-figurine-de-carton-la-ora-prim-ministrului\/#breadcrumb\"},\"inLanguage\":\"ro-RO\",\"potentialAction\":[{\"@type\":\"ReadAction\",\"target\":[\"https:\/\/mhf.ro\/mm\/liderii-pnl-ironizati-cu-figurine-de-carton-la-ora-prim-ministrului\/\"]}]},{\"@type\":\"ImageObject\",\"inLanguage\":\"ro-RO\",\"@id\":\"https:\/\/mhf.ro\/mm\/liderii-pnl-ironizati-cu-figurine-de-carton-la-ora-prim-ministrului\/#primaryimage\",\"url\":\"https:\/\/mhf.ro\/mm\/wp-content\/uploads\/2021\/02\/7634853-mediafax-foto-alexandru-dobre.jpg\",\"contentUrl\":\"https:\/\/mhf.ro\/mm\/wp-content\/uploads\/2021\/02\/7634853-mediafax-foto-alexandru-dobre.jpg\",\"width\":559,\"height\":373},{\"@type\":\"BreadcrumbList\",\"@id\":\"https:\/\/mhf.ro\/mm\/liderii-pnl-ironizati-cu-figurine-de-carton-la-ora-prim-ministrului\/#breadcrumb\",\"itemListElement\":[{\"@type\":\"ListItem\",\"position\":1,\"name\":\"Prima pagin\u0103\",\"item\":\"https:\/\/mhf.ro\/mm\/\"},{\"@type\":\"ListItem\",\"position\":2,\"name\":\"Liderii PNL ironiza\u021bi cu figurine de carton la \u201eOra prim-ministrului\u201d\"}]},{\"@type\":\"WebSite\",\"@id\":\"https:\/\/mhf.ro\/mm\/#website\",\"url\":\"https:\/\/mhf.ro\/mm\/\",\"name\":\"MHF Photography \u2013 Blog de fotografie, natur\u0103 \u0219i tehnic\u0103 divers\u0103\",\"description\":\"Aventur\u0103 \u00een fiecare cadru.\",\"publisher\":{\"@id\":\"https:\/\/mhf.ro\/mm\/#\/schema\/person\/a3bebf7bdb4bf12f698aff73c7e46c21\"},\"potentialAction\":[{\"@type\":\"SearchAction\",\"target\":{\"@type\":\"EntryPoint\",\"urlTemplate\":\"https:\/\/mhf.ro\/mm\/?s={search_term_string}\"},\"query-input\":{\"@type\":\"PropertyValueSpecification\",\"valueRequired\":true,\"valueName\":\"search_term_string\"}}],\"inLanguage\":\"ro-RO\"},{\"@type\":[\"Person\",\"Organization\"],\"@id\":\"https:\/\/mhf.ro\/mm\/#\/schema\/person\/a3bebf7bdb4bf12f698aff73c7e46c21\",\"name\":\"Marius Marcu\",\"image\":{\"@type\":\"ImageObject\",\"inLanguage\":\"ro-RO\",\"@id\":\"https:\/\/mhf.ro\/mm\/#\/schema\/person\/image\/\",\"url\":\"https:\/\/mhf.ro\/mm\/wp-content\/uploads\/2025\/12\/cropped-logo_mhf_2.png\",\"contentUrl\":\"https:\/\/mhf.ro\/mm\/wp-content\/uploads\/2025\/12\/cropped-logo_mhf_2.png\",\"width\":1096,\"height\":457,\"caption\":\"Marius Marcu\"},\"logo\":{\"@id\":\"https:\/\/mhf.ro\/mm\/#\/schema\/person\/image\/\"},\"sameAs\":[\"https:\/\/mhf.ro\/mm\"],\"url\":\"https:\/\/mhf.ro\/mm\/author\/mihai\/\"}]}<\/script>\n<!-- \/ Yoast SEO plugin. -->","yoast_head_json":{"title":"Liderii PNL ironiza\u021bi cu figurine de carton la \u201eOra prim-ministrului\u201d - MHF Photography","robots":{"index":"index","follow":"follow","max-snippet":"max-snippet:-1","max-image-preview":"max-image-preview:large","max-video-preview":"max-video-preview:-1"},"canonical":"https:\/\/mhf.ro\/mm\/liderii-pnl-ironizati-cu-figurine-de-carton-la-ora-prim-ministrului\/","og_locale":"ro_RO","og_type":"article","og_title":"Liderii PNL ironiza\u021bi cu figurine de carton la \u201eOra prim-ministrului\u201d - MHF Photography","og_description":"Prim-ministrul Florin C\u00ee\u021bu s-a contrazis luni cu social-democra\u021bii, \u00een plenul Camerei Deputa\u021bilor, la \u201eOra prim-ministrului\u201d. Acesta a fost chemat de","og_url":"https:\/\/mhf.ro\/mm\/liderii-pnl-ironizati-cu-figurine-de-carton-la-ora-prim-ministrului\/","og_site_name":"MHF Photography","article_published_time":"2021-02-24T06:20:13+00:00","og_image":[{"width":559,"height":373,"url":"https:\/\/mhf.ro\/mm\/wp-content\/uploads\/2021\/02\/7634853-mediafax-foto-alexandru-dobre.jpg","type":"image\/jpeg"}],"author":"Marius Marcu","twitter_card":"summary_large_image","twitter_misc":{"Scris de":"Marius Marcu","Timp estimat pentru citire":"2 minute"},"schema":{"@context":"https:\/\/schema.org","@graph":[{"@type":"Article","@id":"https:\/\/mhf.ro\/mm\/liderii-pnl-ironizati-cu-figurine-de-carton-la-ora-prim-ministrului\/#article","isPartOf":{"@id":"https:\/\/mhf.ro\/mm\/liderii-pnl-ironizati-cu-figurine-de-carton-la-ora-prim-ministrului\/"},"author":{"name":"Marius Marcu","@id":"https:\/\/mhf.ro\/mm\/#\/schema\/person\/a3bebf7bdb4bf12f698aff73c7e46c21"},"headline":"Liderii PNL ironiza\u021bi cu figurine de carton la \u201eOra prim-ministrului\u201d","datePublished":"2021-02-24T06:20:13+00:00","mainEntityOfPage":{"@id":"https:\/\/mhf.ro\/mm\/liderii-pnl-ironizati-cu-figurine-de-carton-la-ora-prim-ministrului\/"},"wordCount":328,"commentCount":0,"publisher":{"@id":"https:\/\/mhf.ro\/mm\/#\/schema\/person\/a3bebf7bdb4bf12f698aff73c7e46c21"},"image":{"@id":"https:\/\/mhf.ro\/mm\/liderii-pnl-ironizati-cu-figurine-de-carton-la-ora-prim-ministrului\/#primaryimage"},"thumbnailUrl":"https:\/\/mhf.ro\/mm\/wp-content\/uploads\/2021\/02\/7634853-mediafax-foto-alexandru-dobre.jpg","articleSection":["Diverse"],"inLanguage":"ro-RO","potentialAction":[{"@type":"CommentAction","name":"Comment","target":["https:\/\/mhf.ro\/mm\/liderii-pnl-ironizati-cu-figurine-de-carton-la-ora-prim-ministrului\/#respond"]}]},{"@type":"WebPage","@id":"https:\/\/mhf.ro\/mm\/liderii-pnl-ironizati-cu-figurine-de-carton-la-ora-prim-ministrului\/","url":"https:\/\/mhf.ro\/mm\/liderii-pnl-ironizati-cu-figurine-de-carton-la-ora-prim-ministrului\/","name":"Liderii PNL ironiza\u021bi cu figurine de carton la \u201eOra prim-ministrului\u201d - MHF Photography","isPartOf":{"@id":"https:\/\/mhf.ro\/mm\/#website"},"primaryImageOfPage":{"@id":"https:\/\/mhf.ro\/mm\/liderii-pnl-ironizati-cu-figurine-de-carton-la-ora-prim-ministrului\/#primaryimage"},"image":{"@id":"https:\/\/mhf.ro\/mm\/liderii-pnl-ironizati-cu-figurine-de-carton-la-ora-prim-ministrului\/#primaryimage"},"thumbnailUrl":"https:\/\/mhf.ro\/mm\/wp-content\/uploads\/2021\/02\/7634853-mediafax-foto-alexandru-dobre.jpg","datePublished":"2021-02-24T06:20:13+00:00","breadcrumb":{"@id":"https:\/\/mhf.ro\/mm\/liderii-pnl-ironizati-cu-figurine-de-carton-la-ora-prim-ministrului\/#breadcrumb"},"inLanguage":"ro-RO","potentialAction":[{"@type":"ReadAction","target":["https:\/\/mhf.ro\/mm\/liderii-pnl-ironizati-cu-figurine-de-carton-la-ora-prim-ministrului\/"]}]},{"@type":"ImageObject","inLanguage":"ro-RO","@id":"https:\/\/mhf.ro\/mm\/liderii-pnl-ironizati-cu-figurine-de-carton-la-ora-prim-ministrului\/#primaryimage","url":"https:\/\/mhf.ro\/mm\/wp-content\/uploads\/2021\/02\/7634853-mediafax-foto-alexandru-dobre.jpg","contentUrl":"https:\/\/mhf.ro\/mm\/wp-content\/uploads\/2021\/02\/7634853-mediafax-foto-alexandru-dobre.jpg","width":559,"height":373},{"@type":"BreadcrumbList","@id":"https:\/\/mhf.ro\/mm\/liderii-pnl-ironizati-cu-figurine-de-carton-la-ora-prim-ministrului\/#breadcrumb","itemListElement":[{"@type":"ListItem","position":1,"name":"Prima pagin\u0103","item":"https:\/\/mhf.ro\/mm\/"},{"@type":"ListItem","position":2,"name":"Liderii PNL ironiza\u021bi cu figurine de carton la \u201eOra prim-ministrului\u201d"}]},{"@type":"WebSite","@id":"https:\/\/mhf.ro\/mm\/#website","url":"https:\/\/mhf.ro\/mm\/","name":"MHF Photography \u2013 Blog de fotografie, natur\u0103 \u0219i tehnic\u0103 divers\u0103","description":"Aventur\u0103 \u00een fiecare cadru.","publisher":{"@id":"https:\/\/mhf.ro\/mm\/#\/schema\/person\/a3bebf7bdb4bf12f698aff73c7e46c21"},"potentialAction":[{"@type":"SearchAction","target":{"@type":"EntryPoint","urlTemplate":"https:\/\/mhf.ro\/mm\/?s={search_term_string}"},"query-input":{"@type":"PropertyValueSpecification","valueRequired":true,"valueName":"search_term_string"}}],"inLanguage":"ro-RO"},{"@type":["Person","Organization"],"@id":"https:\/\/mhf.ro\/mm\/#\/schema\/person\/a3bebf7bdb4bf12f698aff73c7e46c21","name":"Marius Marcu","image":{"@type":"ImageObject","inLanguage":"ro-RO","@id":"https:\/\/mhf.ro\/mm\/#\/schema\/person\/image\/","url":"https:\/\/mhf.ro\/mm\/wp-content\/uploads\/2025\/12\/cropped-logo_mhf_2.png","contentUrl":"https:\/\/mhf.ro\/mm\/wp-content\/uploads\/2025\/12\/cropped-logo_mhf_2.png","width":1096,"height":457,"caption":"Marius Marcu"},"logo":{"@id":"https:\/\/mhf.ro\/mm\/#\/schema\/person\/image\/"},"sameAs":["https:\/\/mhf.ro\/mm"],"url":"https:\/\/mhf.ro\/mm\/author\/mihai\/"}]}},"_links":{"self":[{"href":"https:\/\/mhf.ro\/mm\/wp-json\/wp\/v2\/posts\/4274","targetHints":{"allow":["GET"]}}],"collection":[{"href":"https:\/\/mhf.ro\/mm\/wp-json\/wp\/v2\/posts"}],"about":[{"href":"https:\/\/mhf.ro\/mm\/wp-json\/wp\/v2\/types\/post"}],"author":[{"embeddable":true,"href":"https:\/\/mhf.ro\/mm\/wp-json\/wp\/v2\/users\/1"}],"replies":[{"embeddable":true,"href":"https:\/\/mhf.ro\/mm\/wp-json\/wp\/v2\/comments?post=4274"}],"version-history":[{"count":1,"href":"https:\/\/mhf.ro\/mm\/wp-json\/wp\/v2\/posts\/4274\/revisions"}],"predecessor-version":[{"id":4276,"href":"https:\/\/mhf.ro\/mm\/wp-json\/wp\/v2\/posts\/4274\/revisions\/4276"}],"wp:featuredmedia":[{"embeddable":true,"href":"https:\/\/mhf.ro\/mm\/wp-json\/wp\/v2\/media\/4275"}],"wp:attachment":[{"href":"https:\/\/mhf.ro\/mm\/wp-json\/wp\/v2\/media?parent=4274"}],"wp:term":[{"taxonomy":"category","embeddable":true,"href":"https:\/\/mhf.ro\/mm\/wp-json\/wp\/v2\/categories?post=4274"},{"taxonomy":"post_tag","embeddable":true,"href":"https:\/\/mhf.ro\/mm\/wp-json\/wp\/v2\/tags?post=4274"}],"curies":[{"name":"wp","href":"https:\/\/api.w.org\/{rel}","templated":true}]}}