{"id":4283,"date":"2021-02-24T09:12:02","date_gmt":"2021-02-24T07:12:02","guid":{"rendered":"https:\/\/mhf.ro\/mm\/?p=4283"},"modified":"2021-02-24T09:12:02","modified_gmt":"2021-02-24T07:12:02","slug":"florin-roman-vrea-imunitate-penala-si-civila-pentru-sefii-asf","status":"publish","type":"post","link":"https:\/\/mhf.ro\/mm\/florin-roman-vrea-imunitate-penala-si-civila-pentru-sefii-asf\/","title":{"rendered":"Florin Roman vrea IMUNITATE penal\u0103 \u0219i civil\u0103 pentru \u0219efii ASF"},"content":{"rendered":"<p>Senatul \u00een calitate de camer\u0103 decizional\u0103 are pe ordinea de zi a plenului de luni proiectul de lege ini\u021biat de c\u0103tre deputatul PNL Florin Roman, care prevede modificarea ordonan\u021bei de urgen\u021b\u0103 a Guvernului 93\/2012 privind \u00eenfiin\u021barea, organizarea \u0219i func\u021bionarea Autorit\u0103\u021bii de Supraveghere Financiar\u0103. Ini\u021biativa legislativ\u0103 ar oferi imunitate penal\u0103 \u0219i civil\u0103 conducerii ASF \u0219i ar introduce noi beneficii pentru cei care nu domiciliaz\u0103 \u00een Capital\u0103 prin decontarea cheltuielilor cu locuin\u021ba de serviciu, cazare, diurn\u0103 \u0219i transport.<\/p>\n<p>Proiectul de lege a fost adoptat pe 13 octombrie 2020 de c\u0103tre Camera Deputa\u021bilor.<\/p>\n<p>Actualul ministru al Economiei Cladiu N\u0103sui i-a repro\u0219at atunci lui Florin Roman c\u0103 dore\u0219te s\u0103 introduc\u0103 privilegii pentru membrii Consiliului Autorit\u0103\u021bii de Supraveghere Financiar\u0103, care deja au salarii de peste 10.000 euro pe lun\u0103, \u0219i anume introducerea unor diurne \u0219i \u201edecontarea cheltuielilor pentru politrucii care nu au domiciliul \u00een Bucure\u0219ti\u201d.<\/p>\n<p>\u201eMembrii Consiliului ASF care nu au domiciliul \u00een Bucure\u0219ti beneficiaz\u0103 de decontarea cheltuielilor cu locuin\u021ba de serviciu, cazarea, diurn\u0103 \u0219i transport, \u00een condi\u021biile stabilite prin lege \u0219i prin reglement\u0103rile proprii\u201d, arat\u0103 un nou alineat introdus prin proiectul de lege.<\/p>\n<p>O astfel de prevedere ar duce la blocarea efectiv\u0103 a posibilit\u0103\u021bii tragerii la r\u0103spundere a persoanelor responsabile \u0219i, in acela\u0219i timp, la consolidarea pasivit\u0103\u021bii sau a altor abuzuri de care pot fi vinova\u021bi ace\u0219ti func\u021bionari ai ASF.(conf. jurnalist.ro)<\/p>\n","protected":false},"excerpt":{"rendered":"<p>Senatul \u00een calitate de camer\u0103 decizional\u0103 are pe ordinea de zi a plenului de luni proiectul de lege ini\u021biat de<\/p>\n","protected":false},"author":1,"featured_media":4284,"comment_status":"open","ping_status":"open","sticky":false,"template":"","format":"standard","meta":{"colormag_page_container_layout":"default_layout","colormag_page_sidebar_layout":"default_layout","footnotes":""},"categories":[5],"tags":[],"class_list":["post-4283","post","type-post","status-publish","format-standard","has-post-thumbnail","hentry","category-locale"],"yoast_head":"<!-- This site is optimized with the Yoast SEO plugin v27.0 - https:\/\/yoast.com\/product\/yoast-seo-wordpress\/ -->\n<title>Florin Roman vrea IMUNITATE penal\u0103 \u0219i civil\u0103 pentru \u0219efii ASF - MHF Photography<\/title>\n<meta name=\"robots\" content=\"index, follow, max-snippet:-1, max-image-preview:large, max-video-preview:-1\" \/>\n<link rel=\"canonical\" href=\"https:\/\/mhf.ro\/mm\/florin-roman-vrea-imunitate-penala-si-civila-pentru-sefii-asf\/\" \/>\n<meta property=\"og:locale\" content=\"ro_RO\" \/>\n<meta property=\"og:type\" content=\"article\" \/>\n<meta property=\"og:title\" content=\"Florin Roman vrea IMUNITATE penal\u0103 \u0219i civil\u0103 pentru \u0219efii ASF - MHF Photography\" \/>\n<meta property=\"og:description\" content=\"Senatul \u00een calitate de camer\u0103 decizional\u0103 are pe ordinea de zi a plenului de luni proiectul de lege ini\u021biat de\" \/>\n<meta property=\"og:url\" content=\"https:\/\/mhf.ro\/mm\/florin-roman-vrea-imunitate-penala-si-civila-pentru-sefii-asf\/\" \/>\n<meta property=\"og:site_name\" content=\"MHF Photography\" \/>\n<meta property=\"article:published_time\" content=\"2021-02-24T07:12:02+00:00\" \/>\n<meta property=\"og:image\" content=\"https:\/\/mhf.ro\/mm\/wp-content\/uploads\/2021\/02\/F_Roman_21.jpg\" \/>\n\t<meta property=\"og:image:width\" content=\"780\" \/>\n\t<meta property=\"og:image:height\" content=\"440\" \/>\n\t<meta property=\"og:image:type\" content=\"image\/jpeg\" \/>\n<meta name=\"author\" content=\"Marius Marcu\" \/>\n<meta name=\"twitter:card\" content=\"summary_large_image\" \/>\n<meta name=\"twitter:label1\" content=\"Scris de\" \/>\n\t<meta name=\"twitter:data1\" content=\"Marius Marcu\" \/>\n\t<meta name=\"twitter:label2\" content=\"Timp estimat pentru citire\" \/>\n\t<meta name=\"twitter:data2\" content=\"1 minut\" \/>\n<script type=\"application\/ld+json\" class=\"yoast-schema-graph\">{\"@context\":\"https:\/\/schema.org\",\"@graph\":[{\"@type\":\"Article\",\"@id\":\"https:\/\/mhf.ro\/mm\/florin-roman-vrea-imunitate-penala-si-civila-pentru-sefii-asf\/#article\",\"isPartOf\":{\"@id\":\"https:\/\/mhf.ro\/mm\/florin-roman-vrea-imunitate-penala-si-civila-pentru-sefii-asf\/\"},\"author\":{\"name\":\"Marius Marcu\",\"@id\":\"https:\/\/mhf.ro\/mm\/#\/schema\/person\/a3bebf7bdb4bf12f698aff73c7e46c21\"},\"headline\":\"Florin Roman vrea IMUNITATE penal\u0103 \u0219i civil\u0103 pentru \u0219efii ASF\",\"datePublished\":\"2021-02-24T07:12:02+00:00\",\"mainEntityOfPage\":{\"@id\":\"https:\/\/mhf.ro\/mm\/florin-roman-vrea-imunitate-penala-si-civila-pentru-sefii-asf\/\"},\"wordCount\":251,\"commentCount\":0,\"publisher\":{\"@id\":\"https:\/\/mhf.ro\/mm\/#\/schema\/person\/a3bebf7bdb4bf12f698aff73c7e46c21\"},\"image\":{\"@id\":\"https:\/\/mhf.ro\/mm\/florin-roman-vrea-imunitate-penala-si-civila-pentru-sefii-asf\/#primaryimage\"},\"thumbnailUrl\":\"https:\/\/mhf.ro\/mm\/wp-content\/uploads\/2021\/02\/F_Roman_21.jpg\",\"articleSection\":[\"Locale\"],\"inLanguage\":\"ro-RO\",\"potentialAction\":[{\"@type\":\"CommentAction\",\"name\":\"Comment\",\"target\":[\"https:\/\/mhf.ro\/mm\/florin-roman-vrea-imunitate-penala-si-civila-pentru-sefii-asf\/#respond\"]}]},{\"@type\":\"WebPage\",\"@id\":\"https:\/\/mhf.ro\/mm\/florin-roman-vrea-imunitate-penala-si-civila-pentru-sefii-asf\/\",\"url\":\"https:\/\/mhf.ro\/mm\/florin-roman-vrea-imunitate-penala-si-civila-pentru-sefii-asf\/\",\"name\":\"Florin Roman vrea IMUNITATE penal\u0103 \u0219i civil\u0103 pentru \u0219efii ASF - MHF Photography\",\"isPartOf\":{\"@id\":\"https:\/\/mhf.ro\/mm\/#website\"},\"primaryImageOfPage\":{\"@id\":\"https:\/\/mhf.ro\/mm\/florin-roman-vrea-imunitate-penala-si-civila-pentru-sefii-asf\/#primaryimage\"},\"image\":{\"@id\":\"https:\/\/mhf.ro\/mm\/florin-roman-vrea-imunitate-penala-si-civila-pentru-sefii-asf\/#primaryimage\"},\"thumbnailUrl\":\"https:\/\/mhf.ro\/mm\/wp-content\/uploads\/2021\/02\/F_Roman_21.jpg\",\"datePublished\":\"2021-02-24T07:12:02+00:00\",\"breadcrumb\":{\"@id\":\"https:\/\/mhf.ro\/mm\/florin-roman-vrea-imunitate-penala-si-civila-pentru-sefii-asf\/#breadcrumb\"},\"inLanguage\":\"ro-RO\",\"potentialAction\":[{\"@type\":\"ReadAction\",\"target\":[\"https:\/\/mhf.ro\/mm\/florin-roman-vrea-imunitate-penala-si-civila-pentru-sefii-asf\/\"]}]},{\"@type\":\"ImageObject\",\"inLanguage\":\"ro-RO\",\"@id\":\"https:\/\/mhf.ro\/mm\/florin-roman-vrea-imunitate-penala-si-civila-pentru-sefii-asf\/#primaryimage\",\"url\":\"https:\/\/mhf.ro\/mm\/wp-content\/uploads\/2021\/02\/F_Roman_21.jpg\",\"contentUrl\":\"https:\/\/mhf.ro\/mm\/wp-content\/uploads\/2021\/02\/F_Roman_21.jpg\",\"width\":780,\"height\":440},{\"@type\":\"BreadcrumbList\",\"@id\":\"https:\/\/mhf.ro\/mm\/florin-roman-vrea-imunitate-penala-si-civila-pentru-sefii-asf\/#breadcrumb\",\"itemListElement\":[{\"@type\":\"ListItem\",\"position\":1,\"name\":\"Prima pagin\u0103\",\"item\":\"https:\/\/mhf.ro\/mm\/\"},{\"@type\":\"ListItem\",\"position\":2,\"name\":\"Florin Roman vrea IMUNITATE penal\u0103 \u0219i civil\u0103 pentru \u0219efii ASF\"}]},{\"@type\":\"WebSite\",\"@id\":\"https:\/\/mhf.ro\/mm\/#website\",\"url\":\"https:\/\/mhf.ro\/mm\/\",\"name\":\"MHF Photography \u2013 Blog de fotografie, natur\u0103 \u0219i tehnic\u0103 divers\u0103\",\"description\":\"Aventur\u0103 \u00een fiecare cadru.\",\"publisher\":{\"@id\":\"https:\/\/mhf.ro\/mm\/#\/schema\/person\/a3bebf7bdb4bf12f698aff73c7e46c21\"},\"potentialAction\":[{\"@type\":\"SearchAction\",\"target\":{\"@type\":\"EntryPoint\",\"urlTemplate\":\"https:\/\/mhf.ro\/mm\/?s={search_term_string}\"},\"query-input\":{\"@type\":\"PropertyValueSpecification\",\"valueRequired\":true,\"valueName\":\"search_term_string\"}}],\"inLanguage\":\"ro-RO\"},{\"@type\":[\"Person\",\"Organization\"],\"@id\":\"https:\/\/mhf.ro\/mm\/#\/schema\/person\/a3bebf7bdb4bf12f698aff73c7e46c21\",\"name\":\"Marius Marcu\",\"image\":{\"@type\":\"ImageObject\",\"inLanguage\":\"ro-RO\",\"@id\":\"https:\/\/mhf.ro\/mm\/#\/schema\/person\/image\/\",\"url\":\"https:\/\/mhf.ro\/mm\/wp-content\/uploads\/2025\/12\/cropped-logo_mhf_2.png\",\"contentUrl\":\"https:\/\/mhf.ro\/mm\/wp-content\/uploads\/2025\/12\/cropped-logo_mhf_2.png\",\"width\":1096,\"height\":457,\"caption\":\"Marius Marcu\"},\"logo\":{\"@id\":\"https:\/\/mhf.ro\/mm\/#\/schema\/person\/image\/\"},\"sameAs\":[\"https:\/\/mhf.ro\/mm\"],\"url\":\"https:\/\/mhf.ro\/mm\/author\/mihai\/\"}]}<\/script>\n<!-- \/ Yoast SEO plugin. -->","yoast_head_json":{"title":"Florin Roman vrea IMUNITATE penal\u0103 \u0219i civil\u0103 pentru \u0219efii ASF - MHF Photography","robots":{"index":"index","follow":"follow","max-snippet":"max-snippet:-1","max-image-preview":"max-image-preview:large","max-video-preview":"max-video-preview:-1"},"canonical":"https:\/\/mhf.ro\/mm\/florin-roman-vrea-imunitate-penala-si-civila-pentru-sefii-asf\/","og_locale":"ro_RO","og_type":"article","og_title":"Florin Roman vrea IMUNITATE penal\u0103 \u0219i civil\u0103 pentru \u0219efii ASF - MHF Photography","og_description":"Senatul \u00een calitate de camer\u0103 decizional\u0103 are pe ordinea de zi a plenului de luni proiectul de lege ini\u021biat de","og_url":"https:\/\/mhf.ro\/mm\/florin-roman-vrea-imunitate-penala-si-civila-pentru-sefii-asf\/","og_site_name":"MHF Photography","article_published_time":"2021-02-24T07:12:02+00:00","og_image":[{"width":780,"height":440,"url":"https:\/\/mhf.ro\/mm\/wp-content\/uploads\/2021\/02\/F_Roman_21.jpg","type":"image\/jpeg"}],"author":"Marius Marcu","twitter_card":"summary_large_image","twitter_misc":{"Scris de":"Marius Marcu","Timp estimat pentru citire":"1 minut"},"schema":{"@context":"https:\/\/schema.org","@graph":[{"@type":"Article","@id":"https:\/\/mhf.ro\/mm\/florin-roman-vrea-imunitate-penala-si-civila-pentru-sefii-asf\/#article","isPartOf":{"@id":"https:\/\/mhf.ro\/mm\/florin-roman-vrea-imunitate-penala-si-civila-pentru-sefii-asf\/"},"author":{"name":"Marius Marcu","@id":"https:\/\/mhf.ro\/mm\/#\/schema\/person\/a3bebf7bdb4bf12f698aff73c7e46c21"},"headline":"Florin Roman vrea IMUNITATE penal\u0103 \u0219i civil\u0103 pentru \u0219efii ASF","datePublished":"2021-02-24T07:12:02+00:00","mainEntityOfPage":{"@id":"https:\/\/mhf.ro\/mm\/florin-roman-vrea-imunitate-penala-si-civila-pentru-sefii-asf\/"},"wordCount":251,"commentCount":0,"publisher":{"@id":"https:\/\/mhf.ro\/mm\/#\/schema\/person\/a3bebf7bdb4bf12f698aff73c7e46c21"},"image":{"@id":"https:\/\/mhf.ro\/mm\/florin-roman-vrea-imunitate-penala-si-civila-pentru-sefii-asf\/#primaryimage"},"thumbnailUrl":"https:\/\/mhf.ro\/mm\/wp-content\/uploads\/2021\/02\/F_Roman_21.jpg","articleSection":["Locale"],"inLanguage":"ro-RO","potentialAction":[{"@type":"CommentAction","name":"Comment","target":["https:\/\/mhf.ro\/mm\/florin-roman-vrea-imunitate-penala-si-civila-pentru-sefii-asf\/#respond"]}]},{"@type":"WebPage","@id":"https:\/\/mhf.ro\/mm\/florin-roman-vrea-imunitate-penala-si-civila-pentru-sefii-asf\/","url":"https:\/\/mhf.ro\/mm\/florin-roman-vrea-imunitate-penala-si-civila-pentru-sefii-asf\/","name":"Florin Roman vrea IMUNITATE penal\u0103 \u0219i civil\u0103 pentru \u0219efii ASF - MHF Photography","isPartOf":{"@id":"https:\/\/mhf.ro\/mm\/#website"},"primaryImageOfPage":{"@id":"https:\/\/mhf.ro\/mm\/florin-roman-vrea-imunitate-penala-si-civila-pentru-sefii-asf\/#primaryimage"},"image":{"@id":"https:\/\/mhf.ro\/mm\/florin-roman-vrea-imunitate-penala-si-civila-pentru-sefii-asf\/#primaryimage"},"thumbnailUrl":"https:\/\/mhf.ro\/mm\/wp-content\/uploads\/2021\/02\/F_Roman_21.jpg","datePublished":"2021-02-24T07:12:02+00:00","breadcrumb":{"@id":"https:\/\/mhf.ro\/mm\/florin-roman-vrea-imunitate-penala-si-civila-pentru-sefii-asf\/#breadcrumb"},"inLanguage":"ro-RO","potentialAction":[{"@type":"ReadAction","target":["https:\/\/mhf.ro\/mm\/florin-roman-vrea-imunitate-penala-si-civila-pentru-sefii-asf\/"]}]},{"@type":"ImageObject","inLanguage":"ro-RO","@id":"https:\/\/mhf.ro\/mm\/florin-roman-vrea-imunitate-penala-si-civila-pentru-sefii-asf\/#primaryimage","url":"https:\/\/mhf.ro\/mm\/wp-content\/uploads\/2021\/02\/F_Roman_21.jpg","contentUrl":"https:\/\/mhf.ro\/mm\/wp-content\/uploads\/2021\/02\/F_Roman_21.jpg","width":780,"height":440},{"@type":"BreadcrumbList","@id":"https:\/\/mhf.ro\/mm\/florin-roman-vrea-imunitate-penala-si-civila-pentru-sefii-asf\/#breadcrumb","itemListElement":[{"@type":"ListItem","position":1,"name":"Prima pagin\u0103","item":"https:\/\/mhf.ro\/mm\/"},{"@type":"ListItem","position":2,"name":"Florin Roman vrea IMUNITATE penal\u0103 \u0219i civil\u0103 pentru \u0219efii ASF"}]},{"@type":"WebSite","@id":"https:\/\/mhf.ro\/mm\/#website","url":"https:\/\/mhf.ro\/mm\/","name":"MHF Photography \u2013 Blog de fotografie, natur\u0103 \u0219i tehnic\u0103 divers\u0103","description":"Aventur\u0103 \u00een fiecare cadru.","publisher":{"@id":"https:\/\/mhf.ro\/mm\/#\/schema\/person\/a3bebf7bdb4bf12f698aff73c7e46c21"},"potentialAction":[{"@type":"SearchAction","target":{"@type":"EntryPoint","urlTemplate":"https:\/\/mhf.ro\/mm\/?s={search_term_string}"},"query-input":{"@type":"PropertyValueSpecification","valueRequired":true,"valueName":"search_term_string"}}],"inLanguage":"ro-RO"},{"@type":["Person","Organization"],"@id":"https:\/\/mhf.ro\/mm\/#\/schema\/person\/a3bebf7bdb4bf12f698aff73c7e46c21","name":"Marius Marcu","image":{"@type":"ImageObject","inLanguage":"ro-RO","@id":"https:\/\/mhf.ro\/mm\/#\/schema\/person\/image\/","url":"https:\/\/mhf.ro\/mm\/wp-content\/uploads\/2025\/12\/cropped-logo_mhf_2.png","contentUrl":"https:\/\/mhf.ro\/mm\/wp-content\/uploads\/2025\/12\/cropped-logo_mhf_2.png","width":1096,"height":457,"caption":"Marius Marcu"},"logo":{"@id":"https:\/\/mhf.ro\/mm\/#\/schema\/person\/image\/"},"sameAs":["https:\/\/mhf.ro\/mm"],"url":"https:\/\/mhf.ro\/mm\/author\/mihai\/"}]}},"_links":{"self":[{"href":"https:\/\/mhf.ro\/mm\/wp-json\/wp\/v2\/posts\/4283","targetHints":{"allow":["GET"]}}],"collection":[{"href":"https:\/\/mhf.ro\/mm\/wp-json\/wp\/v2\/posts"}],"about":[{"href":"https:\/\/mhf.ro\/mm\/wp-json\/wp\/v2\/types\/post"}],"author":[{"embeddable":true,"href":"https:\/\/mhf.ro\/mm\/wp-json\/wp\/v2\/users\/1"}],"replies":[{"embeddable":true,"href":"https:\/\/mhf.ro\/mm\/wp-json\/wp\/v2\/comments?post=4283"}],"version-history":[{"count":1,"href":"https:\/\/mhf.ro\/mm\/wp-json\/wp\/v2\/posts\/4283\/revisions"}],"predecessor-version":[{"id":4285,"href":"https:\/\/mhf.ro\/mm\/wp-json\/wp\/v2\/posts\/4283\/revisions\/4285"}],"wp:featuredmedia":[{"embeddable":true,"href":"https:\/\/mhf.ro\/mm\/wp-json\/wp\/v2\/media\/4284"}],"wp:attachment":[{"href":"https:\/\/mhf.ro\/mm\/wp-json\/wp\/v2\/media?parent=4283"}],"wp:term":[{"taxonomy":"category","embeddable":true,"href":"https:\/\/mhf.ro\/mm\/wp-json\/wp\/v2\/categories?post=4283"},{"taxonomy":"post_tag","embeddable":true,"href":"https:\/\/mhf.ro\/mm\/wp-json\/wp\/v2\/tags?post=4283"}],"curies":[{"name":"wp","href":"https:\/\/api.w.org\/{rel}","templated":true}]}}