{"id":4286,"date":"2021-02-26T08:09:58","date_gmt":"2021-02-26T06:09:58","guid":{"rendered":"https:\/\/mhf.ro\/mm\/?p=4286"},"modified":"2021-02-25T20:11:33","modified_gmt":"2021-02-25T18:11:33","slug":"premierul-florin-citu-despre-protestatari-eu-nu-vad-care-e-problema","status":"publish","type":"post","link":"https:\/\/mhf.ro\/mm\/premierul-florin-citu-despre-protestatari-eu-nu-vad-care-e-problema\/","title":{"rendered":"Premierul Florin C\u00ee\u021bu despre protestatari: Eu nu v\u0103d care e problema"},"content":{"rendered":"<p>Premierul Florin C\u00ee\u021bu spune c\u0103 nu \u00een\u021belege de ce sindicatele au decis s\u0103 ias\u0103 \u00een strad\u0103, \u00een condi\u021biile \u00een care \u00een 2021 se p\u0103streaz\u0103 acela\u0219i nivel de salarizare ca \u00een 2020, de\u0219i, spune premierul, Rom\u00e2nia traverseaz\u0103 cea mai grea criz\u0103 economic\u0103 din ultimii 100 de ani.<\/p>\n<p>\u201eCred c\u0103 asta \u00eencearc\u0103 s\u0103 sus\u021bin\u0103 angaja\u021bii, dar mesajul este acela\u0219i. \u00cen 2020 c\u00e2nd \u00een Rom\u00e2nia e in cea mai mare criz\u0103 din ultimii 100 de ani, sectorul public a primit cre\u0219terea salarial\u0103 normal\u0103. Anul acesta nu e nimeni dat afar\u0103, primesc acelea\u0219i salarii \u0219i sporuri ca \u00een 2020. Eu nu v\u0103d nicio problem\u0103. Ar trebui s\u0103 ne g\u00e2ndim c\u0103 \u00een ultimii 30 de ani liderii de sindicat sunt aceia\u0219i \u0219i ar trebui s\u0103 vedem cum ajung acolo\u201d, a declarat Florin C\u00ee\u021bu. (conf. Jurnalist.ro)<\/p>\n","protected":false},"excerpt":{"rendered":"<p>Premierul Florin C\u00ee\u021bu spune c\u0103 nu \u00een\u021belege de ce sindicatele au decis s\u0103 ias\u0103 \u00een strad\u0103, \u00een condi\u021biile \u00een care<\/p>\n","protected":false},"author":1,"featured_media":4287,"comment_status":"open","ping_status":"open","sticky":false,"template":"","format":"standard","meta":{"colormag_page_container_layout":"default_layout","colormag_page_sidebar_layout":"default_layout","footnotes":""},"categories":[5],"tags":[],"class_list":["post-4286","post","type-post","status-publish","format-standard","has-post-thumbnail","hentry","category-locale"],"yoast_head":"<!-- This site is optimized with the Yoast SEO plugin v27.0 - https:\/\/yoast.com\/product\/yoast-seo-wordpress\/ -->\n<title>Premierul Florin C\u00ee\u021bu despre protestatari: Eu nu v\u0103d care e problema - MHF Photography<\/title>\n<meta name=\"robots\" content=\"index, follow, max-snippet:-1, max-image-preview:large, max-video-preview:-1\" \/>\n<link rel=\"canonical\" href=\"https:\/\/mhf.ro\/mm\/premierul-florin-citu-despre-protestatari-eu-nu-vad-care-e-problema\/\" \/>\n<meta property=\"og:locale\" content=\"ro_RO\" \/>\n<meta property=\"og:type\" content=\"article\" \/>\n<meta property=\"og:title\" content=\"Premierul Florin C\u00ee\u021bu despre protestatari: Eu nu v\u0103d care e problema - MHF Photography\" \/>\n<meta property=\"og:description\" content=\"Premierul Florin C\u00ee\u021bu spune c\u0103 nu \u00een\u021belege de ce sindicatele au decis s\u0103 ias\u0103 \u00een strad\u0103, \u00een condi\u021biile \u00een care\" \/>\n<meta property=\"og:url\" content=\"https:\/\/mhf.ro\/mm\/premierul-florin-citu-despre-protestatari-eu-nu-vad-care-e-problema\/\" \/>\n<meta property=\"og:site_name\" content=\"MHF Photography\" \/>\n<meta property=\"article:published_time\" content=\"2021-02-26T06:09:58+00:00\" \/>\n<meta property=\"og:image\" content=\"https:\/\/mhf.ro\/mm\/wp-content\/uploads\/2021\/02\/catu_4.jpg\" \/>\n\t<meta property=\"og:image:width\" content=\"667\" \/>\n\t<meta property=\"og:image:height\" content=\"445\" \/>\n\t<meta property=\"og:image:type\" content=\"image\/jpeg\" \/>\n<meta name=\"author\" content=\"Marius Marcu\" \/>\n<meta name=\"twitter:card\" content=\"summary_large_image\" \/>\n<meta name=\"twitter:label1\" content=\"Scris de\" \/>\n\t<meta name=\"twitter:data1\" content=\"Marius Marcu\" \/>\n\t<meta name=\"twitter:label2\" content=\"Timp estimat pentru citire\" \/>\n\t<meta name=\"twitter:data2\" content=\"1 minut\" \/>\n<script type=\"application\/ld+json\" class=\"yoast-schema-graph\">{\"@context\":\"https:\/\/schema.org\",\"@graph\":[{\"@type\":\"Article\",\"@id\":\"https:\/\/mhf.ro\/mm\/premierul-florin-citu-despre-protestatari-eu-nu-vad-care-e-problema\/#article\",\"isPartOf\":{\"@id\":\"https:\/\/mhf.ro\/mm\/premierul-florin-citu-despre-protestatari-eu-nu-vad-care-e-problema\/\"},\"author\":{\"name\":\"Marius Marcu\",\"@id\":\"https:\/\/mhf.ro\/mm\/#\/schema\/person\/a3bebf7bdb4bf12f698aff73c7e46c21\"},\"headline\":\"Premierul Florin C\u00ee\u021bu despre protestatari: Eu nu v\u0103d care e problema\",\"datePublished\":\"2021-02-26T06:09:58+00:00\",\"mainEntityOfPage\":{\"@id\":\"https:\/\/mhf.ro\/mm\/premierul-florin-citu-despre-protestatari-eu-nu-vad-care-e-problema\/\"},\"wordCount\":155,\"commentCount\":0,\"publisher\":{\"@id\":\"https:\/\/mhf.ro\/mm\/#\/schema\/person\/a3bebf7bdb4bf12f698aff73c7e46c21\"},\"image\":{\"@id\":\"https:\/\/mhf.ro\/mm\/premierul-florin-citu-despre-protestatari-eu-nu-vad-care-e-problema\/#primaryimage\"},\"thumbnailUrl\":\"https:\/\/mhf.ro\/mm\/wp-content\/uploads\/2021\/02\/catu_4.jpg\",\"articleSection\":[\"Locale\"],\"inLanguage\":\"ro-RO\",\"potentialAction\":[{\"@type\":\"CommentAction\",\"name\":\"Comment\",\"target\":[\"https:\/\/mhf.ro\/mm\/premierul-florin-citu-despre-protestatari-eu-nu-vad-care-e-problema\/#respond\"]}]},{\"@type\":\"WebPage\",\"@id\":\"https:\/\/mhf.ro\/mm\/premierul-florin-citu-despre-protestatari-eu-nu-vad-care-e-problema\/\",\"url\":\"https:\/\/mhf.ro\/mm\/premierul-florin-citu-despre-protestatari-eu-nu-vad-care-e-problema\/\",\"name\":\"Premierul Florin C\u00ee\u021bu despre protestatari: Eu nu v\u0103d care e problema - MHF Photography\",\"isPartOf\":{\"@id\":\"https:\/\/mhf.ro\/mm\/#website\"},\"primaryImageOfPage\":{\"@id\":\"https:\/\/mhf.ro\/mm\/premierul-florin-citu-despre-protestatari-eu-nu-vad-care-e-problema\/#primaryimage\"},\"image\":{\"@id\":\"https:\/\/mhf.ro\/mm\/premierul-florin-citu-despre-protestatari-eu-nu-vad-care-e-problema\/#primaryimage\"},\"thumbnailUrl\":\"https:\/\/mhf.ro\/mm\/wp-content\/uploads\/2021\/02\/catu_4.jpg\",\"datePublished\":\"2021-02-26T06:09:58+00:00\",\"breadcrumb\":{\"@id\":\"https:\/\/mhf.ro\/mm\/premierul-florin-citu-despre-protestatari-eu-nu-vad-care-e-problema\/#breadcrumb\"},\"inLanguage\":\"ro-RO\",\"potentialAction\":[{\"@type\":\"ReadAction\",\"target\":[\"https:\/\/mhf.ro\/mm\/premierul-florin-citu-despre-protestatari-eu-nu-vad-care-e-problema\/\"]}]},{\"@type\":\"ImageObject\",\"inLanguage\":\"ro-RO\",\"@id\":\"https:\/\/mhf.ro\/mm\/premierul-florin-citu-despre-protestatari-eu-nu-vad-care-e-problema\/#primaryimage\",\"url\":\"https:\/\/mhf.ro\/mm\/wp-content\/uploads\/2021\/02\/catu_4.jpg\",\"contentUrl\":\"https:\/\/mhf.ro\/mm\/wp-content\/uploads\/2021\/02\/catu_4.jpg\",\"width\":667,\"height\":445},{\"@type\":\"BreadcrumbList\",\"@id\":\"https:\/\/mhf.ro\/mm\/premierul-florin-citu-despre-protestatari-eu-nu-vad-care-e-problema\/#breadcrumb\",\"itemListElement\":[{\"@type\":\"ListItem\",\"position\":1,\"name\":\"Prima pagin\u0103\",\"item\":\"https:\/\/mhf.ro\/mm\/\"},{\"@type\":\"ListItem\",\"position\":2,\"name\":\"Premierul Florin C\u00ee\u021bu despre protestatari: Eu nu v\u0103d care e problema\"}]},{\"@type\":\"WebSite\",\"@id\":\"https:\/\/mhf.ro\/mm\/#website\",\"url\":\"https:\/\/mhf.ro\/mm\/\",\"name\":\"MHF Photography \u2013 Blog de fotografie, natur\u0103 \u0219i tehnic\u0103 divers\u0103\",\"description\":\"Aventur\u0103 \u00een fiecare cadru.\",\"publisher\":{\"@id\":\"https:\/\/mhf.ro\/mm\/#\/schema\/person\/a3bebf7bdb4bf12f698aff73c7e46c21\"},\"potentialAction\":[{\"@type\":\"SearchAction\",\"target\":{\"@type\":\"EntryPoint\",\"urlTemplate\":\"https:\/\/mhf.ro\/mm\/?s={search_term_string}\"},\"query-input\":{\"@type\":\"PropertyValueSpecification\",\"valueRequired\":true,\"valueName\":\"search_term_string\"}}],\"inLanguage\":\"ro-RO\"},{\"@type\":[\"Person\",\"Organization\"],\"@id\":\"https:\/\/mhf.ro\/mm\/#\/schema\/person\/a3bebf7bdb4bf12f698aff73c7e46c21\",\"name\":\"Marius Marcu\",\"image\":{\"@type\":\"ImageObject\",\"inLanguage\":\"ro-RO\",\"@id\":\"https:\/\/mhf.ro\/mm\/#\/schema\/person\/image\/\",\"url\":\"https:\/\/mhf.ro\/mm\/wp-content\/uploads\/2025\/12\/cropped-logo_mhf_2.png\",\"contentUrl\":\"https:\/\/mhf.ro\/mm\/wp-content\/uploads\/2025\/12\/cropped-logo_mhf_2.png\",\"width\":1096,\"height\":457,\"caption\":\"Marius Marcu\"},\"logo\":{\"@id\":\"https:\/\/mhf.ro\/mm\/#\/schema\/person\/image\/\"},\"sameAs\":[\"https:\/\/mhf.ro\/mm\"],\"url\":\"https:\/\/mhf.ro\/mm\/author\/mihai\/\"}]}<\/script>\n<!-- \/ Yoast SEO plugin. -->","yoast_head_json":{"title":"Premierul Florin C\u00ee\u021bu despre protestatari: Eu nu v\u0103d care e problema - MHF Photography","robots":{"index":"index","follow":"follow","max-snippet":"max-snippet:-1","max-image-preview":"max-image-preview:large","max-video-preview":"max-video-preview:-1"},"canonical":"https:\/\/mhf.ro\/mm\/premierul-florin-citu-despre-protestatari-eu-nu-vad-care-e-problema\/","og_locale":"ro_RO","og_type":"article","og_title":"Premierul Florin C\u00ee\u021bu despre protestatari: Eu nu v\u0103d care e problema - MHF Photography","og_description":"Premierul Florin C\u00ee\u021bu spune c\u0103 nu \u00een\u021belege de ce sindicatele au decis s\u0103 ias\u0103 \u00een strad\u0103, \u00een condi\u021biile \u00een care","og_url":"https:\/\/mhf.ro\/mm\/premierul-florin-citu-despre-protestatari-eu-nu-vad-care-e-problema\/","og_site_name":"MHF Photography","article_published_time":"2021-02-26T06:09:58+00:00","og_image":[{"width":667,"height":445,"url":"https:\/\/mhf.ro\/mm\/wp-content\/uploads\/2021\/02\/catu_4.jpg","type":"image\/jpeg"}],"author":"Marius Marcu","twitter_card":"summary_large_image","twitter_misc":{"Scris de":"Marius Marcu","Timp estimat pentru citire":"1 minut"},"schema":{"@context":"https:\/\/schema.org","@graph":[{"@type":"Article","@id":"https:\/\/mhf.ro\/mm\/premierul-florin-citu-despre-protestatari-eu-nu-vad-care-e-problema\/#article","isPartOf":{"@id":"https:\/\/mhf.ro\/mm\/premierul-florin-citu-despre-protestatari-eu-nu-vad-care-e-problema\/"},"author":{"name":"Marius Marcu","@id":"https:\/\/mhf.ro\/mm\/#\/schema\/person\/a3bebf7bdb4bf12f698aff73c7e46c21"},"headline":"Premierul Florin C\u00ee\u021bu despre protestatari: Eu nu v\u0103d care e problema","datePublished":"2021-02-26T06:09:58+00:00","mainEntityOfPage":{"@id":"https:\/\/mhf.ro\/mm\/premierul-florin-citu-despre-protestatari-eu-nu-vad-care-e-problema\/"},"wordCount":155,"commentCount":0,"publisher":{"@id":"https:\/\/mhf.ro\/mm\/#\/schema\/person\/a3bebf7bdb4bf12f698aff73c7e46c21"},"image":{"@id":"https:\/\/mhf.ro\/mm\/premierul-florin-citu-despre-protestatari-eu-nu-vad-care-e-problema\/#primaryimage"},"thumbnailUrl":"https:\/\/mhf.ro\/mm\/wp-content\/uploads\/2021\/02\/catu_4.jpg","articleSection":["Locale"],"inLanguage":"ro-RO","potentialAction":[{"@type":"CommentAction","name":"Comment","target":["https:\/\/mhf.ro\/mm\/premierul-florin-citu-despre-protestatari-eu-nu-vad-care-e-problema\/#respond"]}]},{"@type":"WebPage","@id":"https:\/\/mhf.ro\/mm\/premierul-florin-citu-despre-protestatari-eu-nu-vad-care-e-problema\/","url":"https:\/\/mhf.ro\/mm\/premierul-florin-citu-despre-protestatari-eu-nu-vad-care-e-problema\/","name":"Premierul Florin C\u00ee\u021bu despre protestatari: Eu nu v\u0103d care e problema - MHF Photography","isPartOf":{"@id":"https:\/\/mhf.ro\/mm\/#website"},"primaryImageOfPage":{"@id":"https:\/\/mhf.ro\/mm\/premierul-florin-citu-despre-protestatari-eu-nu-vad-care-e-problema\/#primaryimage"},"image":{"@id":"https:\/\/mhf.ro\/mm\/premierul-florin-citu-despre-protestatari-eu-nu-vad-care-e-problema\/#primaryimage"},"thumbnailUrl":"https:\/\/mhf.ro\/mm\/wp-content\/uploads\/2021\/02\/catu_4.jpg","datePublished":"2021-02-26T06:09:58+00:00","breadcrumb":{"@id":"https:\/\/mhf.ro\/mm\/premierul-florin-citu-despre-protestatari-eu-nu-vad-care-e-problema\/#breadcrumb"},"inLanguage":"ro-RO","potentialAction":[{"@type":"ReadAction","target":["https:\/\/mhf.ro\/mm\/premierul-florin-citu-despre-protestatari-eu-nu-vad-care-e-problema\/"]}]},{"@type":"ImageObject","inLanguage":"ro-RO","@id":"https:\/\/mhf.ro\/mm\/premierul-florin-citu-despre-protestatari-eu-nu-vad-care-e-problema\/#primaryimage","url":"https:\/\/mhf.ro\/mm\/wp-content\/uploads\/2021\/02\/catu_4.jpg","contentUrl":"https:\/\/mhf.ro\/mm\/wp-content\/uploads\/2021\/02\/catu_4.jpg","width":667,"height":445},{"@type":"BreadcrumbList","@id":"https:\/\/mhf.ro\/mm\/premierul-florin-citu-despre-protestatari-eu-nu-vad-care-e-problema\/#breadcrumb","itemListElement":[{"@type":"ListItem","position":1,"name":"Prima pagin\u0103","item":"https:\/\/mhf.ro\/mm\/"},{"@type":"ListItem","position":2,"name":"Premierul Florin C\u00ee\u021bu despre protestatari: Eu nu v\u0103d care e problema"}]},{"@type":"WebSite","@id":"https:\/\/mhf.ro\/mm\/#website","url":"https:\/\/mhf.ro\/mm\/","name":"MHF Photography \u2013 Blog de fotografie, natur\u0103 \u0219i tehnic\u0103 divers\u0103","description":"Aventur\u0103 \u00een fiecare cadru.","publisher":{"@id":"https:\/\/mhf.ro\/mm\/#\/schema\/person\/a3bebf7bdb4bf12f698aff73c7e46c21"},"potentialAction":[{"@type":"SearchAction","target":{"@type":"EntryPoint","urlTemplate":"https:\/\/mhf.ro\/mm\/?s={search_term_string}"},"query-input":{"@type":"PropertyValueSpecification","valueRequired":true,"valueName":"search_term_string"}}],"inLanguage":"ro-RO"},{"@type":["Person","Organization"],"@id":"https:\/\/mhf.ro\/mm\/#\/schema\/person\/a3bebf7bdb4bf12f698aff73c7e46c21","name":"Marius Marcu","image":{"@type":"ImageObject","inLanguage":"ro-RO","@id":"https:\/\/mhf.ro\/mm\/#\/schema\/person\/image\/","url":"https:\/\/mhf.ro\/mm\/wp-content\/uploads\/2025\/12\/cropped-logo_mhf_2.png","contentUrl":"https:\/\/mhf.ro\/mm\/wp-content\/uploads\/2025\/12\/cropped-logo_mhf_2.png","width":1096,"height":457,"caption":"Marius Marcu"},"logo":{"@id":"https:\/\/mhf.ro\/mm\/#\/schema\/person\/image\/"},"sameAs":["https:\/\/mhf.ro\/mm"],"url":"https:\/\/mhf.ro\/mm\/author\/mihai\/"}]}},"_links":{"self":[{"href":"https:\/\/mhf.ro\/mm\/wp-json\/wp\/v2\/posts\/4286","targetHints":{"allow":["GET"]}}],"collection":[{"href":"https:\/\/mhf.ro\/mm\/wp-json\/wp\/v2\/posts"}],"about":[{"href":"https:\/\/mhf.ro\/mm\/wp-json\/wp\/v2\/types\/post"}],"author":[{"embeddable":true,"href":"https:\/\/mhf.ro\/mm\/wp-json\/wp\/v2\/users\/1"}],"replies":[{"embeddable":true,"href":"https:\/\/mhf.ro\/mm\/wp-json\/wp\/v2\/comments?post=4286"}],"version-history":[{"count":1,"href":"https:\/\/mhf.ro\/mm\/wp-json\/wp\/v2\/posts\/4286\/revisions"}],"predecessor-version":[{"id":4288,"href":"https:\/\/mhf.ro\/mm\/wp-json\/wp\/v2\/posts\/4286\/revisions\/4288"}],"wp:featuredmedia":[{"embeddable":true,"href":"https:\/\/mhf.ro\/mm\/wp-json\/wp\/v2\/media\/4287"}],"wp:attachment":[{"href":"https:\/\/mhf.ro\/mm\/wp-json\/wp\/v2\/media?parent=4286"}],"wp:term":[{"taxonomy":"category","embeddable":true,"href":"https:\/\/mhf.ro\/mm\/wp-json\/wp\/v2\/categories?post=4286"},{"taxonomy":"post_tag","embeddable":true,"href":"https:\/\/mhf.ro\/mm\/wp-json\/wp\/v2\/tags?post=4286"}],"curies":[{"name":"wp","href":"https:\/\/api.w.org\/{rel}","templated":true}]}}