{"id":4289,"date":"2021-02-26T08:26:38","date_gmt":"2021-02-26T06:26:38","guid":{"rendered":"https:\/\/mhf.ro\/mm\/?p=4289"},"modified":"2021-02-25T20:14:15","modified_gmt":"2021-02-25T18:14:15","slug":"politia-romana-incepe-operatiunea-norma-zilnica-de-amenzi","status":"publish","type":"post","link":"https:\/\/mhf.ro\/mm\/politia-romana-incepe-operatiunea-norma-zilnica-de-amenzi\/","title":{"rendered":"Poli\u021bia Rom\u00e2n\u0103: \u00eencepe \u2018Opera\u021biunea norm\u0103 zilnic\u0103 de amenzi\u2019"},"content":{"rendered":"<p>\u201dATEN\u021aIE! Norm\u0103 de amenzi impus\u0103 poli\u021bi\u0219tilor.<\/p>\n<p>Am intrat \u00een posesia unui document emis de la nivelul Poli\u021biei Rom\u00e2ne care d\u0103 startul \u201ev\u00e2n\u0103torii de amenzi\u201d. Poli\u021bi\u0219tilor li se impune s\u0103 raporteze zilnic, p\u00e2n\u0103 la ora 23:00, num\u0103rul de contraven\u021bii aplicate, defalcat, amenzi\/avertismente.<\/p>\n<p>Este pentru prima dat\u0103 c\u00e2nd exist\u0103 un asemenea interes v\u0103dit din partea MAI pentru amenzile aplicate de poli\u021bi\u0219ti. \u0218i este tot pentru prima dat\u0103 c\u00e2nd se induce \u00een subcon\u0219tientul poli\u021bi\u0219tilor c\u0103 num\u0103rul de amenzi aplicate este un \u201eindicator\u201d de performan\u021b\u0103.<\/p>\n<p>Condamn\u0103m ferm aceste ac\u021biuni de intimidare la adresa poli\u021bi\u0219tilor care au scopul de a-i obliga s\u0103 aplice amenzi popula\u021biei. Ne punem speran\u021ba c\u0103 poli\u021bi\u0219tii nu vor accepta aceast\u0103 \u201enorm\u0103\u201d iar \u00een situa\u021bia unor presiuni din parte \u0219efilor, vom interveni prompt!\u201d, scriu cei de la Europol.<\/p>\n<p><img fetchpriority=\"high\" decoding=\"async\" class=\"alignnone size-medium wp-image-11972 jetpack-lazy-image jetpack-lazy-image--handled\" src=\"https:\/\/jurnalist.ro\/wp-content\/uploads\/2021\/02\/154532513_3654118124685365_3228591197481622117_o-211x300.jpg\" sizes=\"(max-width: 211px) 100vw, 211px\" srcset=\"https:\/\/jurnalist.ro\/wp-content\/uploads\/2021\/02\/154532513_3654118124685365_3228591197481622117_o-211x300.jpg 211w, https:\/\/jurnalist.ro\/wp-content\/uploads\/2021\/02\/154532513_3654118124685365_3228591197481622117_o-719x1024.jpg 719w, https:\/\/jurnalist.ro\/wp-content\/uploads\/2021\/02\/154532513_3654118124685365_3228591197481622117_o-768x1094.jpg 768w, https:\/\/jurnalist.ro\/wp-content\/uploads\/2021\/02\/154532513_3654118124685365_3228591197481622117_o-1078x1536.jpg 1078w, https:\/\/jurnalist.ro\/wp-content\/uploads\/2021\/02\/154532513_3654118124685365_3228591197481622117_o.jpg 1123w\" alt=\"\" width=\"211\" height=\"300\" data-lazy-loaded=\"1\" \/><\/p>\n<p>Sindicatul Europol a publicat\u00a0 circulara trimis\u0103 c\u0103tre poli\u021bi\u0219ti. Cei de la Europol consider\u0103 c\u0103 aceasta va fi o presiune foarte mare asupra poli\u021bi\u0219tilor, pentru c\u0103 ace\u0219tia vor da amenzi cu nemiluita. (conf. Jurnalist.ro)<\/p>\n","protected":false},"excerpt":{"rendered":"<p>\u201dATEN\u021aIE! Norm\u0103 de amenzi impus\u0103 poli\u021bi\u0219tilor. Am intrat \u00een posesia unui document emis de la nivelul Poli\u021biei Rom\u00e2ne care d\u0103<\/p>\n","protected":false},"author":1,"featured_media":4290,"comment_status":"open","ping_status":"open","sticky":false,"template":"","format":"standard","meta":{"colormag_page_container_layout":"default_layout","colormag_page_sidebar_layout":"default_layout","footnotes":""},"categories":[8],"tags":[],"class_list":["post-4289","post","type-post","status-publish","format-standard","has-post-thumbnail","hentry","category-div"],"yoast_head":"<!-- This site is optimized with the Yoast SEO plugin v27.0 - https:\/\/yoast.com\/product\/yoast-seo-wordpress\/ -->\n<title>Poli\u021bia Rom\u00e2n\u0103: \u00eencepe \u2018Opera\u021biunea norm\u0103 zilnic\u0103 de amenzi\u2019 - MHF Photography<\/title>\n<meta name=\"robots\" content=\"index, follow, max-snippet:-1, max-image-preview:large, max-video-preview:-1\" \/>\n<link rel=\"canonical\" href=\"https:\/\/mhf.ro\/mm\/politia-romana-incepe-operatiunea-norma-zilnica-de-amenzi\/\" \/>\n<meta property=\"og:locale\" content=\"ro_RO\" \/>\n<meta property=\"og:type\" content=\"article\" \/>\n<meta property=\"og:title\" content=\"Poli\u021bia Rom\u00e2n\u0103: \u00eencepe \u2018Opera\u021biunea norm\u0103 zilnic\u0103 de amenzi\u2019 - MHF Photography\" \/>\n<meta property=\"og:description\" content=\"\u201dATEN\u021aIE! Norm\u0103 de amenzi impus\u0103 poli\u021bi\u0219tilor. Am intrat \u00een posesia unui document emis de la nivelul Poli\u021biei Rom\u00e2ne care d\u0103\" \/>\n<meta property=\"og:url\" content=\"https:\/\/mhf.ro\/mm\/politia-romana-incepe-operatiunea-norma-zilnica-de-amenzi\/\" \/>\n<meta property=\"og:site_name\" content=\"MHF Photography\" \/>\n<meta property=\"article:published_time\" content=\"2021-02-26T06:26:38+00:00\" \/>\n<meta property=\"og:image\" content=\"https:\/\/mhf.ro\/mm\/wp-content\/uploads\/2021\/02\/politisti-curtea-de-arges.jpg\" \/>\n\t<meta property=\"og:image:width\" content=\"780\" \/>\n\t<meta property=\"og:image:height\" content=\"440\" \/>\n\t<meta property=\"og:image:type\" content=\"image\/jpeg\" \/>\n<meta name=\"author\" content=\"Marius Marcu\" \/>\n<meta name=\"twitter:card\" content=\"summary_large_image\" \/>\n<meta name=\"twitter:label1\" content=\"Scris de\" \/>\n\t<meta name=\"twitter:data1\" content=\"Marius Marcu\" \/>\n\t<meta name=\"twitter:label2\" content=\"Timp estimat pentru citire\" \/>\n\t<meta name=\"twitter:data2\" content=\"1 minut\" \/>\n<script type=\"application\/ld+json\" class=\"yoast-schema-graph\">{\"@context\":\"https:\/\/schema.org\",\"@graph\":[{\"@type\":\"Article\",\"@id\":\"https:\/\/mhf.ro\/mm\/politia-romana-incepe-operatiunea-norma-zilnica-de-amenzi\/#article\",\"isPartOf\":{\"@id\":\"https:\/\/mhf.ro\/mm\/politia-romana-incepe-operatiunea-norma-zilnica-de-amenzi\/\"},\"author\":{\"name\":\"Marius Marcu\",\"@id\":\"https:\/\/mhf.ro\/mm\/#\/schema\/person\/a3bebf7bdb4bf12f698aff73c7e46c21\"},\"headline\":\"Poli\u021bia Rom\u00e2n\u0103: \u00eencepe \u2018Opera\u021biunea norm\u0103 zilnic\u0103 de amenzi\u2019\",\"datePublished\":\"2021-02-26T06:26:38+00:00\",\"mainEntityOfPage\":{\"@id\":\"https:\/\/mhf.ro\/mm\/politia-romana-incepe-operatiunea-norma-zilnica-de-amenzi\/\"},\"wordCount\":207,\"commentCount\":0,\"publisher\":{\"@id\":\"https:\/\/mhf.ro\/mm\/#\/schema\/person\/a3bebf7bdb4bf12f698aff73c7e46c21\"},\"image\":{\"@id\":\"https:\/\/mhf.ro\/mm\/politia-romana-incepe-operatiunea-norma-zilnica-de-amenzi\/#primaryimage\"},\"thumbnailUrl\":\"https:\/\/mhf.ro\/mm\/wp-content\/uploads\/2021\/02\/politisti-curtea-de-arges.jpg\",\"articleSection\":[\"Diverse\"],\"inLanguage\":\"ro-RO\",\"potentialAction\":[{\"@type\":\"CommentAction\",\"name\":\"Comment\",\"target\":[\"https:\/\/mhf.ro\/mm\/politia-romana-incepe-operatiunea-norma-zilnica-de-amenzi\/#respond\"]}]},{\"@type\":\"WebPage\",\"@id\":\"https:\/\/mhf.ro\/mm\/politia-romana-incepe-operatiunea-norma-zilnica-de-amenzi\/\",\"url\":\"https:\/\/mhf.ro\/mm\/politia-romana-incepe-operatiunea-norma-zilnica-de-amenzi\/\",\"name\":\"Poli\u021bia Rom\u00e2n\u0103: \u00eencepe \u2018Opera\u021biunea norm\u0103 zilnic\u0103 de amenzi\u2019 - MHF Photography\",\"isPartOf\":{\"@id\":\"https:\/\/mhf.ro\/mm\/#website\"},\"primaryImageOfPage\":{\"@id\":\"https:\/\/mhf.ro\/mm\/politia-romana-incepe-operatiunea-norma-zilnica-de-amenzi\/#primaryimage\"},\"image\":{\"@id\":\"https:\/\/mhf.ro\/mm\/politia-romana-incepe-operatiunea-norma-zilnica-de-amenzi\/#primaryimage\"},\"thumbnailUrl\":\"https:\/\/mhf.ro\/mm\/wp-content\/uploads\/2021\/02\/politisti-curtea-de-arges.jpg\",\"datePublished\":\"2021-02-26T06:26:38+00:00\",\"breadcrumb\":{\"@id\":\"https:\/\/mhf.ro\/mm\/politia-romana-incepe-operatiunea-norma-zilnica-de-amenzi\/#breadcrumb\"},\"inLanguage\":\"ro-RO\",\"potentialAction\":[{\"@type\":\"ReadAction\",\"target\":[\"https:\/\/mhf.ro\/mm\/politia-romana-incepe-operatiunea-norma-zilnica-de-amenzi\/\"]}]},{\"@type\":\"ImageObject\",\"inLanguage\":\"ro-RO\",\"@id\":\"https:\/\/mhf.ro\/mm\/politia-romana-incepe-operatiunea-norma-zilnica-de-amenzi\/#primaryimage\",\"url\":\"https:\/\/mhf.ro\/mm\/wp-content\/uploads\/2021\/02\/politisti-curtea-de-arges.jpg\",\"contentUrl\":\"https:\/\/mhf.ro\/mm\/wp-content\/uploads\/2021\/02\/politisti-curtea-de-arges.jpg\",\"width\":780,\"height\":440},{\"@type\":\"BreadcrumbList\",\"@id\":\"https:\/\/mhf.ro\/mm\/politia-romana-incepe-operatiunea-norma-zilnica-de-amenzi\/#breadcrumb\",\"itemListElement\":[{\"@type\":\"ListItem\",\"position\":1,\"name\":\"Prima pagin\u0103\",\"item\":\"https:\/\/mhf.ro\/mm\/\"},{\"@type\":\"ListItem\",\"position\":2,\"name\":\"Poli\u021bia Rom\u00e2n\u0103: \u00eencepe \u2018Opera\u021biunea norm\u0103 zilnic\u0103 de amenzi\u2019\"}]},{\"@type\":\"WebSite\",\"@id\":\"https:\/\/mhf.ro\/mm\/#website\",\"url\":\"https:\/\/mhf.ro\/mm\/\",\"name\":\"MHF Photography \u2013 Blog de fotografie, natur\u0103 \u0219i tehnic\u0103 divers\u0103\",\"description\":\"Aventur\u0103 \u00een fiecare cadru.\",\"publisher\":{\"@id\":\"https:\/\/mhf.ro\/mm\/#\/schema\/person\/a3bebf7bdb4bf12f698aff73c7e46c21\"},\"potentialAction\":[{\"@type\":\"SearchAction\",\"target\":{\"@type\":\"EntryPoint\",\"urlTemplate\":\"https:\/\/mhf.ro\/mm\/?s={search_term_string}\"},\"query-input\":{\"@type\":\"PropertyValueSpecification\",\"valueRequired\":true,\"valueName\":\"search_term_string\"}}],\"inLanguage\":\"ro-RO\"},{\"@type\":[\"Person\",\"Organization\"],\"@id\":\"https:\/\/mhf.ro\/mm\/#\/schema\/person\/a3bebf7bdb4bf12f698aff73c7e46c21\",\"name\":\"Marius Marcu\",\"image\":{\"@type\":\"ImageObject\",\"inLanguage\":\"ro-RO\",\"@id\":\"https:\/\/mhf.ro\/mm\/#\/schema\/person\/image\/\",\"url\":\"https:\/\/mhf.ro\/mm\/wp-content\/uploads\/2025\/12\/cropped-logo_mhf_2.png\",\"contentUrl\":\"https:\/\/mhf.ro\/mm\/wp-content\/uploads\/2025\/12\/cropped-logo_mhf_2.png\",\"width\":1096,\"height\":457,\"caption\":\"Marius Marcu\"},\"logo\":{\"@id\":\"https:\/\/mhf.ro\/mm\/#\/schema\/person\/image\/\"},\"sameAs\":[\"https:\/\/mhf.ro\/mm\"],\"url\":\"https:\/\/mhf.ro\/mm\/author\/mihai\/\"}]}<\/script>\n<!-- \/ Yoast SEO plugin. -->","yoast_head_json":{"title":"Poli\u021bia Rom\u00e2n\u0103: \u00eencepe \u2018Opera\u021biunea norm\u0103 zilnic\u0103 de amenzi\u2019 - MHF Photography","robots":{"index":"index","follow":"follow","max-snippet":"max-snippet:-1","max-image-preview":"max-image-preview:large","max-video-preview":"max-video-preview:-1"},"canonical":"https:\/\/mhf.ro\/mm\/politia-romana-incepe-operatiunea-norma-zilnica-de-amenzi\/","og_locale":"ro_RO","og_type":"article","og_title":"Poli\u021bia Rom\u00e2n\u0103: \u00eencepe \u2018Opera\u021biunea norm\u0103 zilnic\u0103 de amenzi\u2019 - MHF Photography","og_description":"\u201dATEN\u021aIE! Norm\u0103 de amenzi impus\u0103 poli\u021bi\u0219tilor. Am intrat \u00een posesia unui document emis de la nivelul Poli\u021biei Rom\u00e2ne care d\u0103","og_url":"https:\/\/mhf.ro\/mm\/politia-romana-incepe-operatiunea-norma-zilnica-de-amenzi\/","og_site_name":"MHF Photography","article_published_time":"2021-02-26T06:26:38+00:00","og_image":[{"width":780,"height":440,"url":"https:\/\/mhf.ro\/mm\/wp-content\/uploads\/2021\/02\/politisti-curtea-de-arges.jpg","type":"image\/jpeg"}],"author":"Marius Marcu","twitter_card":"summary_large_image","twitter_misc":{"Scris de":"Marius Marcu","Timp estimat pentru citire":"1 minut"},"schema":{"@context":"https:\/\/schema.org","@graph":[{"@type":"Article","@id":"https:\/\/mhf.ro\/mm\/politia-romana-incepe-operatiunea-norma-zilnica-de-amenzi\/#article","isPartOf":{"@id":"https:\/\/mhf.ro\/mm\/politia-romana-incepe-operatiunea-norma-zilnica-de-amenzi\/"},"author":{"name":"Marius Marcu","@id":"https:\/\/mhf.ro\/mm\/#\/schema\/person\/a3bebf7bdb4bf12f698aff73c7e46c21"},"headline":"Poli\u021bia Rom\u00e2n\u0103: \u00eencepe \u2018Opera\u021biunea norm\u0103 zilnic\u0103 de amenzi\u2019","datePublished":"2021-02-26T06:26:38+00:00","mainEntityOfPage":{"@id":"https:\/\/mhf.ro\/mm\/politia-romana-incepe-operatiunea-norma-zilnica-de-amenzi\/"},"wordCount":207,"commentCount":0,"publisher":{"@id":"https:\/\/mhf.ro\/mm\/#\/schema\/person\/a3bebf7bdb4bf12f698aff73c7e46c21"},"image":{"@id":"https:\/\/mhf.ro\/mm\/politia-romana-incepe-operatiunea-norma-zilnica-de-amenzi\/#primaryimage"},"thumbnailUrl":"https:\/\/mhf.ro\/mm\/wp-content\/uploads\/2021\/02\/politisti-curtea-de-arges.jpg","articleSection":["Diverse"],"inLanguage":"ro-RO","potentialAction":[{"@type":"CommentAction","name":"Comment","target":["https:\/\/mhf.ro\/mm\/politia-romana-incepe-operatiunea-norma-zilnica-de-amenzi\/#respond"]}]},{"@type":"WebPage","@id":"https:\/\/mhf.ro\/mm\/politia-romana-incepe-operatiunea-norma-zilnica-de-amenzi\/","url":"https:\/\/mhf.ro\/mm\/politia-romana-incepe-operatiunea-norma-zilnica-de-amenzi\/","name":"Poli\u021bia Rom\u00e2n\u0103: \u00eencepe \u2018Opera\u021biunea norm\u0103 zilnic\u0103 de amenzi\u2019 - MHF Photography","isPartOf":{"@id":"https:\/\/mhf.ro\/mm\/#website"},"primaryImageOfPage":{"@id":"https:\/\/mhf.ro\/mm\/politia-romana-incepe-operatiunea-norma-zilnica-de-amenzi\/#primaryimage"},"image":{"@id":"https:\/\/mhf.ro\/mm\/politia-romana-incepe-operatiunea-norma-zilnica-de-amenzi\/#primaryimage"},"thumbnailUrl":"https:\/\/mhf.ro\/mm\/wp-content\/uploads\/2021\/02\/politisti-curtea-de-arges.jpg","datePublished":"2021-02-26T06:26:38+00:00","breadcrumb":{"@id":"https:\/\/mhf.ro\/mm\/politia-romana-incepe-operatiunea-norma-zilnica-de-amenzi\/#breadcrumb"},"inLanguage":"ro-RO","potentialAction":[{"@type":"ReadAction","target":["https:\/\/mhf.ro\/mm\/politia-romana-incepe-operatiunea-norma-zilnica-de-amenzi\/"]}]},{"@type":"ImageObject","inLanguage":"ro-RO","@id":"https:\/\/mhf.ro\/mm\/politia-romana-incepe-operatiunea-norma-zilnica-de-amenzi\/#primaryimage","url":"https:\/\/mhf.ro\/mm\/wp-content\/uploads\/2021\/02\/politisti-curtea-de-arges.jpg","contentUrl":"https:\/\/mhf.ro\/mm\/wp-content\/uploads\/2021\/02\/politisti-curtea-de-arges.jpg","width":780,"height":440},{"@type":"BreadcrumbList","@id":"https:\/\/mhf.ro\/mm\/politia-romana-incepe-operatiunea-norma-zilnica-de-amenzi\/#breadcrumb","itemListElement":[{"@type":"ListItem","position":1,"name":"Prima pagin\u0103","item":"https:\/\/mhf.ro\/mm\/"},{"@type":"ListItem","position":2,"name":"Poli\u021bia Rom\u00e2n\u0103: \u00eencepe \u2018Opera\u021biunea norm\u0103 zilnic\u0103 de amenzi\u2019"}]},{"@type":"WebSite","@id":"https:\/\/mhf.ro\/mm\/#website","url":"https:\/\/mhf.ro\/mm\/","name":"MHF Photography \u2013 Blog de fotografie, natur\u0103 \u0219i tehnic\u0103 divers\u0103","description":"Aventur\u0103 \u00een fiecare cadru.","publisher":{"@id":"https:\/\/mhf.ro\/mm\/#\/schema\/person\/a3bebf7bdb4bf12f698aff73c7e46c21"},"potentialAction":[{"@type":"SearchAction","target":{"@type":"EntryPoint","urlTemplate":"https:\/\/mhf.ro\/mm\/?s={search_term_string}"},"query-input":{"@type":"PropertyValueSpecification","valueRequired":true,"valueName":"search_term_string"}}],"inLanguage":"ro-RO"},{"@type":["Person","Organization"],"@id":"https:\/\/mhf.ro\/mm\/#\/schema\/person\/a3bebf7bdb4bf12f698aff73c7e46c21","name":"Marius Marcu","image":{"@type":"ImageObject","inLanguage":"ro-RO","@id":"https:\/\/mhf.ro\/mm\/#\/schema\/person\/image\/","url":"https:\/\/mhf.ro\/mm\/wp-content\/uploads\/2025\/12\/cropped-logo_mhf_2.png","contentUrl":"https:\/\/mhf.ro\/mm\/wp-content\/uploads\/2025\/12\/cropped-logo_mhf_2.png","width":1096,"height":457,"caption":"Marius Marcu"},"logo":{"@id":"https:\/\/mhf.ro\/mm\/#\/schema\/person\/image\/"},"sameAs":["https:\/\/mhf.ro\/mm"],"url":"https:\/\/mhf.ro\/mm\/author\/mihai\/"}]}},"_links":{"self":[{"href":"https:\/\/mhf.ro\/mm\/wp-json\/wp\/v2\/posts\/4289","targetHints":{"allow":["GET"]}}],"collection":[{"href":"https:\/\/mhf.ro\/mm\/wp-json\/wp\/v2\/posts"}],"about":[{"href":"https:\/\/mhf.ro\/mm\/wp-json\/wp\/v2\/types\/post"}],"author":[{"embeddable":true,"href":"https:\/\/mhf.ro\/mm\/wp-json\/wp\/v2\/users\/1"}],"replies":[{"embeddable":true,"href":"https:\/\/mhf.ro\/mm\/wp-json\/wp\/v2\/comments?post=4289"}],"version-history":[{"count":1,"href":"https:\/\/mhf.ro\/mm\/wp-json\/wp\/v2\/posts\/4289\/revisions"}],"predecessor-version":[{"id":4291,"href":"https:\/\/mhf.ro\/mm\/wp-json\/wp\/v2\/posts\/4289\/revisions\/4291"}],"wp:featuredmedia":[{"embeddable":true,"href":"https:\/\/mhf.ro\/mm\/wp-json\/wp\/v2\/media\/4290"}],"wp:attachment":[{"href":"https:\/\/mhf.ro\/mm\/wp-json\/wp\/v2\/media?parent=4289"}],"wp:term":[{"taxonomy":"category","embeddable":true,"href":"https:\/\/mhf.ro\/mm\/wp-json\/wp\/v2\/categories?post=4289"},{"taxonomy":"post_tag","embeddable":true,"href":"https:\/\/mhf.ro\/mm\/wp-json\/wp\/v2\/tags?post=4289"}],"curies":[{"name":"wp","href":"https:\/\/api.w.org\/{rel}","templated":true}]}}