{"id":4292,"date":"2021-03-01T10:02:29","date_gmt":"2021-03-01T08:02:29","guid":{"rendered":"https:\/\/mhf.ro\/mm\/?p=4292"},"modified":"2021-03-03T22:42:47","modified_gmt":"2021-03-03T20:42:47","slug":"conducerea-spitalului-judetean-suceava-pusa-sub-acuzare","status":"publish","type":"post","link":"https:\/\/mhf.ro\/mm\/conducerea-spitalului-judetean-suceava-pusa-sub-acuzare\/","title":{"rendered":"Conducerea Spitalului Jude\u021bean Suceava pus\u0103 sub acuzare"},"content":{"rendered":"\t\t<div data-elementor-type=\"wp-post\" data-elementor-id=\"4292\" class=\"elementor elementor-4292\">\n\t\t\t\t\t\t<section class=\"elementor-section elementor-top-section elementor-element elementor-element-99912f9 elementor-section-boxed elementor-section-height-default elementor-section-height-default\" data-id=\"99912f9\" data-element_type=\"section\" data-e-type=\"section\">\n\t\t\t\t\t\t<div class=\"elementor-container elementor-column-gap-default\">\n\t\t\t\t\t<div class=\"elementor-column elementor-col-50 elementor-top-column elementor-element elementor-element-c05ad52\" data-id=\"c05ad52\" data-element_type=\"column\" data-e-type=\"column\">\n\t\t\t<div class=\"elementor-widget-wrap elementor-element-populated\">\n\t\t\t\t\t\t<div class=\"elementor-element elementor-element-e5eef2d elementor-widget elementor-widget-text-editor\" data-id=\"e5eef2d\" data-element_type=\"widget\" data-e-type=\"widget\" data-widget_type=\"text-editor.default\">\n\t\t\t\t<div class=\"elementor-widget-container\">\n\t\t\t\t\t\t\t\t\t<p>Parchetul de pe l\u00e2ng\u0103 Tribunalul Suceava a transmis, printr-un comunicat de pres\u0103, c\u0103 procurorii au dispus schimbarea \u00eencadr\u0103rii juridice cu privire la una dintre infrac\u0163iunile re\u0163inute \u00een sarcina celor patru persoane care sunt cercetate pentru comiterea infrac\u0163iunilor de abuz \u00een serviciu, neluarea m\u0103surilor de s\u0103n\u0103tate \u015fi securitate \u00een munc\u0103 \u015fi z\u0103d\u0103rnicirea combaterii bolilor,<\/p>\t\t\t\t\t\t\t\t<\/div>\n\t\t\t\t<\/div>\n\t\t\t\t\t<\/div>\n\t\t<\/div>\n\t\t\t\t<div class=\"elementor-column elementor-col-50 elementor-top-column elementor-element elementor-element-5b4bdd5\" data-id=\"5b4bdd5\" data-element_type=\"column\" data-e-type=\"column\">\n\t\t\t<div class=\"elementor-widget-wrap elementor-element-populated\">\n\t\t\t\t\t\t<div class=\"elementor-element elementor-element-6b6baee elementor-widget elementor-widget-image\" data-id=\"6b6baee\" data-element_type=\"widget\" data-e-type=\"widget\" data-widget_type=\"image.default\">\n\t\t\t\t<div class=\"elementor-widget-container\">\n\t\t\t\t\t\t\t\t\t\t\t\t\t\t\t<img fetchpriority=\"high\" decoding=\"async\" width=\"800\" height=\"427\" src=\"https:\/\/mhf.ro\/mm\/wp-content\/uploads\/2021\/03\/spital-suceava-800x427-1.jpg\" class=\"attachment-large size-large wp-image-4293\" alt=\"\" srcset=\"https:\/\/mhf.ro\/mm\/wp-content\/uploads\/2021\/03\/spital-suceava-800x427-1.jpg 800w, https:\/\/mhf.ro\/mm\/wp-content\/uploads\/2021\/03\/spital-suceava-800x427-1-300x160.jpg 300w, https:\/\/mhf.ro\/mm\/wp-content\/uploads\/2021\/03\/spital-suceava-800x427-1-768x410.jpg 768w\" sizes=\"(max-width: 800px) 100vw, 800px\" \/>\t\t\t\t\t\t\t\t\t\t\t\t\t\t\t<\/div>\n\t\t\t\t<\/div>\n\t\t\t\t\t<\/div>\n\t\t<\/div>\n\t\t\t\t\t<\/div>\n\t\t<\/section>\n\t\t\t\t<section class=\"elementor-section elementor-top-section elementor-element elementor-element-1a84658 elementor-section-boxed elementor-section-height-default elementor-section-height-default\" data-id=\"1a84658\" data-element_type=\"section\" data-e-type=\"section\">\n\t\t\t\t\t\t<div class=\"elementor-container elementor-column-gap-default\">\n\t\t\t\t\t<div class=\"elementor-column elementor-col-100 elementor-top-column elementor-element elementor-element-4ca012a\" data-id=\"4ca012a\" data-element_type=\"column\" data-e-type=\"column\">\n\t\t\t<div class=\"elementor-widget-wrap elementor-element-populated\">\n\t\t\t\t\t\t<div class=\"elementor-element elementor-element-f72f322 elementor-widget elementor-widget-text-editor\" data-id=\"f72f322\" data-element_type=\"widget\" data-e-type=\"widget\" data-widget_type=\"text-editor.default\">\n\t\t\t\t<div class=\"elementor-widget-container\">\n\t\t\t\t\t\t\t\t\t<p>\u201c\u00cen urma schimb\u0103rii de \u00eencadrare juridic\u0103, \u00een sarcina fiec\u0103ruia din cei patru suspec\u021bi s-a re\u021binut s\u0103v\u00e2r\u0219irea a c\u00e2te unei infrac\u021biuni de z\u0103d\u0103rnicire a combaterii bolilor, prev. de art. 352 alin. 2 \u0219i alin. 5 Cod penal, const\u00e2nd \u00een aceea c\u0103 \u00een intervalul de timp cuprins \u00eentre ianuarie 2020 \u015fi 23.03 \u2013 02.04.2020, membrii comitetului director al Spitalului Jude\u021bean Suceava care aveau atribu\u021bii \u00een domeniul asigur\u0103rii asisten\u021bei medicale, respectiv managerul, directorul medical, directorul de \u00eengrijiri medicale \u015fi coordonatorul Compartimentului de prevenire a infec\u021biilor asociate asisten\u021bei medicale, nu au respectat m\u0103surile dispuse la nivel central pentru prevenirea \u0219i limitarea r\u0103sp\u00e2ndirii infec\u021biei provocate de SARS-CoV-2 (raportat la atribu\u021biile fiec\u0103ruia)\u201d, se arat\u0103 \u00een comunicatul Parchetului de pe l\u00e2ng\u0103 Tribunalul Suceava.<\/p><p>Sursa citat\u0103 men\u021bioneaz\u0103 prin nerespectarea m\u0103surilor infec\u021bia COVID-19 s-a r\u0103sp\u00e2ndit \u00een interiorul spitalului, iar ulterior \u0219i \u00een exteriorul unit\u0103\u021bii medicale.<\/p><p>\u201cNerespectarea tuturor acestor m\u0103suri a dus la r\u0103sp\u00e2ndirea infec\u021biei COVID-19 \u00een interiorul Spitalului Jude\u021bean Suceava, care a devenit focar de infec\u021bie COVID-19 \u015fi principal vector de r\u0103sp\u00e2ndire a acestei infec\u021bii \u00een afara spitalului, \u00een municipiul Suceava \u0219i \u00een jude\u021b, iar consecin\u021ba direct\u0103 a r\u0103sp\u00e2ndirii infec\u021biei COVID-19, ca urmare a nerespect\u0103rii m\u0103surilor, a fost v\u0103t\u0103marea corporal\u0103 a trei pacien\u021bi determina\u021bi, precum \u015fi decesul altor 28 de pacien\u021bi\u201d, a se mai precizeaz\u0103 \u00een comunicat.<\/p><p>\u00cen prezent cauza este instrumentat\u0103 de procurori din cadrul Parchetului de pe l\u00e2ng\u0103 Tribunalul Suceava \u00eempreun\u0103 cu poli\u021bi\u0219ti din cadrul structurilor Ministerului Afacerilor Interne. Cercet\u0103rile continu\u0103 \u00een vederea l\u0103muririi tuturor \u00eemprejur\u0103rilor de fapt \u0219i a stabilirii r\u0103spunderii penale.<\/p>\t\t\t\t\t\t\t\t<\/div>\n\t\t\t\t<\/div>\n\t\t\t\t\t<\/div>\n\t\t<\/div>\n\t\t\t\t\t<\/div>\n\t\t<\/section>\n\t\t\t\t<\/div>\n\t\t","protected":false},"excerpt":{"rendered":"<p>Parchetul de pe l\u00e2ng\u0103 Tribunalul Suceava a transmis, printr-un comunicat de pres\u0103, c\u0103 procurorii au dispus schimbarea \u00eencadr\u0103rii juridice cu<\/p>\n","protected":false},"author":1,"featured_media":4293,"comment_status":"open","ping_status":"open","sticky":false,"template":"","format":"standard","meta":{"colormag_page_container_layout":"default_layout","colormag_page_sidebar_layout":"default_layout","footnotes":""},"categories":[8],"tags":[],"class_list":["post-4292","post","type-post","status-publish","format-standard","has-post-thumbnail","hentry","category-div"],"yoast_head":"<!-- This site is optimized with the Yoast SEO plugin v27.0 - https:\/\/yoast.com\/product\/yoast-seo-wordpress\/ -->\n<title>Conducerea Spitalului Jude\u021bean Suceava pus\u0103 sub acuzare - MHF Photography<\/title>\n<meta name=\"robots\" content=\"index, follow, max-snippet:-1, max-image-preview:large, max-video-preview:-1\" \/>\n<link rel=\"canonical\" href=\"https:\/\/mhf.ro\/mm\/conducerea-spitalului-judetean-suceava-pusa-sub-acuzare\/\" \/>\n<meta property=\"og:locale\" content=\"ro_RO\" \/>\n<meta property=\"og:type\" content=\"article\" \/>\n<meta property=\"og:title\" content=\"Conducerea Spitalului Jude\u021bean Suceava pus\u0103 sub acuzare - MHF Photography\" \/>\n<meta property=\"og:description\" content=\"Parchetul de pe l\u00e2ng\u0103 Tribunalul Suceava a transmis, printr-un comunicat de pres\u0103, c\u0103 procurorii au dispus schimbarea \u00eencadr\u0103rii juridice cu\" \/>\n<meta property=\"og:url\" content=\"https:\/\/mhf.ro\/mm\/conducerea-spitalului-judetean-suceava-pusa-sub-acuzare\/\" \/>\n<meta property=\"og:site_name\" content=\"MHF Photography\" \/>\n<meta property=\"article:published_time\" content=\"2021-03-01T08:02:29+00:00\" \/>\n<meta property=\"article:modified_time\" content=\"2021-03-03T20:42:47+00:00\" \/>\n<meta property=\"og:image\" content=\"https:\/\/mhf.ro\/mm\/wp-content\/uploads\/2021\/03\/spital-suceava-800x427-1.jpg\" \/>\n\t<meta property=\"og:image:width\" content=\"800\" \/>\n\t<meta property=\"og:image:height\" content=\"427\" \/>\n\t<meta property=\"og:image:type\" content=\"image\/jpeg\" \/>\n<meta name=\"author\" content=\"Marius Marcu\" \/>\n<meta name=\"twitter:card\" content=\"summary_large_image\" \/>\n<meta name=\"twitter:label1\" content=\"Scris de\" \/>\n\t<meta name=\"twitter:data1\" content=\"Marius Marcu\" \/>\n\t<meta name=\"twitter:label2\" content=\"Timp estimat pentru citire\" \/>\n\t<meta name=\"twitter:data2\" content=\"2 minute\" \/>\n<script type=\"application\/ld+json\" class=\"yoast-schema-graph\">{\"@context\":\"https:\/\/schema.org\",\"@graph\":[{\"@type\":\"Article\",\"@id\":\"https:\/\/mhf.ro\/mm\/conducerea-spitalului-judetean-suceava-pusa-sub-acuzare\/#article\",\"isPartOf\":{\"@id\":\"https:\/\/mhf.ro\/mm\/conducerea-spitalului-judetean-suceava-pusa-sub-acuzare\/\"},\"author\":{\"name\":\"Marius Marcu\",\"@id\":\"https:\/\/mhf.ro\/mm\/#\/schema\/person\/a3bebf7bdb4bf12f698aff73c7e46c21\"},\"headline\":\"Conducerea Spitalului Jude\u021bean Suceava pus\u0103 sub acuzare\",\"datePublished\":\"2021-03-01T08:02:29+00:00\",\"dateModified\":\"2021-03-03T20:42:47+00:00\",\"mainEntityOfPage\":{\"@id\":\"https:\/\/mhf.ro\/mm\/conducerea-spitalului-judetean-suceava-pusa-sub-acuzare\/\"},\"wordCount\":367,\"commentCount\":0,\"publisher\":{\"@id\":\"https:\/\/mhf.ro\/mm\/#\/schema\/person\/a3bebf7bdb4bf12f698aff73c7e46c21\"},\"image\":{\"@id\":\"https:\/\/mhf.ro\/mm\/conducerea-spitalului-judetean-suceava-pusa-sub-acuzare\/#primaryimage\"},\"thumbnailUrl\":\"https:\/\/mhf.ro\/mm\/wp-content\/uploads\/2021\/03\/spital-suceava-800x427-1.jpg\",\"articleSection\":[\"Diverse\"],\"inLanguage\":\"ro-RO\",\"potentialAction\":[{\"@type\":\"CommentAction\",\"name\":\"Comment\",\"target\":[\"https:\/\/mhf.ro\/mm\/conducerea-spitalului-judetean-suceava-pusa-sub-acuzare\/#respond\"]}]},{\"@type\":\"WebPage\",\"@id\":\"https:\/\/mhf.ro\/mm\/conducerea-spitalului-judetean-suceava-pusa-sub-acuzare\/\",\"url\":\"https:\/\/mhf.ro\/mm\/conducerea-spitalului-judetean-suceava-pusa-sub-acuzare\/\",\"name\":\"Conducerea Spitalului Jude\u021bean Suceava pus\u0103 sub acuzare - MHF Photography\",\"isPartOf\":{\"@id\":\"https:\/\/mhf.ro\/mm\/#website\"},\"primaryImageOfPage\":{\"@id\":\"https:\/\/mhf.ro\/mm\/conducerea-spitalului-judetean-suceava-pusa-sub-acuzare\/#primaryimage\"},\"image\":{\"@id\":\"https:\/\/mhf.ro\/mm\/conducerea-spitalului-judetean-suceava-pusa-sub-acuzare\/#primaryimage\"},\"thumbnailUrl\":\"https:\/\/mhf.ro\/mm\/wp-content\/uploads\/2021\/03\/spital-suceava-800x427-1.jpg\",\"datePublished\":\"2021-03-01T08:02:29+00:00\",\"dateModified\":\"2021-03-03T20:42:47+00:00\",\"breadcrumb\":{\"@id\":\"https:\/\/mhf.ro\/mm\/conducerea-spitalului-judetean-suceava-pusa-sub-acuzare\/#breadcrumb\"},\"inLanguage\":\"ro-RO\",\"potentialAction\":[{\"@type\":\"ReadAction\",\"target\":[\"https:\/\/mhf.ro\/mm\/conducerea-spitalului-judetean-suceava-pusa-sub-acuzare\/\"]}]},{\"@type\":\"ImageObject\",\"inLanguage\":\"ro-RO\",\"@id\":\"https:\/\/mhf.ro\/mm\/conducerea-spitalului-judetean-suceava-pusa-sub-acuzare\/#primaryimage\",\"url\":\"https:\/\/mhf.ro\/mm\/wp-content\/uploads\/2021\/03\/spital-suceava-800x427-1.jpg\",\"contentUrl\":\"https:\/\/mhf.ro\/mm\/wp-content\/uploads\/2021\/03\/spital-suceava-800x427-1.jpg\",\"width\":800,\"height\":427},{\"@type\":\"BreadcrumbList\",\"@id\":\"https:\/\/mhf.ro\/mm\/conducerea-spitalului-judetean-suceava-pusa-sub-acuzare\/#breadcrumb\",\"itemListElement\":[{\"@type\":\"ListItem\",\"position\":1,\"name\":\"Prima pagin\u0103\",\"item\":\"https:\/\/mhf.ro\/mm\/\"},{\"@type\":\"ListItem\",\"position\":2,\"name\":\"Conducerea Spitalului Jude\u021bean Suceava pus\u0103 sub acuzare\"}]},{\"@type\":\"WebSite\",\"@id\":\"https:\/\/mhf.ro\/mm\/#website\",\"url\":\"https:\/\/mhf.ro\/mm\/\",\"name\":\"MHF Photography \u2013 Blog de fotografie, natur\u0103 \u0219i tehnic\u0103 divers\u0103\",\"description\":\"Aventur\u0103 \u00een fiecare cadru.\",\"publisher\":{\"@id\":\"https:\/\/mhf.ro\/mm\/#\/schema\/person\/a3bebf7bdb4bf12f698aff73c7e46c21\"},\"potentialAction\":[{\"@type\":\"SearchAction\",\"target\":{\"@type\":\"EntryPoint\",\"urlTemplate\":\"https:\/\/mhf.ro\/mm\/?s={search_term_string}\"},\"query-input\":{\"@type\":\"PropertyValueSpecification\",\"valueRequired\":true,\"valueName\":\"search_term_string\"}}],\"inLanguage\":\"ro-RO\"},{\"@type\":[\"Person\",\"Organization\"],\"@id\":\"https:\/\/mhf.ro\/mm\/#\/schema\/person\/a3bebf7bdb4bf12f698aff73c7e46c21\",\"name\":\"Marius Marcu\",\"image\":{\"@type\":\"ImageObject\",\"inLanguage\":\"ro-RO\",\"@id\":\"https:\/\/mhf.ro\/mm\/#\/schema\/person\/image\/\",\"url\":\"https:\/\/mhf.ro\/mm\/wp-content\/uploads\/2025\/12\/cropped-logo_mhf_2.png\",\"contentUrl\":\"https:\/\/mhf.ro\/mm\/wp-content\/uploads\/2025\/12\/cropped-logo_mhf_2.png\",\"width\":1096,\"height\":457,\"caption\":\"Marius Marcu\"},\"logo\":{\"@id\":\"https:\/\/mhf.ro\/mm\/#\/schema\/person\/image\/\"},\"sameAs\":[\"https:\/\/mhf.ro\/mm\"],\"url\":\"https:\/\/mhf.ro\/mm\/author\/mihai\/\"}]}<\/script>\n<!-- \/ Yoast SEO plugin. -->","yoast_head_json":{"title":"Conducerea Spitalului Jude\u021bean Suceava pus\u0103 sub acuzare - MHF Photography","robots":{"index":"index","follow":"follow","max-snippet":"max-snippet:-1","max-image-preview":"max-image-preview:large","max-video-preview":"max-video-preview:-1"},"canonical":"https:\/\/mhf.ro\/mm\/conducerea-spitalului-judetean-suceava-pusa-sub-acuzare\/","og_locale":"ro_RO","og_type":"article","og_title":"Conducerea Spitalului Jude\u021bean Suceava pus\u0103 sub acuzare - MHF Photography","og_description":"Parchetul de pe l\u00e2ng\u0103 Tribunalul Suceava a transmis, printr-un comunicat de pres\u0103, c\u0103 procurorii au dispus schimbarea \u00eencadr\u0103rii juridice cu","og_url":"https:\/\/mhf.ro\/mm\/conducerea-spitalului-judetean-suceava-pusa-sub-acuzare\/","og_site_name":"MHF Photography","article_published_time":"2021-03-01T08:02:29+00:00","article_modified_time":"2021-03-03T20:42:47+00:00","og_image":[{"width":800,"height":427,"url":"https:\/\/mhf.ro\/mm\/wp-content\/uploads\/2021\/03\/spital-suceava-800x427-1.jpg","type":"image\/jpeg"}],"author":"Marius Marcu","twitter_card":"summary_large_image","twitter_misc":{"Scris de":"Marius Marcu","Timp estimat pentru citire":"2 minute"},"schema":{"@context":"https:\/\/schema.org","@graph":[{"@type":"Article","@id":"https:\/\/mhf.ro\/mm\/conducerea-spitalului-judetean-suceava-pusa-sub-acuzare\/#article","isPartOf":{"@id":"https:\/\/mhf.ro\/mm\/conducerea-spitalului-judetean-suceava-pusa-sub-acuzare\/"},"author":{"name":"Marius Marcu","@id":"https:\/\/mhf.ro\/mm\/#\/schema\/person\/a3bebf7bdb4bf12f698aff73c7e46c21"},"headline":"Conducerea Spitalului Jude\u021bean Suceava pus\u0103 sub acuzare","datePublished":"2021-03-01T08:02:29+00:00","dateModified":"2021-03-03T20:42:47+00:00","mainEntityOfPage":{"@id":"https:\/\/mhf.ro\/mm\/conducerea-spitalului-judetean-suceava-pusa-sub-acuzare\/"},"wordCount":367,"commentCount":0,"publisher":{"@id":"https:\/\/mhf.ro\/mm\/#\/schema\/person\/a3bebf7bdb4bf12f698aff73c7e46c21"},"image":{"@id":"https:\/\/mhf.ro\/mm\/conducerea-spitalului-judetean-suceava-pusa-sub-acuzare\/#primaryimage"},"thumbnailUrl":"https:\/\/mhf.ro\/mm\/wp-content\/uploads\/2021\/03\/spital-suceava-800x427-1.jpg","articleSection":["Diverse"],"inLanguage":"ro-RO","potentialAction":[{"@type":"CommentAction","name":"Comment","target":["https:\/\/mhf.ro\/mm\/conducerea-spitalului-judetean-suceava-pusa-sub-acuzare\/#respond"]}]},{"@type":"WebPage","@id":"https:\/\/mhf.ro\/mm\/conducerea-spitalului-judetean-suceava-pusa-sub-acuzare\/","url":"https:\/\/mhf.ro\/mm\/conducerea-spitalului-judetean-suceava-pusa-sub-acuzare\/","name":"Conducerea Spitalului Jude\u021bean Suceava pus\u0103 sub acuzare - MHF Photography","isPartOf":{"@id":"https:\/\/mhf.ro\/mm\/#website"},"primaryImageOfPage":{"@id":"https:\/\/mhf.ro\/mm\/conducerea-spitalului-judetean-suceava-pusa-sub-acuzare\/#primaryimage"},"image":{"@id":"https:\/\/mhf.ro\/mm\/conducerea-spitalului-judetean-suceava-pusa-sub-acuzare\/#primaryimage"},"thumbnailUrl":"https:\/\/mhf.ro\/mm\/wp-content\/uploads\/2021\/03\/spital-suceava-800x427-1.jpg","datePublished":"2021-03-01T08:02:29+00:00","dateModified":"2021-03-03T20:42:47+00:00","breadcrumb":{"@id":"https:\/\/mhf.ro\/mm\/conducerea-spitalului-judetean-suceava-pusa-sub-acuzare\/#breadcrumb"},"inLanguage":"ro-RO","potentialAction":[{"@type":"ReadAction","target":["https:\/\/mhf.ro\/mm\/conducerea-spitalului-judetean-suceava-pusa-sub-acuzare\/"]}]},{"@type":"ImageObject","inLanguage":"ro-RO","@id":"https:\/\/mhf.ro\/mm\/conducerea-spitalului-judetean-suceava-pusa-sub-acuzare\/#primaryimage","url":"https:\/\/mhf.ro\/mm\/wp-content\/uploads\/2021\/03\/spital-suceava-800x427-1.jpg","contentUrl":"https:\/\/mhf.ro\/mm\/wp-content\/uploads\/2021\/03\/spital-suceava-800x427-1.jpg","width":800,"height":427},{"@type":"BreadcrumbList","@id":"https:\/\/mhf.ro\/mm\/conducerea-spitalului-judetean-suceava-pusa-sub-acuzare\/#breadcrumb","itemListElement":[{"@type":"ListItem","position":1,"name":"Prima pagin\u0103","item":"https:\/\/mhf.ro\/mm\/"},{"@type":"ListItem","position":2,"name":"Conducerea Spitalului Jude\u021bean Suceava pus\u0103 sub acuzare"}]},{"@type":"WebSite","@id":"https:\/\/mhf.ro\/mm\/#website","url":"https:\/\/mhf.ro\/mm\/","name":"MHF Photography \u2013 Blog de fotografie, natur\u0103 \u0219i tehnic\u0103 divers\u0103","description":"Aventur\u0103 \u00een fiecare cadru.","publisher":{"@id":"https:\/\/mhf.ro\/mm\/#\/schema\/person\/a3bebf7bdb4bf12f698aff73c7e46c21"},"potentialAction":[{"@type":"SearchAction","target":{"@type":"EntryPoint","urlTemplate":"https:\/\/mhf.ro\/mm\/?s={search_term_string}"},"query-input":{"@type":"PropertyValueSpecification","valueRequired":true,"valueName":"search_term_string"}}],"inLanguage":"ro-RO"},{"@type":["Person","Organization"],"@id":"https:\/\/mhf.ro\/mm\/#\/schema\/person\/a3bebf7bdb4bf12f698aff73c7e46c21","name":"Marius Marcu","image":{"@type":"ImageObject","inLanguage":"ro-RO","@id":"https:\/\/mhf.ro\/mm\/#\/schema\/person\/image\/","url":"https:\/\/mhf.ro\/mm\/wp-content\/uploads\/2025\/12\/cropped-logo_mhf_2.png","contentUrl":"https:\/\/mhf.ro\/mm\/wp-content\/uploads\/2025\/12\/cropped-logo_mhf_2.png","width":1096,"height":457,"caption":"Marius Marcu"},"logo":{"@id":"https:\/\/mhf.ro\/mm\/#\/schema\/person\/image\/"},"sameAs":["https:\/\/mhf.ro\/mm"],"url":"https:\/\/mhf.ro\/mm\/author\/mihai\/"}]}},"_links":{"self":[{"href":"https:\/\/mhf.ro\/mm\/wp-json\/wp\/v2\/posts\/4292","targetHints":{"allow":["GET"]}}],"collection":[{"href":"https:\/\/mhf.ro\/mm\/wp-json\/wp\/v2\/posts"}],"about":[{"href":"https:\/\/mhf.ro\/mm\/wp-json\/wp\/v2\/types\/post"}],"author":[{"embeddable":true,"href":"https:\/\/mhf.ro\/mm\/wp-json\/wp\/v2\/users\/1"}],"replies":[{"embeddable":true,"href":"https:\/\/mhf.ro\/mm\/wp-json\/wp\/v2\/comments?post=4292"}],"version-history":[{"count":8,"href":"https:\/\/mhf.ro\/mm\/wp-json\/wp\/v2\/posts\/4292\/revisions"}],"predecessor-version":[{"id":4304,"href":"https:\/\/mhf.ro\/mm\/wp-json\/wp\/v2\/posts\/4292\/revisions\/4304"}],"wp:featuredmedia":[{"embeddable":true,"href":"https:\/\/mhf.ro\/mm\/wp-json\/wp\/v2\/media\/4293"}],"wp:attachment":[{"href":"https:\/\/mhf.ro\/mm\/wp-json\/wp\/v2\/media?parent=4292"}],"wp:term":[{"taxonomy":"category","embeddable":true,"href":"https:\/\/mhf.ro\/mm\/wp-json\/wp\/v2\/categories?post=4292"},{"taxonomy":"post_tag","embeddable":true,"href":"https:\/\/mhf.ro\/mm\/wp-json\/wp\/v2\/tags?post=4292"}],"curies":[{"name":"wp","href":"https:\/\/api.w.org\/{rel}","templated":true}]}}