{"id":4300,"date":"2021-03-01T10:14:40","date_gmt":"2021-03-01T08:14:40","guid":{"rendered":"https:\/\/mhf.ro\/mm\/?p=4300"},"modified":"2021-03-01T10:14:40","modified_gmt":"2021-03-01T08:14:40","slug":"pensionari-nesimtiti-641-milioane-pe-an-cu-zero-contributii","status":"publish","type":"post","link":"https:\/\/mhf.ro\/mm\/pensionari-nesimtiti-641-milioane-pe-an-cu-zero-contributii\/","title":{"rendered":"Pensionari nesim\u021bi\u021bi: 641 milioane pe an cu zero contribu\u0163ii"},"content":{"rendered":"<p><strong>Casa Na\u021bional\u0103 de Pensii Publice a furnizat statistica pe categorii a beneficiarilor de pensii speciale.\u00a0<\/strong><\/p>\n<p>2.970 de pensionari din cei 9.575 de beneficiari de pensii speciale nu \u00ee\u015fi primesc pensiile lunare \u00een baza propriilor contribu\u021bii. Acestea sunt pl\u0103tite integral din bugetul de stat, potrivit calculelor \u201eAdev\u0103rul\u201d.<\/p>\n<p>Toate cele cinci categorii de beneficiari ai legilor speciale au un anumit num\u0103r de pensionari care nu au pl\u0103tit CAS (except\u00e2nd fo\u0219tii angaja\u021bi ai Avia\u021biei Civile).<\/p>\n<p>Fo\u0219ti parlamentari \u0219i func\u021bionari din Parlament (157 de persoane) nu au pl\u0103tit deloc contribu\u021bii (dintre cei 775 de pensionari). Ace\u0219tia \u00eencaseaz\u0103 o pensie medie de <strong>4.810 lei, respectiv 755.170 le\/luna pl\u0103ti\u021bi din bugetul de stat.<\/strong><\/p>\n<p>Cea mai numeroas\u0103 categorie este cea a fo\u0219tilor magistra\u021bi. 2.586 de fo\u0219ti judec\u0103tori \u0219i procurori dintre cei 4.207 de fo\u0219ti magistra\u021bi nu au pl\u0103tit deloc contribu\u021bii. Statul a pl\u0103tit din taxele \u0219i impozitele tuturor rom\u00e2nilor c\u00e2te 19.905 lei drept pensie special\u0103 (51.474.330 lei \u00een fiecare lun\u0103).<\/p>\n<p>Un num\u0103r de 161 de fo\u0219ti grefieri \u0219i alte categorii din personalul auxiliar parchetelor \u0219i instan\u021belor \u00eencaseaz\u0103 pensii speciale \u00een medie de \u00a04.798 lei f\u0103r\u0103 s\u0103 fi pl\u0103tit CAS, suma total\u0103 pl\u0103tit\u0103 acestora lunar din bugetul de stat fiind de 772.478 lei.<\/p>\n<p>Doar 1 fost angajat al Cur\u021bii de Conturi nu a pl\u0103tit CAS, dintre cei 596 care beneficiaz\u0103 de pensii speciale. Pensia medie lunar\u0103 pl\u0103tit\u0103 acestuia din bugetul de stat este de 8.307 lei.<\/p>\n<p>\u00cen total, statul pl\u0103te\u0219te, din taxele \u0219i impozitele tuturor rom\u00e2nilor, <strong>pensii speciale de 53,38 milioane de lei pe lun\u0103, adic\u0103 640,63 milioane de lei pe an<\/strong>.<\/p>\n<p><img fetchpriority=\"high\" decoding=\"async\" class=\"alignnone size-medium wp-image-12009 td-animation-stack-type0-2\" src=\"https:\/\/jurnalist.ro\/wp-content\/uploads\/2021\/02\/orig-300x199.png\" sizes=\"(max-width: 300px) 100vw, 300px\" srcset=\"https:\/\/jurnalist.ro\/wp-content\/uploads\/2021\/02\/orig-300x199.png 300w, https:\/\/jurnalist.ro\/wp-content\/uploads\/2021\/02\/orig-768x508.png 768w, https:\/\/jurnalist.ro\/wp-content\/uploads\/2021\/02\/orig.png 793w\" alt=\"\" width=\"300\" height=\"199\" \/> <img decoding=\"async\" class=\"alignnone size-medium wp-image-12010 td-animation-stack-type0-2\" src=\"https:\/\/jurnalist.ro\/wp-content\/uploads\/2021\/02\/orig-1-286x300.png\" sizes=\"(max-width: 286px) 100vw, 286px\" srcset=\"https:\/\/jurnalist.ro\/wp-content\/uploads\/2021\/02\/orig-1-286x300.png 286w, https:\/\/jurnalist.ro\/wp-content\/uploads\/2021\/02\/orig-1.png 499w\" alt=\"\" width=\"286\" height=\"300\" \/> <img decoding=\"async\" class=\"alignnone size-medium wp-image-12011 td-animation-stack-type0-2\" src=\"https:\/\/jurnalist.ro\/wp-content\/uploads\/2021\/02\/orig-2-300x256.png\" sizes=\"(max-width: 300px) 100vw, 300px\" srcset=\"https:\/\/jurnalist.ro\/wp-content\/uploads\/2021\/02\/orig-2-300x256.png 300w, https:\/\/jurnalist.ro\/wp-content\/uploads\/2021\/02\/orig-2.png 499w\" alt=\"\" width=\"300\" height=\"256\" \/> (conf. jurnalist.ro)<\/p>\n<p>&nbsp;<\/p>\n","protected":false},"excerpt":{"rendered":"<p>Casa Na\u021bional\u0103 de Pensii Publice a furnizat statistica pe categorii a beneficiarilor de pensii speciale.\u00a0 2.970 de pensionari din cei<\/p>\n","protected":false},"author":1,"featured_media":4305,"comment_status":"open","ping_status":"open","sticky":false,"template":"","format":"standard","meta":{"colormag_page_container_layout":"default_layout","colormag_page_sidebar_layout":"default_layout","footnotes":""},"categories":[5],"tags":[],"class_list":["post-4300","post","type-post","status-publish","format-standard","has-post-thumbnail","hentry","category-locale"],"yoast_head":"<!-- This site is optimized with the Yoast SEO plugin v27.0 - https:\/\/yoast.com\/product\/yoast-seo-wordpress\/ -->\n<title>Pensionari nesim\u021bi\u021bi: 641 milioane pe an cu zero contribu\u0163ii - MHF Photography<\/title>\n<meta name=\"robots\" content=\"index, follow, max-snippet:-1, max-image-preview:large, max-video-preview:-1\" \/>\n<link rel=\"canonical\" href=\"https:\/\/mhf.ro\/mm\/pensionari-nesimtiti-641-milioane-pe-an-cu-zero-contributii\/\" \/>\n<meta property=\"og:locale\" content=\"ro_RO\" \/>\n<meta property=\"og:type\" content=\"article\" \/>\n<meta property=\"og:title\" content=\"Pensionari nesim\u021bi\u021bi: 641 milioane pe an cu zero contribu\u0163ii - MHF Photography\" \/>\n<meta property=\"og:description\" content=\"Casa Na\u021bional\u0103 de Pensii Publice a furnizat statistica pe categorii a beneficiarilor de pensii speciale.\u00a0 2.970 de pensionari din cei\" \/>\n<meta property=\"og:url\" content=\"https:\/\/mhf.ro\/mm\/pensionari-nesimtiti-641-milioane-pe-an-cu-zero-contributii\/\" \/>\n<meta property=\"og:site_name\" content=\"MHF Photography\" \/>\n<meta property=\"article:published_time\" content=\"2021-03-01T08:14:40+00:00\" \/>\n<meta property=\"og:image\" content=\"https:\/\/mhf.ro\/mm\/wp-content\/uploads\/2021\/03\/bani_lei_23.jpg\" \/>\n\t<meta property=\"og:image:width\" content=\"860\" \/>\n\t<meta property=\"og:image:height\" content=\"481\" \/>\n\t<meta property=\"og:image:type\" content=\"image\/jpeg\" \/>\n<meta name=\"author\" content=\"Marius Marcu\" \/>\n<meta name=\"twitter:card\" content=\"summary_large_image\" \/>\n<meta name=\"twitter:label1\" content=\"Scris de\" \/>\n\t<meta name=\"twitter:data1\" content=\"Marius Marcu\" \/>\n\t<meta name=\"twitter:label2\" content=\"Timp estimat pentru citire\" \/>\n\t<meta name=\"twitter:data2\" content=\"2 minute\" \/>\n<script type=\"application\/ld+json\" class=\"yoast-schema-graph\">{\"@context\":\"https:\/\/schema.org\",\"@graph\":[{\"@type\":\"Article\",\"@id\":\"https:\/\/mhf.ro\/mm\/pensionari-nesimtiti-641-milioane-pe-an-cu-zero-contributii\/#article\",\"isPartOf\":{\"@id\":\"https:\/\/mhf.ro\/mm\/pensionari-nesimtiti-641-milioane-pe-an-cu-zero-contributii\/\"},\"author\":{\"name\":\"Marius Marcu\",\"@id\":\"https:\/\/mhf.ro\/mm\/#\/schema\/person\/a3bebf7bdb4bf12f698aff73c7e46c21\"},\"headline\":\"Pensionari nesim\u021bi\u021bi: 641 milioane pe an cu zero contribu\u0163ii\",\"datePublished\":\"2021-03-01T08:14:40+00:00\",\"mainEntityOfPage\":{\"@id\":\"https:\/\/mhf.ro\/mm\/pensionari-nesimtiti-641-milioane-pe-an-cu-zero-contributii\/\"},\"wordCount\":292,\"commentCount\":0,\"publisher\":{\"@id\":\"https:\/\/mhf.ro\/mm\/#\/schema\/person\/a3bebf7bdb4bf12f698aff73c7e46c21\"},\"image\":{\"@id\":\"https:\/\/mhf.ro\/mm\/pensionari-nesimtiti-641-milioane-pe-an-cu-zero-contributii\/#primaryimage\"},\"thumbnailUrl\":\"https:\/\/mhf.ro\/mm\/wp-content\/uploads\/2021\/03\/bani_lei_23.jpg\",\"articleSection\":[\"Locale\"],\"inLanguage\":\"ro-RO\",\"potentialAction\":[{\"@type\":\"CommentAction\",\"name\":\"Comment\",\"target\":[\"https:\/\/mhf.ro\/mm\/pensionari-nesimtiti-641-milioane-pe-an-cu-zero-contributii\/#respond\"]}]},{\"@type\":\"WebPage\",\"@id\":\"https:\/\/mhf.ro\/mm\/pensionari-nesimtiti-641-milioane-pe-an-cu-zero-contributii\/\",\"url\":\"https:\/\/mhf.ro\/mm\/pensionari-nesimtiti-641-milioane-pe-an-cu-zero-contributii\/\",\"name\":\"Pensionari nesim\u021bi\u021bi: 641 milioane pe an cu zero contribu\u0163ii - MHF Photography\",\"isPartOf\":{\"@id\":\"https:\/\/mhf.ro\/mm\/#website\"},\"primaryImageOfPage\":{\"@id\":\"https:\/\/mhf.ro\/mm\/pensionari-nesimtiti-641-milioane-pe-an-cu-zero-contributii\/#primaryimage\"},\"image\":{\"@id\":\"https:\/\/mhf.ro\/mm\/pensionari-nesimtiti-641-milioane-pe-an-cu-zero-contributii\/#primaryimage\"},\"thumbnailUrl\":\"https:\/\/mhf.ro\/mm\/wp-content\/uploads\/2021\/03\/bani_lei_23.jpg\",\"datePublished\":\"2021-03-01T08:14:40+00:00\",\"breadcrumb\":{\"@id\":\"https:\/\/mhf.ro\/mm\/pensionari-nesimtiti-641-milioane-pe-an-cu-zero-contributii\/#breadcrumb\"},\"inLanguage\":\"ro-RO\",\"potentialAction\":[{\"@type\":\"ReadAction\",\"target\":[\"https:\/\/mhf.ro\/mm\/pensionari-nesimtiti-641-milioane-pe-an-cu-zero-contributii\/\"]}]},{\"@type\":\"ImageObject\",\"inLanguage\":\"ro-RO\",\"@id\":\"https:\/\/mhf.ro\/mm\/pensionari-nesimtiti-641-milioane-pe-an-cu-zero-contributii\/#primaryimage\",\"url\":\"https:\/\/mhf.ro\/mm\/wp-content\/uploads\/2021\/03\/bani_lei_23.jpg\",\"contentUrl\":\"https:\/\/mhf.ro\/mm\/wp-content\/uploads\/2021\/03\/bani_lei_23.jpg\",\"width\":860,\"height\":481},{\"@type\":\"BreadcrumbList\",\"@id\":\"https:\/\/mhf.ro\/mm\/pensionari-nesimtiti-641-milioane-pe-an-cu-zero-contributii\/#breadcrumb\",\"itemListElement\":[{\"@type\":\"ListItem\",\"position\":1,\"name\":\"Prima pagin\u0103\",\"item\":\"https:\/\/mhf.ro\/mm\/\"},{\"@type\":\"ListItem\",\"position\":2,\"name\":\"Pensionari nesim\u021bi\u021bi: 641 milioane pe an cu zero contribu\u0163ii\"}]},{\"@type\":\"WebSite\",\"@id\":\"https:\/\/mhf.ro\/mm\/#website\",\"url\":\"https:\/\/mhf.ro\/mm\/\",\"name\":\"MHF Photography \u2013 Blog de fotografie, natur\u0103 \u0219i tehnic\u0103 divers\u0103\",\"description\":\"Aventur\u0103 \u00een fiecare cadru.\",\"publisher\":{\"@id\":\"https:\/\/mhf.ro\/mm\/#\/schema\/person\/a3bebf7bdb4bf12f698aff73c7e46c21\"},\"potentialAction\":[{\"@type\":\"SearchAction\",\"target\":{\"@type\":\"EntryPoint\",\"urlTemplate\":\"https:\/\/mhf.ro\/mm\/?s={search_term_string}\"},\"query-input\":{\"@type\":\"PropertyValueSpecification\",\"valueRequired\":true,\"valueName\":\"search_term_string\"}}],\"inLanguage\":\"ro-RO\"},{\"@type\":[\"Person\",\"Organization\"],\"@id\":\"https:\/\/mhf.ro\/mm\/#\/schema\/person\/a3bebf7bdb4bf12f698aff73c7e46c21\",\"name\":\"Marius Marcu\",\"image\":{\"@type\":\"ImageObject\",\"inLanguage\":\"ro-RO\",\"@id\":\"https:\/\/mhf.ro\/mm\/#\/schema\/person\/image\/\",\"url\":\"https:\/\/mhf.ro\/mm\/wp-content\/uploads\/2025\/12\/cropped-logo_mhf_2.png\",\"contentUrl\":\"https:\/\/mhf.ro\/mm\/wp-content\/uploads\/2025\/12\/cropped-logo_mhf_2.png\",\"width\":1096,\"height\":457,\"caption\":\"Marius Marcu\"},\"logo\":{\"@id\":\"https:\/\/mhf.ro\/mm\/#\/schema\/person\/image\/\"},\"sameAs\":[\"https:\/\/mhf.ro\/mm\"],\"url\":\"https:\/\/mhf.ro\/mm\/author\/mihai\/\"}]}<\/script>\n<!-- \/ Yoast SEO plugin. -->","yoast_head_json":{"title":"Pensionari nesim\u021bi\u021bi: 641 milioane pe an cu zero contribu\u0163ii - MHF Photography","robots":{"index":"index","follow":"follow","max-snippet":"max-snippet:-1","max-image-preview":"max-image-preview:large","max-video-preview":"max-video-preview:-1"},"canonical":"https:\/\/mhf.ro\/mm\/pensionari-nesimtiti-641-milioane-pe-an-cu-zero-contributii\/","og_locale":"ro_RO","og_type":"article","og_title":"Pensionari nesim\u021bi\u021bi: 641 milioane pe an cu zero contribu\u0163ii - MHF Photography","og_description":"Casa Na\u021bional\u0103 de Pensii Publice a furnizat statistica pe categorii a beneficiarilor de pensii speciale.\u00a0 2.970 de pensionari din cei","og_url":"https:\/\/mhf.ro\/mm\/pensionari-nesimtiti-641-milioane-pe-an-cu-zero-contributii\/","og_site_name":"MHF Photography","article_published_time":"2021-03-01T08:14:40+00:00","og_image":[{"width":860,"height":481,"url":"https:\/\/mhf.ro\/mm\/wp-content\/uploads\/2021\/03\/bani_lei_23.jpg","type":"image\/jpeg"}],"author":"Marius Marcu","twitter_card":"summary_large_image","twitter_misc":{"Scris de":"Marius Marcu","Timp estimat pentru citire":"2 minute"},"schema":{"@context":"https:\/\/schema.org","@graph":[{"@type":"Article","@id":"https:\/\/mhf.ro\/mm\/pensionari-nesimtiti-641-milioane-pe-an-cu-zero-contributii\/#article","isPartOf":{"@id":"https:\/\/mhf.ro\/mm\/pensionari-nesimtiti-641-milioane-pe-an-cu-zero-contributii\/"},"author":{"name":"Marius Marcu","@id":"https:\/\/mhf.ro\/mm\/#\/schema\/person\/a3bebf7bdb4bf12f698aff73c7e46c21"},"headline":"Pensionari nesim\u021bi\u021bi: 641 milioane pe an cu zero contribu\u0163ii","datePublished":"2021-03-01T08:14:40+00:00","mainEntityOfPage":{"@id":"https:\/\/mhf.ro\/mm\/pensionari-nesimtiti-641-milioane-pe-an-cu-zero-contributii\/"},"wordCount":292,"commentCount":0,"publisher":{"@id":"https:\/\/mhf.ro\/mm\/#\/schema\/person\/a3bebf7bdb4bf12f698aff73c7e46c21"},"image":{"@id":"https:\/\/mhf.ro\/mm\/pensionari-nesimtiti-641-milioane-pe-an-cu-zero-contributii\/#primaryimage"},"thumbnailUrl":"https:\/\/mhf.ro\/mm\/wp-content\/uploads\/2021\/03\/bani_lei_23.jpg","articleSection":["Locale"],"inLanguage":"ro-RO","potentialAction":[{"@type":"CommentAction","name":"Comment","target":["https:\/\/mhf.ro\/mm\/pensionari-nesimtiti-641-milioane-pe-an-cu-zero-contributii\/#respond"]}]},{"@type":"WebPage","@id":"https:\/\/mhf.ro\/mm\/pensionari-nesimtiti-641-milioane-pe-an-cu-zero-contributii\/","url":"https:\/\/mhf.ro\/mm\/pensionari-nesimtiti-641-milioane-pe-an-cu-zero-contributii\/","name":"Pensionari nesim\u021bi\u021bi: 641 milioane pe an cu zero contribu\u0163ii - MHF Photography","isPartOf":{"@id":"https:\/\/mhf.ro\/mm\/#website"},"primaryImageOfPage":{"@id":"https:\/\/mhf.ro\/mm\/pensionari-nesimtiti-641-milioane-pe-an-cu-zero-contributii\/#primaryimage"},"image":{"@id":"https:\/\/mhf.ro\/mm\/pensionari-nesimtiti-641-milioane-pe-an-cu-zero-contributii\/#primaryimage"},"thumbnailUrl":"https:\/\/mhf.ro\/mm\/wp-content\/uploads\/2021\/03\/bani_lei_23.jpg","datePublished":"2021-03-01T08:14:40+00:00","breadcrumb":{"@id":"https:\/\/mhf.ro\/mm\/pensionari-nesimtiti-641-milioane-pe-an-cu-zero-contributii\/#breadcrumb"},"inLanguage":"ro-RO","potentialAction":[{"@type":"ReadAction","target":["https:\/\/mhf.ro\/mm\/pensionari-nesimtiti-641-milioane-pe-an-cu-zero-contributii\/"]}]},{"@type":"ImageObject","inLanguage":"ro-RO","@id":"https:\/\/mhf.ro\/mm\/pensionari-nesimtiti-641-milioane-pe-an-cu-zero-contributii\/#primaryimage","url":"https:\/\/mhf.ro\/mm\/wp-content\/uploads\/2021\/03\/bani_lei_23.jpg","contentUrl":"https:\/\/mhf.ro\/mm\/wp-content\/uploads\/2021\/03\/bani_lei_23.jpg","width":860,"height":481},{"@type":"BreadcrumbList","@id":"https:\/\/mhf.ro\/mm\/pensionari-nesimtiti-641-milioane-pe-an-cu-zero-contributii\/#breadcrumb","itemListElement":[{"@type":"ListItem","position":1,"name":"Prima pagin\u0103","item":"https:\/\/mhf.ro\/mm\/"},{"@type":"ListItem","position":2,"name":"Pensionari nesim\u021bi\u021bi: 641 milioane pe an cu zero contribu\u0163ii"}]},{"@type":"WebSite","@id":"https:\/\/mhf.ro\/mm\/#website","url":"https:\/\/mhf.ro\/mm\/","name":"MHF Photography \u2013 Blog de fotografie, natur\u0103 \u0219i tehnic\u0103 divers\u0103","description":"Aventur\u0103 \u00een fiecare cadru.","publisher":{"@id":"https:\/\/mhf.ro\/mm\/#\/schema\/person\/a3bebf7bdb4bf12f698aff73c7e46c21"},"potentialAction":[{"@type":"SearchAction","target":{"@type":"EntryPoint","urlTemplate":"https:\/\/mhf.ro\/mm\/?s={search_term_string}"},"query-input":{"@type":"PropertyValueSpecification","valueRequired":true,"valueName":"search_term_string"}}],"inLanguage":"ro-RO"},{"@type":["Person","Organization"],"@id":"https:\/\/mhf.ro\/mm\/#\/schema\/person\/a3bebf7bdb4bf12f698aff73c7e46c21","name":"Marius Marcu","image":{"@type":"ImageObject","inLanguage":"ro-RO","@id":"https:\/\/mhf.ro\/mm\/#\/schema\/person\/image\/","url":"https:\/\/mhf.ro\/mm\/wp-content\/uploads\/2025\/12\/cropped-logo_mhf_2.png","contentUrl":"https:\/\/mhf.ro\/mm\/wp-content\/uploads\/2025\/12\/cropped-logo_mhf_2.png","width":1096,"height":457,"caption":"Marius Marcu"},"logo":{"@id":"https:\/\/mhf.ro\/mm\/#\/schema\/person\/image\/"},"sameAs":["https:\/\/mhf.ro\/mm"],"url":"https:\/\/mhf.ro\/mm\/author\/mihai\/"}]}},"_links":{"self":[{"href":"https:\/\/mhf.ro\/mm\/wp-json\/wp\/v2\/posts\/4300","targetHints":{"allow":["GET"]}}],"collection":[{"href":"https:\/\/mhf.ro\/mm\/wp-json\/wp\/v2\/posts"}],"about":[{"href":"https:\/\/mhf.ro\/mm\/wp-json\/wp\/v2\/types\/post"}],"author":[{"embeddable":true,"href":"https:\/\/mhf.ro\/mm\/wp-json\/wp\/v2\/users\/1"}],"replies":[{"embeddable":true,"href":"https:\/\/mhf.ro\/mm\/wp-json\/wp\/v2\/comments?post=4300"}],"version-history":[{"count":1,"href":"https:\/\/mhf.ro\/mm\/wp-json\/wp\/v2\/posts\/4300\/revisions"}],"predecessor-version":[{"id":4306,"href":"https:\/\/mhf.ro\/mm\/wp-json\/wp\/v2\/posts\/4300\/revisions\/4306"}],"wp:featuredmedia":[{"embeddable":true,"href":"https:\/\/mhf.ro\/mm\/wp-json\/wp\/v2\/media\/4305"}],"wp:attachment":[{"href":"https:\/\/mhf.ro\/mm\/wp-json\/wp\/v2\/media?parent=4300"}],"wp:term":[{"taxonomy":"category","embeddable":true,"href":"https:\/\/mhf.ro\/mm\/wp-json\/wp\/v2\/categories?post=4300"},{"taxonomy":"post_tag","embeddable":true,"href":"https:\/\/mhf.ro\/mm\/wp-json\/wp\/v2\/tags?post=4300"}],"curies":[{"name":"wp","href":"https:\/\/api.w.org\/{rel}","templated":true}]}}