{"id":4311,"date":"2021-03-02T09:02:24","date_gmt":"2021-03-02T07:02:24","guid":{"rendered":"https:\/\/mhf.ro\/mm\/?p=4311"},"modified":"2021-03-02T09:02:24","modified_gmt":"2021-03-02T07:02:24","slug":"milano-supraaglomerat-inainte-sa-devina-zona-portocalie","status":"publish","type":"post","link":"https:\/\/mhf.ro\/mm\/milano-supraaglomerat-inainte-sa-devina-zona-portocalie\/","title":{"rendered":"Milano supraaglomerat \u00eenainte s\u0103 devin\u0103 zon\u0103 portocalie"},"content":{"rendered":"<p><strong>Centrul ora\u0219ului Milano a fost plin de lume vineri \u0219i s\u00e2mb\u0103t\u0103. To\u021bi locuitorii au ie\u0219it \u00een acela\u0219i timp s\u0103 se plimbe \u0219i s\u0103 petreac\u0103 \u00een centru, \u00eenainte ca ora\u0219ul s\u0103 devin\u0103 zon\u0103 portocalie.<\/strong><\/p>\n<p data-index=\"2\">Localurile se vor \u00eenchide, de luni, iar deplas\u0103rile vor fi drastic limitate. F\u0103r\u0103 un motiv \u00eentemeiat, oamenii nu vor mai avea voie pe str\u0103zi dup\u0103 ora 22.00.<\/p>\n<p data-index=\"2\">Barurile, restaurantele \u0219i muzeele se \u00eenchid.<\/p>\n<p data-index=\"6\">S\u00e2mb\u0103t\u0103, Ministerul S\u0103n\u0103t\u0103\u021bii din Italia a decis impunerea de restric\u021bii suplimentare \u00een cinci regiuni, printre care Lombardia, \u00een cadrul luptei \u00eempotriva epidemiei de COVID-19, dar \u0219i ridicarea lor aproape total\u0103 \u00een Sardinia, informeaz\u0103 AFP \u015fi Reuters.<\/p>\n<p data-index=\"7\">Cele 20 de regiuni italiene sunt \u00eemp\u0103r\u021bite \u00een zone galbene (cu risc moderat), portocalii (risc mediu) \u0219i ro\u0219ii (risc ridicat).<\/p>\n<p data-index=\"8\">Lombardia, Piemont \u0219i Marche vor trece din zona galben\u0103 \u00een cea portocalie. Dou\u0103 regiuni, Basilicata \u0219i Molise, devin zone ro\u0219ii, \u00een care totul este \u00eenchis, mai pu\u021bin magazinele cu produse de prim\u0103 necesitate (alimente, farmacii), \u0219i unde deplas\u0103rile sunt permise doar din motive profesionale \u015fi de s\u0103n\u0103tate.<\/p>\n<p data-index=\"9\">Pentru prima dat\u0103, o regiune, Sardinia, trece \u00een zona alb\u0103, \u00een care majoritatea restric\u021biilor sunt ridicate, mai pu\u021bin cele referitoare la portul m\u0103\u0219tii \u0219i la distan\u021barea social\u0103<\/p>\n","protected":false},"excerpt":{"rendered":"<p>Centrul ora\u0219ului Milano a fost plin de lume vineri \u0219i s\u00e2mb\u0103t\u0103. To\u021bi locuitorii au ie\u0219it \u00een acela\u0219i timp s\u0103 se<\/p>\n","protected":false},"author":1,"featured_media":4312,"comment_status":"open","ping_status":"open","sticky":false,"template":"","format":"standard","meta":{"colormag_page_container_layout":"default_layout","colormag_page_sidebar_layout":"default_layout","footnotes":""},"categories":[8],"tags":[],"class_list":["post-4311","post","type-post","status-publish","format-standard","has-post-thumbnail","hentry","category-div"],"yoast_head":"<!-- This site is optimized with the Yoast SEO plugin v27.0 - https:\/\/yoast.com\/product\/yoast-seo-wordpress\/ -->\n<title>Milano supraaglomerat \u00eenainte s\u0103 devin\u0103 zon\u0103 portocalie - MHF Photography<\/title>\n<meta name=\"robots\" content=\"index, follow, max-snippet:-1, max-image-preview:large, max-video-preview:-1\" \/>\n<link rel=\"canonical\" href=\"https:\/\/mhf.ro\/mm\/milano-supraaglomerat-inainte-sa-devina-zona-portocalie\/\" \/>\n<meta property=\"og:locale\" content=\"ro_RO\" \/>\n<meta property=\"og:type\" content=\"article\" \/>\n<meta property=\"og:title\" content=\"Milano supraaglomerat \u00eenainte s\u0103 devin\u0103 zon\u0103 portocalie - MHF Photography\" \/>\n<meta property=\"og:description\" content=\"Centrul ora\u0219ului Milano a fost plin de lume vineri \u0219i s\u00e2mb\u0103t\u0103. To\u021bi locuitorii au ie\u0219it \u00een acela\u0219i timp s\u0103 se\" \/>\n<meta property=\"og:url\" content=\"https:\/\/mhf.ro\/mm\/milano-supraaglomerat-inainte-sa-devina-zona-portocalie\/\" \/>\n<meta property=\"og:site_name\" content=\"MHF Photography\" \/>\n<meta property=\"article:published_time\" content=\"2021-03-02T07:02:24+00:00\" \/>\n<meta property=\"og:image\" content=\"https:\/\/mhf.ro\/mm\/wp-content\/uploads\/2021\/03\/Aglomeratie-la-Milano.jpg\" \/>\n\t<meta property=\"og:image:width\" content=\"656\" \/>\n\t<meta property=\"og:image:height\" content=\"492\" \/>\n\t<meta property=\"og:image:type\" content=\"image\/jpeg\" \/>\n<meta name=\"author\" content=\"Marius Marcu\" \/>\n<meta name=\"twitter:card\" content=\"summary_large_image\" \/>\n<meta name=\"twitter:label1\" content=\"Scris de\" \/>\n\t<meta name=\"twitter:data1\" content=\"Marius Marcu\" \/>\n\t<meta name=\"twitter:label2\" content=\"Timp estimat pentru citire\" \/>\n\t<meta name=\"twitter:data2\" content=\"1 minut\" \/>\n<script type=\"application\/ld+json\" class=\"yoast-schema-graph\">{\"@context\":\"https:\/\/schema.org\",\"@graph\":[{\"@type\":\"Article\",\"@id\":\"https:\/\/mhf.ro\/mm\/milano-supraaglomerat-inainte-sa-devina-zona-portocalie\/#article\",\"isPartOf\":{\"@id\":\"https:\/\/mhf.ro\/mm\/milano-supraaglomerat-inainte-sa-devina-zona-portocalie\/\"},\"author\":{\"name\":\"Marius Marcu\",\"@id\":\"https:\/\/mhf.ro\/mm\/#\/schema\/person\/a3bebf7bdb4bf12f698aff73c7e46c21\"},\"headline\":\"Milano supraaglomerat \u00eenainte s\u0103 devin\u0103 zon\u0103 portocalie\",\"datePublished\":\"2021-03-02T07:02:24+00:00\",\"mainEntityOfPage\":{\"@id\":\"https:\/\/mhf.ro\/mm\/milano-supraaglomerat-inainte-sa-devina-zona-portocalie\/\"},\"wordCount\":229,\"commentCount\":0,\"publisher\":{\"@id\":\"https:\/\/mhf.ro\/mm\/#\/schema\/person\/a3bebf7bdb4bf12f698aff73c7e46c21\"},\"image\":{\"@id\":\"https:\/\/mhf.ro\/mm\/milano-supraaglomerat-inainte-sa-devina-zona-portocalie\/#primaryimage\"},\"thumbnailUrl\":\"https:\/\/mhf.ro\/mm\/wp-content\/uploads\/2021\/03\/Aglomeratie-la-Milano.jpg\",\"articleSection\":[\"Diverse\"],\"inLanguage\":\"ro-RO\",\"potentialAction\":[{\"@type\":\"CommentAction\",\"name\":\"Comment\",\"target\":[\"https:\/\/mhf.ro\/mm\/milano-supraaglomerat-inainte-sa-devina-zona-portocalie\/#respond\"]}]},{\"@type\":\"WebPage\",\"@id\":\"https:\/\/mhf.ro\/mm\/milano-supraaglomerat-inainte-sa-devina-zona-portocalie\/\",\"url\":\"https:\/\/mhf.ro\/mm\/milano-supraaglomerat-inainte-sa-devina-zona-portocalie\/\",\"name\":\"Milano supraaglomerat \u00eenainte s\u0103 devin\u0103 zon\u0103 portocalie - MHF Photography\",\"isPartOf\":{\"@id\":\"https:\/\/mhf.ro\/mm\/#website\"},\"primaryImageOfPage\":{\"@id\":\"https:\/\/mhf.ro\/mm\/milano-supraaglomerat-inainte-sa-devina-zona-portocalie\/#primaryimage\"},\"image\":{\"@id\":\"https:\/\/mhf.ro\/mm\/milano-supraaglomerat-inainte-sa-devina-zona-portocalie\/#primaryimage\"},\"thumbnailUrl\":\"https:\/\/mhf.ro\/mm\/wp-content\/uploads\/2021\/03\/Aglomeratie-la-Milano.jpg\",\"datePublished\":\"2021-03-02T07:02:24+00:00\",\"breadcrumb\":{\"@id\":\"https:\/\/mhf.ro\/mm\/milano-supraaglomerat-inainte-sa-devina-zona-portocalie\/#breadcrumb\"},\"inLanguage\":\"ro-RO\",\"potentialAction\":[{\"@type\":\"ReadAction\",\"target\":[\"https:\/\/mhf.ro\/mm\/milano-supraaglomerat-inainte-sa-devina-zona-portocalie\/\"]}]},{\"@type\":\"ImageObject\",\"inLanguage\":\"ro-RO\",\"@id\":\"https:\/\/mhf.ro\/mm\/milano-supraaglomerat-inainte-sa-devina-zona-portocalie\/#primaryimage\",\"url\":\"https:\/\/mhf.ro\/mm\/wp-content\/uploads\/2021\/03\/Aglomeratie-la-Milano.jpg\",\"contentUrl\":\"https:\/\/mhf.ro\/mm\/wp-content\/uploads\/2021\/03\/Aglomeratie-la-Milano.jpg\",\"width\":656,\"height\":492},{\"@type\":\"BreadcrumbList\",\"@id\":\"https:\/\/mhf.ro\/mm\/milano-supraaglomerat-inainte-sa-devina-zona-portocalie\/#breadcrumb\",\"itemListElement\":[{\"@type\":\"ListItem\",\"position\":1,\"name\":\"Prima pagin\u0103\",\"item\":\"https:\/\/mhf.ro\/mm\/\"},{\"@type\":\"ListItem\",\"position\":2,\"name\":\"Milano supraaglomerat \u00eenainte s\u0103 devin\u0103 zon\u0103 portocalie\"}]},{\"@type\":\"WebSite\",\"@id\":\"https:\/\/mhf.ro\/mm\/#website\",\"url\":\"https:\/\/mhf.ro\/mm\/\",\"name\":\"MHF Photography \u2013 Blog de fotografie, natur\u0103 \u0219i tehnic\u0103 divers\u0103\",\"description\":\"Aventur\u0103 \u00een fiecare cadru.\",\"publisher\":{\"@id\":\"https:\/\/mhf.ro\/mm\/#\/schema\/person\/a3bebf7bdb4bf12f698aff73c7e46c21\"},\"potentialAction\":[{\"@type\":\"SearchAction\",\"target\":{\"@type\":\"EntryPoint\",\"urlTemplate\":\"https:\/\/mhf.ro\/mm\/?s={search_term_string}\"},\"query-input\":{\"@type\":\"PropertyValueSpecification\",\"valueRequired\":true,\"valueName\":\"search_term_string\"}}],\"inLanguage\":\"ro-RO\"},{\"@type\":[\"Person\",\"Organization\"],\"@id\":\"https:\/\/mhf.ro\/mm\/#\/schema\/person\/a3bebf7bdb4bf12f698aff73c7e46c21\",\"name\":\"Marius Marcu\",\"image\":{\"@type\":\"ImageObject\",\"inLanguage\":\"ro-RO\",\"@id\":\"https:\/\/mhf.ro\/mm\/#\/schema\/person\/image\/\",\"url\":\"https:\/\/mhf.ro\/mm\/wp-content\/uploads\/2025\/12\/cropped-logo_mhf_2.png\",\"contentUrl\":\"https:\/\/mhf.ro\/mm\/wp-content\/uploads\/2025\/12\/cropped-logo_mhf_2.png\",\"width\":1096,\"height\":457,\"caption\":\"Marius Marcu\"},\"logo\":{\"@id\":\"https:\/\/mhf.ro\/mm\/#\/schema\/person\/image\/\"},\"sameAs\":[\"https:\/\/mhf.ro\/mm\"],\"url\":\"https:\/\/mhf.ro\/mm\/author\/mihai\/\"}]}<\/script>\n<!-- \/ Yoast SEO plugin. -->","yoast_head_json":{"title":"Milano supraaglomerat \u00eenainte s\u0103 devin\u0103 zon\u0103 portocalie - MHF Photography","robots":{"index":"index","follow":"follow","max-snippet":"max-snippet:-1","max-image-preview":"max-image-preview:large","max-video-preview":"max-video-preview:-1"},"canonical":"https:\/\/mhf.ro\/mm\/milano-supraaglomerat-inainte-sa-devina-zona-portocalie\/","og_locale":"ro_RO","og_type":"article","og_title":"Milano supraaglomerat \u00eenainte s\u0103 devin\u0103 zon\u0103 portocalie - MHF Photography","og_description":"Centrul ora\u0219ului Milano a fost plin de lume vineri \u0219i s\u00e2mb\u0103t\u0103. To\u021bi locuitorii au ie\u0219it \u00een acela\u0219i timp s\u0103 se","og_url":"https:\/\/mhf.ro\/mm\/milano-supraaglomerat-inainte-sa-devina-zona-portocalie\/","og_site_name":"MHF Photography","article_published_time":"2021-03-02T07:02:24+00:00","og_image":[{"width":656,"height":492,"url":"https:\/\/mhf.ro\/mm\/wp-content\/uploads\/2021\/03\/Aglomeratie-la-Milano.jpg","type":"image\/jpeg"}],"author":"Marius Marcu","twitter_card":"summary_large_image","twitter_misc":{"Scris de":"Marius Marcu","Timp estimat pentru citire":"1 minut"},"schema":{"@context":"https:\/\/schema.org","@graph":[{"@type":"Article","@id":"https:\/\/mhf.ro\/mm\/milano-supraaglomerat-inainte-sa-devina-zona-portocalie\/#article","isPartOf":{"@id":"https:\/\/mhf.ro\/mm\/milano-supraaglomerat-inainte-sa-devina-zona-portocalie\/"},"author":{"name":"Marius Marcu","@id":"https:\/\/mhf.ro\/mm\/#\/schema\/person\/a3bebf7bdb4bf12f698aff73c7e46c21"},"headline":"Milano supraaglomerat \u00eenainte s\u0103 devin\u0103 zon\u0103 portocalie","datePublished":"2021-03-02T07:02:24+00:00","mainEntityOfPage":{"@id":"https:\/\/mhf.ro\/mm\/milano-supraaglomerat-inainte-sa-devina-zona-portocalie\/"},"wordCount":229,"commentCount":0,"publisher":{"@id":"https:\/\/mhf.ro\/mm\/#\/schema\/person\/a3bebf7bdb4bf12f698aff73c7e46c21"},"image":{"@id":"https:\/\/mhf.ro\/mm\/milano-supraaglomerat-inainte-sa-devina-zona-portocalie\/#primaryimage"},"thumbnailUrl":"https:\/\/mhf.ro\/mm\/wp-content\/uploads\/2021\/03\/Aglomeratie-la-Milano.jpg","articleSection":["Diverse"],"inLanguage":"ro-RO","potentialAction":[{"@type":"CommentAction","name":"Comment","target":["https:\/\/mhf.ro\/mm\/milano-supraaglomerat-inainte-sa-devina-zona-portocalie\/#respond"]}]},{"@type":"WebPage","@id":"https:\/\/mhf.ro\/mm\/milano-supraaglomerat-inainte-sa-devina-zona-portocalie\/","url":"https:\/\/mhf.ro\/mm\/milano-supraaglomerat-inainte-sa-devina-zona-portocalie\/","name":"Milano supraaglomerat \u00eenainte s\u0103 devin\u0103 zon\u0103 portocalie - MHF Photography","isPartOf":{"@id":"https:\/\/mhf.ro\/mm\/#website"},"primaryImageOfPage":{"@id":"https:\/\/mhf.ro\/mm\/milano-supraaglomerat-inainte-sa-devina-zona-portocalie\/#primaryimage"},"image":{"@id":"https:\/\/mhf.ro\/mm\/milano-supraaglomerat-inainte-sa-devina-zona-portocalie\/#primaryimage"},"thumbnailUrl":"https:\/\/mhf.ro\/mm\/wp-content\/uploads\/2021\/03\/Aglomeratie-la-Milano.jpg","datePublished":"2021-03-02T07:02:24+00:00","breadcrumb":{"@id":"https:\/\/mhf.ro\/mm\/milano-supraaglomerat-inainte-sa-devina-zona-portocalie\/#breadcrumb"},"inLanguage":"ro-RO","potentialAction":[{"@type":"ReadAction","target":["https:\/\/mhf.ro\/mm\/milano-supraaglomerat-inainte-sa-devina-zona-portocalie\/"]}]},{"@type":"ImageObject","inLanguage":"ro-RO","@id":"https:\/\/mhf.ro\/mm\/milano-supraaglomerat-inainte-sa-devina-zona-portocalie\/#primaryimage","url":"https:\/\/mhf.ro\/mm\/wp-content\/uploads\/2021\/03\/Aglomeratie-la-Milano.jpg","contentUrl":"https:\/\/mhf.ro\/mm\/wp-content\/uploads\/2021\/03\/Aglomeratie-la-Milano.jpg","width":656,"height":492},{"@type":"BreadcrumbList","@id":"https:\/\/mhf.ro\/mm\/milano-supraaglomerat-inainte-sa-devina-zona-portocalie\/#breadcrumb","itemListElement":[{"@type":"ListItem","position":1,"name":"Prima pagin\u0103","item":"https:\/\/mhf.ro\/mm\/"},{"@type":"ListItem","position":2,"name":"Milano supraaglomerat \u00eenainte s\u0103 devin\u0103 zon\u0103 portocalie"}]},{"@type":"WebSite","@id":"https:\/\/mhf.ro\/mm\/#website","url":"https:\/\/mhf.ro\/mm\/","name":"MHF Photography \u2013 Blog de fotografie, natur\u0103 \u0219i tehnic\u0103 divers\u0103","description":"Aventur\u0103 \u00een fiecare cadru.","publisher":{"@id":"https:\/\/mhf.ro\/mm\/#\/schema\/person\/a3bebf7bdb4bf12f698aff73c7e46c21"},"potentialAction":[{"@type":"SearchAction","target":{"@type":"EntryPoint","urlTemplate":"https:\/\/mhf.ro\/mm\/?s={search_term_string}"},"query-input":{"@type":"PropertyValueSpecification","valueRequired":true,"valueName":"search_term_string"}}],"inLanguage":"ro-RO"},{"@type":["Person","Organization"],"@id":"https:\/\/mhf.ro\/mm\/#\/schema\/person\/a3bebf7bdb4bf12f698aff73c7e46c21","name":"Marius Marcu","image":{"@type":"ImageObject","inLanguage":"ro-RO","@id":"https:\/\/mhf.ro\/mm\/#\/schema\/person\/image\/","url":"https:\/\/mhf.ro\/mm\/wp-content\/uploads\/2025\/12\/cropped-logo_mhf_2.png","contentUrl":"https:\/\/mhf.ro\/mm\/wp-content\/uploads\/2025\/12\/cropped-logo_mhf_2.png","width":1096,"height":457,"caption":"Marius Marcu"},"logo":{"@id":"https:\/\/mhf.ro\/mm\/#\/schema\/person\/image\/"},"sameAs":["https:\/\/mhf.ro\/mm"],"url":"https:\/\/mhf.ro\/mm\/author\/mihai\/"}]}},"_links":{"self":[{"href":"https:\/\/mhf.ro\/mm\/wp-json\/wp\/v2\/posts\/4311","targetHints":{"allow":["GET"]}}],"collection":[{"href":"https:\/\/mhf.ro\/mm\/wp-json\/wp\/v2\/posts"}],"about":[{"href":"https:\/\/mhf.ro\/mm\/wp-json\/wp\/v2\/types\/post"}],"author":[{"embeddable":true,"href":"https:\/\/mhf.ro\/mm\/wp-json\/wp\/v2\/users\/1"}],"replies":[{"embeddable":true,"href":"https:\/\/mhf.ro\/mm\/wp-json\/wp\/v2\/comments?post=4311"}],"version-history":[{"count":1,"href":"https:\/\/mhf.ro\/mm\/wp-json\/wp\/v2\/posts\/4311\/revisions"}],"predecessor-version":[{"id":4313,"href":"https:\/\/mhf.ro\/mm\/wp-json\/wp\/v2\/posts\/4311\/revisions\/4313"}],"wp:featuredmedia":[{"embeddable":true,"href":"https:\/\/mhf.ro\/mm\/wp-json\/wp\/v2\/media\/4312"}],"wp:attachment":[{"href":"https:\/\/mhf.ro\/mm\/wp-json\/wp\/v2\/media?parent=4311"}],"wp:term":[{"taxonomy":"category","embeddable":true,"href":"https:\/\/mhf.ro\/mm\/wp-json\/wp\/v2\/categories?post=4311"},{"taxonomy":"post_tag","embeddable":true,"href":"https:\/\/mhf.ro\/mm\/wp-json\/wp\/v2\/tags?post=4311"}],"curies":[{"name":"wp","href":"https:\/\/api.w.org\/{rel}","templated":true}]}}