{"id":4314,"date":"2021-03-02T09:05:53","date_gmt":"2021-03-02T07:05:53","guid":{"rendered":"https:\/\/mhf.ro\/mm\/?p=4314"},"modified":"2021-03-02T09:05:53","modified_gmt":"2021-03-02T07:05:53","slug":"daca-sunteti-la-varsta-copiilor-asta-este-va-inteleg-ca-va-trebuie-bani-de-buzunar","status":"publish","type":"post","link":"https:\/\/mhf.ro\/mm\/daca-sunteti-la-varsta-copiilor-asta-este-va-inteleg-ca-va-trebuie-bani-de-buzunar\/","title":{"rendered":"\u201dDac\u0103 sunte\u021bi la v\u00e2rsta copiilor, asta este, v\u0103 \u00een\u021beleg c\u0103 v\u0103 trebuie bani de buzunar\u201d"},"content":{"rendered":"<h3 class=\"entry-title\">Florin C\u00ee\u021bu \u00een Parlament: \u201dDac\u0103 sunte\u021bi la v\u00e2rsta copiilor, asta este, v\u0103 \u00een\u021beleg c\u0103 v\u0103 trebuie bani de buzunar\u201d<\/h3>\n<p>Florin C\u00ee\u021bu a fost prezent luni \u00een plenul Parlamentului, unde a fost dezb\u0103tut proiectul de buget pentru anul 2021. \u00cen timp ce \u00ee\u0219i sus\u021binea discursul, Florin C\u00ee\u021bu a fost \u00eentrerupt de mai multe ori de parlamentari din opozi\u021bie, iar la un moment dat ace\u0219tia au \u00eenceput s\u0103 scandeze \u201ealoca\u021bii\u201d. \u00cen replic\u0103, premierul le-a spus c\u0103 nu au \u201edep\u0103\u0219it v\u00e2rsta copiilor\u201d \u0219i c\u0103 \u00eei \u00een\u021belege c\u0103 \u201ele trebuie bani de buzunar\u201d.<\/p>\n<p>\u201eNu a\u021bi dep\u0103\u0219it v\u00e2rsta copiilor. Vre\u021bi aloca\u021bii\u2026 Eu credeam c\u0103 sunt pentru copii, nu pentru parlamentari, dar \u00een fine. Dac\u0103 sunte\u021bi la v\u00e2rsta copiilor, asta este. V\u0103 \u00een\u021beleg c\u0103 v\u0103 trebuie bani de buzunar, asta este\u201d, a declarat premierul. (conf. Jurnalist.ro)<\/p>\n","protected":false},"excerpt":{"rendered":"<p>Florin C\u00ee\u021bu \u00een Parlament: \u201dDac\u0103 sunte\u021bi la v\u00e2rsta copiilor, asta este, v\u0103 \u00een\u021beleg c\u0103 v\u0103 trebuie bani de buzunar\u201d Florin<\/p>\n","protected":false},"author":1,"featured_media":4315,"comment_status":"open","ping_status":"open","sticky":false,"template":"","format":"standard","meta":{"colormag_page_container_layout":"default_layout","colormag_page_sidebar_layout":"default_layout","footnotes":""},"categories":[5],"tags":[],"class_list":["post-4314","post","type-post","status-publish","format-standard","has-post-thumbnail","hentry","category-locale"],"yoast_head":"<!-- This site is optimized with the Yoast SEO plugin v27.0 - https:\/\/yoast.com\/product\/yoast-seo-wordpress\/ -->\n<title>\u201dDac\u0103 sunte\u021bi la v\u00e2rsta copiilor, asta este, v\u0103 \u00een\u021beleg c\u0103 v\u0103 trebuie bani de buzunar\u201d - MHF Photography<\/title>\n<meta name=\"robots\" content=\"index, follow, max-snippet:-1, max-image-preview:large, max-video-preview:-1\" \/>\n<link rel=\"canonical\" href=\"https:\/\/mhf.ro\/mm\/daca-sunteti-la-varsta-copiilor-asta-este-va-inteleg-ca-va-trebuie-bani-de-buzunar\/\" \/>\n<meta property=\"og:locale\" content=\"ro_RO\" \/>\n<meta property=\"og:type\" content=\"article\" \/>\n<meta property=\"og:title\" content=\"\u201dDac\u0103 sunte\u021bi la v\u00e2rsta copiilor, asta este, v\u0103 \u00een\u021beleg c\u0103 v\u0103 trebuie bani de buzunar\u201d - MHF Photography\" \/>\n<meta property=\"og:description\" content=\"Florin C\u00ee\u021bu \u00een Parlament: \u201dDac\u0103 sunte\u021bi la v\u00e2rsta copiilor, asta este, v\u0103 \u00een\u021beleg c\u0103 v\u0103 trebuie bani de buzunar\u201d Florin\" \/>\n<meta property=\"og:url\" content=\"https:\/\/mhf.ro\/mm\/daca-sunteti-la-varsta-copiilor-asta-este-va-inteleg-ca-va-trebuie-bani-de-buzunar\/\" \/>\n<meta property=\"og:site_name\" content=\"MHF Photography\" \/>\n<meta property=\"article:published_time\" content=\"2021-03-02T07:05:53+00:00\" \/>\n<meta property=\"og:image\" content=\"https:\/\/mhf.ro\/mm\/wp-content\/uploads\/2021\/03\/citu-845x445-1.png\" \/>\n\t<meta property=\"og:image:width\" content=\"845\" \/>\n\t<meta property=\"og:image:height\" content=\"445\" \/>\n\t<meta property=\"og:image:type\" content=\"image\/png\" \/>\n<meta name=\"author\" content=\"Marius Marcu\" \/>\n<meta name=\"twitter:card\" content=\"summary_large_image\" \/>\n<meta name=\"twitter:label1\" content=\"Scris de\" \/>\n\t<meta name=\"twitter:data1\" content=\"Marius Marcu\" \/>\n\t<meta name=\"twitter:label2\" content=\"Timp estimat pentru citire\" \/>\n\t<meta name=\"twitter:data2\" content=\"1 minut\" \/>\n<script type=\"application\/ld+json\" class=\"yoast-schema-graph\">{\"@context\":\"https:\/\/schema.org\",\"@graph\":[{\"@type\":\"Article\",\"@id\":\"https:\/\/mhf.ro\/mm\/daca-sunteti-la-varsta-copiilor-asta-este-va-inteleg-ca-va-trebuie-bani-de-buzunar\/#article\",\"isPartOf\":{\"@id\":\"https:\/\/mhf.ro\/mm\/daca-sunteti-la-varsta-copiilor-asta-este-va-inteleg-ca-va-trebuie-bani-de-buzunar\/\"},\"author\":{\"name\":\"Marius Marcu\",\"@id\":\"https:\/\/mhf.ro\/mm\/#\/schema\/person\/a3bebf7bdb4bf12f698aff73c7e46c21\"},\"headline\":\"\u201dDac\u0103 sunte\u021bi la v\u00e2rsta copiilor, asta este, v\u0103 \u00een\u021beleg c\u0103 v\u0103 trebuie bani de buzunar\u201d\",\"datePublished\":\"2021-03-02T07:05:53+00:00\",\"mainEntityOfPage\":{\"@id\":\"https:\/\/mhf.ro\/mm\/daca-sunteti-la-varsta-copiilor-asta-este-va-inteleg-ca-va-trebuie-bani-de-buzunar\/\"},\"wordCount\":170,\"commentCount\":0,\"publisher\":{\"@id\":\"https:\/\/mhf.ro\/mm\/#\/schema\/person\/a3bebf7bdb4bf12f698aff73c7e46c21\"},\"image\":{\"@id\":\"https:\/\/mhf.ro\/mm\/daca-sunteti-la-varsta-copiilor-asta-este-va-inteleg-ca-va-trebuie-bani-de-buzunar\/#primaryimage\"},\"thumbnailUrl\":\"https:\/\/mhf.ro\/mm\/wp-content\/uploads\/2021\/03\/citu-845x445-1.png\",\"articleSection\":[\"Locale\"],\"inLanguage\":\"ro-RO\",\"potentialAction\":[{\"@type\":\"CommentAction\",\"name\":\"Comment\",\"target\":[\"https:\/\/mhf.ro\/mm\/daca-sunteti-la-varsta-copiilor-asta-este-va-inteleg-ca-va-trebuie-bani-de-buzunar\/#respond\"]}]},{\"@type\":\"WebPage\",\"@id\":\"https:\/\/mhf.ro\/mm\/daca-sunteti-la-varsta-copiilor-asta-este-va-inteleg-ca-va-trebuie-bani-de-buzunar\/\",\"url\":\"https:\/\/mhf.ro\/mm\/daca-sunteti-la-varsta-copiilor-asta-este-va-inteleg-ca-va-trebuie-bani-de-buzunar\/\",\"name\":\"\u201dDac\u0103 sunte\u021bi la v\u00e2rsta copiilor, asta este, v\u0103 \u00een\u021beleg c\u0103 v\u0103 trebuie bani de buzunar\u201d - MHF Photography\",\"isPartOf\":{\"@id\":\"https:\/\/mhf.ro\/mm\/#website\"},\"primaryImageOfPage\":{\"@id\":\"https:\/\/mhf.ro\/mm\/daca-sunteti-la-varsta-copiilor-asta-este-va-inteleg-ca-va-trebuie-bani-de-buzunar\/#primaryimage\"},\"image\":{\"@id\":\"https:\/\/mhf.ro\/mm\/daca-sunteti-la-varsta-copiilor-asta-este-va-inteleg-ca-va-trebuie-bani-de-buzunar\/#primaryimage\"},\"thumbnailUrl\":\"https:\/\/mhf.ro\/mm\/wp-content\/uploads\/2021\/03\/citu-845x445-1.png\",\"datePublished\":\"2021-03-02T07:05:53+00:00\",\"breadcrumb\":{\"@id\":\"https:\/\/mhf.ro\/mm\/daca-sunteti-la-varsta-copiilor-asta-este-va-inteleg-ca-va-trebuie-bani-de-buzunar\/#breadcrumb\"},\"inLanguage\":\"ro-RO\",\"potentialAction\":[{\"@type\":\"ReadAction\",\"target\":[\"https:\/\/mhf.ro\/mm\/daca-sunteti-la-varsta-copiilor-asta-este-va-inteleg-ca-va-trebuie-bani-de-buzunar\/\"]}]},{\"@type\":\"ImageObject\",\"inLanguage\":\"ro-RO\",\"@id\":\"https:\/\/mhf.ro\/mm\/daca-sunteti-la-varsta-copiilor-asta-este-va-inteleg-ca-va-trebuie-bani-de-buzunar\/#primaryimage\",\"url\":\"https:\/\/mhf.ro\/mm\/wp-content\/uploads\/2021\/03\/citu-845x445-1.png\",\"contentUrl\":\"https:\/\/mhf.ro\/mm\/wp-content\/uploads\/2021\/03\/citu-845x445-1.png\",\"width\":845,\"height\":445},{\"@type\":\"BreadcrumbList\",\"@id\":\"https:\/\/mhf.ro\/mm\/daca-sunteti-la-varsta-copiilor-asta-este-va-inteleg-ca-va-trebuie-bani-de-buzunar\/#breadcrumb\",\"itemListElement\":[{\"@type\":\"ListItem\",\"position\":1,\"name\":\"Prima pagin\u0103\",\"item\":\"https:\/\/mhf.ro\/mm\/\"},{\"@type\":\"ListItem\",\"position\":2,\"name\":\"\u201dDac\u0103 sunte\u021bi la v\u00e2rsta copiilor, asta este, v\u0103 \u00een\u021beleg c\u0103 v\u0103 trebuie bani de buzunar\u201d\"}]},{\"@type\":\"WebSite\",\"@id\":\"https:\/\/mhf.ro\/mm\/#website\",\"url\":\"https:\/\/mhf.ro\/mm\/\",\"name\":\"MHF Photography \u2013 Blog de fotografie, natur\u0103 \u0219i tehnic\u0103 divers\u0103\",\"description\":\"Aventur\u0103 \u00een fiecare cadru.\",\"publisher\":{\"@id\":\"https:\/\/mhf.ro\/mm\/#\/schema\/person\/a3bebf7bdb4bf12f698aff73c7e46c21\"},\"potentialAction\":[{\"@type\":\"SearchAction\",\"target\":{\"@type\":\"EntryPoint\",\"urlTemplate\":\"https:\/\/mhf.ro\/mm\/?s={search_term_string}\"},\"query-input\":{\"@type\":\"PropertyValueSpecification\",\"valueRequired\":true,\"valueName\":\"search_term_string\"}}],\"inLanguage\":\"ro-RO\"},{\"@type\":[\"Person\",\"Organization\"],\"@id\":\"https:\/\/mhf.ro\/mm\/#\/schema\/person\/a3bebf7bdb4bf12f698aff73c7e46c21\",\"name\":\"Marius Marcu\",\"image\":{\"@type\":\"ImageObject\",\"inLanguage\":\"ro-RO\",\"@id\":\"https:\/\/mhf.ro\/mm\/#\/schema\/person\/image\/\",\"url\":\"https:\/\/mhf.ro\/mm\/wp-content\/uploads\/2025\/12\/cropped-logo_mhf_2.png\",\"contentUrl\":\"https:\/\/mhf.ro\/mm\/wp-content\/uploads\/2025\/12\/cropped-logo_mhf_2.png\",\"width\":1096,\"height\":457,\"caption\":\"Marius Marcu\"},\"logo\":{\"@id\":\"https:\/\/mhf.ro\/mm\/#\/schema\/person\/image\/\"},\"sameAs\":[\"https:\/\/mhf.ro\/mm\"],\"url\":\"https:\/\/mhf.ro\/mm\/author\/mihai\/\"}]}<\/script>\n<!-- \/ Yoast SEO plugin. -->","yoast_head_json":{"title":"\u201dDac\u0103 sunte\u021bi la v\u00e2rsta copiilor, asta este, v\u0103 \u00een\u021beleg c\u0103 v\u0103 trebuie bani de buzunar\u201d - MHF Photography","robots":{"index":"index","follow":"follow","max-snippet":"max-snippet:-1","max-image-preview":"max-image-preview:large","max-video-preview":"max-video-preview:-1"},"canonical":"https:\/\/mhf.ro\/mm\/daca-sunteti-la-varsta-copiilor-asta-este-va-inteleg-ca-va-trebuie-bani-de-buzunar\/","og_locale":"ro_RO","og_type":"article","og_title":"\u201dDac\u0103 sunte\u021bi la v\u00e2rsta copiilor, asta este, v\u0103 \u00een\u021beleg c\u0103 v\u0103 trebuie bani de buzunar\u201d - MHF Photography","og_description":"Florin C\u00ee\u021bu \u00een Parlament: \u201dDac\u0103 sunte\u021bi la v\u00e2rsta copiilor, asta este, v\u0103 \u00een\u021beleg c\u0103 v\u0103 trebuie bani de buzunar\u201d Florin","og_url":"https:\/\/mhf.ro\/mm\/daca-sunteti-la-varsta-copiilor-asta-este-va-inteleg-ca-va-trebuie-bani-de-buzunar\/","og_site_name":"MHF Photography","article_published_time":"2021-03-02T07:05:53+00:00","og_image":[{"width":845,"height":445,"url":"https:\/\/mhf.ro\/mm\/wp-content\/uploads\/2021\/03\/citu-845x445-1.png","type":"image\/png"}],"author":"Marius Marcu","twitter_card":"summary_large_image","twitter_misc":{"Scris de":"Marius Marcu","Timp estimat pentru citire":"1 minut"},"schema":{"@context":"https:\/\/schema.org","@graph":[{"@type":"Article","@id":"https:\/\/mhf.ro\/mm\/daca-sunteti-la-varsta-copiilor-asta-este-va-inteleg-ca-va-trebuie-bani-de-buzunar\/#article","isPartOf":{"@id":"https:\/\/mhf.ro\/mm\/daca-sunteti-la-varsta-copiilor-asta-este-va-inteleg-ca-va-trebuie-bani-de-buzunar\/"},"author":{"name":"Marius Marcu","@id":"https:\/\/mhf.ro\/mm\/#\/schema\/person\/a3bebf7bdb4bf12f698aff73c7e46c21"},"headline":"\u201dDac\u0103 sunte\u021bi la v\u00e2rsta copiilor, asta este, v\u0103 \u00een\u021beleg c\u0103 v\u0103 trebuie bani de buzunar\u201d","datePublished":"2021-03-02T07:05:53+00:00","mainEntityOfPage":{"@id":"https:\/\/mhf.ro\/mm\/daca-sunteti-la-varsta-copiilor-asta-este-va-inteleg-ca-va-trebuie-bani-de-buzunar\/"},"wordCount":170,"commentCount":0,"publisher":{"@id":"https:\/\/mhf.ro\/mm\/#\/schema\/person\/a3bebf7bdb4bf12f698aff73c7e46c21"},"image":{"@id":"https:\/\/mhf.ro\/mm\/daca-sunteti-la-varsta-copiilor-asta-este-va-inteleg-ca-va-trebuie-bani-de-buzunar\/#primaryimage"},"thumbnailUrl":"https:\/\/mhf.ro\/mm\/wp-content\/uploads\/2021\/03\/citu-845x445-1.png","articleSection":["Locale"],"inLanguage":"ro-RO","potentialAction":[{"@type":"CommentAction","name":"Comment","target":["https:\/\/mhf.ro\/mm\/daca-sunteti-la-varsta-copiilor-asta-este-va-inteleg-ca-va-trebuie-bani-de-buzunar\/#respond"]}]},{"@type":"WebPage","@id":"https:\/\/mhf.ro\/mm\/daca-sunteti-la-varsta-copiilor-asta-este-va-inteleg-ca-va-trebuie-bani-de-buzunar\/","url":"https:\/\/mhf.ro\/mm\/daca-sunteti-la-varsta-copiilor-asta-este-va-inteleg-ca-va-trebuie-bani-de-buzunar\/","name":"\u201dDac\u0103 sunte\u021bi la v\u00e2rsta copiilor, asta este, v\u0103 \u00een\u021beleg c\u0103 v\u0103 trebuie bani de buzunar\u201d - MHF Photography","isPartOf":{"@id":"https:\/\/mhf.ro\/mm\/#website"},"primaryImageOfPage":{"@id":"https:\/\/mhf.ro\/mm\/daca-sunteti-la-varsta-copiilor-asta-este-va-inteleg-ca-va-trebuie-bani-de-buzunar\/#primaryimage"},"image":{"@id":"https:\/\/mhf.ro\/mm\/daca-sunteti-la-varsta-copiilor-asta-este-va-inteleg-ca-va-trebuie-bani-de-buzunar\/#primaryimage"},"thumbnailUrl":"https:\/\/mhf.ro\/mm\/wp-content\/uploads\/2021\/03\/citu-845x445-1.png","datePublished":"2021-03-02T07:05:53+00:00","breadcrumb":{"@id":"https:\/\/mhf.ro\/mm\/daca-sunteti-la-varsta-copiilor-asta-este-va-inteleg-ca-va-trebuie-bani-de-buzunar\/#breadcrumb"},"inLanguage":"ro-RO","potentialAction":[{"@type":"ReadAction","target":["https:\/\/mhf.ro\/mm\/daca-sunteti-la-varsta-copiilor-asta-este-va-inteleg-ca-va-trebuie-bani-de-buzunar\/"]}]},{"@type":"ImageObject","inLanguage":"ro-RO","@id":"https:\/\/mhf.ro\/mm\/daca-sunteti-la-varsta-copiilor-asta-este-va-inteleg-ca-va-trebuie-bani-de-buzunar\/#primaryimage","url":"https:\/\/mhf.ro\/mm\/wp-content\/uploads\/2021\/03\/citu-845x445-1.png","contentUrl":"https:\/\/mhf.ro\/mm\/wp-content\/uploads\/2021\/03\/citu-845x445-1.png","width":845,"height":445},{"@type":"BreadcrumbList","@id":"https:\/\/mhf.ro\/mm\/daca-sunteti-la-varsta-copiilor-asta-este-va-inteleg-ca-va-trebuie-bani-de-buzunar\/#breadcrumb","itemListElement":[{"@type":"ListItem","position":1,"name":"Prima pagin\u0103","item":"https:\/\/mhf.ro\/mm\/"},{"@type":"ListItem","position":2,"name":"\u201dDac\u0103 sunte\u021bi la v\u00e2rsta copiilor, asta este, v\u0103 \u00een\u021beleg c\u0103 v\u0103 trebuie bani de buzunar\u201d"}]},{"@type":"WebSite","@id":"https:\/\/mhf.ro\/mm\/#website","url":"https:\/\/mhf.ro\/mm\/","name":"MHF Photography \u2013 Blog de fotografie, natur\u0103 \u0219i tehnic\u0103 divers\u0103","description":"Aventur\u0103 \u00een fiecare cadru.","publisher":{"@id":"https:\/\/mhf.ro\/mm\/#\/schema\/person\/a3bebf7bdb4bf12f698aff73c7e46c21"},"potentialAction":[{"@type":"SearchAction","target":{"@type":"EntryPoint","urlTemplate":"https:\/\/mhf.ro\/mm\/?s={search_term_string}"},"query-input":{"@type":"PropertyValueSpecification","valueRequired":true,"valueName":"search_term_string"}}],"inLanguage":"ro-RO"},{"@type":["Person","Organization"],"@id":"https:\/\/mhf.ro\/mm\/#\/schema\/person\/a3bebf7bdb4bf12f698aff73c7e46c21","name":"Marius Marcu","image":{"@type":"ImageObject","inLanguage":"ro-RO","@id":"https:\/\/mhf.ro\/mm\/#\/schema\/person\/image\/","url":"https:\/\/mhf.ro\/mm\/wp-content\/uploads\/2025\/12\/cropped-logo_mhf_2.png","contentUrl":"https:\/\/mhf.ro\/mm\/wp-content\/uploads\/2025\/12\/cropped-logo_mhf_2.png","width":1096,"height":457,"caption":"Marius Marcu"},"logo":{"@id":"https:\/\/mhf.ro\/mm\/#\/schema\/person\/image\/"},"sameAs":["https:\/\/mhf.ro\/mm"],"url":"https:\/\/mhf.ro\/mm\/author\/mihai\/"}]}},"_links":{"self":[{"href":"https:\/\/mhf.ro\/mm\/wp-json\/wp\/v2\/posts\/4314","targetHints":{"allow":["GET"]}}],"collection":[{"href":"https:\/\/mhf.ro\/mm\/wp-json\/wp\/v2\/posts"}],"about":[{"href":"https:\/\/mhf.ro\/mm\/wp-json\/wp\/v2\/types\/post"}],"author":[{"embeddable":true,"href":"https:\/\/mhf.ro\/mm\/wp-json\/wp\/v2\/users\/1"}],"replies":[{"embeddable":true,"href":"https:\/\/mhf.ro\/mm\/wp-json\/wp\/v2\/comments?post=4314"}],"version-history":[{"count":1,"href":"https:\/\/mhf.ro\/mm\/wp-json\/wp\/v2\/posts\/4314\/revisions"}],"predecessor-version":[{"id":4316,"href":"https:\/\/mhf.ro\/mm\/wp-json\/wp\/v2\/posts\/4314\/revisions\/4316"}],"wp:featuredmedia":[{"embeddable":true,"href":"https:\/\/mhf.ro\/mm\/wp-json\/wp\/v2\/media\/4315"}],"wp:attachment":[{"href":"https:\/\/mhf.ro\/mm\/wp-json\/wp\/v2\/media?parent=4314"}],"wp:term":[{"taxonomy":"category","embeddable":true,"href":"https:\/\/mhf.ro\/mm\/wp-json\/wp\/v2\/categories?post=4314"},{"taxonomy":"post_tag","embeddable":true,"href":"https:\/\/mhf.ro\/mm\/wp-json\/wp\/v2\/tags?post=4314"}],"curies":[{"name":"wp","href":"https:\/\/api.w.org\/{rel}","templated":true}]}}