{"id":4318,"date":"2021-03-02T10:51:33","date_gmt":"2021-03-02T08:51:33","guid":{"rendered":"https:\/\/mhf.ro\/mm\/?p=4318"},"modified":"2021-03-02T10:51:33","modified_gmt":"2021-03-02T08:51:33","slug":"muntele-maslinilor","status":"publish","type":"post","link":"https:\/\/mhf.ro\/mm\/muntele-maslinilor\/","title":{"rendered":"Muntele Maslinilor"},"content":{"rendered":"<p>Dup\u0103 o prea lung\u0103 \u00eentrerupere, relu\u0103m c\u0103l\u0103toria imaginar\u0103 prin \u021aara Sf\u00e2nt\u0103.<\/p>\n<p>De aceast\u0103 dat\u0103 facem un popas la marginea Ierusalimului. A\u0219a-numitul Muntele M\u0103slinilor este o colin\u0103 care era c\u00e2ndva acoperit\u0103 cu m\u0103slini. Un petec de gr\u0103din\u0103 cu m\u0103slini este p\u00e2n\u0103 \u00een zilele noastre, Gr\u0103dina Ghe\u021bimani, nume st\u00e2lcit de eleni\u0219ti din aramaicul Ghe\u0219rimani. \u00cen leg\u0103tur\u0103 cu Muntele M\u0103slinilor, se mai folose\u0219te \u0219i denumirea de Eleon sau Muntele Eleonului cu referire la un pisc. \u00cen istorie a r\u0103mas cunoscut Muntele Scopus, un alt v\u00e2rf al aceleia\u0219i coline, cel mai \u00eenalt, unde era punctul de observa\u021bie al armatei romane din timpul revoltei iudaice (anii 66-70 dup\u0103 Hristos).<\/p>\n<p>Dar s\u0103 parcurgem treptat Muntele M\u0103slinilor de sus \u00een jos, cu obiectivele de pelerinaj \u00een ordinea a\u0219ez\u0103rii lor nu \u00een ordinea evenimentelor legate de ele.<\/p>\n<p>1. M\u0103n\u0103stirea Ruseasc\u0103 de pe Eleon. Este locul de unde priveau apostolii \u0219i Sf\u00e2nta Fecioar\u0103 Maria, \u00een\u0103l\u021barea Domnului la cer. Tot aici a fost \u00eengropat capul Sf\u00e2ntului Ioan Botez\u0103torul. Aici vie\u021buiesc \u0219i maici din Rom\u00e2nia dintre care cea mai impresionant\u0103 este venerabila maic\u0103 Petronia.<\/p>\n<p>2. Locul \u00cen\u0103l\u021b\u0103rii. Se pot observa urmele unei impun\u0103toare bazilici bizantine octogonale. Actualmente e o mic\u0103 moschee.<\/p>\n<p>3. Biserica ,,Pater Noster\u201d, m\u0103n\u0103stire catolic\u0103 ce marcheaz\u0103 locul unde M\u00e2ntuitorul a predat rug\u0103ciunea Tat\u0103l nostru.<\/p>\n<p>4. M\u0103n\u0103stirea ruseasc\u0103 ,,Maria Magdalena\u201d ce ad\u0103poste\u0219te \u0219i mo\u0219tele \u00eentregi a dou\u0103 cuvioase rusoaice: Varvara \u0219i Elisabeta Romanova- fost\u0103 membr\u0103 a familiei imperiale ruse.<\/p>\n<p>5. Biserica Na\u021biunilor pe locul agoniei M\u00e2ntuitorului, din Gr\u0103dina Ghe\u021bimani, a fost construit\u0103 \u00een sec. XX cu fonduri din mai multe \u021b\u0103ri. Are 12 cupole ca o trimitere la num\u0103rul apostolilor.<\/p>\n<p>6. Morm\u00e2ntul Maicii Domnului este de fapt o biseric\u0103 subteran\u0103 construit\u0103 ca un ansamblu de bol\u021bi semicilindrice, de crucia\u021bi. \u00cen cuprinsul ei sunt mormintele Sf. Ioachim \u0219i Ana, p\u0103rin\u021bii Maicii Domnului, precum \u0219i al dreptului Iosif, logodnicul Mariei. \u00cen spatele morm\u00e2ntului gol al Maicii Domnului se afl\u0103 o impozant\u0103 icoan\u0103 f\u0103c\u0103toare de minuni, a Maicii Domnului.<\/p>\n<p>7. \u00cen dreapta intr\u0103rii bisericii de mai sus, este locul tr\u0103d\u0103rii, locul s\u0103rut\u0103rii pref\u0103cute al lui Iuda.<\/p>\n<p>&nbsp;<\/p>\n","protected":false},"excerpt":{"rendered":"<p>Dup\u0103 o prea lung\u0103 \u00eentrerupere, relu\u0103m c\u0103l\u0103toria imaginar\u0103 prin \u021aara Sf\u00e2nt\u0103. De aceast\u0103 dat\u0103 facem un popas la marginea Ierusalimului.<\/p>\n","protected":false},"author":4,"featured_media":4319,"comment_status":"open","ping_status":"open","sticky":false,"template":"","format":"standard","meta":{"colormag_page_container_layout":"default_layout","colormag_page_sidebar_layout":"default_layout","footnotes":""},"categories":[5,34],"tags":[],"class_list":["post-4318","post","type-post","status-publish","format-standard","has-post-thumbnail","hentry","category-locale","category-religie"],"yoast_head":"<!-- This site is optimized with the Yoast SEO plugin v27.0 - https:\/\/yoast.com\/product\/yoast-seo-wordpress\/ -->\n<title>Muntele Maslinilor - MHF Photography<\/title>\n<meta name=\"robots\" content=\"index, follow, max-snippet:-1, max-image-preview:large, max-video-preview:-1\" \/>\n<link rel=\"canonical\" href=\"https:\/\/mhf.ro\/mm\/muntele-maslinilor\/\" \/>\n<meta property=\"og:locale\" content=\"ro_RO\" \/>\n<meta property=\"og:type\" content=\"article\" \/>\n<meta property=\"og:title\" content=\"Muntele Maslinilor - MHF Photography\" \/>\n<meta property=\"og:description\" content=\"Dup\u0103 o prea lung\u0103 \u00eentrerupere, relu\u0103m c\u0103l\u0103toria imaginar\u0103 prin \u021aara Sf\u00e2nt\u0103. De aceast\u0103 dat\u0103 facem un popas la marginea Ierusalimului.\" \/>\n<meta property=\"og:url\" content=\"https:\/\/mhf.ro\/mm\/muntele-maslinilor\/\" \/>\n<meta property=\"og:site_name\" content=\"MHF Photography\" \/>\n<meta property=\"article:published_time\" content=\"2021-03-02T08:51:33+00:00\" \/>\n<meta property=\"og:image\" content=\"https:\/\/mhf.ro\/mm\/wp-content\/uploads\/2021\/03\/muntele_maslinilor_-_foto_silviu_cluci_8761_0.jpg\" \/>\n\t<meta property=\"og:image:width\" content=\"2500\" \/>\n\t<meta property=\"og:image:height\" content=\"1669\" \/>\n\t<meta property=\"og:image:type\" content=\"image\/jpeg\" \/>\n<meta name=\"author\" content=\"Preot paroh Horvat Petru\" \/>\n<meta name=\"twitter:card\" content=\"summary_large_image\" \/>\n<meta name=\"twitter:label1\" content=\"Scris de\" \/>\n\t<meta name=\"twitter:data1\" content=\"Preot paroh Horvat Petru\" \/>\n\t<meta name=\"twitter:label2\" content=\"Timp estimat pentru citire\" \/>\n\t<meta name=\"twitter:data2\" content=\"2 minute\" \/>\n<script type=\"application\/ld+json\" class=\"yoast-schema-graph\">{\"@context\":\"https:\/\/schema.org\",\"@graph\":[{\"@type\":\"Article\",\"@id\":\"https:\/\/mhf.ro\/mm\/muntele-maslinilor\/#article\",\"isPartOf\":{\"@id\":\"https:\/\/mhf.ro\/mm\/muntele-maslinilor\/\"},\"author\":{\"name\":\"Preot paroh Horvat Petru\",\"@id\":\"https:\/\/mhf.ro\/mm\/#\/schema\/person\/4c8c06c801b7b666e81ed44550086900\"},\"headline\":\"Muntele Maslinilor\",\"datePublished\":\"2021-03-02T08:51:33+00:00\",\"mainEntityOfPage\":{\"@id\":\"https:\/\/mhf.ro\/mm\/muntele-maslinilor\/\"},\"wordCount\":396,\"commentCount\":0,\"publisher\":{\"@id\":\"https:\/\/mhf.ro\/mm\/#\/schema\/person\/a3bebf7bdb4bf12f698aff73c7e46c21\"},\"image\":{\"@id\":\"https:\/\/mhf.ro\/mm\/muntele-maslinilor\/#primaryimage\"},\"thumbnailUrl\":\"https:\/\/mhf.ro\/mm\/wp-content\/uploads\/2021\/03\/muntele_maslinilor_-_foto_silviu_cluci_8761_0.jpg\",\"articleSection\":[\"Locale\",\"Religie\"],\"inLanguage\":\"ro-RO\",\"potentialAction\":[{\"@type\":\"CommentAction\",\"name\":\"Comment\",\"target\":[\"https:\/\/mhf.ro\/mm\/muntele-maslinilor\/#respond\"]}]},{\"@type\":\"WebPage\",\"@id\":\"https:\/\/mhf.ro\/mm\/muntele-maslinilor\/\",\"url\":\"https:\/\/mhf.ro\/mm\/muntele-maslinilor\/\",\"name\":\"Muntele Maslinilor - MHF Photography\",\"isPartOf\":{\"@id\":\"https:\/\/mhf.ro\/mm\/#website\"},\"primaryImageOfPage\":{\"@id\":\"https:\/\/mhf.ro\/mm\/muntele-maslinilor\/#primaryimage\"},\"image\":{\"@id\":\"https:\/\/mhf.ro\/mm\/muntele-maslinilor\/#primaryimage\"},\"thumbnailUrl\":\"https:\/\/mhf.ro\/mm\/wp-content\/uploads\/2021\/03\/muntele_maslinilor_-_foto_silviu_cluci_8761_0.jpg\",\"datePublished\":\"2021-03-02T08:51:33+00:00\",\"breadcrumb\":{\"@id\":\"https:\/\/mhf.ro\/mm\/muntele-maslinilor\/#breadcrumb\"},\"inLanguage\":\"ro-RO\",\"potentialAction\":[{\"@type\":\"ReadAction\",\"target\":[\"https:\/\/mhf.ro\/mm\/muntele-maslinilor\/\"]}]},{\"@type\":\"ImageObject\",\"inLanguage\":\"ro-RO\",\"@id\":\"https:\/\/mhf.ro\/mm\/muntele-maslinilor\/#primaryimage\",\"url\":\"https:\/\/mhf.ro\/mm\/wp-content\/uploads\/2021\/03\/muntele_maslinilor_-_foto_silviu_cluci_8761_0.jpg\",\"contentUrl\":\"https:\/\/mhf.ro\/mm\/wp-content\/uploads\/2021\/03\/muntele_maslinilor_-_foto_silviu_cluci_8761_0.jpg\",\"width\":2500,\"height\":1669},{\"@type\":\"BreadcrumbList\",\"@id\":\"https:\/\/mhf.ro\/mm\/muntele-maslinilor\/#breadcrumb\",\"itemListElement\":[{\"@type\":\"ListItem\",\"position\":1,\"name\":\"Prima pagin\u0103\",\"item\":\"https:\/\/mhf.ro\/mm\/\"},{\"@type\":\"ListItem\",\"position\":2,\"name\":\"Muntele Maslinilor\"}]},{\"@type\":\"WebSite\",\"@id\":\"https:\/\/mhf.ro\/mm\/#website\",\"url\":\"https:\/\/mhf.ro\/mm\/\",\"name\":\"MHF Photography \u2013 Blog de fotografie, natur\u0103 \u0219i tehnic\u0103 divers\u0103\",\"description\":\"Aventur\u0103 \u00een fiecare cadru.\",\"publisher\":{\"@id\":\"https:\/\/mhf.ro\/mm\/#\/schema\/person\/a3bebf7bdb4bf12f698aff73c7e46c21\"},\"potentialAction\":[{\"@type\":\"SearchAction\",\"target\":{\"@type\":\"EntryPoint\",\"urlTemplate\":\"https:\/\/mhf.ro\/mm\/?s={search_term_string}\"},\"query-input\":{\"@type\":\"PropertyValueSpecification\",\"valueRequired\":true,\"valueName\":\"search_term_string\"}}],\"inLanguage\":\"ro-RO\"},{\"@type\":[\"Person\",\"Organization\"],\"@id\":\"https:\/\/mhf.ro\/mm\/#\/schema\/person\/a3bebf7bdb4bf12f698aff73c7e46c21\",\"name\":\"Marius Marcu\",\"image\":{\"@type\":\"ImageObject\",\"inLanguage\":\"ro-RO\",\"@id\":\"https:\/\/mhf.ro\/mm\/#\/schema\/person\/image\/\",\"url\":\"https:\/\/mhf.ro\/mm\/wp-content\/uploads\/2025\/12\/cropped-logo_mhf_2.png\",\"contentUrl\":\"https:\/\/mhf.ro\/mm\/wp-content\/uploads\/2025\/12\/cropped-logo_mhf_2.png\",\"width\":1096,\"height\":457,\"caption\":\"Marius Marcu\"},\"logo\":{\"@id\":\"https:\/\/mhf.ro\/mm\/#\/schema\/person\/image\/\"},\"sameAs\":[\"https:\/\/mhf.ro\/mm\"]},{\"@type\":\"Person\",\"@id\":\"https:\/\/mhf.ro\/mm\/#\/schema\/person\/4c8c06c801b7b666e81ed44550086900\",\"name\":\"Preot paroh Horvat Petru\",\"image\":{\"@type\":\"ImageObject\",\"inLanguage\":\"ro-RO\",\"@id\":\"https:\/\/mhf.ro\/mm\/#\/schema\/person\/image\/\",\"url\":\"https:\/\/secure.gravatar.com\/avatar\/c2d2dcdf21c6f41aad486d71768c144cd6e23cb7b63bae9bd6fab542b26ad321?s=96&d=monsterid&r=g\",\"contentUrl\":\"https:\/\/secure.gravatar.com\/avatar\/c2d2dcdf21c6f41aad486d71768c144cd6e23cb7b63bae9bd6fab542b26ad321?s=96&d=monsterid&r=g\",\"caption\":\"Preot paroh Horvat Petru\"},\"sameAs\":[\"https:\/\/mhf.ro\/mm\"],\"url\":\"https:\/\/mhf.ro\/mm\/author\/petrica\/\"}]}<\/script>\n<!-- \/ Yoast SEO plugin. -->","yoast_head_json":{"title":"Muntele Maslinilor - MHF Photography","robots":{"index":"index","follow":"follow","max-snippet":"max-snippet:-1","max-image-preview":"max-image-preview:large","max-video-preview":"max-video-preview:-1"},"canonical":"https:\/\/mhf.ro\/mm\/muntele-maslinilor\/","og_locale":"ro_RO","og_type":"article","og_title":"Muntele Maslinilor - MHF Photography","og_description":"Dup\u0103 o prea lung\u0103 \u00eentrerupere, relu\u0103m c\u0103l\u0103toria imaginar\u0103 prin \u021aara Sf\u00e2nt\u0103. De aceast\u0103 dat\u0103 facem un popas la marginea Ierusalimului.","og_url":"https:\/\/mhf.ro\/mm\/muntele-maslinilor\/","og_site_name":"MHF Photography","article_published_time":"2021-03-02T08:51:33+00:00","og_image":[{"width":2500,"height":1669,"url":"https:\/\/mhf.ro\/mm\/wp-content\/uploads\/2021\/03\/muntele_maslinilor_-_foto_silviu_cluci_8761_0.jpg","type":"image\/jpeg"}],"author":"Preot paroh Horvat Petru","twitter_card":"summary_large_image","twitter_misc":{"Scris de":"Preot paroh Horvat Petru","Timp estimat pentru citire":"2 minute"},"schema":{"@context":"https:\/\/schema.org","@graph":[{"@type":"Article","@id":"https:\/\/mhf.ro\/mm\/muntele-maslinilor\/#article","isPartOf":{"@id":"https:\/\/mhf.ro\/mm\/muntele-maslinilor\/"},"author":{"name":"Preot paroh Horvat Petru","@id":"https:\/\/mhf.ro\/mm\/#\/schema\/person\/4c8c06c801b7b666e81ed44550086900"},"headline":"Muntele Maslinilor","datePublished":"2021-03-02T08:51:33+00:00","mainEntityOfPage":{"@id":"https:\/\/mhf.ro\/mm\/muntele-maslinilor\/"},"wordCount":396,"commentCount":0,"publisher":{"@id":"https:\/\/mhf.ro\/mm\/#\/schema\/person\/a3bebf7bdb4bf12f698aff73c7e46c21"},"image":{"@id":"https:\/\/mhf.ro\/mm\/muntele-maslinilor\/#primaryimage"},"thumbnailUrl":"https:\/\/mhf.ro\/mm\/wp-content\/uploads\/2021\/03\/muntele_maslinilor_-_foto_silviu_cluci_8761_0.jpg","articleSection":["Locale","Religie"],"inLanguage":"ro-RO","potentialAction":[{"@type":"CommentAction","name":"Comment","target":["https:\/\/mhf.ro\/mm\/muntele-maslinilor\/#respond"]}]},{"@type":"WebPage","@id":"https:\/\/mhf.ro\/mm\/muntele-maslinilor\/","url":"https:\/\/mhf.ro\/mm\/muntele-maslinilor\/","name":"Muntele Maslinilor - MHF Photography","isPartOf":{"@id":"https:\/\/mhf.ro\/mm\/#website"},"primaryImageOfPage":{"@id":"https:\/\/mhf.ro\/mm\/muntele-maslinilor\/#primaryimage"},"image":{"@id":"https:\/\/mhf.ro\/mm\/muntele-maslinilor\/#primaryimage"},"thumbnailUrl":"https:\/\/mhf.ro\/mm\/wp-content\/uploads\/2021\/03\/muntele_maslinilor_-_foto_silviu_cluci_8761_0.jpg","datePublished":"2021-03-02T08:51:33+00:00","breadcrumb":{"@id":"https:\/\/mhf.ro\/mm\/muntele-maslinilor\/#breadcrumb"},"inLanguage":"ro-RO","potentialAction":[{"@type":"ReadAction","target":["https:\/\/mhf.ro\/mm\/muntele-maslinilor\/"]}]},{"@type":"ImageObject","inLanguage":"ro-RO","@id":"https:\/\/mhf.ro\/mm\/muntele-maslinilor\/#primaryimage","url":"https:\/\/mhf.ro\/mm\/wp-content\/uploads\/2021\/03\/muntele_maslinilor_-_foto_silviu_cluci_8761_0.jpg","contentUrl":"https:\/\/mhf.ro\/mm\/wp-content\/uploads\/2021\/03\/muntele_maslinilor_-_foto_silviu_cluci_8761_0.jpg","width":2500,"height":1669},{"@type":"BreadcrumbList","@id":"https:\/\/mhf.ro\/mm\/muntele-maslinilor\/#breadcrumb","itemListElement":[{"@type":"ListItem","position":1,"name":"Prima pagin\u0103","item":"https:\/\/mhf.ro\/mm\/"},{"@type":"ListItem","position":2,"name":"Muntele Maslinilor"}]},{"@type":"WebSite","@id":"https:\/\/mhf.ro\/mm\/#website","url":"https:\/\/mhf.ro\/mm\/","name":"MHF Photography \u2013 Blog de fotografie, natur\u0103 \u0219i tehnic\u0103 divers\u0103","description":"Aventur\u0103 \u00een fiecare cadru.","publisher":{"@id":"https:\/\/mhf.ro\/mm\/#\/schema\/person\/a3bebf7bdb4bf12f698aff73c7e46c21"},"potentialAction":[{"@type":"SearchAction","target":{"@type":"EntryPoint","urlTemplate":"https:\/\/mhf.ro\/mm\/?s={search_term_string}"},"query-input":{"@type":"PropertyValueSpecification","valueRequired":true,"valueName":"search_term_string"}}],"inLanguage":"ro-RO"},{"@type":["Person","Organization"],"@id":"https:\/\/mhf.ro\/mm\/#\/schema\/person\/a3bebf7bdb4bf12f698aff73c7e46c21","name":"Marius Marcu","image":{"@type":"ImageObject","inLanguage":"ro-RO","@id":"https:\/\/mhf.ro\/mm\/#\/schema\/person\/image\/","url":"https:\/\/mhf.ro\/mm\/wp-content\/uploads\/2025\/12\/cropped-logo_mhf_2.png","contentUrl":"https:\/\/mhf.ro\/mm\/wp-content\/uploads\/2025\/12\/cropped-logo_mhf_2.png","width":1096,"height":457,"caption":"Marius Marcu"},"logo":{"@id":"https:\/\/mhf.ro\/mm\/#\/schema\/person\/image\/"},"sameAs":["https:\/\/mhf.ro\/mm"]},{"@type":"Person","@id":"https:\/\/mhf.ro\/mm\/#\/schema\/person\/4c8c06c801b7b666e81ed44550086900","name":"Preot paroh Horvat Petru","image":{"@type":"ImageObject","inLanguage":"ro-RO","@id":"https:\/\/mhf.ro\/mm\/#\/schema\/person\/image\/","url":"https:\/\/secure.gravatar.com\/avatar\/c2d2dcdf21c6f41aad486d71768c144cd6e23cb7b63bae9bd6fab542b26ad321?s=96&d=monsterid&r=g","contentUrl":"https:\/\/secure.gravatar.com\/avatar\/c2d2dcdf21c6f41aad486d71768c144cd6e23cb7b63bae9bd6fab542b26ad321?s=96&d=monsterid&r=g","caption":"Preot paroh Horvat Petru"},"sameAs":["https:\/\/mhf.ro\/mm"],"url":"https:\/\/mhf.ro\/mm\/author\/petrica\/"}]}},"_links":{"self":[{"href":"https:\/\/mhf.ro\/mm\/wp-json\/wp\/v2\/posts\/4318","targetHints":{"allow":["GET"]}}],"collection":[{"href":"https:\/\/mhf.ro\/mm\/wp-json\/wp\/v2\/posts"}],"about":[{"href":"https:\/\/mhf.ro\/mm\/wp-json\/wp\/v2\/types\/post"}],"author":[{"embeddable":true,"href":"https:\/\/mhf.ro\/mm\/wp-json\/wp\/v2\/users\/4"}],"replies":[{"embeddable":true,"href":"https:\/\/mhf.ro\/mm\/wp-json\/wp\/v2\/comments?post=4318"}],"version-history":[{"count":1,"href":"https:\/\/mhf.ro\/mm\/wp-json\/wp\/v2\/posts\/4318\/revisions"}],"predecessor-version":[{"id":4320,"href":"https:\/\/mhf.ro\/mm\/wp-json\/wp\/v2\/posts\/4318\/revisions\/4320"}],"wp:featuredmedia":[{"embeddable":true,"href":"https:\/\/mhf.ro\/mm\/wp-json\/wp\/v2\/media\/4319"}],"wp:attachment":[{"href":"https:\/\/mhf.ro\/mm\/wp-json\/wp\/v2\/media?parent=4318"}],"wp:term":[{"taxonomy":"category","embeddable":true,"href":"https:\/\/mhf.ro\/mm\/wp-json\/wp\/v2\/categories?post=4318"},{"taxonomy":"post_tag","embeddable":true,"href":"https:\/\/mhf.ro\/mm\/wp-json\/wp\/v2\/tags?post=4318"}],"curies":[{"name":"wp","href":"https:\/\/api.w.org\/{rel}","templated":true}]}}