{"id":4336,"date":"2021-03-08T09:12:19","date_gmt":"2021-03-08T07:12:19","guid":{"rendered":"https:\/\/mhf.ro\/mm\/?p=4336"},"modified":"2021-03-08T09:12:19","modified_gmt":"2021-03-08T07:12:19","slug":"ce-probleme-avea-tanarul-care-s-a-aruncat-in-gol","status":"publish","type":"post","link":"https:\/\/mhf.ro\/mm\/ce-probleme-avea-tanarul-care-s-a-aruncat-in-gol\/","title":{"rendered":"Ce probleme avea t\u00e2n\u0103rul care s-a aruncat \u00een gol"},"content":{"rendered":"<p>Administratorul c\u0103minului face dezv\u0103luiri despre t\u00e2n\u0103rul care s-a aruncat \u00een gol de pe acoperi\u0219. Acesta a vorbit despre problemele studentului, dar \u0219i despre procesul de negociere care a avut loc \u00eentre b\u0103iat \u0219i autorit\u0103\u021bi \u00eentr-o interven\u021bie pentru Realitatea TV.<\/p>\n<p>Potrivit acestuia, t\u00e2n\u0103rul era cazat \u00een c\u0103min de aproximativ doi ani de zile \u0219i nu a avut probleme cu administra\u021bia sau cu al\u021bi studen\u021bi.<\/p>\n<p>\u201eNu am avut niciodat\u0103 probleme, doar probleme generale cu \u00eentre\u021binerea, s\u0103 pl\u0103teasc\u0103 chiria, dar eu i-am spus, dac\u0103 vrea s\u0103 vorbeasc\u0103 cu mine, cu mare drag. Aveam \u0219i o rela\u021bie mai bun\u0103 cu el, dintre colegii mei, \u00eel mai p\u0103suiam cu chiria, \u00een sensul c\u0103 era pe 15 data scadent\u0103, putea s\u0103 pl\u0103teasc\u0103 pe 20, pe 25. Mai \u00eemi spunea ofurile lui.<\/p>\n<p>T\u00e2n\u0103rul s-a stins \u00een ciuda eforturilor f\u0103cute de medici, dup\u0103 ce a s\u0103rit \u00een gol de pe acoperi\u0219ul cl\u0103dirii, dup\u0103 mai bine de 3 ore de negocieri cu autorit\u0103\u021bile.(conf. jurnalist.ro)<\/p>\n","protected":false},"excerpt":{"rendered":"<p>Administratorul c\u0103minului face dezv\u0103luiri despre t\u00e2n\u0103rul care s-a aruncat \u00een gol de pe acoperi\u0219. Acesta a vorbit despre problemele studentului,<\/p>\n","protected":false},"author":1,"featured_media":4337,"comment_status":"open","ping_status":"open","sticky":false,"template":"","format":"standard","meta":{"colormag_page_container_layout":"default_layout","colormag_page_sidebar_layout":"default_layout","footnotes":""},"categories":[5],"tags":[],"class_list":["post-4336","post","type-post","status-publish","format-standard","has-post-thumbnail","hentry","category-locale"],"yoast_head":"<!-- This site is optimized with the Yoast SEO plugin v27.0 - https:\/\/yoast.com\/product\/yoast-seo-wordpress\/ -->\n<title>Ce probleme avea t\u00e2n\u0103rul care s-a aruncat \u00een gol - MHF Photography<\/title>\n<meta name=\"robots\" content=\"index, follow, max-snippet:-1, max-image-preview:large, max-video-preview:-1\" \/>\n<link rel=\"canonical\" href=\"https:\/\/mhf.ro\/mm\/ce-probleme-avea-tanarul-care-s-a-aruncat-in-gol\/\" \/>\n<meta property=\"og:locale\" content=\"ro_RO\" \/>\n<meta property=\"og:type\" content=\"article\" \/>\n<meta property=\"og:title\" content=\"Ce probleme avea t\u00e2n\u0103rul care s-a aruncat \u00een gol - MHF Photography\" \/>\n<meta property=\"og:description\" content=\"Administratorul c\u0103minului face dezv\u0103luiri despre t\u00e2n\u0103rul care s-a aruncat \u00een gol de pe acoperi\u0219. Acesta a vorbit despre problemele studentului,\" \/>\n<meta property=\"og:url\" content=\"https:\/\/mhf.ro\/mm\/ce-probleme-avea-tanarul-care-s-a-aruncat-in-gol\/\" \/>\n<meta property=\"og:site_name\" content=\"MHF Photography\" \/>\n<meta property=\"article:published_time\" content=\"2021-03-08T07:12:19+00:00\" \/>\n<meta property=\"og:image\" content=\"https:\/\/mhf.ro\/mm\/wp-content\/uploads\/2021\/03\/tanar-acoperis-cladire-bucuresti-1024x803-1-696x546-1.jpg\" \/>\n\t<meta property=\"og:image:width\" content=\"696\" \/>\n\t<meta property=\"og:image:height\" content=\"546\" \/>\n\t<meta property=\"og:image:type\" content=\"image\/jpeg\" \/>\n<meta name=\"author\" content=\"Marius Marcu\" \/>\n<meta name=\"twitter:card\" content=\"summary_large_image\" \/>\n<meta name=\"twitter:label1\" content=\"Scris de\" \/>\n\t<meta name=\"twitter:data1\" content=\"Marius Marcu\" \/>\n\t<meta name=\"twitter:label2\" content=\"Timp estimat pentru citire\" \/>\n\t<meta name=\"twitter:data2\" content=\"1 minut\" \/>\n<script type=\"application\/ld+json\" class=\"yoast-schema-graph\">{\"@context\":\"https:\/\/schema.org\",\"@graph\":[{\"@type\":\"Article\",\"@id\":\"https:\/\/mhf.ro\/mm\/ce-probleme-avea-tanarul-care-s-a-aruncat-in-gol\/#article\",\"isPartOf\":{\"@id\":\"https:\/\/mhf.ro\/mm\/ce-probleme-avea-tanarul-care-s-a-aruncat-in-gol\/\"},\"author\":{\"name\":\"Marius Marcu\",\"@id\":\"https:\/\/mhf.ro\/mm\/#\/schema\/person\/a3bebf7bdb4bf12f698aff73c7e46c21\"},\"headline\":\"Ce probleme avea t\u00e2n\u0103rul care s-a aruncat \u00een gol\",\"datePublished\":\"2021-03-08T07:12:19+00:00\",\"mainEntityOfPage\":{\"@id\":\"https:\/\/mhf.ro\/mm\/ce-probleme-avea-tanarul-care-s-a-aruncat-in-gol\/\"},\"wordCount\":189,\"commentCount\":0,\"publisher\":{\"@id\":\"https:\/\/mhf.ro\/mm\/#\/schema\/person\/a3bebf7bdb4bf12f698aff73c7e46c21\"},\"image\":{\"@id\":\"https:\/\/mhf.ro\/mm\/ce-probleme-avea-tanarul-care-s-a-aruncat-in-gol\/#primaryimage\"},\"thumbnailUrl\":\"https:\/\/mhf.ro\/mm\/wp-content\/uploads\/2021\/03\/tanar-acoperis-cladire-bucuresti-1024x803-1-696x546-1.jpg\",\"articleSection\":[\"Locale\"],\"inLanguage\":\"ro-RO\",\"potentialAction\":[{\"@type\":\"CommentAction\",\"name\":\"Comment\",\"target\":[\"https:\/\/mhf.ro\/mm\/ce-probleme-avea-tanarul-care-s-a-aruncat-in-gol\/#respond\"]}]},{\"@type\":\"WebPage\",\"@id\":\"https:\/\/mhf.ro\/mm\/ce-probleme-avea-tanarul-care-s-a-aruncat-in-gol\/\",\"url\":\"https:\/\/mhf.ro\/mm\/ce-probleme-avea-tanarul-care-s-a-aruncat-in-gol\/\",\"name\":\"Ce probleme avea t\u00e2n\u0103rul care s-a aruncat \u00een gol - MHF Photography\",\"isPartOf\":{\"@id\":\"https:\/\/mhf.ro\/mm\/#website\"},\"primaryImageOfPage\":{\"@id\":\"https:\/\/mhf.ro\/mm\/ce-probleme-avea-tanarul-care-s-a-aruncat-in-gol\/#primaryimage\"},\"image\":{\"@id\":\"https:\/\/mhf.ro\/mm\/ce-probleme-avea-tanarul-care-s-a-aruncat-in-gol\/#primaryimage\"},\"thumbnailUrl\":\"https:\/\/mhf.ro\/mm\/wp-content\/uploads\/2021\/03\/tanar-acoperis-cladire-bucuresti-1024x803-1-696x546-1.jpg\",\"datePublished\":\"2021-03-08T07:12:19+00:00\",\"breadcrumb\":{\"@id\":\"https:\/\/mhf.ro\/mm\/ce-probleme-avea-tanarul-care-s-a-aruncat-in-gol\/#breadcrumb\"},\"inLanguage\":\"ro-RO\",\"potentialAction\":[{\"@type\":\"ReadAction\",\"target\":[\"https:\/\/mhf.ro\/mm\/ce-probleme-avea-tanarul-care-s-a-aruncat-in-gol\/\"]}]},{\"@type\":\"ImageObject\",\"inLanguage\":\"ro-RO\",\"@id\":\"https:\/\/mhf.ro\/mm\/ce-probleme-avea-tanarul-care-s-a-aruncat-in-gol\/#primaryimage\",\"url\":\"https:\/\/mhf.ro\/mm\/wp-content\/uploads\/2021\/03\/tanar-acoperis-cladire-bucuresti-1024x803-1-696x546-1.jpg\",\"contentUrl\":\"https:\/\/mhf.ro\/mm\/wp-content\/uploads\/2021\/03\/tanar-acoperis-cladire-bucuresti-1024x803-1-696x546-1.jpg\",\"width\":696,\"height\":546},{\"@type\":\"BreadcrumbList\",\"@id\":\"https:\/\/mhf.ro\/mm\/ce-probleme-avea-tanarul-care-s-a-aruncat-in-gol\/#breadcrumb\",\"itemListElement\":[{\"@type\":\"ListItem\",\"position\":1,\"name\":\"Prima pagin\u0103\",\"item\":\"https:\/\/mhf.ro\/mm\/\"},{\"@type\":\"ListItem\",\"position\":2,\"name\":\"Ce probleme avea t\u00e2n\u0103rul care s-a aruncat \u00een gol\"}]},{\"@type\":\"WebSite\",\"@id\":\"https:\/\/mhf.ro\/mm\/#website\",\"url\":\"https:\/\/mhf.ro\/mm\/\",\"name\":\"MHF Photography \u2013 Blog de fotografie, natur\u0103 \u0219i tehnic\u0103 divers\u0103\",\"description\":\"Aventur\u0103 \u00een fiecare cadru.\",\"publisher\":{\"@id\":\"https:\/\/mhf.ro\/mm\/#\/schema\/person\/a3bebf7bdb4bf12f698aff73c7e46c21\"},\"potentialAction\":[{\"@type\":\"SearchAction\",\"target\":{\"@type\":\"EntryPoint\",\"urlTemplate\":\"https:\/\/mhf.ro\/mm\/?s={search_term_string}\"},\"query-input\":{\"@type\":\"PropertyValueSpecification\",\"valueRequired\":true,\"valueName\":\"search_term_string\"}}],\"inLanguage\":\"ro-RO\"},{\"@type\":[\"Person\",\"Organization\"],\"@id\":\"https:\/\/mhf.ro\/mm\/#\/schema\/person\/a3bebf7bdb4bf12f698aff73c7e46c21\",\"name\":\"Marius Marcu\",\"image\":{\"@type\":\"ImageObject\",\"inLanguage\":\"ro-RO\",\"@id\":\"https:\/\/mhf.ro\/mm\/#\/schema\/person\/image\/\",\"url\":\"https:\/\/mhf.ro\/mm\/wp-content\/uploads\/2025\/12\/cropped-logo_mhf_2.png\",\"contentUrl\":\"https:\/\/mhf.ro\/mm\/wp-content\/uploads\/2025\/12\/cropped-logo_mhf_2.png\",\"width\":1096,\"height\":457,\"caption\":\"Marius Marcu\"},\"logo\":{\"@id\":\"https:\/\/mhf.ro\/mm\/#\/schema\/person\/image\/\"},\"sameAs\":[\"https:\/\/mhf.ro\/mm\"],\"url\":\"https:\/\/mhf.ro\/mm\/author\/mihai\/\"}]}<\/script>\n<!-- \/ Yoast SEO plugin. -->","yoast_head_json":{"title":"Ce probleme avea t\u00e2n\u0103rul care s-a aruncat \u00een gol - MHF Photography","robots":{"index":"index","follow":"follow","max-snippet":"max-snippet:-1","max-image-preview":"max-image-preview:large","max-video-preview":"max-video-preview:-1"},"canonical":"https:\/\/mhf.ro\/mm\/ce-probleme-avea-tanarul-care-s-a-aruncat-in-gol\/","og_locale":"ro_RO","og_type":"article","og_title":"Ce probleme avea t\u00e2n\u0103rul care s-a aruncat \u00een gol - MHF Photography","og_description":"Administratorul c\u0103minului face dezv\u0103luiri despre t\u00e2n\u0103rul care s-a aruncat \u00een gol de pe acoperi\u0219. Acesta a vorbit despre problemele studentului,","og_url":"https:\/\/mhf.ro\/mm\/ce-probleme-avea-tanarul-care-s-a-aruncat-in-gol\/","og_site_name":"MHF Photography","article_published_time":"2021-03-08T07:12:19+00:00","og_image":[{"width":696,"height":546,"url":"https:\/\/mhf.ro\/mm\/wp-content\/uploads\/2021\/03\/tanar-acoperis-cladire-bucuresti-1024x803-1-696x546-1.jpg","type":"image\/jpeg"}],"author":"Marius Marcu","twitter_card":"summary_large_image","twitter_misc":{"Scris de":"Marius Marcu","Timp estimat pentru citire":"1 minut"},"schema":{"@context":"https:\/\/schema.org","@graph":[{"@type":"Article","@id":"https:\/\/mhf.ro\/mm\/ce-probleme-avea-tanarul-care-s-a-aruncat-in-gol\/#article","isPartOf":{"@id":"https:\/\/mhf.ro\/mm\/ce-probleme-avea-tanarul-care-s-a-aruncat-in-gol\/"},"author":{"name":"Marius Marcu","@id":"https:\/\/mhf.ro\/mm\/#\/schema\/person\/a3bebf7bdb4bf12f698aff73c7e46c21"},"headline":"Ce probleme avea t\u00e2n\u0103rul care s-a aruncat \u00een gol","datePublished":"2021-03-08T07:12:19+00:00","mainEntityOfPage":{"@id":"https:\/\/mhf.ro\/mm\/ce-probleme-avea-tanarul-care-s-a-aruncat-in-gol\/"},"wordCount":189,"commentCount":0,"publisher":{"@id":"https:\/\/mhf.ro\/mm\/#\/schema\/person\/a3bebf7bdb4bf12f698aff73c7e46c21"},"image":{"@id":"https:\/\/mhf.ro\/mm\/ce-probleme-avea-tanarul-care-s-a-aruncat-in-gol\/#primaryimage"},"thumbnailUrl":"https:\/\/mhf.ro\/mm\/wp-content\/uploads\/2021\/03\/tanar-acoperis-cladire-bucuresti-1024x803-1-696x546-1.jpg","articleSection":["Locale"],"inLanguage":"ro-RO","potentialAction":[{"@type":"CommentAction","name":"Comment","target":["https:\/\/mhf.ro\/mm\/ce-probleme-avea-tanarul-care-s-a-aruncat-in-gol\/#respond"]}]},{"@type":"WebPage","@id":"https:\/\/mhf.ro\/mm\/ce-probleme-avea-tanarul-care-s-a-aruncat-in-gol\/","url":"https:\/\/mhf.ro\/mm\/ce-probleme-avea-tanarul-care-s-a-aruncat-in-gol\/","name":"Ce probleme avea t\u00e2n\u0103rul care s-a aruncat \u00een gol - MHF Photography","isPartOf":{"@id":"https:\/\/mhf.ro\/mm\/#website"},"primaryImageOfPage":{"@id":"https:\/\/mhf.ro\/mm\/ce-probleme-avea-tanarul-care-s-a-aruncat-in-gol\/#primaryimage"},"image":{"@id":"https:\/\/mhf.ro\/mm\/ce-probleme-avea-tanarul-care-s-a-aruncat-in-gol\/#primaryimage"},"thumbnailUrl":"https:\/\/mhf.ro\/mm\/wp-content\/uploads\/2021\/03\/tanar-acoperis-cladire-bucuresti-1024x803-1-696x546-1.jpg","datePublished":"2021-03-08T07:12:19+00:00","breadcrumb":{"@id":"https:\/\/mhf.ro\/mm\/ce-probleme-avea-tanarul-care-s-a-aruncat-in-gol\/#breadcrumb"},"inLanguage":"ro-RO","potentialAction":[{"@type":"ReadAction","target":["https:\/\/mhf.ro\/mm\/ce-probleme-avea-tanarul-care-s-a-aruncat-in-gol\/"]}]},{"@type":"ImageObject","inLanguage":"ro-RO","@id":"https:\/\/mhf.ro\/mm\/ce-probleme-avea-tanarul-care-s-a-aruncat-in-gol\/#primaryimage","url":"https:\/\/mhf.ro\/mm\/wp-content\/uploads\/2021\/03\/tanar-acoperis-cladire-bucuresti-1024x803-1-696x546-1.jpg","contentUrl":"https:\/\/mhf.ro\/mm\/wp-content\/uploads\/2021\/03\/tanar-acoperis-cladire-bucuresti-1024x803-1-696x546-1.jpg","width":696,"height":546},{"@type":"BreadcrumbList","@id":"https:\/\/mhf.ro\/mm\/ce-probleme-avea-tanarul-care-s-a-aruncat-in-gol\/#breadcrumb","itemListElement":[{"@type":"ListItem","position":1,"name":"Prima pagin\u0103","item":"https:\/\/mhf.ro\/mm\/"},{"@type":"ListItem","position":2,"name":"Ce probleme avea t\u00e2n\u0103rul care s-a aruncat \u00een gol"}]},{"@type":"WebSite","@id":"https:\/\/mhf.ro\/mm\/#website","url":"https:\/\/mhf.ro\/mm\/","name":"MHF Photography \u2013 Blog de fotografie, natur\u0103 \u0219i tehnic\u0103 divers\u0103","description":"Aventur\u0103 \u00een fiecare cadru.","publisher":{"@id":"https:\/\/mhf.ro\/mm\/#\/schema\/person\/a3bebf7bdb4bf12f698aff73c7e46c21"},"potentialAction":[{"@type":"SearchAction","target":{"@type":"EntryPoint","urlTemplate":"https:\/\/mhf.ro\/mm\/?s={search_term_string}"},"query-input":{"@type":"PropertyValueSpecification","valueRequired":true,"valueName":"search_term_string"}}],"inLanguage":"ro-RO"},{"@type":["Person","Organization"],"@id":"https:\/\/mhf.ro\/mm\/#\/schema\/person\/a3bebf7bdb4bf12f698aff73c7e46c21","name":"Marius Marcu","image":{"@type":"ImageObject","inLanguage":"ro-RO","@id":"https:\/\/mhf.ro\/mm\/#\/schema\/person\/image\/","url":"https:\/\/mhf.ro\/mm\/wp-content\/uploads\/2025\/12\/cropped-logo_mhf_2.png","contentUrl":"https:\/\/mhf.ro\/mm\/wp-content\/uploads\/2025\/12\/cropped-logo_mhf_2.png","width":1096,"height":457,"caption":"Marius Marcu"},"logo":{"@id":"https:\/\/mhf.ro\/mm\/#\/schema\/person\/image\/"},"sameAs":["https:\/\/mhf.ro\/mm"],"url":"https:\/\/mhf.ro\/mm\/author\/mihai\/"}]}},"_links":{"self":[{"href":"https:\/\/mhf.ro\/mm\/wp-json\/wp\/v2\/posts\/4336","targetHints":{"allow":["GET"]}}],"collection":[{"href":"https:\/\/mhf.ro\/mm\/wp-json\/wp\/v2\/posts"}],"about":[{"href":"https:\/\/mhf.ro\/mm\/wp-json\/wp\/v2\/types\/post"}],"author":[{"embeddable":true,"href":"https:\/\/mhf.ro\/mm\/wp-json\/wp\/v2\/users\/1"}],"replies":[{"embeddable":true,"href":"https:\/\/mhf.ro\/mm\/wp-json\/wp\/v2\/comments?post=4336"}],"version-history":[{"count":1,"href":"https:\/\/mhf.ro\/mm\/wp-json\/wp\/v2\/posts\/4336\/revisions"}],"predecessor-version":[{"id":4338,"href":"https:\/\/mhf.ro\/mm\/wp-json\/wp\/v2\/posts\/4336\/revisions\/4338"}],"wp:featuredmedia":[{"embeddable":true,"href":"https:\/\/mhf.ro\/mm\/wp-json\/wp\/v2\/media\/4337"}],"wp:attachment":[{"href":"https:\/\/mhf.ro\/mm\/wp-json\/wp\/v2\/media?parent=4336"}],"wp:term":[{"taxonomy":"category","embeddable":true,"href":"https:\/\/mhf.ro\/mm\/wp-json\/wp\/v2\/categories?post=4336"},{"taxonomy":"post_tag","embeddable":true,"href":"https:\/\/mhf.ro\/mm\/wp-json\/wp\/v2\/tags?post=4336"}],"curies":[{"name":"wp","href":"https:\/\/api.w.org\/{rel}","templated":true}]}}