{"id":4340,"date":"2021-03-10T11:16:31","date_gmt":"2021-03-10T09:16:31","guid":{"rendered":"https:\/\/mhf.ro\/mm\/?p=4340"},"modified":"2021-03-10T11:16:31","modified_gmt":"2021-03-10T09:16:31","slug":"iohannis-nu-avem-in-vedere-un-lockdown-de-paste","status":"publish","type":"post","link":"https:\/\/mhf.ro\/mm\/iohannis-nu-avem-in-vedere-un-lockdown-de-paste\/","title":{"rendered":"Iohannis: Nu avem \u00een vedere un lockdown de Pa\u0219te"},"content":{"rendered":"<p align=\"left\">Pre\u0219edintele Klaus Iohannis a anun\u021bat, mar\u021bi, restric\u021bii mai dure din cauza cre\u0219terii num\u0103rului de cazuri de Covid-19. \u0218eful statului a spus c\u0103 cifrele din ultima s\u0103pt\u0103m\u00e2n\u0103 privind pandemia sunt \u201e\u00eengrijor\u0103toare\u201d, iar tendin\u021ba de cre\u0219tere e evident\u0103.<\/p>\n<p align=\"left\">\u201eRestric\u021biile care sunt \u00een vigoare vor fi p\u0103strate iar circula\u021bia pe timp de noapte care este restric\u021bionat\u0103 acum de la ora 23 va fi restric\u021bionat\u0103 mai devreme, probabil \u00eencep\u00e2nd de la orele 22\u201d, a spus \u0219eful statului, \u00eentr-o declara\u021bie de pres\u0103.<\/p>\n<p align=\"left\">Totodat\u0103, Iohannis a men\u021bionat c\u0103 presiunea pe sec\u021biile de terapie intensiv\u0103 este tot mai mare. De asemenea, acesta a precizat c\u0103 starea de alert\u0103 va fi prelungit\u0103, dar c\u0103 nu are \u00een vedere un lockdown de Pa\u0219ti.<\/p>\n<p align=\"left\">\u201eTrebuie s\u0103 avem grij\u0103 s\u0103 nu ne \u00eenec\u0103m la mal. Starea de alert\u0103 va fi prelungit\u0103 \u00een aceast\u0103 s\u0103pt\u0103m\u00e2n\u0103 din cauza num\u0103rului relativ mare de \u00eemboln\u0103viri. Nu avem \u00een vedere un lockdown de Pa\u0219ti\u201d\u201d, a ad\u0103ugat el. (conf. jurnalist.ro)<\/p>\n","protected":false},"excerpt":{"rendered":"<p>Pre\u0219edintele Klaus Iohannis a anun\u021bat, mar\u021bi, restric\u021bii mai dure din cauza cre\u0219terii num\u0103rului de cazuri de Covid-19. \u0218eful statului a<\/p>\n","protected":false},"author":1,"featured_media":4341,"comment_status":"open","ping_status":"open","sticky":false,"template":"","format":"standard","meta":{"colormag_page_container_layout":"default_layout","colormag_page_sidebar_layout":"default_layout","footnotes":""},"categories":[5],"tags":[],"class_list":["post-4340","post","type-post","status-publish","format-standard","has-post-thumbnail","hentry","category-locale"],"yoast_head":"<!-- This site is optimized with the Yoast SEO plugin v27.0 - https:\/\/yoast.com\/product\/yoast-seo-wordpress\/ -->\n<title>Iohannis: Nu avem \u00een vedere un lockdown de Pa\u0219te - MHF Photography<\/title>\n<meta name=\"robots\" content=\"index, follow, max-snippet:-1, max-image-preview:large, max-video-preview:-1\" \/>\n<link rel=\"canonical\" href=\"https:\/\/mhf.ro\/mm\/iohannis-nu-avem-in-vedere-un-lockdown-de-paste\/\" \/>\n<meta property=\"og:locale\" content=\"ro_RO\" \/>\n<meta property=\"og:type\" content=\"article\" \/>\n<meta property=\"og:title\" content=\"Iohannis: Nu avem \u00een vedere un lockdown de Pa\u0219te - MHF Photography\" \/>\n<meta property=\"og:description\" content=\"Pre\u0219edintele Klaus Iohannis a anun\u021bat, mar\u021bi, restric\u021bii mai dure din cauza cre\u0219terii num\u0103rului de cazuri de Covid-19. \u0218eful statului a\" \/>\n<meta property=\"og:url\" content=\"https:\/\/mhf.ro\/mm\/iohannis-nu-avem-in-vedere-un-lockdown-de-paste\/\" \/>\n<meta property=\"og:site_name\" content=\"MHF Photography\" \/>\n<meta property=\"article:published_time\" content=\"2021-03-10T09:16:31+00:00\" \/>\n<meta property=\"og:image\" content=\"https:\/\/mhf.ro\/mm\/wp-content\/uploads\/2021\/03\/klaus-iohannis-696x392-1.jpg\" \/>\n\t<meta property=\"og:image:width\" content=\"696\" \/>\n\t<meta property=\"og:image:height\" content=\"392\" \/>\n\t<meta property=\"og:image:type\" content=\"image\/jpeg\" \/>\n<meta name=\"author\" content=\"Marius Marcu\" \/>\n<meta name=\"twitter:card\" content=\"summary_large_image\" \/>\n<meta name=\"twitter:label1\" content=\"Scris de\" \/>\n\t<meta name=\"twitter:data1\" content=\"Marius Marcu\" \/>\n\t<meta name=\"twitter:label2\" content=\"Timp estimat pentru citire\" \/>\n\t<meta name=\"twitter:data2\" content=\"1 minut\" \/>\n<script type=\"application\/ld+json\" class=\"yoast-schema-graph\">{\"@context\":\"https:\/\/schema.org\",\"@graph\":[{\"@type\":\"Article\",\"@id\":\"https:\/\/mhf.ro\/mm\/iohannis-nu-avem-in-vedere-un-lockdown-de-paste\/#article\",\"isPartOf\":{\"@id\":\"https:\/\/mhf.ro\/mm\/iohannis-nu-avem-in-vedere-un-lockdown-de-paste\/\"},\"author\":{\"name\":\"Marius Marcu\",\"@id\":\"https:\/\/mhf.ro\/mm\/#\/schema\/person\/a3bebf7bdb4bf12f698aff73c7e46c21\"},\"headline\":\"Iohannis: Nu avem \u00een vedere un lockdown de Pa\u0219te\",\"datePublished\":\"2021-03-10T09:16:31+00:00\",\"mainEntityOfPage\":{\"@id\":\"https:\/\/mhf.ro\/mm\/iohannis-nu-avem-in-vedere-un-lockdown-de-paste\/\"},\"wordCount\":192,\"commentCount\":0,\"publisher\":{\"@id\":\"https:\/\/mhf.ro\/mm\/#\/schema\/person\/a3bebf7bdb4bf12f698aff73c7e46c21\"},\"image\":{\"@id\":\"https:\/\/mhf.ro\/mm\/iohannis-nu-avem-in-vedere-un-lockdown-de-paste\/#primaryimage\"},\"thumbnailUrl\":\"https:\/\/mhf.ro\/mm\/wp-content\/uploads\/2021\/03\/klaus-iohannis-696x392-1.jpg\",\"articleSection\":[\"Locale\"],\"inLanguage\":\"ro-RO\",\"potentialAction\":[{\"@type\":\"CommentAction\",\"name\":\"Comment\",\"target\":[\"https:\/\/mhf.ro\/mm\/iohannis-nu-avem-in-vedere-un-lockdown-de-paste\/#respond\"]}]},{\"@type\":\"WebPage\",\"@id\":\"https:\/\/mhf.ro\/mm\/iohannis-nu-avem-in-vedere-un-lockdown-de-paste\/\",\"url\":\"https:\/\/mhf.ro\/mm\/iohannis-nu-avem-in-vedere-un-lockdown-de-paste\/\",\"name\":\"Iohannis: Nu avem \u00een vedere un lockdown de Pa\u0219te - MHF Photography\",\"isPartOf\":{\"@id\":\"https:\/\/mhf.ro\/mm\/#website\"},\"primaryImageOfPage\":{\"@id\":\"https:\/\/mhf.ro\/mm\/iohannis-nu-avem-in-vedere-un-lockdown-de-paste\/#primaryimage\"},\"image\":{\"@id\":\"https:\/\/mhf.ro\/mm\/iohannis-nu-avem-in-vedere-un-lockdown-de-paste\/#primaryimage\"},\"thumbnailUrl\":\"https:\/\/mhf.ro\/mm\/wp-content\/uploads\/2021\/03\/klaus-iohannis-696x392-1.jpg\",\"datePublished\":\"2021-03-10T09:16:31+00:00\",\"breadcrumb\":{\"@id\":\"https:\/\/mhf.ro\/mm\/iohannis-nu-avem-in-vedere-un-lockdown-de-paste\/#breadcrumb\"},\"inLanguage\":\"ro-RO\",\"potentialAction\":[{\"@type\":\"ReadAction\",\"target\":[\"https:\/\/mhf.ro\/mm\/iohannis-nu-avem-in-vedere-un-lockdown-de-paste\/\"]}]},{\"@type\":\"ImageObject\",\"inLanguage\":\"ro-RO\",\"@id\":\"https:\/\/mhf.ro\/mm\/iohannis-nu-avem-in-vedere-un-lockdown-de-paste\/#primaryimage\",\"url\":\"https:\/\/mhf.ro\/mm\/wp-content\/uploads\/2021\/03\/klaus-iohannis-696x392-1.jpg\",\"contentUrl\":\"https:\/\/mhf.ro\/mm\/wp-content\/uploads\/2021\/03\/klaus-iohannis-696x392-1.jpg\",\"width\":696,\"height\":392},{\"@type\":\"BreadcrumbList\",\"@id\":\"https:\/\/mhf.ro\/mm\/iohannis-nu-avem-in-vedere-un-lockdown-de-paste\/#breadcrumb\",\"itemListElement\":[{\"@type\":\"ListItem\",\"position\":1,\"name\":\"Prima pagin\u0103\",\"item\":\"https:\/\/mhf.ro\/mm\/\"},{\"@type\":\"ListItem\",\"position\":2,\"name\":\"Iohannis: Nu avem \u00een vedere un lockdown de Pa\u0219te\"}]},{\"@type\":\"WebSite\",\"@id\":\"https:\/\/mhf.ro\/mm\/#website\",\"url\":\"https:\/\/mhf.ro\/mm\/\",\"name\":\"MHF Photography \u2013 Blog de fotografie, natur\u0103 \u0219i tehnic\u0103 divers\u0103\",\"description\":\"Aventur\u0103 \u00een fiecare cadru.\",\"publisher\":{\"@id\":\"https:\/\/mhf.ro\/mm\/#\/schema\/person\/a3bebf7bdb4bf12f698aff73c7e46c21\"},\"potentialAction\":[{\"@type\":\"SearchAction\",\"target\":{\"@type\":\"EntryPoint\",\"urlTemplate\":\"https:\/\/mhf.ro\/mm\/?s={search_term_string}\"},\"query-input\":{\"@type\":\"PropertyValueSpecification\",\"valueRequired\":true,\"valueName\":\"search_term_string\"}}],\"inLanguage\":\"ro-RO\"},{\"@type\":[\"Person\",\"Organization\"],\"@id\":\"https:\/\/mhf.ro\/mm\/#\/schema\/person\/a3bebf7bdb4bf12f698aff73c7e46c21\",\"name\":\"Marius Marcu\",\"image\":{\"@type\":\"ImageObject\",\"inLanguage\":\"ro-RO\",\"@id\":\"https:\/\/mhf.ro\/mm\/#\/schema\/person\/image\/\",\"url\":\"https:\/\/mhf.ro\/mm\/wp-content\/uploads\/2025\/12\/cropped-logo_mhf_2.png\",\"contentUrl\":\"https:\/\/mhf.ro\/mm\/wp-content\/uploads\/2025\/12\/cropped-logo_mhf_2.png\",\"width\":1096,\"height\":457,\"caption\":\"Marius Marcu\"},\"logo\":{\"@id\":\"https:\/\/mhf.ro\/mm\/#\/schema\/person\/image\/\"},\"sameAs\":[\"https:\/\/mhf.ro\/mm\"],\"url\":\"https:\/\/mhf.ro\/mm\/author\/mihai\/\"}]}<\/script>\n<!-- \/ Yoast SEO plugin. -->","yoast_head_json":{"title":"Iohannis: Nu avem \u00een vedere un lockdown de Pa\u0219te - MHF Photography","robots":{"index":"index","follow":"follow","max-snippet":"max-snippet:-1","max-image-preview":"max-image-preview:large","max-video-preview":"max-video-preview:-1"},"canonical":"https:\/\/mhf.ro\/mm\/iohannis-nu-avem-in-vedere-un-lockdown-de-paste\/","og_locale":"ro_RO","og_type":"article","og_title":"Iohannis: Nu avem \u00een vedere un lockdown de Pa\u0219te - MHF Photography","og_description":"Pre\u0219edintele Klaus Iohannis a anun\u021bat, mar\u021bi, restric\u021bii mai dure din cauza cre\u0219terii num\u0103rului de cazuri de Covid-19. \u0218eful statului a","og_url":"https:\/\/mhf.ro\/mm\/iohannis-nu-avem-in-vedere-un-lockdown-de-paste\/","og_site_name":"MHF Photography","article_published_time":"2021-03-10T09:16:31+00:00","og_image":[{"width":696,"height":392,"url":"https:\/\/mhf.ro\/mm\/wp-content\/uploads\/2021\/03\/klaus-iohannis-696x392-1.jpg","type":"image\/jpeg"}],"author":"Marius Marcu","twitter_card":"summary_large_image","twitter_misc":{"Scris de":"Marius Marcu","Timp estimat pentru citire":"1 minut"},"schema":{"@context":"https:\/\/schema.org","@graph":[{"@type":"Article","@id":"https:\/\/mhf.ro\/mm\/iohannis-nu-avem-in-vedere-un-lockdown-de-paste\/#article","isPartOf":{"@id":"https:\/\/mhf.ro\/mm\/iohannis-nu-avem-in-vedere-un-lockdown-de-paste\/"},"author":{"name":"Marius Marcu","@id":"https:\/\/mhf.ro\/mm\/#\/schema\/person\/a3bebf7bdb4bf12f698aff73c7e46c21"},"headline":"Iohannis: Nu avem \u00een vedere un lockdown de Pa\u0219te","datePublished":"2021-03-10T09:16:31+00:00","mainEntityOfPage":{"@id":"https:\/\/mhf.ro\/mm\/iohannis-nu-avem-in-vedere-un-lockdown-de-paste\/"},"wordCount":192,"commentCount":0,"publisher":{"@id":"https:\/\/mhf.ro\/mm\/#\/schema\/person\/a3bebf7bdb4bf12f698aff73c7e46c21"},"image":{"@id":"https:\/\/mhf.ro\/mm\/iohannis-nu-avem-in-vedere-un-lockdown-de-paste\/#primaryimage"},"thumbnailUrl":"https:\/\/mhf.ro\/mm\/wp-content\/uploads\/2021\/03\/klaus-iohannis-696x392-1.jpg","articleSection":["Locale"],"inLanguage":"ro-RO","potentialAction":[{"@type":"CommentAction","name":"Comment","target":["https:\/\/mhf.ro\/mm\/iohannis-nu-avem-in-vedere-un-lockdown-de-paste\/#respond"]}]},{"@type":"WebPage","@id":"https:\/\/mhf.ro\/mm\/iohannis-nu-avem-in-vedere-un-lockdown-de-paste\/","url":"https:\/\/mhf.ro\/mm\/iohannis-nu-avem-in-vedere-un-lockdown-de-paste\/","name":"Iohannis: Nu avem \u00een vedere un lockdown de Pa\u0219te - MHF Photography","isPartOf":{"@id":"https:\/\/mhf.ro\/mm\/#website"},"primaryImageOfPage":{"@id":"https:\/\/mhf.ro\/mm\/iohannis-nu-avem-in-vedere-un-lockdown-de-paste\/#primaryimage"},"image":{"@id":"https:\/\/mhf.ro\/mm\/iohannis-nu-avem-in-vedere-un-lockdown-de-paste\/#primaryimage"},"thumbnailUrl":"https:\/\/mhf.ro\/mm\/wp-content\/uploads\/2021\/03\/klaus-iohannis-696x392-1.jpg","datePublished":"2021-03-10T09:16:31+00:00","breadcrumb":{"@id":"https:\/\/mhf.ro\/mm\/iohannis-nu-avem-in-vedere-un-lockdown-de-paste\/#breadcrumb"},"inLanguage":"ro-RO","potentialAction":[{"@type":"ReadAction","target":["https:\/\/mhf.ro\/mm\/iohannis-nu-avem-in-vedere-un-lockdown-de-paste\/"]}]},{"@type":"ImageObject","inLanguage":"ro-RO","@id":"https:\/\/mhf.ro\/mm\/iohannis-nu-avem-in-vedere-un-lockdown-de-paste\/#primaryimage","url":"https:\/\/mhf.ro\/mm\/wp-content\/uploads\/2021\/03\/klaus-iohannis-696x392-1.jpg","contentUrl":"https:\/\/mhf.ro\/mm\/wp-content\/uploads\/2021\/03\/klaus-iohannis-696x392-1.jpg","width":696,"height":392},{"@type":"BreadcrumbList","@id":"https:\/\/mhf.ro\/mm\/iohannis-nu-avem-in-vedere-un-lockdown-de-paste\/#breadcrumb","itemListElement":[{"@type":"ListItem","position":1,"name":"Prima pagin\u0103","item":"https:\/\/mhf.ro\/mm\/"},{"@type":"ListItem","position":2,"name":"Iohannis: Nu avem \u00een vedere un lockdown de Pa\u0219te"}]},{"@type":"WebSite","@id":"https:\/\/mhf.ro\/mm\/#website","url":"https:\/\/mhf.ro\/mm\/","name":"MHF Photography \u2013 Blog de fotografie, natur\u0103 \u0219i tehnic\u0103 divers\u0103","description":"Aventur\u0103 \u00een fiecare cadru.","publisher":{"@id":"https:\/\/mhf.ro\/mm\/#\/schema\/person\/a3bebf7bdb4bf12f698aff73c7e46c21"},"potentialAction":[{"@type":"SearchAction","target":{"@type":"EntryPoint","urlTemplate":"https:\/\/mhf.ro\/mm\/?s={search_term_string}"},"query-input":{"@type":"PropertyValueSpecification","valueRequired":true,"valueName":"search_term_string"}}],"inLanguage":"ro-RO"},{"@type":["Person","Organization"],"@id":"https:\/\/mhf.ro\/mm\/#\/schema\/person\/a3bebf7bdb4bf12f698aff73c7e46c21","name":"Marius Marcu","image":{"@type":"ImageObject","inLanguage":"ro-RO","@id":"https:\/\/mhf.ro\/mm\/#\/schema\/person\/image\/","url":"https:\/\/mhf.ro\/mm\/wp-content\/uploads\/2025\/12\/cropped-logo_mhf_2.png","contentUrl":"https:\/\/mhf.ro\/mm\/wp-content\/uploads\/2025\/12\/cropped-logo_mhf_2.png","width":1096,"height":457,"caption":"Marius Marcu"},"logo":{"@id":"https:\/\/mhf.ro\/mm\/#\/schema\/person\/image\/"},"sameAs":["https:\/\/mhf.ro\/mm"],"url":"https:\/\/mhf.ro\/mm\/author\/mihai\/"}]}},"_links":{"self":[{"href":"https:\/\/mhf.ro\/mm\/wp-json\/wp\/v2\/posts\/4340","targetHints":{"allow":["GET"]}}],"collection":[{"href":"https:\/\/mhf.ro\/mm\/wp-json\/wp\/v2\/posts"}],"about":[{"href":"https:\/\/mhf.ro\/mm\/wp-json\/wp\/v2\/types\/post"}],"author":[{"embeddable":true,"href":"https:\/\/mhf.ro\/mm\/wp-json\/wp\/v2\/users\/1"}],"replies":[{"embeddable":true,"href":"https:\/\/mhf.ro\/mm\/wp-json\/wp\/v2\/comments?post=4340"}],"version-history":[{"count":1,"href":"https:\/\/mhf.ro\/mm\/wp-json\/wp\/v2\/posts\/4340\/revisions"}],"predecessor-version":[{"id":4342,"href":"https:\/\/mhf.ro\/mm\/wp-json\/wp\/v2\/posts\/4340\/revisions\/4342"}],"wp:featuredmedia":[{"embeddable":true,"href":"https:\/\/mhf.ro\/mm\/wp-json\/wp\/v2\/media\/4341"}],"wp:attachment":[{"href":"https:\/\/mhf.ro\/mm\/wp-json\/wp\/v2\/media?parent=4340"}],"wp:term":[{"taxonomy":"category","embeddable":true,"href":"https:\/\/mhf.ro\/mm\/wp-json\/wp\/v2\/categories?post=4340"},{"taxonomy":"post_tag","embeddable":true,"href":"https:\/\/mhf.ro\/mm\/wp-json\/wp\/v2\/tags?post=4340"}],"curies":[{"name":"wp","href":"https:\/\/api.w.org\/{rel}","templated":true}]}}