{"id":4347,"date":"2021-03-10T11:44:29","date_gmt":"2021-03-10T09:44:29","guid":{"rendered":"https:\/\/mhf.ro\/mm\/?p=4347"},"modified":"2021-03-10T12:04:34","modified_gmt":"2021-03-10T10:04:34","slug":"covid-19-un-nou-val-cand-vom-scapa-de-pandemie","status":"publish","type":"post","link":"https:\/\/mhf.ro\/mm\/covid-19-un-nou-val-cand-vom-scapa-de-pandemie\/","title":{"rendered":"Covid-19, un nou val! C\u00e2nd vom sc\u0103pa de pandemie ?"},"content":{"rendered":"<p>Se pare ca anul acesta nu avem nici o \u0219ans\u0103 s\u0103 sc\u0103p\u0103m de pandemia\u00a0 Covid19. Dup\u0103 cum evolueaz\u0103 situa\u021bia din spitale, mai ales la ATI, vom intra \u00eentr-un nou val, valul 3 al pandemiei. Situa\u021bia pare destul de \u00eengrijor\u0103toare av\u00e2nd \u00een vedere faptul c\u0103 \u00een saloanele ATI avem deja peste 1000 pacien\u021bi. Posibil ca noile tulpini s\u0103 fie mai contagioase.<\/p>\n<p>\u00cengrijor\u0103tor este faptul c\u0103 printre pacien\u021bi sunt multe persoane tinere.\u00a0 Dac\u0103 acest lucru se datoreaz\u0103 faptului c\u0103 multi v\u00e2rstnici au fost vaccina\u021bi \u0219i nu situa\u021biei c\u0103 noile tulpini ar fi mai contagioase, ar fi o veste bun\u0103. Acum deja avem \u00een \u021bar\u0103 toate cele patru noi tulpini.<\/p>\n<p>Autorit\u0103\u021bile ne \u00eencurajeaz\u0103 c\u0103\u00a0 Pa\u0219tile de anul acesta se vor desf\u0103\u0219ura \u00eentr-o atmosfer\u0103 mai pl\u0103cut\u0103, c\u0103 nu vom intra \u00eentr-un nou lockdown chiar \u00een perioada s\u0103rb\u0103torilor Pascale.<\/p>\n<h3 style=\"text-align: right;\"><a href=\"https:\/\/riz.ro\/ocart2\/index.php?route=product\/product&amp;path=20_27&amp;product_id=329\">Corni\u0219e Decorativ\u0103<\/a><\/h3>\n","protected":false},"excerpt":{"rendered":"<p>Se pare ca anul acesta nu avem nici o \u0219ans\u0103 s\u0103 sc\u0103p\u0103m de pandemia\u00a0 Covid19. Dup\u0103 cum evolueaz\u0103 situa\u021bia din<\/p>\n","protected":false},"author":1,"featured_media":4348,"comment_status":"open","ping_status":"open","sticky":false,"template":"","format":"standard","meta":{"colormag_page_container_layout":"default_layout","colormag_page_sidebar_layout":"default_layout","footnotes":""},"categories":[5],"tags":[],"class_list":["post-4347","post","type-post","status-publish","format-standard","has-post-thumbnail","hentry","category-locale"],"yoast_head":"<!-- This site is optimized with the Yoast SEO plugin v27.0 - https:\/\/yoast.com\/product\/yoast-seo-wordpress\/ -->\n<title>Covid-19, un nou val! C\u00e2nd vom sc\u0103pa de pandemie ? - MHF Photography<\/title>\n<meta name=\"description\" content=\"Se pare ca anul acesta nu avem nici o \u0219ans\u0103 sa sc\u0103p\u0103m de pandemia\u00a0 Covid19. Dup\u0103 cum evolueaz\u0103 situa\u021bia din spitale, mai ales la ATI\" \/>\n<meta name=\"robots\" content=\"index, follow, max-snippet:-1, max-image-preview:large, max-video-preview:-1\" \/>\n<link rel=\"canonical\" href=\"https:\/\/mhf.ro\/mm\/covid-19-un-nou-val-cand-vom-scapa-de-pandemie\/\" \/>\n<meta property=\"og:locale\" content=\"ro_RO\" \/>\n<meta property=\"og:type\" content=\"article\" \/>\n<meta property=\"og:title\" content=\"Covid-19, un nou val! C\u00e2nd vom sc\u0103pa de pandemie ? - MHF Photography\" \/>\n<meta property=\"og:description\" content=\"Se pare ca anul acesta nu avem nici o \u0219ans\u0103 sa sc\u0103p\u0103m de pandemia\u00a0 Covid19. Dup\u0103 cum evolueaz\u0103 situa\u021bia din spitale, mai ales la ATI\" \/>\n<meta property=\"og:url\" content=\"https:\/\/mhf.ro\/mm\/covid-19-un-nou-val-cand-vom-scapa-de-pandemie\/\" \/>\n<meta property=\"og:site_name\" content=\"MHF Photography\" \/>\n<meta property=\"article:published_time\" content=\"2021-03-10T09:44:29+00:00\" \/>\n<meta property=\"article:modified_time\" content=\"2021-03-10T10:04:34+00:00\" \/>\n<meta property=\"og:image\" content=\"https:\/\/mhf.ro\/mm\/wp-content\/uploads\/2021\/03\/corona-global.jpg\" \/>\n\t<meta property=\"og:image:width\" content=\"1280\" \/>\n\t<meta property=\"og:image:height\" content=\"905\" \/>\n\t<meta property=\"og:image:type\" content=\"image\/jpeg\" \/>\n<meta name=\"author\" content=\"Marius Marcu\" \/>\n<meta name=\"twitter:card\" content=\"summary_large_image\" \/>\n<meta name=\"twitter:label1\" content=\"Scris de\" \/>\n\t<meta name=\"twitter:data1\" content=\"Marius Marcu\" \/>\n\t<meta name=\"twitter:label2\" content=\"Timp estimat pentru citire\" \/>\n\t<meta name=\"twitter:data2\" content=\"1 minut\" \/>\n<script type=\"application\/ld+json\" class=\"yoast-schema-graph\">{\"@context\":\"https:\/\/schema.org\",\"@graph\":[{\"@type\":\"Article\",\"@id\":\"https:\/\/mhf.ro\/mm\/covid-19-un-nou-val-cand-vom-scapa-de-pandemie\/#article\",\"isPartOf\":{\"@id\":\"https:\/\/mhf.ro\/mm\/covid-19-un-nou-val-cand-vom-scapa-de-pandemie\/\"},\"author\":{\"name\":\"Marius Marcu\",\"@id\":\"https:\/\/mhf.ro\/mm\/#\/schema\/person\/a3bebf7bdb4bf12f698aff73c7e46c21\"},\"headline\":\"Covid-19, un nou val! C\u00e2nd vom sc\u0103pa de pandemie ?\",\"datePublished\":\"2021-03-10T09:44:29+00:00\",\"dateModified\":\"2021-03-10T10:04:34+00:00\",\"mainEntityOfPage\":{\"@id\":\"https:\/\/mhf.ro\/mm\/covid-19-un-nou-val-cand-vom-scapa-de-pandemie\/\"},\"wordCount\":164,\"commentCount\":0,\"publisher\":{\"@id\":\"https:\/\/mhf.ro\/mm\/#\/schema\/person\/a3bebf7bdb4bf12f698aff73c7e46c21\"},\"image\":{\"@id\":\"https:\/\/mhf.ro\/mm\/covid-19-un-nou-val-cand-vom-scapa-de-pandemie\/#primaryimage\"},\"thumbnailUrl\":\"https:\/\/mhf.ro\/mm\/wp-content\/uploads\/2021\/03\/corona-global.jpg\",\"articleSection\":[\"Locale\"],\"inLanguage\":\"ro-RO\",\"potentialAction\":[{\"@type\":\"CommentAction\",\"name\":\"Comment\",\"target\":[\"https:\/\/mhf.ro\/mm\/covid-19-un-nou-val-cand-vom-scapa-de-pandemie\/#respond\"]}]},{\"@type\":\"WebPage\",\"@id\":\"https:\/\/mhf.ro\/mm\/covid-19-un-nou-val-cand-vom-scapa-de-pandemie\/\",\"url\":\"https:\/\/mhf.ro\/mm\/covid-19-un-nou-val-cand-vom-scapa-de-pandemie\/\",\"name\":\"Covid-19, un nou val! C\u00e2nd vom sc\u0103pa de pandemie ? - MHF Photography\",\"isPartOf\":{\"@id\":\"https:\/\/mhf.ro\/mm\/#website\"},\"primaryImageOfPage\":{\"@id\":\"https:\/\/mhf.ro\/mm\/covid-19-un-nou-val-cand-vom-scapa-de-pandemie\/#primaryimage\"},\"image\":{\"@id\":\"https:\/\/mhf.ro\/mm\/covid-19-un-nou-val-cand-vom-scapa-de-pandemie\/#primaryimage\"},\"thumbnailUrl\":\"https:\/\/mhf.ro\/mm\/wp-content\/uploads\/2021\/03\/corona-global.jpg\",\"datePublished\":\"2021-03-10T09:44:29+00:00\",\"dateModified\":\"2021-03-10T10:04:34+00:00\",\"description\":\"Se pare ca anul acesta nu avem nici o \u0219ans\u0103 sa sc\u0103p\u0103m de pandemia\u00a0 Covid19. Dup\u0103 cum evolueaz\u0103 situa\u021bia din spitale, mai ales la ATI\",\"breadcrumb\":{\"@id\":\"https:\/\/mhf.ro\/mm\/covid-19-un-nou-val-cand-vom-scapa-de-pandemie\/#breadcrumb\"},\"inLanguage\":\"ro-RO\",\"potentialAction\":[{\"@type\":\"ReadAction\",\"target\":[\"https:\/\/mhf.ro\/mm\/covid-19-un-nou-val-cand-vom-scapa-de-pandemie\/\"]}]},{\"@type\":\"ImageObject\",\"inLanguage\":\"ro-RO\",\"@id\":\"https:\/\/mhf.ro\/mm\/covid-19-un-nou-val-cand-vom-scapa-de-pandemie\/#primaryimage\",\"url\":\"https:\/\/mhf.ro\/mm\/wp-content\/uploads\/2021\/03\/corona-global.jpg\",\"contentUrl\":\"https:\/\/mhf.ro\/mm\/wp-content\/uploads\/2021\/03\/corona-global.jpg\",\"width\":1280,\"height\":905},{\"@type\":\"BreadcrumbList\",\"@id\":\"https:\/\/mhf.ro\/mm\/covid-19-un-nou-val-cand-vom-scapa-de-pandemie\/#breadcrumb\",\"itemListElement\":[{\"@type\":\"ListItem\",\"position\":1,\"name\":\"Prima pagin\u0103\",\"item\":\"https:\/\/mhf.ro\/mm\/\"},{\"@type\":\"ListItem\",\"position\":2,\"name\":\"Covid-19, un nou val! C\u00e2nd vom sc\u0103pa de pandemie ?\"}]},{\"@type\":\"WebSite\",\"@id\":\"https:\/\/mhf.ro\/mm\/#website\",\"url\":\"https:\/\/mhf.ro\/mm\/\",\"name\":\"MHF Photography \u2013 Blog de fotografie, natur\u0103 \u0219i tehnic\u0103 divers\u0103\",\"description\":\"Aventur\u0103 \u00een fiecare cadru.\",\"publisher\":{\"@id\":\"https:\/\/mhf.ro\/mm\/#\/schema\/person\/a3bebf7bdb4bf12f698aff73c7e46c21\"},\"potentialAction\":[{\"@type\":\"SearchAction\",\"target\":{\"@type\":\"EntryPoint\",\"urlTemplate\":\"https:\/\/mhf.ro\/mm\/?s={search_term_string}\"},\"query-input\":{\"@type\":\"PropertyValueSpecification\",\"valueRequired\":true,\"valueName\":\"search_term_string\"}}],\"inLanguage\":\"ro-RO\"},{\"@type\":[\"Person\",\"Organization\"],\"@id\":\"https:\/\/mhf.ro\/mm\/#\/schema\/person\/a3bebf7bdb4bf12f698aff73c7e46c21\",\"name\":\"Marius Marcu\",\"image\":{\"@type\":\"ImageObject\",\"inLanguage\":\"ro-RO\",\"@id\":\"https:\/\/mhf.ro\/mm\/#\/schema\/person\/image\/\",\"url\":\"https:\/\/mhf.ro\/mm\/wp-content\/uploads\/2025\/12\/cropped-logo_mhf_2.png\",\"contentUrl\":\"https:\/\/mhf.ro\/mm\/wp-content\/uploads\/2025\/12\/cropped-logo_mhf_2.png\",\"width\":1096,\"height\":457,\"caption\":\"Marius Marcu\"},\"logo\":{\"@id\":\"https:\/\/mhf.ro\/mm\/#\/schema\/person\/image\/\"},\"sameAs\":[\"https:\/\/mhf.ro\/mm\"],\"url\":\"https:\/\/mhf.ro\/mm\/author\/mihai\/\"}]}<\/script>\n<!-- \/ Yoast SEO plugin. -->","yoast_head_json":{"title":"Covid-19, un nou val! C\u00e2nd vom sc\u0103pa de pandemie ? - MHF Photography","description":"Se pare ca anul acesta nu avem nici o \u0219ans\u0103 sa sc\u0103p\u0103m de pandemia\u00a0 Covid19. Dup\u0103 cum evolueaz\u0103 situa\u021bia din spitale, mai ales la ATI","robots":{"index":"index","follow":"follow","max-snippet":"max-snippet:-1","max-image-preview":"max-image-preview:large","max-video-preview":"max-video-preview:-1"},"canonical":"https:\/\/mhf.ro\/mm\/covid-19-un-nou-val-cand-vom-scapa-de-pandemie\/","og_locale":"ro_RO","og_type":"article","og_title":"Covid-19, un nou val! C\u00e2nd vom sc\u0103pa de pandemie ? - MHF Photography","og_description":"Se pare ca anul acesta nu avem nici o \u0219ans\u0103 sa sc\u0103p\u0103m de pandemia\u00a0 Covid19. Dup\u0103 cum evolueaz\u0103 situa\u021bia din spitale, mai ales la ATI","og_url":"https:\/\/mhf.ro\/mm\/covid-19-un-nou-val-cand-vom-scapa-de-pandemie\/","og_site_name":"MHF Photography","article_published_time":"2021-03-10T09:44:29+00:00","article_modified_time":"2021-03-10T10:04:34+00:00","og_image":[{"width":1280,"height":905,"url":"https:\/\/mhf.ro\/mm\/wp-content\/uploads\/2021\/03\/corona-global.jpg","type":"image\/jpeg"}],"author":"Marius Marcu","twitter_card":"summary_large_image","twitter_misc":{"Scris de":"Marius Marcu","Timp estimat pentru citire":"1 minut"},"schema":{"@context":"https:\/\/schema.org","@graph":[{"@type":"Article","@id":"https:\/\/mhf.ro\/mm\/covid-19-un-nou-val-cand-vom-scapa-de-pandemie\/#article","isPartOf":{"@id":"https:\/\/mhf.ro\/mm\/covid-19-un-nou-val-cand-vom-scapa-de-pandemie\/"},"author":{"name":"Marius Marcu","@id":"https:\/\/mhf.ro\/mm\/#\/schema\/person\/a3bebf7bdb4bf12f698aff73c7e46c21"},"headline":"Covid-19, un nou val! C\u00e2nd vom sc\u0103pa de pandemie ?","datePublished":"2021-03-10T09:44:29+00:00","dateModified":"2021-03-10T10:04:34+00:00","mainEntityOfPage":{"@id":"https:\/\/mhf.ro\/mm\/covid-19-un-nou-val-cand-vom-scapa-de-pandemie\/"},"wordCount":164,"commentCount":0,"publisher":{"@id":"https:\/\/mhf.ro\/mm\/#\/schema\/person\/a3bebf7bdb4bf12f698aff73c7e46c21"},"image":{"@id":"https:\/\/mhf.ro\/mm\/covid-19-un-nou-val-cand-vom-scapa-de-pandemie\/#primaryimage"},"thumbnailUrl":"https:\/\/mhf.ro\/mm\/wp-content\/uploads\/2021\/03\/corona-global.jpg","articleSection":["Locale"],"inLanguage":"ro-RO","potentialAction":[{"@type":"CommentAction","name":"Comment","target":["https:\/\/mhf.ro\/mm\/covid-19-un-nou-val-cand-vom-scapa-de-pandemie\/#respond"]}]},{"@type":"WebPage","@id":"https:\/\/mhf.ro\/mm\/covid-19-un-nou-val-cand-vom-scapa-de-pandemie\/","url":"https:\/\/mhf.ro\/mm\/covid-19-un-nou-val-cand-vom-scapa-de-pandemie\/","name":"Covid-19, un nou val! C\u00e2nd vom sc\u0103pa de pandemie ? - MHF Photography","isPartOf":{"@id":"https:\/\/mhf.ro\/mm\/#website"},"primaryImageOfPage":{"@id":"https:\/\/mhf.ro\/mm\/covid-19-un-nou-val-cand-vom-scapa-de-pandemie\/#primaryimage"},"image":{"@id":"https:\/\/mhf.ro\/mm\/covid-19-un-nou-val-cand-vom-scapa-de-pandemie\/#primaryimage"},"thumbnailUrl":"https:\/\/mhf.ro\/mm\/wp-content\/uploads\/2021\/03\/corona-global.jpg","datePublished":"2021-03-10T09:44:29+00:00","dateModified":"2021-03-10T10:04:34+00:00","description":"Se pare ca anul acesta nu avem nici o \u0219ans\u0103 sa sc\u0103p\u0103m de pandemia\u00a0 Covid19. Dup\u0103 cum evolueaz\u0103 situa\u021bia din spitale, mai ales la ATI","breadcrumb":{"@id":"https:\/\/mhf.ro\/mm\/covid-19-un-nou-val-cand-vom-scapa-de-pandemie\/#breadcrumb"},"inLanguage":"ro-RO","potentialAction":[{"@type":"ReadAction","target":["https:\/\/mhf.ro\/mm\/covid-19-un-nou-val-cand-vom-scapa-de-pandemie\/"]}]},{"@type":"ImageObject","inLanguage":"ro-RO","@id":"https:\/\/mhf.ro\/mm\/covid-19-un-nou-val-cand-vom-scapa-de-pandemie\/#primaryimage","url":"https:\/\/mhf.ro\/mm\/wp-content\/uploads\/2021\/03\/corona-global.jpg","contentUrl":"https:\/\/mhf.ro\/mm\/wp-content\/uploads\/2021\/03\/corona-global.jpg","width":1280,"height":905},{"@type":"BreadcrumbList","@id":"https:\/\/mhf.ro\/mm\/covid-19-un-nou-val-cand-vom-scapa-de-pandemie\/#breadcrumb","itemListElement":[{"@type":"ListItem","position":1,"name":"Prima pagin\u0103","item":"https:\/\/mhf.ro\/mm\/"},{"@type":"ListItem","position":2,"name":"Covid-19, un nou val! C\u00e2nd vom sc\u0103pa de pandemie ?"}]},{"@type":"WebSite","@id":"https:\/\/mhf.ro\/mm\/#website","url":"https:\/\/mhf.ro\/mm\/","name":"MHF Photography \u2013 Blog de fotografie, natur\u0103 \u0219i tehnic\u0103 divers\u0103","description":"Aventur\u0103 \u00een fiecare cadru.","publisher":{"@id":"https:\/\/mhf.ro\/mm\/#\/schema\/person\/a3bebf7bdb4bf12f698aff73c7e46c21"},"potentialAction":[{"@type":"SearchAction","target":{"@type":"EntryPoint","urlTemplate":"https:\/\/mhf.ro\/mm\/?s={search_term_string}"},"query-input":{"@type":"PropertyValueSpecification","valueRequired":true,"valueName":"search_term_string"}}],"inLanguage":"ro-RO"},{"@type":["Person","Organization"],"@id":"https:\/\/mhf.ro\/mm\/#\/schema\/person\/a3bebf7bdb4bf12f698aff73c7e46c21","name":"Marius Marcu","image":{"@type":"ImageObject","inLanguage":"ro-RO","@id":"https:\/\/mhf.ro\/mm\/#\/schema\/person\/image\/","url":"https:\/\/mhf.ro\/mm\/wp-content\/uploads\/2025\/12\/cropped-logo_mhf_2.png","contentUrl":"https:\/\/mhf.ro\/mm\/wp-content\/uploads\/2025\/12\/cropped-logo_mhf_2.png","width":1096,"height":457,"caption":"Marius Marcu"},"logo":{"@id":"https:\/\/mhf.ro\/mm\/#\/schema\/person\/image\/"},"sameAs":["https:\/\/mhf.ro\/mm"],"url":"https:\/\/mhf.ro\/mm\/author\/mihai\/"}]}},"_links":{"self":[{"href":"https:\/\/mhf.ro\/mm\/wp-json\/wp\/v2\/posts\/4347","targetHints":{"allow":["GET"]}}],"collection":[{"href":"https:\/\/mhf.ro\/mm\/wp-json\/wp\/v2\/posts"}],"about":[{"href":"https:\/\/mhf.ro\/mm\/wp-json\/wp\/v2\/types\/post"}],"author":[{"embeddable":true,"href":"https:\/\/mhf.ro\/mm\/wp-json\/wp\/v2\/users\/1"}],"replies":[{"embeddable":true,"href":"https:\/\/mhf.ro\/mm\/wp-json\/wp\/v2\/comments?post=4347"}],"version-history":[{"count":3,"href":"https:\/\/mhf.ro\/mm\/wp-json\/wp\/v2\/posts\/4347\/revisions"}],"predecessor-version":[{"id":4351,"href":"https:\/\/mhf.ro\/mm\/wp-json\/wp\/v2\/posts\/4347\/revisions\/4351"}],"wp:featuredmedia":[{"embeddable":true,"href":"https:\/\/mhf.ro\/mm\/wp-json\/wp\/v2\/media\/4348"}],"wp:attachment":[{"href":"https:\/\/mhf.ro\/mm\/wp-json\/wp\/v2\/media?parent=4347"}],"wp:term":[{"taxonomy":"category","embeddable":true,"href":"https:\/\/mhf.ro\/mm\/wp-json\/wp\/v2\/categories?post=4347"},{"taxonomy":"post_tag","embeddable":true,"href":"https:\/\/mhf.ro\/mm\/wp-json\/wp\/v2\/tags?post=4347"}],"curies":[{"name":"wp","href":"https:\/\/api.w.org\/{rel}","templated":true}]}}