{"id":4387,"date":"2021-03-16T13:04:50","date_gmt":"2021-03-16T11:04:50","guid":{"rendered":"https:\/\/mhf.ro\/mm\/?p=4387"},"modified":"2021-03-16T13:04:50","modified_gmt":"2021-03-16T11:04:50","slug":"turcia-nu-cere-adeverinta-de-vaccinare","status":"publish","type":"post","link":"https:\/\/mhf.ro\/mm\/turcia-nu-cere-adeverinta-de-vaccinare\/","title":{"rendered":"Turcia NU cere adeverin\u021b\u0103 de vaccinare"},"content":{"rendered":"<p>Turcia a anun\u021bat c\u0103 nu va solicita dovad\u0103 de vaccinare \u015fi, dup\u0103 15 aprilie, se va stabili dac\u0103 vor mai fi cerute rezultate negative la teste anticoronavirus.<\/p>\n<p>\u201e\u00cei a\u0219tept\u0103m cu bra\u021bele deschise pe turi\u0219tii britanici. Colabor\u0103m cu autorit\u0103\u021bile britanice pentru a asigura c\u0103 sunt aplicate procedurile necesare\u201d, a declarat Mehmet Ersoy, ministrul turc al Turismului, potrivit postului ITV.<\/p>\n<p>\u201eNoi nu vom solicita pa\u0219apoarte de vaccinare din partea turi\u0219tilor interna\u021bionali care vin la noi \u00een \u021bar\u0103\u201d, a precizat Mehmet Ersoy.<\/p>\n<p>\u201eNoi avem proceduri vamale de nivel mondial, care asigur\u0103 c\u0103 riscul transmiterii virusului va fi redus \u00een timpul c\u0103l\u0103toriilor \u00een Turcia\u201d, a subliniat Mehmet Ersoy.(conf jurnalist.ro)<\/p>\n","protected":false},"excerpt":{"rendered":"<p>Turcia a anun\u021bat c\u0103 nu va solicita dovad\u0103 de vaccinare \u015fi, dup\u0103 15 aprilie, se va stabili dac\u0103 vor mai<\/p>\n","protected":false},"author":1,"featured_media":4388,"comment_status":"open","ping_status":"open","sticky":false,"template":"","format":"standard","meta":{"colormag_page_container_layout":"default_layout","colormag_page_sidebar_layout":"default_layout","footnotes":""},"categories":[5],"tags":[],"class_list":["post-4387","post","type-post","status-publish","format-standard","has-post-thumbnail","hentry","category-locale"],"yoast_head":"<!-- This site is optimized with the Yoast SEO plugin v27.0 - https:\/\/yoast.com\/product\/yoast-seo-wordpress\/ -->\n<title>Turcia NU cere adeverin\u021b\u0103 de vaccinare - MHF Photography<\/title>\n<meta name=\"robots\" content=\"index, follow, max-snippet:-1, max-image-preview:large, max-video-preview:-1\" \/>\n<link rel=\"canonical\" href=\"https:\/\/mhf.ro\/mm\/turcia-nu-cere-adeverinta-de-vaccinare\/\" \/>\n<meta property=\"og:locale\" content=\"ro_RO\" \/>\n<meta property=\"og:type\" content=\"article\" \/>\n<meta property=\"og:title\" content=\"Turcia NU cere adeverin\u021b\u0103 de vaccinare - MHF Photography\" \/>\n<meta property=\"og:description\" content=\"Turcia a anun\u021bat c\u0103 nu va solicita dovad\u0103 de vaccinare \u015fi, dup\u0103 15 aprilie, se va stabili dac\u0103 vor mai\" \/>\n<meta property=\"og:url\" content=\"https:\/\/mhf.ro\/mm\/turcia-nu-cere-adeverinta-de-vaccinare\/\" \/>\n<meta property=\"og:site_name\" content=\"MHF Photography\" \/>\n<meta property=\"article:published_time\" content=\"2021-03-16T11:04:50+00:00\" \/>\n<meta property=\"og:image\" content=\"https:\/\/mhf.ro\/mm\/wp-content\/uploads\/2021\/03\/turcia.jpg\" \/>\n\t<meta property=\"og:image:width\" content=\"1130\" \/>\n\t<meta property=\"og:image:height\" content=\"500\" \/>\n\t<meta property=\"og:image:type\" content=\"image\/jpeg\" \/>\n<meta name=\"author\" content=\"Marius Marcu\" \/>\n<meta name=\"twitter:card\" content=\"summary_large_image\" \/>\n<meta name=\"twitter:label1\" content=\"Scris de\" \/>\n\t<meta name=\"twitter:data1\" content=\"Marius Marcu\" \/>\n\t<meta name=\"twitter:label2\" content=\"Timp estimat pentru citire\" \/>\n\t<meta name=\"twitter:data2\" content=\"1 minut\" \/>\n<script type=\"application\/ld+json\" class=\"yoast-schema-graph\">{\"@context\":\"https:\/\/schema.org\",\"@graph\":[{\"@type\":\"Article\",\"@id\":\"https:\/\/mhf.ro\/mm\/turcia-nu-cere-adeverinta-de-vaccinare\/#article\",\"isPartOf\":{\"@id\":\"https:\/\/mhf.ro\/mm\/turcia-nu-cere-adeverinta-de-vaccinare\/\"},\"author\":{\"name\":\"Marius Marcu\",\"@id\":\"https:\/\/mhf.ro\/mm\/#\/schema\/person\/a3bebf7bdb4bf12f698aff73c7e46c21\"},\"headline\":\"Turcia NU cere adeverin\u021b\u0103 de vaccinare\",\"datePublished\":\"2021-03-16T11:04:50+00:00\",\"mainEntityOfPage\":{\"@id\":\"https:\/\/mhf.ro\/mm\/turcia-nu-cere-adeverinta-de-vaccinare\/\"},\"wordCount\":124,\"commentCount\":0,\"publisher\":{\"@id\":\"https:\/\/mhf.ro\/mm\/#\/schema\/person\/a3bebf7bdb4bf12f698aff73c7e46c21\"},\"image\":{\"@id\":\"https:\/\/mhf.ro\/mm\/turcia-nu-cere-adeverinta-de-vaccinare\/#primaryimage\"},\"thumbnailUrl\":\"https:\/\/mhf.ro\/mm\/wp-content\/uploads\/2021\/03\/turcia.jpg\",\"articleSection\":[\"Locale\"],\"inLanguage\":\"ro-RO\",\"potentialAction\":[{\"@type\":\"CommentAction\",\"name\":\"Comment\",\"target\":[\"https:\/\/mhf.ro\/mm\/turcia-nu-cere-adeverinta-de-vaccinare\/#respond\"]}]},{\"@type\":\"WebPage\",\"@id\":\"https:\/\/mhf.ro\/mm\/turcia-nu-cere-adeverinta-de-vaccinare\/\",\"url\":\"https:\/\/mhf.ro\/mm\/turcia-nu-cere-adeverinta-de-vaccinare\/\",\"name\":\"Turcia NU cere adeverin\u021b\u0103 de vaccinare - MHF Photography\",\"isPartOf\":{\"@id\":\"https:\/\/mhf.ro\/mm\/#website\"},\"primaryImageOfPage\":{\"@id\":\"https:\/\/mhf.ro\/mm\/turcia-nu-cere-adeverinta-de-vaccinare\/#primaryimage\"},\"image\":{\"@id\":\"https:\/\/mhf.ro\/mm\/turcia-nu-cere-adeverinta-de-vaccinare\/#primaryimage\"},\"thumbnailUrl\":\"https:\/\/mhf.ro\/mm\/wp-content\/uploads\/2021\/03\/turcia.jpg\",\"datePublished\":\"2021-03-16T11:04:50+00:00\",\"breadcrumb\":{\"@id\":\"https:\/\/mhf.ro\/mm\/turcia-nu-cere-adeverinta-de-vaccinare\/#breadcrumb\"},\"inLanguage\":\"ro-RO\",\"potentialAction\":[{\"@type\":\"ReadAction\",\"target\":[\"https:\/\/mhf.ro\/mm\/turcia-nu-cere-adeverinta-de-vaccinare\/\"]}]},{\"@type\":\"ImageObject\",\"inLanguage\":\"ro-RO\",\"@id\":\"https:\/\/mhf.ro\/mm\/turcia-nu-cere-adeverinta-de-vaccinare\/#primaryimage\",\"url\":\"https:\/\/mhf.ro\/mm\/wp-content\/uploads\/2021\/03\/turcia.jpg\",\"contentUrl\":\"https:\/\/mhf.ro\/mm\/wp-content\/uploads\/2021\/03\/turcia.jpg\",\"width\":1130,\"height\":500},{\"@type\":\"BreadcrumbList\",\"@id\":\"https:\/\/mhf.ro\/mm\/turcia-nu-cere-adeverinta-de-vaccinare\/#breadcrumb\",\"itemListElement\":[{\"@type\":\"ListItem\",\"position\":1,\"name\":\"Prima pagin\u0103\",\"item\":\"https:\/\/mhf.ro\/mm\/\"},{\"@type\":\"ListItem\",\"position\":2,\"name\":\"Turcia NU cere adeverin\u021b\u0103 de vaccinare\"}]},{\"@type\":\"WebSite\",\"@id\":\"https:\/\/mhf.ro\/mm\/#website\",\"url\":\"https:\/\/mhf.ro\/mm\/\",\"name\":\"MHF Photography \u2013 Blog de fotografie, natur\u0103 \u0219i tehnic\u0103 divers\u0103\",\"description\":\"Aventur\u0103 \u00een fiecare cadru.\",\"publisher\":{\"@id\":\"https:\/\/mhf.ro\/mm\/#\/schema\/person\/a3bebf7bdb4bf12f698aff73c7e46c21\"},\"potentialAction\":[{\"@type\":\"SearchAction\",\"target\":{\"@type\":\"EntryPoint\",\"urlTemplate\":\"https:\/\/mhf.ro\/mm\/?s={search_term_string}\"},\"query-input\":{\"@type\":\"PropertyValueSpecification\",\"valueRequired\":true,\"valueName\":\"search_term_string\"}}],\"inLanguage\":\"ro-RO\"},{\"@type\":[\"Person\",\"Organization\"],\"@id\":\"https:\/\/mhf.ro\/mm\/#\/schema\/person\/a3bebf7bdb4bf12f698aff73c7e46c21\",\"name\":\"Marius Marcu\",\"image\":{\"@type\":\"ImageObject\",\"inLanguage\":\"ro-RO\",\"@id\":\"https:\/\/mhf.ro\/mm\/#\/schema\/person\/image\/\",\"url\":\"https:\/\/mhf.ro\/mm\/wp-content\/uploads\/2025\/12\/cropped-logo_mhf_2.png\",\"contentUrl\":\"https:\/\/mhf.ro\/mm\/wp-content\/uploads\/2025\/12\/cropped-logo_mhf_2.png\",\"width\":1096,\"height\":457,\"caption\":\"Marius Marcu\"},\"logo\":{\"@id\":\"https:\/\/mhf.ro\/mm\/#\/schema\/person\/image\/\"},\"sameAs\":[\"https:\/\/mhf.ro\/mm\"],\"url\":\"https:\/\/mhf.ro\/mm\/author\/mihai\/\"}]}<\/script>\n<!-- \/ Yoast SEO plugin. -->","yoast_head_json":{"title":"Turcia NU cere adeverin\u021b\u0103 de vaccinare - MHF Photography","robots":{"index":"index","follow":"follow","max-snippet":"max-snippet:-1","max-image-preview":"max-image-preview:large","max-video-preview":"max-video-preview:-1"},"canonical":"https:\/\/mhf.ro\/mm\/turcia-nu-cere-adeverinta-de-vaccinare\/","og_locale":"ro_RO","og_type":"article","og_title":"Turcia NU cere adeverin\u021b\u0103 de vaccinare - MHF Photography","og_description":"Turcia a anun\u021bat c\u0103 nu va solicita dovad\u0103 de vaccinare \u015fi, dup\u0103 15 aprilie, se va stabili dac\u0103 vor mai","og_url":"https:\/\/mhf.ro\/mm\/turcia-nu-cere-adeverinta-de-vaccinare\/","og_site_name":"MHF Photography","article_published_time":"2021-03-16T11:04:50+00:00","og_image":[{"width":1130,"height":500,"url":"https:\/\/mhf.ro\/mm\/wp-content\/uploads\/2021\/03\/turcia.jpg","type":"image\/jpeg"}],"author":"Marius Marcu","twitter_card":"summary_large_image","twitter_misc":{"Scris de":"Marius Marcu","Timp estimat pentru citire":"1 minut"},"schema":{"@context":"https:\/\/schema.org","@graph":[{"@type":"Article","@id":"https:\/\/mhf.ro\/mm\/turcia-nu-cere-adeverinta-de-vaccinare\/#article","isPartOf":{"@id":"https:\/\/mhf.ro\/mm\/turcia-nu-cere-adeverinta-de-vaccinare\/"},"author":{"name":"Marius Marcu","@id":"https:\/\/mhf.ro\/mm\/#\/schema\/person\/a3bebf7bdb4bf12f698aff73c7e46c21"},"headline":"Turcia NU cere adeverin\u021b\u0103 de vaccinare","datePublished":"2021-03-16T11:04:50+00:00","mainEntityOfPage":{"@id":"https:\/\/mhf.ro\/mm\/turcia-nu-cere-adeverinta-de-vaccinare\/"},"wordCount":124,"commentCount":0,"publisher":{"@id":"https:\/\/mhf.ro\/mm\/#\/schema\/person\/a3bebf7bdb4bf12f698aff73c7e46c21"},"image":{"@id":"https:\/\/mhf.ro\/mm\/turcia-nu-cere-adeverinta-de-vaccinare\/#primaryimage"},"thumbnailUrl":"https:\/\/mhf.ro\/mm\/wp-content\/uploads\/2021\/03\/turcia.jpg","articleSection":["Locale"],"inLanguage":"ro-RO","potentialAction":[{"@type":"CommentAction","name":"Comment","target":["https:\/\/mhf.ro\/mm\/turcia-nu-cere-adeverinta-de-vaccinare\/#respond"]}]},{"@type":"WebPage","@id":"https:\/\/mhf.ro\/mm\/turcia-nu-cere-adeverinta-de-vaccinare\/","url":"https:\/\/mhf.ro\/mm\/turcia-nu-cere-adeverinta-de-vaccinare\/","name":"Turcia NU cere adeverin\u021b\u0103 de vaccinare - MHF Photography","isPartOf":{"@id":"https:\/\/mhf.ro\/mm\/#website"},"primaryImageOfPage":{"@id":"https:\/\/mhf.ro\/mm\/turcia-nu-cere-adeverinta-de-vaccinare\/#primaryimage"},"image":{"@id":"https:\/\/mhf.ro\/mm\/turcia-nu-cere-adeverinta-de-vaccinare\/#primaryimage"},"thumbnailUrl":"https:\/\/mhf.ro\/mm\/wp-content\/uploads\/2021\/03\/turcia.jpg","datePublished":"2021-03-16T11:04:50+00:00","breadcrumb":{"@id":"https:\/\/mhf.ro\/mm\/turcia-nu-cere-adeverinta-de-vaccinare\/#breadcrumb"},"inLanguage":"ro-RO","potentialAction":[{"@type":"ReadAction","target":["https:\/\/mhf.ro\/mm\/turcia-nu-cere-adeverinta-de-vaccinare\/"]}]},{"@type":"ImageObject","inLanguage":"ro-RO","@id":"https:\/\/mhf.ro\/mm\/turcia-nu-cere-adeverinta-de-vaccinare\/#primaryimage","url":"https:\/\/mhf.ro\/mm\/wp-content\/uploads\/2021\/03\/turcia.jpg","contentUrl":"https:\/\/mhf.ro\/mm\/wp-content\/uploads\/2021\/03\/turcia.jpg","width":1130,"height":500},{"@type":"BreadcrumbList","@id":"https:\/\/mhf.ro\/mm\/turcia-nu-cere-adeverinta-de-vaccinare\/#breadcrumb","itemListElement":[{"@type":"ListItem","position":1,"name":"Prima pagin\u0103","item":"https:\/\/mhf.ro\/mm\/"},{"@type":"ListItem","position":2,"name":"Turcia NU cere adeverin\u021b\u0103 de vaccinare"}]},{"@type":"WebSite","@id":"https:\/\/mhf.ro\/mm\/#website","url":"https:\/\/mhf.ro\/mm\/","name":"MHF Photography \u2013 Blog de fotografie, natur\u0103 \u0219i tehnic\u0103 divers\u0103","description":"Aventur\u0103 \u00een fiecare cadru.","publisher":{"@id":"https:\/\/mhf.ro\/mm\/#\/schema\/person\/a3bebf7bdb4bf12f698aff73c7e46c21"},"potentialAction":[{"@type":"SearchAction","target":{"@type":"EntryPoint","urlTemplate":"https:\/\/mhf.ro\/mm\/?s={search_term_string}"},"query-input":{"@type":"PropertyValueSpecification","valueRequired":true,"valueName":"search_term_string"}}],"inLanguage":"ro-RO"},{"@type":["Person","Organization"],"@id":"https:\/\/mhf.ro\/mm\/#\/schema\/person\/a3bebf7bdb4bf12f698aff73c7e46c21","name":"Marius Marcu","image":{"@type":"ImageObject","inLanguage":"ro-RO","@id":"https:\/\/mhf.ro\/mm\/#\/schema\/person\/image\/","url":"https:\/\/mhf.ro\/mm\/wp-content\/uploads\/2025\/12\/cropped-logo_mhf_2.png","contentUrl":"https:\/\/mhf.ro\/mm\/wp-content\/uploads\/2025\/12\/cropped-logo_mhf_2.png","width":1096,"height":457,"caption":"Marius Marcu"},"logo":{"@id":"https:\/\/mhf.ro\/mm\/#\/schema\/person\/image\/"},"sameAs":["https:\/\/mhf.ro\/mm"],"url":"https:\/\/mhf.ro\/mm\/author\/mihai\/"}]}},"_links":{"self":[{"href":"https:\/\/mhf.ro\/mm\/wp-json\/wp\/v2\/posts\/4387","targetHints":{"allow":["GET"]}}],"collection":[{"href":"https:\/\/mhf.ro\/mm\/wp-json\/wp\/v2\/posts"}],"about":[{"href":"https:\/\/mhf.ro\/mm\/wp-json\/wp\/v2\/types\/post"}],"author":[{"embeddable":true,"href":"https:\/\/mhf.ro\/mm\/wp-json\/wp\/v2\/users\/1"}],"replies":[{"embeddable":true,"href":"https:\/\/mhf.ro\/mm\/wp-json\/wp\/v2\/comments?post=4387"}],"version-history":[{"count":1,"href":"https:\/\/mhf.ro\/mm\/wp-json\/wp\/v2\/posts\/4387\/revisions"}],"predecessor-version":[{"id":4389,"href":"https:\/\/mhf.ro\/mm\/wp-json\/wp\/v2\/posts\/4387\/revisions\/4389"}],"wp:featuredmedia":[{"embeddable":true,"href":"https:\/\/mhf.ro\/mm\/wp-json\/wp\/v2\/media\/4388"}],"wp:attachment":[{"href":"https:\/\/mhf.ro\/mm\/wp-json\/wp\/v2\/media?parent=4387"}],"wp:term":[{"taxonomy":"category","embeddable":true,"href":"https:\/\/mhf.ro\/mm\/wp-json\/wp\/v2\/categories?post=4387"},{"taxonomy":"post_tag","embeddable":true,"href":"https:\/\/mhf.ro\/mm\/wp-json\/wp\/v2\/tags?post=4387"}],"curies":[{"name":"wp","href":"https:\/\/api.w.org\/{rel}","templated":true}]}}