{"id":4393,"date":"2021-03-17T09:21:26","date_gmt":"2021-03-17T07:21:26","guid":{"rendered":"https:\/\/mhf.ro\/mm\/?p=4393"},"modified":"2021-03-17T09:22:03","modified_gmt":"2021-03-17T07:22:03","slug":"romania-exclusa-de-volkswagen-de-pe-harta-europei","status":"publish","type":"post","link":"https:\/\/mhf.ro\/mm\/romania-exclusa-de-volkswagen-de-pe-harta-europei\/","title":{"rendered":"Rom\u00e2nia, \u2018exclus\u0103\u2019 de Volkswagen de pe harta Europei"},"content":{"rendered":"<p align=\"left\">Grupul Volkswagen a f\u0103cut o gaf\u0103 monumental\u0103 \u00een cadrul evenimentului de prezentare a strategiei sale de electrificare. Utilizatorii din Rom\u00e2nia (\u0219i nu numai) au v\u0103zut c\u0103 din harta Europei prezentat\u0103 la un moment dat de CEO-ul companiei, Herbert Diess, lipsea \u021bara noastr\u0103, dar \u0219i Norvegia \u0219i Islanda.<\/p>\n<p align=\"left\">Statul scandinav este \u021bara de pe continent cu cea mai mare rat\u0103 de adop\u021bie a vehiculelor electrice, scrie go4it.<\/p>\n<p align=\"left\">\u00cen schimb, Ungaria \u0219i Serbia apar ca av\u00e2nd ie\u0219ire la Marea Neagr\u0103.<\/p>\n<p align=\"left\">Slide-ul cu harta gre\u0219it\u0103 a f\u0103cut parte din prezentarea dezvolt\u0103rii re\u021belei Volkswagen de sta\u021bii rapide de \u00eenc\u0103rcare pentru ma\u0219inile electrice pe \u00eentre teritoriul Europei.<\/p>\n<p align=\"left\">Mai mult, \u00een st\u00e2nga, pe ecran, apare ceea ce pare a fi statul american Maine.<\/p>\n<p align=\"left\">\u201eAt\u00e2t de m\u00e2ndru c\u0103 Maine face \u00een sf\u00e2r\u0219it parte din Europa. \u00cei dedic asta lui Paul LePage\u201d, a scris un utilizator. (conf jurnalist.ro)<\/p>\n","protected":false},"excerpt":{"rendered":"<p>Grupul Volkswagen a f\u0103cut o gaf\u0103 monumental\u0103 \u00een cadrul evenimentului de prezentare a strategiei sale de electrificare. Utilizatorii din Rom\u00e2nia<\/p>\n","protected":false},"author":1,"featured_media":4394,"comment_status":"open","ping_status":"open","sticky":false,"template":"","format":"standard","meta":{"colormag_page_container_layout":"default_layout","colormag_page_sidebar_layout":"default_layout","footnotes":""},"categories":[5],"tags":[],"class_list":["post-4393","post","type-post","status-publish","format-standard","has-post-thumbnail","hentry","category-locale"],"yoast_head":"<!-- This site is optimized with the Yoast SEO plugin v27.0 - https:\/\/yoast.com\/product\/yoast-seo-wordpress\/ -->\n<title>Rom\u00e2nia, \u2018exclus\u0103\u2019 de Volkswagen de pe harta Europei - MHF Photography<\/title>\n<meta name=\"robots\" content=\"index, follow, max-snippet:-1, max-image-preview:large, max-video-preview:-1\" \/>\n<link rel=\"canonical\" href=\"https:\/\/mhf.ro\/mm\/romania-exclusa-de-volkswagen-de-pe-harta-europei\/\" \/>\n<meta property=\"og:locale\" content=\"ro_RO\" \/>\n<meta property=\"og:type\" content=\"article\" \/>\n<meta property=\"og:title\" content=\"Rom\u00e2nia, \u2018exclus\u0103\u2019 de Volkswagen de pe harta Europei - MHF Photography\" \/>\n<meta property=\"og:description\" content=\"Grupul Volkswagen a f\u0103cut o gaf\u0103 monumental\u0103 \u00een cadrul evenimentului de prezentare a strategiei sale de electrificare. Utilizatorii din Rom\u00e2nia\" \/>\n<meta property=\"og:url\" content=\"https:\/\/mhf.ro\/mm\/romania-exclusa-de-volkswagen-de-pe-harta-europei\/\" \/>\n<meta property=\"og:site_name\" content=\"MHF Photography\" \/>\n<meta property=\"article:published_time\" content=\"2021-03-17T07:21:26+00:00\" \/>\n<meta property=\"article:modified_time\" content=\"2021-03-17T07:22:03+00:00\" \/>\n<meta property=\"og:image\" content=\"https:\/\/mhf.ro\/mm\/wp-content\/uploads\/2021\/03\/vw_electric-1.jpg\" \/>\n\t<meta property=\"og:image:width\" content=\"1280\" \/>\n\t<meta property=\"og:image:height\" content=\"746\" \/>\n\t<meta property=\"og:image:type\" content=\"image\/jpeg\" \/>\n<meta name=\"author\" content=\"Marius Marcu\" \/>\n<meta name=\"twitter:card\" content=\"summary_large_image\" \/>\n<meta name=\"twitter:label1\" content=\"Scris de\" \/>\n\t<meta name=\"twitter:data1\" content=\"Marius Marcu\" \/>\n\t<meta name=\"twitter:label2\" content=\"Timp estimat pentru citire\" \/>\n\t<meta name=\"twitter:data2\" content=\"1 minut\" \/>\n<script type=\"application\/ld+json\" class=\"yoast-schema-graph\">{\"@context\":\"https:\/\/schema.org\",\"@graph\":[{\"@type\":\"Article\",\"@id\":\"https:\/\/mhf.ro\/mm\/romania-exclusa-de-volkswagen-de-pe-harta-europei\/#article\",\"isPartOf\":{\"@id\":\"https:\/\/mhf.ro\/mm\/romania-exclusa-de-volkswagen-de-pe-harta-europei\/\"},\"author\":{\"name\":\"Marius Marcu\",\"@id\":\"https:\/\/mhf.ro\/mm\/#\/schema\/person\/a3bebf7bdb4bf12f698aff73c7e46c21\"},\"headline\":\"Rom\u00e2nia, \u2018exclus\u0103\u2019 de Volkswagen de pe harta Europei\",\"datePublished\":\"2021-03-17T07:21:26+00:00\",\"dateModified\":\"2021-03-17T07:22:03+00:00\",\"mainEntityOfPage\":{\"@id\":\"https:\/\/mhf.ro\/mm\/romania-exclusa-de-volkswagen-de-pe-harta-europei\/\"},\"wordCount\":169,\"commentCount\":0,\"publisher\":{\"@id\":\"https:\/\/mhf.ro\/mm\/#\/schema\/person\/a3bebf7bdb4bf12f698aff73c7e46c21\"},\"image\":{\"@id\":\"https:\/\/mhf.ro\/mm\/romania-exclusa-de-volkswagen-de-pe-harta-europei\/#primaryimage\"},\"thumbnailUrl\":\"https:\/\/mhf.ro\/mm\/wp-content\/uploads\/2021\/03\/vw_electric-1.jpg\",\"articleSection\":[\"Locale\"],\"inLanguage\":\"ro-RO\",\"potentialAction\":[{\"@type\":\"CommentAction\",\"name\":\"Comment\",\"target\":[\"https:\/\/mhf.ro\/mm\/romania-exclusa-de-volkswagen-de-pe-harta-europei\/#respond\"]}]},{\"@type\":\"WebPage\",\"@id\":\"https:\/\/mhf.ro\/mm\/romania-exclusa-de-volkswagen-de-pe-harta-europei\/\",\"url\":\"https:\/\/mhf.ro\/mm\/romania-exclusa-de-volkswagen-de-pe-harta-europei\/\",\"name\":\"Rom\u00e2nia, \u2018exclus\u0103\u2019 de Volkswagen de pe harta Europei - MHF Photography\",\"isPartOf\":{\"@id\":\"https:\/\/mhf.ro\/mm\/#website\"},\"primaryImageOfPage\":{\"@id\":\"https:\/\/mhf.ro\/mm\/romania-exclusa-de-volkswagen-de-pe-harta-europei\/#primaryimage\"},\"image\":{\"@id\":\"https:\/\/mhf.ro\/mm\/romania-exclusa-de-volkswagen-de-pe-harta-europei\/#primaryimage\"},\"thumbnailUrl\":\"https:\/\/mhf.ro\/mm\/wp-content\/uploads\/2021\/03\/vw_electric-1.jpg\",\"datePublished\":\"2021-03-17T07:21:26+00:00\",\"dateModified\":\"2021-03-17T07:22:03+00:00\",\"breadcrumb\":{\"@id\":\"https:\/\/mhf.ro\/mm\/romania-exclusa-de-volkswagen-de-pe-harta-europei\/#breadcrumb\"},\"inLanguage\":\"ro-RO\",\"potentialAction\":[{\"@type\":\"ReadAction\",\"target\":[\"https:\/\/mhf.ro\/mm\/romania-exclusa-de-volkswagen-de-pe-harta-europei\/\"]}]},{\"@type\":\"ImageObject\",\"inLanguage\":\"ro-RO\",\"@id\":\"https:\/\/mhf.ro\/mm\/romania-exclusa-de-volkswagen-de-pe-harta-europei\/#primaryimage\",\"url\":\"https:\/\/mhf.ro\/mm\/wp-content\/uploads\/2021\/03\/vw_electric-1.jpg\",\"contentUrl\":\"https:\/\/mhf.ro\/mm\/wp-content\/uploads\/2021\/03\/vw_electric-1.jpg\",\"width\":1280,\"height\":746},{\"@type\":\"BreadcrumbList\",\"@id\":\"https:\/\/mhf.ro\/mm\/romania-exclusa-de-volkswagen-de-pe-harta-europei\/#breadcrumb\",\"itemListElement\":[{\"@type\":\"ListItem\",\"position\":1,\"name\":\"Prima pagin\u0103\",\"item\":\"https:\/\/mhf.ro\/mm\/\"},{\"@type\":\"ListItem\",\"position\":2,\"name\":\"Rom\u00e2nia, \u2018exclus\u0103\u2019 de Volkswagen de pe harta Europei\"}]},{\"@type\":\"WebSite\",\"@id\":\"https:\/\/mhf.ro\/mm\/#website\",\"url\":\"https:\/\/mhf.ro\/mm\/\",\"name\":\"MHF Photography \u2013 Blog de fotografie, natur\u0103 \u0219i tehnic\u0103 divers\u0103\",\"description\":\"Aventur\u0103 \u00een fiecare cadru.\",\"publisher\":{\"@id\":\"https:\/\/mhf.ro\/mm\/#\/schema\/person\/a3bebf7bdb4bf12f698aff73c7e46c21\"},\"potentialAction\":[{\"@type\":\"SearchAction\",\"target\":{\"@type\":\"EntryPoint\",\"urlTemplate\":\"https:\/\/mhf.ro\/mm\/?s={search_term_string}\"},\"query-input\":{\"@type\":\"PropertyValueSpecification\",\"valueRequired\":true,\"valueName\":\"search_term_string\"}}],\"inLanguage\":\"ro-RO\"},{\"@type\":[\"Person\",\"Organization\"],\"@id\":\"https:\/\/mhf.ro\/mm\/#\/schema\/person\/a3bebf7bdb4bf12f698aff73c7e46c21\",\"name\":\"Marius Marcu\",\"image\":{\"@type\":\"ImageObject\",\"inLanguage\":\"ro-RO\",\"@id\":\"https:\/\/mhf.ro\/mm\/#\/schema\/person\/image\/\",\"url\":\"https:\/\/mhf.ro\/mm\/wp-content\/uploads\/2025\/12\/cropped-logo_mhf_2.png\",\"contentUrl\":\"https:\/\/mhf.ro\/mm\/wp-content\/uploads\/2025\/12\/cropped-logo_mhf_2.png\",\"width\":1096,\"height\":457,\"caption\":\"Marius Marcu\"},\"logo\":{\"@id\":\"https:\/\/mhf.ro\/mm\/#\/schema\/person\/image\/\"},\"sameAs\":[\"https:\/\/mhf.ro\/mm\"],\"url\":\"https:\/\/mhf.ro\/mm\/author\/mihai\/\"}]}<\/script>\n<!-- \/ Yoast SEO plugin. -->","yoast_head_json":{"title":"Rom\u00e2nia, \u2018exclus\u0103\u2019 de Volkswagen de pe harta Europei - MHF Photography","robots":{"index":"index","follow":"follow","max-snippet":"max-snippet:-1","max-image-preview":"max-image-preview:large","max-video-preview":"max-video-preview:-1"},"canonical":"https:\/\/mhf.ro\/mm\/romania-exclusa-de-volkswagen-de-pe-harta-europei\/","og_locale":"ro_RO","og_type":"article","og_title":"Rom\u00e2nia, \u2018exclus\u0103\u2019 de Volkswagen de pe harta Europei - MHF Photography","og_description":"Grupul Volkswagen a f\u0103cut o gaf\u0103 monumental\u0103 \u00een cadrul evenimentului de prezentare a strategiei sale de electrificare. Utilizatorii din Rom\u00e2nia","og_url":"https:\/\/mhf.ro\/mm\/romania-exclusa-de-volkswagen-de-pe-harta-europei\/","og_site_name":"MHF Photography","article_published_time":"2021-03-17T07:21:26+00:00","article_modified_time":"2021-03-17T07:22:03+00:00","og_image":[{"width":1280,"height":746,"url":"https:\/\/mhf.ro\/mm\/wp-content\/uploads\/2021\/03\/vw_electric-1.jpg","type":"image\/jpeg"}],"author":"Marius Marcu","twitter_card":"summary_large_image","twitter_misc":{"Scris de":"Marius Marcu","Timp estimat pentru citire":"1 minut"},"schema":{"@context":"https:\/\/schema.org","@graph":[{"@type":"Article","@id":"https:\/\/mhf.ro\/mm\/romania-exclusa-de-volkswagen-de-pe-harta-europei\/#article","isPartOf":{"@id":"https:\/\/mhf.ro\/mm\/romania-exclusa-de-volkswagen-de-pe-harta-europei\/"},"author":{"name":"Marius Marcu","@id":"https:\/\/mhf.ro\/mm\/#\/schema\/person\/a3bebf7bdb4bf12f698aff73c7e46c21"},"headline":"Rom\u00e2nia, \u2018exclus\u0103\u2019 de Volkswagen de pe harta Europei","datePublished":"2021-03-17T07:21:26+00:00","dateModified":"2021-03-17T07:22:03+00:00","mainEntityOfPage":{"@id":"https:\/\/mhf.ro\/mm\/romania-exclusa-de-volkswagen-de-pe-harta-europei\/"},"wordCount":169,"commentCount":0,"publisher":{"@id":"https:\/\/mhf.ro\/mm\/#\/schema\/person\/a3bebf7bdb4bf12f698aff73c7e46c21"},"image":{"@id":"https:\/\/mhf.ro\/mm\/romania-exclusa-de-volkswagen-de-pe-harta-europei\/#primaryimage"},"thumbnailUrl":"https:\/\/mhf.ro\/mm\/wp-content\/uploads\/2021\/03\/vw_electric-1.jpg","articleSection":["Locale"],"inLanguage":"ro-RO","potentialAction":[{"@type":"CommentAction","name":"Comment","target":["https:\/\/mhf.ro\/mm\/romania-exclusa-de-volkswagen-de-pe-harta-europei\/#respond"]}]},{"@type":"WebPage","@id":"https:\/\/mhf.ro\/mm\/romania-exclusa-de-volkswagen-de-pe-harta-europei\/","url":"https:\/\/mhf.ro\/mm\/romania-exclusa-de-volkswagen-de-pe-harta-europei\/","name":"Rom\u00e2nia, \u2018exclus\u0103\u2019 de Volkswagen de pe harta Europei - MHF Photography","isPartOf":{"@id":"https:\/\/mhf.ro\/mm\/#website"},"primaryImageOfPage":{"@id":"https:\/\/mhf.ro\/mm\/romania-exclusa-de-volkswagen-de-pe-harta-europei\/#primaryimage"},"image":{"@id":"https:\/\/mhf.ro\/mm\/romania-exclusa-de-volkswagen-de-pe-harta-europei\/#primaryimage"},"thumbnailUrl":"https:\/\/mhf.ro\/mm\/wp-content\/uploads\/2021\/03\/vw_electric-1.jpg","datePublished":"2021-03-17T07:21:26+00:00","dateModified":"2021-03-17T07:22:03+00:00","breadcrumb":{"@id":"https:\/\/mhf.ro\/mm\/romania-exclusa-de-volkswagen-de-pe-harta-europei\/#breadcrumb"},"inLanguage":"ro-RO","potentialAction":[{"@type":"ReadAction","target":["https:\/\/mhf.ro\/mm\/romania-exclusa-de-volkswagen-de-pe-harta-europei\/"]}]},{"@type":"ImageObject","inLanguage":"ro-RO","@id":"https:\/\/mhf.ro\/mm\/romania-exclusa-de-volkswagen-de-pe-harta-europei\/#primaryimage","url":"https:\/\/mhf.ro\/mm\/wp-content\/uploads\/2021\/03\/vw_electric-1.jpg","contentUrl":"https:\/\/mhf.ro\/mm\/wp-content\/uploads\/2021\/03\/vw_electric-1.jpg","width":1280,"height":746},{"@type":"BreadcrumbList","@id":"https:\/\/mhf.ro\/mm\/romania-exclusa-de-volkswagen-de-pe-harta-europei\/#breadcrumb","itemListElement":[{"@type":"ListItem","position":1,"name":"Prima pagin\u0103","item":"https:\/\/mhf.ro\/mm\/"},{"@type":"ListItem","position":2,"name":"Rom\u00e2nia, \u2018exclus\u0103\u2019 de Volkswagen de pe harta Europei"}]},{"@type":"WebSite","@id":"https:\/\/mhf.ro\/mm\/#website","url":"https:\/\/mhf.ro\/mm\/","name":"MHF Photography \u2013 Blog de fotografie, natur\u0103 \u0219i tehnic\u0103 divers\u0103","description":"Aventur\u0103 \u00een fiecare cadru.","publisher":{"@id":"https:\/\/mhf.ro\/mm\/#\/schema\/person\/a3bebf7bdb4bf12f698aff73c7e46c21"},"potentialAction":[{"@type":"SearchAction","target":{"@type":"EntryPoint","urlTemplate":"https:\/\/mhf.ro\/mm\/?s={search_term_string}"},"query-input":{"@type":"PropertyValueSpecification","valueRequired":true,"valueName":"search_term_string"}}],"inLanguage":"ro-RO"},{"@type":["Person","Organization"],"@id":"https:\/\/mhf.ro\/mm\/#\/schema\/person\/a3bebf7bdb4bf12f698aff73c7e46c21","name":"Marius Marcu","image":{"@type":"ImageObject","inLanguage":"ro-RO","@id":"https:\/\/mhf.ro\/mm\/#\/schema\/person\/image\/","url":"https:\/\/mhf.ro\/mm\/wp-content\/uploads\/2025\/12\/cropped-logo_mhf_2.png","contentUrl":"https:\/\/mhf.ro\/mm\/wp-content\/uploads\/2025\/12\/cropped-logo_mhf_2.png","width":1096,"height":457,"caption":"Marius Marcu"},"logo":{"@id":"https:\/\/mhf.ro\/mm\/#\/schema\/person\/image\/"},"sameAs":["https:\/\/mhf.ro\/mm"],"url":"https:\/\/mhf.ro\/mm\/author\/mihai\/"}]}},"_links":{"self":[{"href":"https:\/\/mhf.ro\/mm\/wp-json\/wp\/v2\/posts\/4393","targetHints":{"allow":["GET"]}}],"collection":[{"href":"https:\/\/mhf.ro\/mm\/wp-json\/wp\/v2\/posts"}],"about":[{"href":"https:\/\/mhf.ro\/mm\/wp-json\/wp\/v2\/types\/post"}],"author":[{"embeddable":true,"href":"https:\/\/mhf.ro\/mm\/wp-json\/wp\/v2\/users\/1"}],"replies":[{"embeddable":true,"href":"https:\/\/mhf.ro\/mm\/wp-json\/wp\/v2\/comments?post=4393"}],"version-history":[{"count":1,"href":"https:\/\/mhf.ro\/mm\/wp-json\/wp\/v2\/posts\/4393\/revisions"}],"predecessor-version":[{"id":4395,"href":"https:\/\/mhf.ro\/mm\/wp-json\/wp\/v2\/posts\/4393\/revisions\/4395"}],"wp:featuredmedia":[{"embeddable":true,"href":"https:\/\/mhf.ro\/mm\/wp-json\/wp\/v2\/media\/4394"}],"wp:attachment":[{"href":"https:\/\/mhf.ro\/mm\/wp-json\/wp\/v2\/media?parent=4393"}],"wp:term":[{"taxonomy":"category","embeddable":true,"href":"https:\/\/mhf.ro\/mm\/wp-json\/wp\/v2\/categories?post=4393"},{"taxonomy":"post_tag","embeddable":true,"href":"https:\/\/mhf.ro\/mm\/wp-json\/wp\/v2\/tags?post=4393"}],"curies":[{"name":"wp","href":"https:\/\/api.w.org\/{rel}","templated":true}]}}