{"id":4404,"date":"2021-03-20T15:18:58","date_gmt":"2021-03-20T13:18:58","guid":{"rendered":"https:\/\/mhf.ro\/mm\/?p=4404"},"modified":"2021-03-20T15:18:58","modified_gmt":"2021-03-20T13:18:58","slug":"dominus-flevit","status":"publish","type":"post","link":"https:\/\/mhf.ro\/mm\/dominus-flevit\/","title":{"rendered":"Dominus flevit"},"content":{"rendered":"<p>Expresia latin\u0103 <em>Dominus flevit <\/em>\u00eenseamn\u0103<em> Domnul a pl\u00e2ns.\u00a0<\/em><\/p>\n<p>Pe Muntele M\u0103slinilor, mai sus de Gr\u0103dina Ghe\u021bimani, este o bisericu\u021b\u0103 catolic\u0103 ce marcheaz\u0103 locul unui episod relatat de Sf. Ev. Luca \u00een cap. 19 al evangheliei sale. M\u00e2ntuitorul se apropia de Ierusalim \u00eentr-o atmosfer\u0103 de mare bucurie. Dar El vedea dincolo de acel moment. Privind spre viitor Domnul \u0219tia c\u0103 Ierusalimul va fi asediat \u0219i va suferi cumplit. Privind spre evenimentele ce s-au \u0219i \u00eent\u00e2mplat \u00een anii 66-70, \u00een timpul revoltei iudaice, Domnul a pl\u00e2ns.<\/p>\n<p>Forma de lacrim\u0103 a bisericii este sugestiv\u0103. Un perete de sticl\u0103 ofer\u0103 o panoram\u0103 a Ierusalimului vechi, aflat pe colina din fa\u021b\u0103. \u0218i pelerinii de azi privesc Ierusalimul din acest loc, precum M\u00e2ntuitorul odinioar\u0103. \u00cens\u0103 acum se vede altceva. Domul auriu este moscheea care pentru musulmani indic\u0103 \u00een\u0103l\u021barea profetului Mahomed la cer. \u00cen plan mai \u00eendep\u0103rtat, \u00eenspre dreapta, cu dou\u0103 cupole alb\u0103strui, este biserica \u00cenvierii Domnului, pe care o vom prezenta \u00eentr-un articol viitor.<\/p>\n<p>.<img fetchpriority=\"high\" decoding=\"async\" class=\"alignnone size-medium wp-image-4406\" src=\"https:\/\/mhf.ro\/mm\/wp-content\/uploads\/2021\/03\/panorama-300x217.jpg\" alt=\"\" width=\"300\" height=\"217\" srcset=\"https:\/\/mhf.ro\/mm\/wp-content\/uploads\/2021\/03\/panorama-300x217.jpg 300w, https:\/\/mhf.ro\/mm\/wp-content\/uploads\/2021\/03\/panorama-1024x739.jpg 1024w, https:\/\/mhf.ro\/mm\/wp-content\/uploads\/2021\/03\/panorama-768x554.jpg 768w, https:\/\/mhf.ro\/mm\/wp-content\/uploads\/2021\/03\/panorama-1536x1109.jpg 1536w, https:\/\/mhf.ro\/mm\/wp-content\/uploads\/2021\/03\/panorama.jpg 1600w\" sizes=\"(max-width: 300px) 100vw, 300px\" \/><\/p>\n","protected":false},"excerpt":{"rendered":"<p>Expresia latin\u0103 Dominus flevit \u00eenseamn\u0103 Domnul a pl\u00e2ns.\u00a0 Pe Muntele M\u0103slinilor, mai sus de Gr\u0103dina Ghe\u021bimani, este o bisericu\u021b\u0103 catolic\u0103<\/p>\n","protected":false},"author":4,"featured_media":4405,"comment_status":"open","ping_status":"open","sticky":false,"template":"","format":"standard","meta":{"colormag_page_container_layout":"default_layout","colormag_page_sidebar_layout":"default_layout","footnotes":""},"categories":[5,34],"tags":[],"class_list":["post-4404","post","type-post","status-publish","format-standard","has-post-thumbnail","hentry","category-locale","category-religie"],"yoast_head":"<!-- This site is optimized with the Yoast SEO plugin v27.0 - https:\/\/yoast.com\/product\/yoast-seo-wordpress\/ -->\n<title>Dominus flevit - MHF Photography<\/title>\n<meta name=\"robots\" content=\"index, follow, max-snippet:-1, max-image-preview:large, max-video-preview:-1\" \/>\n<link rel=\"canonical\" href=\"https:\/\/mhf.ro\/mm\/dominus-flevit\/\" \/>\n<meta property=\"og:locale\" content=\"ro_RO\" \/>\n<meta property=\"og:type\" content=\"article\" \/>\n<meta property=\"og:title\" content=\"Dominus flevit - MHF Photography\" \/>\n<meta property=\"og:description\" content=\"Expresia latin\u0103 Dominus flevit \u00eenseamn\u0103 Domnul a pl\u00e2ns.\u00a0 Pe Muntele M\u0103slinilor, mai sus de Gr\u0103dina Ghe\u021bimani, este o bisericu\u021b\u0103 catolic\u0103\" \/>\n<meta property=\"og:url\" content=\"https:\/\/mhf.ro\/mm\/dominus-flevit\/\" \/>\n<meta property=\"og:site_name\" content=\"MHF Photography\" \/>\n<meta property=\"article:published_time\" content=\"2021-03-20T13:18:58+00:00\" \/>\n<meta property=\"og:image\" content=\"https:\/\/mhf.ro\/mm\/wp-content\/uploads\/2021\/03\/dominus-flevit-ierusalim-6.jpg\" \/>\n\t<meta property=\"og:image:width\" content=\"450\" \/>\n\t<meta property=\"og:image:height\" content=\"337\" \/>\n\t<meta property=\"og:image:type\" content=\"image\/jpeg\" \/>\n<meta name=\"author\" content=\"Preot paroh Horvat Petru\" \/>\n<meta name=\"twitter:card\" content=\"summary_large_image\" \/>\n<meta name=\"twitter:label1\" content=\"Scris de\" \/>\n\t<meta name=\"twitter:data1\" content=\"Preot paroh Horvat Petru\" \/>\n\t<meta name=\"twitter:label2\" content=\"Timp estimat pentru citire\" \/>\n\t<meta name=\"twitter:data2\" content=\"1 minut\" \/>\n<script type=\"application\/ld+json\" class=\"yoast-schema-graph\">{\"@context\":\"https:\/\/schema.org\",\"@graph\":[{\"@type\":\"Article\",\"@id\":\"https:\/\/mhf.ro\/mm\/dominus-flevit\/#article\",\"isPartOf\":{\"@id\":\"https:\/\/mhf.ro\/mm\/dominus-flevit\/\"},\"author\":{\"name\":\"Preot paroh Horvat Petru\",\"@id\":\"https:\/\/mhf.ro\/mm\/#\/schema\/person\/4c8c06c801b7b666e81ed44550086900\"},\"headline\":\"Dominus flevit\",\"datePublished\":\"2021-03-20T13:18:58+00:00\",\"mainEntityOfPage\":{\"@id\":\"https:\/\/mhf.ro\/mm\/dominus-flevit\/\"},\"wordCount\":171,\"commentCount\":0,\"publisher\":{\"@id\":\"https:\/\/mhf.ro\/mm\/#\/schema\/person\/a3bebf7bdb4bf12f698aff73c7e46c21\"},\"image\":{\"@id\":\"https:\/\/mhf.ro\/mm\/dominus-flevit\/#primaryimage\"},\"thumbnailUrl\":\"https:\/\/mhf.ro\/mm\/wp-content\/uploads\/2021\/03\/dominus-flevit-ierusalim-6.jpg\",\"articleSection\":[\"Locale\",\"Religie\"],\"inLanguage\":\"ro-RO\",\"potentialAction\":[{\"@type\":\"CommentAction\",\"name\":\"Comment\",\"target\":[\"https:\/\/mhf.ro\/mm\/dominus-flevit\/#respond\"]}]},{\"@type\":\"WebPage\",\"@id\":\"https:\/\/mhf.ro\/mm\/dominus-flevit\/\",\"url\":\"https:\/\/mhf.ro\/mm\/dominus-flevit\/\",\"name\":\"Dominus flevit - MHF Photography\",\"isPartOf\":{\"@id\":\"https:\/\/mhf.ro\/mm\/#website\"},\"primaryImageOfPage\":{\"@id\":\"https:\/\/mhf.ro\/mm\/dominus-flevit\/#primaryimage\"},\"image\":{\"@id\":\"https:\/\/mhf.ro\/mm\/dominus-flevit\/#primaryimage\"},\"thumbnailUrl\":\"https:\/\/mhf.ro\/mm\/wp-content\/uploads\/2021\/03\/dominus-flevit-ierusalim-6.jpg\",\"datePublished\":\"2021-03-20T13:18:58+00:00\",\"breadcrumb\":{\"@id\":\"https:\/\/mhf.ro\/mm\/dominus-flevit\/#breadcrumb\"},\"inLanguage\":\"ro-RO\",\"potentialAction\":[{\"@type\":\"ReadAction\",\"target\":[\"https:\/\/mhf.ro\/mm\/dominus-flevit\/\"]}]},{\"@type\":\"ImageObject\",\"inLanguage\":\"ro-RO\",\"@id\":\"https:\/\/mhf.ro\/mm\/dominus-flevit\/#primaryimage\",\"url\":\"https:\/\/mhf.ro\/mm\/wp-content\/uploads\/2021\/03\/dominus-flevit-ierusalim-6.jpg\",\"contentUrl\":\"https:\/\/mhf.ro\/mm\/wp-content\/uploads\/2021\/03\/dominus-flevit-ierusalim-6.jpg\",\"width\":450,\"height\":337},{\"@type\":\"BreadcrumbList\",\"@id\":\"https:\/\/mhf.ro\/mm\/dominus-flevit\/#breadcrumb\",\"itemListElement\":[{\"@type\":\"ListItem\",\"position\":1,\"name\":\"Prima pagin\u0103\",\"item\":\"https:\/\/mhf.ro\/mm\/\"},{\"@type\":\"ListItem\",\"position\":2,\"name\":\"Dominus flevit\"}]},{\"@type\":\"WebSite\",\"@id\":\"https:\/\/mhf.ro\/mm\/#website\",\"url\":\"https:\/\/mhf.ro\/mm\/\",\"name\":\"MHF Photography \u2013 Blog de fotografie, natur\u0103 \u0219i tehnic\u0103 divers\u0103\",\"description\":\"Aventur\u0103 \u00een fiecare cadru.\",\"publisher\":{\"@id\":\"https:\/\/mhf.ro\/mm\/#\/schema\/person\/a3bebf7bdb4bf12f698aff73c7e46c21\"},\"potentialAction\":[{\"@type\":\"SearchAction\",\"target\":{\"@type\":\"EntryPoint\",\"urlTemplate\":\"https:\/\/mhf.ro\/mm\/?s={search_term_string}\"},\"query-input\":{\"@type\":\"PropertyValueSpecification\",\"valueRequired\":true,\"valueName\":\"search_term_string\"}}],\"inLanguage\":\"ro-RO\"},{\"@type\":[\"Person\",\"Organization\"],\"@id\":\"https:\/\/mhf.ro\/mm\/#\/schema\/person\/a3bebf7bdb4bf12f698aff73c7e46c21\",\"name\":\"Marius Marcu\",\"image\":{\"@type\":\"ImageObject\",\"inLanguage\":\"ro-RO\",\"@id\":\"https:\/\/mhf.ro\/mm\/#\/schema\/person\/image\/\",\"url\":\"https:\/\/mhf.ro\/mm\/wp-content\/uploads\/2025\/12\/cropped-logo_mhf_2.png\",\"contentUrl\":\"https:\/\/mhf.ro\/mm\/wp-content\/uploads\/2025\/12\/cropped-logo_mhf_2.png\",\"width\":1096,\"height\":457,\"caption\":\"Marius Marcu\"},\"logo\":{\"@id\":\"https:\/\/mhf.ro\/mm\/#\/schema\/person\/image\/\"},\"sameAs\":[\"https:\/\/mhf.ro\/mm\"]},{\"@type\":\"Person\",\"@id\":\"https:\/\/mhf.ro\/mm\/#\/schema\/person\/4c8c06c801b7b666e81ed44550086900\",\"name\":\"Preot paroh Horvat Petru\",\"image\":{\"@type\":\"ImageObject\",\"inLanguage\":\"ro-RO\",\"@id\":\"https:\/\/mhf.ro\/mm\/#\/schema\/person\/image\/\",\"url\":\"https:\/\/secure.gravatar.com\/avatar\/c2d2dcdf21c6f41aad486d71768c144cd6e23cb7b63bae9bd6fab542b26ad321?s=96&d=monsterid&r=g\",\"contentUrl\":\"https:\/\/secure.gravatar.com\/avatar\/c2d2dcdf21c6f41aad486d71768c144cd6e23cb7b63bae9bd6fab542b26ad321?s=96&d=monsterid&r=g\",\"caption\":\"Preot paroh Horvat Petru\"},\"sameAs\":[\"https:\/\/mhf.ro\/mm\"],\"url\":\"https:\/\/mhf.ro\/mm\/author\/petrica\/\"}]}<\/script>\n<!-- \/ Yoast SEO plugin. -->","yoast_head_json":{"title":"Dominus flevit - MHF Photography","robots":{"index":"index","follow":"follow","max-snippet":"max-snippet:-1","max-image-preview":"max-image-preview:large","max-video-preview":"max-video-preview:-1"},"canonical":"https:\/\/mhf.ro\/mm\/dominus-flevit\/","og_locale":"ro_RO","og_type":"article","og_title":"Dominus flevit - MHF Photography","og_description":"Expresia latin\u0103 Dominus flevit \u00eenseamn\u0103 Domnul a pl\u00e2ns.\u00a0 Pe Muntele M\u0103slinilor, mai sus de Gr\u0103dina Ghe\u021bimani, este o bisericu\u021b\u0103 catolic\u0103","og_url":"https:\/\/mhf.ro\/mm\/dominus-flevit\/","og_site_name":"MHF Photography","article_published_time":"2021-03-20T13:18:58+00:00","og_image":[{"width":450,"height":337,"url":"https:\/\/mhf.ro\/mm\/wp-content\/uploads\/2021\/03\/dominus-flevit-ierusalim-6.jpg","type":"image\/jpeg"}],"author":"Preot paroh Horvat Petru","twitter_card":"summary_large_image","twitter_misc":{"Scris de":"Preot paroh Horvat Petru","Timp estimat pentru citire":"1 minut"},"schema":{"@context":"https:\/\/schema.org","@graph":[{"@type":"Article","@id":"https:\/\/mhf.ro\/mm\/dominus-flevit\/#article","isPartOf":{"@id":"https:\/\/mhf.ro\/mm\/dominus-flevit\/"},"author":{"name":"Preot paroh Horvat Petru","@id":"https:\/\/mhf.ro\/mm\/#\/schema\/person\/4c8c06c801b7b666e81ed44550086900"},"headline":"Dominus flevit","datePublished":"2021-03-20T13:18:58+00:00","mainEntityOfPage":{"@id":"https:\/\/mhf.ro\/mm\/dominus-flevit\/"},"wordCount":171,"commentCount":0,"publisher":{"@id":"https:\/\/mhf.ro\/mm\/#\/schema\/person\/a3bebf7bdb4bf12f698aff73c7e46c21"},"image":{"@id":"https:\/\/mhf.ro\/mm\/dominus-flevit\/#primaryimage"},"thumbnailUrl":"https:\/\/mhf.ro\/mm\/wp-content\/uploads\/2021\/03\/dominus-flevit-ierusalim-6.jpg","articleSection":["Locale","Religie"],"inLanguage":"ro-RO","potentialAction":[{"@type":"CommentAction","name":"Comment","target":["https:\/\/mhf.ro\/mm\/dominus-flevit\/#respond"]}]},{"@type":"WebPage","@id":"https:\/\/mhf.ro\/mm\/dominus-flevit\/","url":"https:\/\/mhf.ro\/mm\/dominus-flevit\/","name":"Dominus flevit - MHF Photography","isPartOf":{"@id":"https:\/\/mhf.ro\/mm\/#website"},"primaryImageOfPage":{"@id":"https:\/\/mhf.ro\/mm\/dominus-flevit\/#primaryimage"},"image":{"@id":"https:\/\/mhf.ro\/mm\/dominus-flevit\/#primaryimage"},"thumbnailUrl":"https:\/\/mhf.ro\/mm\/wp-content\/uploads\/2021\/03\/dominus-flevit-ierusalim-6.jpg","datePublished":"2021-03-20T13:18:58+00:00","breadcrumb":{"@id":"https:\/\/mhf.ro\/mm\/dominus-flevit\/#breadcrumb"},"inLanguage":"ro-RO","potentialAction":[{"@type":"ReadAction","target":["https:\/\/mhf.ro\/mm\/dominus-flevit\/"]}]},{"@type":"ImageObject","inLanguage":"ro-RO","@id":"https:\/\/mhf.ro\/mm\/dominus-flevit\/#primaryimage","url":"https:\/\/mhf.ro\/mm\/wp-content\/uploads\/2021\/03\/dominus-flevit-ierusalim-6.jpg","contentUrl":"https:\/\/mhf.ro\/mm\/wp-content\/uploads\/2021\/03\/dominus-flevit-ierusalim-6.jpg","width":450,"height":337},{"@type":"BreadcrumbList","@id":"https:\/\/mhf.ro\/mm\/dominus-flevit\/#breadcrumb","itemListElement":[{"@type":"ListItem","position":1,"name":"Prima pagin\u0103","item":"https:\/\/mhf.ro\/mm\/"},{"@type":"ListItem","position":2,"name":"Dominus flevit"}]},{"@type":"WebSite","@id":"https:\/\/mhf.ro\/mm\/#website","url":"https:\/\/mhf.ro\/mm\/","name":"MHF Photography \u2013 Blog de fotografie, natur\u0103 \u0219i tehnic\u0103 divers\u0103","description":"Aventur\u0103 \u00een fiecare cadru.","publisher":{"@id":"https:\/\/mhf.ro\/mm\/#\/schema\/person\/a3bebf7bdb4bf12f698aff73c7e46c21"},"potentialAction":[{"@type":"SearchAction","target":{"@type":"EntryPoint","urlTemplate":"https:\/\/mhf.ro\/mm\/?s={search_term_string}"},"query-input":{"@type":"PropertyValueSpecification","valueRequired":true,"valueName":"search_term_string"}}],"inLanguage":"ro-RO"},{"@type":["Person","Organization"],"@id":"https:\/\/mhf.ro\/mm\/#\/schema\/person\/a3bebf7bdb4bf12f698aff73c7e46c21","name":"Marius Marcu","image":{"@type":"ImageObject","inLanguage":"ro-RO","@id":"https:\/\/mhf.ro\/mm\/#\/schema\/person\/image\/","url":"https:\/\/mhf.ro\/mm\/wp-content\/uploads\/2025\/12\/cropped-logo_mhf_2.png","contentUrl":"https:\/\/mhf.ro\/mm\/wp-content\/uploads\/2025\/12\/cropped-logo_mhf_2.png","width":1096,"height":457,"caption":"Marius Marcu"},"logo":{"@id":"https:\/\/mhf.ro\/mm\/#\/schema\/person\/image\/"},"sameAs":["https:\/\/mhf.ro\/mm"]},{"@type":"Person","@id":"https:\/\/mhf.ro\/mm\/#\/schema\/person\/4c8c06c801b7b666e81ed44550086900","name":"Preot paroh Horvat Petru","image":{"@type":"ImageObject","inLanguage":"ro-RO","@id":"https:\/\/mhf.ro\/mm\/#\/schema\/person\/image\/","url":"https:\/\/secure.gravatar.com\/avatar\/c2d2dcdf21c6f41aad486d71768c144cd6e23cb7b63bae9bd6fab542b26ad321?s=96&d=monsterid&r=g","contentUrl":"https:\/\/secure.gravatar.com\/avatar\/c2d2dcdf21c6f41aad486d71768c144cd6e23cb7b63bae9bd6fab542b26ad321?s=96&d=monsterid&r=g","caption":"Preot paroh Horvat Petru"},"sameAs":["https:\/\/mhf.ro\/mm"],"url":"https:\/\/mhf.ro\/mm\/author\/petrica\/"}]}},"_links":{"self":[{"href":"https:\/\/mhf.ro\/mm\/wp-json\/wp\/v2\/posts\/4404","targetHints":{"allow":["GET"]}}],"collection":[{"href":"https:\/\/mhf.ro\/mm\/wp-json\/wp\/v2\/posts"}],"about":[{"href":"https:\/\/mhf.ro\/mm\/wp-json\/wp\/v2\/types\/post"}],"author":[{"embeddable":true,"href":"https:\/\/mhf.ro\/mm\/wp-json\/wp\/v2\/users\/4"}],"replies":[{"embeddable":true,"href":"https:\/\/mhf.ro\/mm\/wp-json\/wp\/v2\/comments?post=4404"}],"version-history":[{"count":1,"href":"https:\/\/mhf.ro\/mm\/wp-json\/wp\/v2\/posts\/4404\/revisions"}],"predecessor-version":[{"id":4407,"href":"https:\/\/mhf.ro\/mm\/wp-json\/wp\/v2\/posts\/4404\/revisions\/4407"}],"wp:featuredmedia":[{"embeddable":true,"href":"https:\/\/mhf.ro\/mm\/wp-json\/wp\/v2\/media\/4405"}],"wp:attachment":[{"href":"https:\/\/mhf.ro\/mm\/wp-json\/wp\/v2\/media?parent=4404"}],"wp:term":[{"taxonomy":"category","embeddable":true,"href":"https:\/\/mhf.ro\/mm\/wp-json\/wp\/v2\/categories?post=4404"},{"taxonomy":"post_tag","embeddable":true,"href":"https:\/\/mhf.ro\/mm\/wp-json\/wp\/v2\/tags?post=4404"}],"curies":[{"name":"wp","href":"https:\/\/api.w.org\/{rel}","templated":true}]}}