{"id":4411,"date":"2021-03-20T21:14:12","date_gmt":"2021-03-20T19:14:12","guid":{"rendered":"https:\/\/mhf.ro\/mm\/?p=4411"},"modified":"2021-03-21T00:15:43","modified_gmt":"2021-03-20T22:15:43","slug":"4411-2","status":"publish","type":"post","link":"https:\/\/mhf.ro\/mm\/4411-2\/","title":{"rendered":"PROTEST organizat \u00eempotriva restric\u021biilor"},"content":{"rendered":"<p>A \u00eenceput deja protestul programat ast\u0103zi la ora 15. Mii de oameni cer revenirea la via\u021ba de dinainte de pandemie, iar protestul este organizat \u00een capitalele \u021b\u0103rilor UE \u0219i nu numai.<\/p>\n<p>Organizatorii au obliga\u021biile legale de a respecta locul \u0219i intervalul orar de desf\u0103\u0219urare a activit\u0103\u021bilor, precum \u0219i celelalte norme de protec\u021bie sanitar\u0103 colectiv\u0103, \u00een contextul epidemiologic actual.<\/p>\n<p>Jandarmii bucure\u0219teni reamintesc \u00eens\u0103 c\u0103, pe timpul st\u0103rii de alert\u0103, conform legii, num\u0103rul participan\u021bilor la mitinguri sau demonstra\u021bii trebuie s\u0103 fie de maximum 100 de persoane. Ace\u0219tia vor fi prezen\u021bi pe timpul desf\u0103\u0219ur\u0103rii acestor manifesta\u021bii pentru a asigura m\u0103surile de ordine public\u0103, siguran\u021ba participan\u021bilor \u0219i a celorlal\u021bi cet\u0103\u021beni, arat\u0103 sursa citat\u0103. (conf. jurnalist.ro)<\/p>\n","protected":false},"excerpt":{"rendered":"<p>A \u00eenceput deja protestul programat ast\u0103zi la ora 15. Mii de oameni cer revenirea la via\u021ba de dinainte de pandemie,<\/p>\n","protected":false},"author":1,"featured_media":4412,"comment_status":"open","ping_status":"open","sticky":false,"template":"","format":"standard","meta":{"colormag_page_container_layout":"default_layout","colormag_page_sidebar_layout":"default_layout","footnotes":""},"categories":[5],"tags":[],"class_list":["post-4411","post","type-post","status-publish","format-standard","has-post-thumbnail","hentry","category-locale"],"yoast_head":"<!-- This site is optimized with the Yoast SEO plugin v27.0 - https:\/\/yoast.com\/product\/yoast-seo-wordpress\/ -->\n<title>PROTEST organizat \u00eempotriva restric\u021biilor - MHF Photography<\/title>\n<meta name=\"robots\" content=\"index, follow, max-snippet:-1, max-image-preview:large, max-video-preview:-1\" \/>\n<link rel=\"canonical\" href=\"https:\/\/mhf.ro\/mm\/4411-2\/\" \/>\n<meta property=\"og:locale\" content=\"ro_RO\" \/>\n<meta property=\"og:type\" content=\"article\" \/>\n<meta property=\"og:title\" content=\"PROTEST organizat \u00eempotriva restric\u021biilor - MHF Photography\" \/>\n<meta property=\"og:description\" content=\"A \u00eenceput deja protestul programat ast\u0103zi la ora 15. Mii de oameni cer revenirea la via\u021ba de dinainte de pandemie,\" \/>\n<meta property=\"og:url\" content=\"https:\/\/mhf.ro\/mm\/4411-2\/\" \/>\n<meta property=\"og:site_name\" content=\"MHF Photography\" \/>\n<meta property=\"article:published_time\" content=\"2021-03-20T19:14:12+00:00\" \/>\n<meta property=\"article:modified_time\" content=\"2021-03-20T22:15:43+00:00\" \/>\n<meta property=\"og:image\" content=\"https:\/\/mhf.ro\/mm\/wp-content\/uploads\/2021\/03\/protest.jpg\" \/>\n\t<meta property=\"og:image:width\" content=\"696\" \/>\n\t<meta property=\"og:image:height\" content=\"377\" \/>\n\t<meta property=\"og:image:type\" content=\"image\/jpeg\" \/>\n<meta name=\"author\" content=\"Marius Marcu\" \/>\n<meta name=\"twitter:card\" content=\"summary_large_image\" \/>\n<meta name=\"twitter:label1\" content=\"Scris de\" \/>\n\t<meta name=\"twitter:data1\" content=\"Marius Marcu\" \/>\n\t<meta name=\"twitter:label2\" content=\"Timp estimat pentru citire\" \/>\n\t<meta name=\"twitter:data2\" content=\"1 minut\" \/>\n<script type=\"application\/ld+json\" class=\"yoast-schema-graph\">{\"@context\":\"https:\/\/schema.org\",\"@graph\":[{\"@type\":\"Article\",\"@id\":\"https:\/\/mhf.ro\/mm\/4411-2\/#article\",\"isPartOf\":{\"@id\":\"https:\/\/mhf.ro\/mm\/4411-2\/\"},\"author\":{\"name\":\"Marius Marcu\",\"@id\":\"https:\/\/mhf.ro\/mm\/#\/schema\/person\/a3bebf7bdb4bf12f698aff73c7e46c21\"},\"headline\":\"PROTEST organizat \u00eempotriva restric\u021biilor\",\"datePublished\":\"2021-03-20T19:14:12+00:00\",\"dateModified\":\"2021-03-20T22:15:43+00:00\",\"mainEntityOfPage\":{\"@id\":\"https:\/\/mhf.ro\/mm\/4411-2\/\"},\"wordCount\":136,\"commentCount\":0,\"publisher\":{\"@id\":\"https:\/\/mhf.ro\/mm\/#\/schema\/person\/a3bebf7bdb4bf12f698aff73c7e46c21\"},\"image\":{\"@id\":\"https:\/\/mhf.ro\/mm\/4411-2\/#primaryimage\"},\"thumbnailUrl\":\"https:\/\/mhf.ro\/mm\/wp-content\/uploads\/2021\/03\/protest.jpg\",\"articleSection\":[\"Locale\"],\"inLanguage\":\"ro-RO\",\"potentialAction\":[{\"@type\":\"CommentAction\",\"name\":\"Comment\",\"target\":[\"https:\/\/mhf.ro\/mm\/4411-2\/#respond\"]}]},{\"@type\":\"WebPage\",\"@id\":\"https:\/\/mhf.ro\/mm\/4411-2\/\",\"url\":\"https:\/\/mhf.ro\/mm\/4411-2\/\",\"name\":\"PROTEST organizat \u00eempotriva restric\u021biilor - MHF Photography\",\"isPartOf\":{\"@id\":\"https:\/\/mhf.ro\/mm\/#website\"},\"primaryImageOfPage\":{\"@id\":\"https:\/\/mhf.ro\/mm\/4411-2\/#primaryimage\"},\"image\":{\"@id\":\"https:\/\/mhf.ro\/mm\/4411-2\/#primaryimage\"},\"thumbnailUrl\":\"https:\/\/mhf.ro\/mm\/wp-content\/uploads\/2021\/03\/protest.jpg\",\"datePublished\":\"2021-03-20T19:14:12+00:00\",\"dateModified\":\"2021-03-20T22:15:43+00:00\",\"breadcrumb\":{\"@id\":\"https:\/\/mhf.ro\/mm\/4411-2\/#breadcrumb\"},\"inLanguage\":\"ro-RO\",\"potentialAction\":[{\"@type\":\"ReadAction\",\"target\":[\"https:\/\/mhf.ro\/mm\/4411-2\/\"]}]},{\"@type\":\"ImageObject\",\"inLanguage\":\"ro-RO\",\"@id\":\"https:\/\/mhf.ro\/mm\/4411-2\/#primaryimage\",\"url\":\"https:\/\/mhf.ro\/mm\/wp-content\/uploads\/2021\/03\/protest.jpg\",\"contentUrl\":\"https:\/\/mhf.ro\/mm\/wp-content\/uploads\/2021\/03\/protest.jpg\",\"width\":696,\"height\":377},{\"@type\":\"BreadcrumbList\",\"@id\":\"https:\/\/mhf.ro\/mm\/4411-2\/#breadcrumb\",\"itemListElement\":[{\"@type\":\"ListItem\",\"position\":1,\"name\":\"Prima pagin\u0103\",\"item\":\"https:\/\/mhf.ro\/mm\/\"},{\"@type\":\"ListItem\",\"position\":2,\"name\":\"PROTEST organizat \u00eempotriva restric\u021biilor\"}]},{\"@type\":\"WebSite\",\"@id\":\"https:\/\/mhf.ro\/mm\/#website\",\"url\":\"https:\/\/mhf.ro\/mm\/\",\"name\":\"MHF Photography \u2013 Blog de fotografie, natur\u0103 \u0219i tehnic\u0103 divers\u0103\",\"description\":\"Aventur\u0103 \u00een fiecare cadru.\",\"publisher\":{\"@id\":\"https:\/\/mhf.ro\/mm\/#\/schema\/person\/a3bebf7bdb4bf12f698aff73c7e46c21\"},\"potentialAction\":[{\"@type\":\"SearchAction\",\"target\":{\"@type\":\"EntryPoint\",\"urlTemplate\":\"https:\/\/mhf.ro\/mm\/?s={search_term_string}\"},\"query-input\":{\"@type\":\"PropertyValueSpecification\",\"valueRequired\":true,\"valueName\":\"search_term_string\"}}],\"inLanguage\":\"ro-RO\"},{\"@type\":[\"Person\",\"Organization\"],\"@id\":\"https:\/\/mhf.ro\/mm\/#\/schema\/person\/a3bebf7bdb4bf12f698aff73c7e46c21\",\"name\":\"Marius Marcu\",\"image\":{\"@type\":\"ImageObject\",\"inLanguage\":\"ro-RO\",\"@id\":\"https:\/\/mhf.ro\/mm\/#\/schema\/person\/image\/\",\"url\":\"https:\/\/mhf.ro\/mm\/wp-content\/uploads\/2025\/12\/cropped-logo_mhf_2.png\",\"contentUrl\":\"https:\/\/mhf.ro\/mm\/wp-content\/uploads\/2025\/12\/cropped-logo_mhf_2.png\",\"width\":1096,\"height\":457,\"caption\":\"Marius Marcu\"},\"logo\":{\"@id\":\"https:\/\/mhf.ro\/mm\/#\/schema\/person\/image\/\"},\"sameAs\":[\"https:\/\/mhf.ro\/mm\"],\"url\":\"https:\/\/mhf.ro\/mm\/author\/mihai\/\"}]}<\/script>\n<!-- \/ Yoast SEO plugin. -->","yoast_head_json":{"title":"PROTEST organizat \u00eempotriva restric\u021biilor - MHF Photography","robots":{"index":"index","follow":"follow","max-snippet":"max-snippet:-1","max-image-preview":"max-image-preview:large","max-video-preview":"max-video-preview:-1"},"canonical":"https:\/\/mhf.ro\/mm\/4411-2\/","og_locale":"ro_RO","og_type":"article","og_title":"PROTEST organizat \u00eempotriva restric\u021biilor - MHF Photography","og_description":"A \u00eenceput deja protestul programat ast\u0103zi la ora 15. Mii de oameni cer revenirea la via\u021ba de dinainte de pandemie,","og_url":"https:\/\/mhf.ro\/mm\/4411-2\/","og_site_name":"MHF Photography","article_published_time":"2021-03-20T19:14:12+00:00","article_modified_time":"2021-03-20T22:15:43+00:00","og_image":[{"width":696,"height":377,"url":"https:\/\/mhf.ro\/mm\/wp-content\/uploads\/2021\/03\/protest.jpg","type":"image\/jpeg"}],"author":"Marius Marcu","twitter_card":"summary_large_image","twitter_misc":{"Scris de":"Marius Marcu","Timp estimat pentru citire":"1 minut"},"schema":{"@context":"https:\/\/schema.org","@graph":[{"@type":"Article","@id":"https:\/\/mhf.ro\/mm\/4411-2\/#article","isPartOf":{"@id":"https:\/\/mhf.ro\/mm\/4411-2\/"},"author":{"name":"Marius Marcu","@id":"https:\/\/mhf.ro\/mm\/#\/schema\/person\/a3bebf7bdb4bf12f698aff73c7e46c21"},"headline":"PROTEST organizat \u00eempotriva restric\u021biilor","datePublished":"2021-03-20T19:14:12+00:00","dateModified":"2021-03-20T22:15:43+00:00","mainEntityOfPage":{"@id":"https:\/\/mhf.ro\/mm\/4411-2\/"},"wordCount":136,"commentCount":0,"publisher":{"@id":"https:\/\/mhf.ro\/mm\/#\/schema\/person\/a3bebf7bdb4bf12f698aff73c7e46c21"},"image":{"@id":"https:\/\/mhf.ro\/mm\/4411-2\/#primaryimage"},"thumbnailUrl":"https:\/\/mhf.ro\/mm\/wp-content\/uploads\/2021\/03\/protest.jpg","articleSection":["Locale"],"inLanguage":"ro-RO","potentialAction":[{"@type":"CommentAction","name":"Comment","target":["https:\/\/mhf.ro\/mm\/4411-2\/#respond"]}]},{"@type":"WebPage","@id":"https:\/\/mhf.ro\/mm\/4411-2\/","url":"https:\/\/mhf.ro\/mm\/4411-2\/","name":"PROTEST organizat \u00eempotriva restric\u021biilor - MHF Photography","isPartOf":{"@id":"https:\/\/mhf.ro\/mm\/#website"},"primaryImageOfPage":{"@id":"https:\/\/mhf.ro\/mm\/4411-2\/#primaryimage"},"image":{"@id":"https:\/\/mhf.ro\/mm\/4411-2\/#primaryimage"},"thumbnailUrl":"https:\/\/mhf.ro\/mm\/wp-content\/uploads\/2021\/03\/protest.jpg","datePublished":"2021-03-20T19:14:12+00:00","dateModified":"2021-03-20T22:15:43+00:00","breadcrumb":{"@id":"https:\/\/mhf.ro\/mm\/4411-2\/#breadcrumb"},"inLanguage":"ro-RO","potentialAction":[{"@type":"ReadAction","target":["https:\/\/mhf.ro\/mm\/4411-2\/"]}]},{"@type":"ImageObject","inLanguage":"ro-RO","@id":"https:\/\/mhf.ro\/mm\/4411-2\/#primaryimage","url":"https:\/\/mhf.ro\/mm\/wp-content\/uploads\/2021\/03\/protest.jpg","contentUrl":"https:\/\/mhf.ro\/mm\/wp-content\/uploads\/2021\/03\/protest.jpg","width":696,"height":377},{"@type":"BreadcrumbList","@id":"https:\/\/mhf.ro\/mm\/4411-2\/#breadcrumb","itemListElement":[{"@type":"ListItem","position":1,"name":"Prima pagin\u0103","item":"https:\/\/mhf.ro\/mm\/"},{"@type":"ListItem","position":2,"name":"PROTEST organizat \u00eempotriva restric\u021biilor"}]},{"@type":"WebSite","@id":"https:\/\/mhf.ro\/mm\/#website","url":"https:\/\/mhf.ro\/mm\/","name":"MHF Photography \u2013 Blog de fotografie, natur\u0103 \u0219i tehnic\u0103 divers\u0103","description":"Aventur\u0103 \u00een fiecare cadru.","publisher":{"@id":"https:\/\/mhf.ro\/mm\/#\/schema\/person\/a3bebf7bdb4bf12f698aff73c7e46c21"},"potentialAction":[{"@type":"SearchAction","target":{"@type":"EntryPoint","urlTemplate":"https:\/\/mhf.ro\/mm\/?s={search_term_string}"},"query-input":{"@type":"PropertyValueSpecification","valueRequired":true,"valueName":"search_term_string"}}],"inLanguage":"ro-RO"},{"@type":["Person","Organization"],"@id":"https:\/\/mhf.ro\/mm\/#\/schema\/person\/a3bebf7bdb4bf12f698aff73c7e46c21","name":"Marius Marcu","image":{"@type":"ImageObject","inLanguage":"ro-RO","@id":"https:\/\/mhf.ro\/mm\/#\/schema\/person\/image\/","url":"https:\/\/mhf.ro\/mm\/wp-content\/uploads\/2025\/12\/cropped-logo_mhf_2.png","contentUrl":"https:\/\/mhf.ro\/mm\/wp-content\/uploads\/2025\/12\/cropped-logo_mhf_2.png","width":1096,"height":457,"caption":"Marius Marcu"},"logo":{"@id":"https:\/\/mhf.ro\/mm\/#\/schema\/person\/image\/"},"sameAs":["https:\/\/mhf.ro\/mm"],"url":"https:\/\/mhf.ro\/mm\/author\/mihai\/"}]}},"_links":{"self":[{"href":"https:\/\/mhf.ro\/mm\/wp-json\/wp\/v2\/posts\/4411","targetHints":{"allow":["GET"]}}],"collection":[{"href":"https:\/\/mhf.ro\/mm\/wp-json\/wp\/v2\/posts"}],"about":[{"href":"https:\/\/mhf.ro\/mm\/wp-json\/wp\/v2\/types\/post"}],"author":[{"embeddable":true,"href":"https:\/\/mhf.ro\/mm\/wp-json\/wp\/v2\/users\/1"}],"replies":[{"embeddable":true,"href":"https:\/\/mhf.ro\/mm\/wp-json\/wp\/v2\/comments?post=4411"}],"version-history":[{"count":2,"href":"https:\/\/mhf.ro\/mm\/wp-json\/wp\/v2\/posts\/4411\/revisions"}],"predecessor-version":[{"id":4414,"href":"https:\/\/mhf.ro\/mm\/wp-json\/wp\/v2\/posts\/4411\/revisions\/4414"}],"wp:featuredmedia":[{"embeddable":true,"href":"https:\/\/mhf.ro\/mm\/wp-json\/wp\/v2\/media\/4412"}],"wp:attachment":[{"href":"https:\/\/mhf.ro\/mm\/wp-json\/wp\/v2\/media?parent=4411"}],"wp:term":[{"taxonomy":"category","embeddable":true,"href":"https:\/\/mhf.ro\/mm\/wp-json\/wp\/v2\/categories?post=4411"},{"taxonomy":"post_tag","embeddable":true,"href":"https:\/\/mhf.ro\/mm\/wp-json\/wp\/v2\/tags?post=4411"}],"curies":[{"name":"wp","href":"https:\/\/api.w.org\/{rel}","templated":true}]}}