{"id":4419,"date":"2021-03-22T10:10:20","date_gmt":"2021-03-22T08:10:20","guid":{"rendered":"https:\/\/mhf.ro\/mm\/?p=4419"},"modified":"2021-03-22T10:10:20","modified_gmt":"2021-03-22T08:10:20","slug":"oficialii-iranieni-au-evocat-posibilitatea-atacarii-unei-baze-militare-din-washington","status":"publish","type":"post","link":"https:\/\/mhf.ro\/mm\/oficialii-iranieni-au-evocat-posibilitatea-atacarii-unei-baze-militare-din-washington\/","title":{"rendered":"Oficialii iranieni au evocat posibilitatea atac\u0103rii unei baze militare din Washington"},"content":{"rendered":"<p>Membri ai Gardienilor Revolu\u021biei din Iran au discutat despre posibilitatea lans\u0103rii unor atacuri asupra unei baze militare din capitala Statelor Unite, Washington D.C., \u0219i asupra unui oficial<br \/>\nmilitar american de rang \u00eenalt, afirm\u0103 surse citate de agen\u021bia Associated Press.<\/p>\n<p>Comunica\u021bii interceptate \u00een ianuarie de Agen\u021bia pentru Securitate Na\u021bional\u0103 din SUA arat\u0103 c\u0103 oficiali din cadrul Gardienilor Revolu\u021biei au evocat posibilitatea atac\u0103rii Bazei militare Fort McNair,<br \/>\nsituat\u0103 \u00een centrul ora\u0219ului Washington. Oficialii militari iranieni au discutat despre posibilitatea lans\u0103rii unui atac de tipul celui care a vizat \u00een anul 2000 distrug\u0103torul american USS Cole, \u00een<br \/>\nYemen, un incident soldat cu 17 mor\u021bi.<\/p>\n<p>\u00cen plus, oficialii iranieni au evocat posibilitatea asasin\u0103rii generalului american Joseph M. Martin, loc\u021biitor al \u0219efului Statului Major al Armatei SUA, au declarat doi oficiali americani, sub<br \/>\nprotec\u021bia anonimatului.<\/p>\n<p>Conversa\u021biile interceptate au avut loc \u00eentre membri ai For\u021bei Quds din cadrul Gardienilor Revolu\u021biei, tema discu\u021biilor fiind op\u021biunile militare pentru riposte la asasinarea generalului iranian<br \/>\nQassem Soleimani de c\u0103tre SUA \u00een Bagdad, capitala Irakului, \u00een 2020.<\/p>\n<p>\u00cen contextul amenin\u021b\u0103rilor, Armata american\u0103 a cerut suplimentarea m\u0103surilor de securitate \u00een jurul bazei Fort McNair. \u00cens\u0103 oficialii municipali din capitala Statelor Unite contest\u0103 planul Armatei<br \/>\nde extindere a zonei de securitate \u00een jurul bazei militare pe o lungime cuprins\u0103 \u00eentre 75 \u0219i 150 de metri de la \u021b\u0103rm, pe Canalul Washington.<\/p>\n<p>Pentagonul, Consiliul preziden\u021bial pentru Securitate Na\u021bional\u0103 \u0219i Agen\u021bia pentru Securitate Na\u021bional\u0103 (NSA) nu au f\u0103cut niciun comentariu pe aceast\u0103 tem\u0103.<\/p>\n<p>Rela\u021biile dintre Statele Unite \u0219i Iran sunt tensionate, din cauza programului nuclear iranian \u0219i a activit\u0103\u021bilor balistice. Washingtonul este nemul\u021bumit de influen\u021ba Iranului asupra unor \u021b\u0103ri din Orientul Mijlociu. Fostul pre\u0219edinte Donald Trump a decis \u00een 2018 retragerea Statelor Unite din Acordul nuclear iranian \u0219i reimpunerea de sanc\u021biuni. Fran\u021ba, Marea Britanie, China, Rusia \u0219i Germania men\u021bin Acordul atomic cu Iranul.<\/p>\n<p>Pre\u0219edintele Joseph Biden a semnalat c\u0103 Statele Unite ar putea reveni \u00een Acordul nuclear iranian, \u00eens\u0103 a cerut clauze suplimentare, care s\u0103 limiteze activit\u0103\u021bile balistice iraniene \u0219i influen\u021ba regional\u0103 a Teheranului. \u00cens\u0103 pre\u0219edintele Hassan Rohani a transmis c\u0103 Iranul va reveni la respectarea \u00een totalitate a angajamentelor asumate prin Acordul nuclear din 2015 doar dac\u0103 Statele Unite anuleaz\u0103 sanc\u021biunile.\u00a0 (conf mediafax.ro)<\/p>\n","protected":false},"excerpt":{"rendered":"<p>Membri ai Gardienilor Revolu\u021biei din Iran au discutat despre posibilitatea lans\u0103rii unor atacuri asupra unei baze militare din capitala Statelor<\/p>\n","protected":false},"author":1,"featured_media":4420,"comment_status":"open","ping_status":"open","sticky":false,"template":"","format":"standard","meta":{"colormag_page_container_layout":"default_layout","colormag_page_sidebar_layout":"default_layout","footnotes":""},"categories":[5],"tags":[],"class_list":["post-4419","post","type-post","status-publish","format-standard","has-post-thumbnail","hentry","category-locale"],"yoast_head":"<!-- This site is optimized with the Yoast SEO plugin v27.0 - https:\/\/yoast.com\/product\/yoast-seo-wordpress\/ -->\n<title>Oficialii iranieni au evocat posibilitatea atac\u0103rii unei baze militare din Washington - MHF Photography<\/title>\n<meta name=\"robots\" content=\"index, follow, max-snippet:-1, max-image-preview:large, max-video-preview:-1\" \/>\n<link rel=\"canonical\" href=\"https:\/\/mhf.ro\/mm\/oficialii-iranieni-au-evocat-posibilitatea-atacarii-unei-baze-militare-din-washington\/\" \/>\n<meta property=\"og:locale\" content=\"ro_RO\" \/>\n<meta property=\"og:type\" content=\"article\" \/>\n<meta property=\"og:title\" content=\"Oficialii iranieni au evocat posibilitatea atac\u0103rii unei baze militare din Washington - MHF Photography\" \/>\n<meta property=\"og:description\" content=\"Membri ai Gardienilor Revolu\u021biei din Iran au discutat despre posibilitatea lans\u0103rii unor atacuri asupra unei baze militare din capitala Statelor\" \/>\n<meta property=\"og:url\" content=\"https:\/\/mhf.ro\/mm\/oficialii-iranieni-au-evocat-posibilitatea-atacarii-unei-baze-militare-din-washington\/\" \/>\n<meta property=\"og:site_name\" content=\"MHF Photography\" \/>\n<meta property=\"article:published_time\" content=\"2021-03-22T08:10:20+00:00\" \/>\n<meta property=\"og:image\" content=\"https:\/\/mhf.ro\/mm\/wp-content\/uploads\/2021\/03\/armament_2.jpg\" \/>\n\t<meta property=\"og:image:width\" content=\"1280\" \/>\n\t<meta property=\"og:image:height\" content=\"853\" \/>\n\t<meta property=\"og:image:type\" content=\"image\/jpeg\" \/>\n<meta name=\"author\" content=\"Marius Marcu\" \/>\n<meta name=\"twitter:card\" content=\"summary_large_image\" \/>\n<meta name=\"twitter:label1\" content=\"Scris de\" \/>\n\t<meta name=\"twitter:data1\" content=\"Marius Marcu\" \/>\n\t<meta name=\"twitter:label2\" content=\"Timp estimat pentru citire\" \/>\n\t<meta name=\"twitter:data2\" content=\"2 minute\" \/>\n<script type=\"application\/ld+json\" class=\"yoast-schema-graph\">{\"@context\":\"https:\/\/schema.org\",\"@graph\":[{\"@type\":\"Article\",\"@id\":\"https:\/\/mhf.ro\/mm\/oficialii-iranieni-au-evocat-posibilitatea-atacarii-unei-baze-militare-din-washington\/#article\",\"isPartOf\":{\"@id\":\"https:\/\/mhf.ro\/mm\/oficialii-iranieni-au-evocat-posibilitatea-atacarii-unei-baze-militare-din-washington\/\"},\"author\":{\"name\":\"Marius Marcu\",\"@id\":\"https:\/\/mhf.ro\/mm\/#\/schema\/person\/a3bebf7bdb4bf12f698aff73c7e46c21\"},\"headline\":\"Oficialii iranieni au evocat posibilitatea atac\u0103rii unei baze militare din Washington\",\"datePublished\":\"2021-03-22T08:10:20+00:00\",\"mainEntityOfPage\":{\"@id\":\"https:\/\/mhf.ro\/mm\/oficialii-iranieni-au-evocat-posibilitatea-atacarii-unei-baze-militare-din-washington\/\"},\"wordCount\":407,\"commentCount\":0,\"publisher\":{\"@id\":\"https:\/\/mhf.ro\/mm\/#\/schema\/person\/a3bebf7bdb4bf12f698aff73c7e46c21\"},\"image\":{\"@id\":\"https:\/\/mhf.ro\/mm\/oficialii-iranieni-au-evocat-posibilitatea-atacarii-unei-baze-militare-din-washington\/#primaryimage\"},\"thumbnailUrl\":\"https:\/\/mhf.ro\/mm\/wp-content\/uploads\/2021\/03\/armament_2.jpg\",\"articleSection\":[\"Locale\"],\"inLanguage\":\"ro-RO\",\"potentialAction\":[{\"@type\":\"CommentAction\",\"name\":\"Comment\",\"target\":[\"https:\/\/mhf.ro\/mm\/oficialii-iranieni-au-evocat-posibilitatea-atacarii-unei-baze-militare-din-washington\/#respond\"]}]},{\"@type\":\"WebPage\",\"@id\":\"https:\/\/mhf.ro\/mm\/oficialii-iranieni-au-evocat-posibilitatea-atacarii-unei-baze-militare-din-washington\/\",\"url\":\"https:\/\/mhf.ro\/mm\/oficialii-iranieni-au-evocat-posibilitatea-atacarii-unei-baze-militare-din-washington\/\",\"name\":\"Oficialii iranieni au evocat posibilitatea atac\u0103rii unei baze militare din Washington - MHF Photography\",\"isPartOf\":{\"@id\":\"https:\/\/mhf.ro\/mm\/#website\"},\"primaryImageOfPage\":{\"@id\":\"https:\/\/mhf.ro\/mm\/oficialii-iranieni-au-evocat-posibilitatea-atacarii-unei-baze-militare-din-washington\/#primaryimage\"},\"image\":{\"@id\":\"https:\/\/mhf.ro\/mm\/oficialii-iranieni-au-evocat-posibilitatea-atacarii-unei-baze-militare-din-washington\/#primaryimage\"},\"thumbnailUrl\":\"https:\/\/mhf.ro\/mm\/wp-content\/uploads\/2021\/03\/armament_2.jpg\",\"datePublished\":\"2021-03-22T08:10:20+00:00\",\"breadcrumb\":{\"@id\":\"https:\/\/mhf.ro\/mm\/oficialii-iranieni-au-evocat-posibilitatea-atacarii-unei-baze-militare-din-washington\/#breadcrumb\"},\"inLanguage\":\"ro-RO\",\"potentialAction\":[{\"@type\":\"ReadAction\",\"target\":[\"https:\/\/mhf.ro\/mm\/oficialii-iranieni-au-evocat-posibilitatea-atacarii-unei-baze-militare-din-washington\/\"]}]},{\"@type\":\"ImageObject\",\"inLanguage\":\"ro-RO\",\"@id\":\"https:\/\/mhf.ro\/mm\/oficialii-iranieni-au-evocat-posibilitatea-atacarii-unei-baze-militare-din-washington\/#primaryimage\",\"url\":\"https:\/\/mhf.ro\/mm\/wp-content\/uploads\/2021\/03\/armament_2.jpg\",\"contentUrl\":\"https:\/\/mhf.ro\/mm\/wp-content\/uploads\/2021\/03\/armament_2.jpg\",\"width\":1280,\"height\":853},{\"@type\":\"BreadcrumbList\",\"@id\":\"https:\/\/mhf.ro\/mm\/oficialii-iranieni-au-evocat-posibilitatea-atacarii-unei-baze-militare-din-washington\/#breadcrumb\",\"itemListElement\":[{\"@type\":\"ListItem\",\"position\":1,\"name\":\"Prima pagin\u0103\",\"item\":\"https:\/\/mhf.ro\/mm\/\"},{\"@type\":\"ListItem\",\"position\":2,\"name\":\"Oficialii iranieni au evocat posibilitatea atac\u0103rii unei baze militare din Washington\"}]},{\"@type\":\"WebSite\",\"@id\":\"https:\/\/mhf.ro\/mm\/#website\",\"url\":\"https:\/\/mhf.ro\/mm\/\",\"name\":\"MHF Photography \u2013 Blog de fotografie, natur\u0103 \u0219i tehnic\u0103 divers\u0103\",\"description\":\"Aventur\u0103 \u00een fiecare cadru.\",\"publisher\":{\"@id\":\"https:\/\/mhf.ro\/mm\/#\/schema\/person\/a3bebf7bdb4bf12f698aff73c7e46c21\"},\"potentialAction\":[{\"@type\":\"SearchAction\",\"target\":{\"@type\":\"EntryPoint\",\"urlTemplate\":\"https:\/\/mhf.ro\/mm\/?s={search_term_string}\"},\"query-input\":{\"@type\":\"PropertyValueSpecification\",\"valueRequired\":true,\"valueName\":\"search_term_string\"}}],\"inLanguage\":\"ro-RO\"},{\"@type\":[\"Person\",\"Organization\"],\"@id\":\"https:\/\/mhf.ro\/mm\/#\/schema\/person\/a3bebf7bdb4bf12f698aff73c7e46c21\",\"name\":\"Marius Marcu\",\"image\":{\"@type\":\"ImageObject\",\"inLanguage\":\"ro-RO\",\"@id\":\"https:\/\/mhf.ro\/mm\/#\/schema\/person\/image\/\",\"url\":\"https:\/\/mhf.ro\/mm\/wp-content\/uploads\/2025\/12\/cropped-logo_mhf_2.png\",\"contentUrl\":\"https:\/\/mhf.ro\/mm\/wp-content\/uploads\/2025\/12\/cropped-logo_mhf_2.png\",\"width\":1096,\"height\":457,\"caption\":\"Marius Marcu\"},\"logo\":{\"@id\":\"https:\/\/mhf.ro\/mm\/#\/schema\/person\/image\/\"},\"sameAs\":[\"https:\/\/mhf.ro\/mm\"],\"url\":\"https:\/\/mhf.ro\/mm\/author\/mihai\/\"}]}<\/script>\n<!-- \/ Yoast SEO plugin. -->","yoast_head_json":{"title":"Oficialii iranieni au evocat posibilitatea atac\u0103rii unei baze militare din Washington - MHF Photography","robots":{"index":"index","follow":"follow","max-snippet":"max-snippet:-1","max-image-preview":"max-image-preview:large","max-video-preview":"max-video-preview:-1"},"canonical":"https:\/\/mhf.ro\/mm\/oficialii-iranieni-au-evocat-posibilitatea-atacarii-unei-baze-militare-din-washington\/","og_locale":"ro_RO","og_type":"article","og_title":"Oficialii iranieni au evocat posibilitatea atac\u0103rii unei baze militare din Washington - MHF Photography","og_description":"Membri ai Gardienilor Revolu\u021biei din Iran au discutat despre posibilitatea lans\u0103rii unor atacuri asupra unei baze militare din capitala Statelor","og_url":"https:\/\/mhf.ro\/mm\/oficialii-iranieni-au-evocat-posibilitatea-atacarii-unei-baze-militare-din-washington\/","og_site_name":"MHF Photography","article_published_time":"2021-03-22T08:10:20+00:00","og_image":[{"width":1280,"height":853,"url":"https:\/\/mhf.ro\/mm\/wp-content\/uploads\/2021\/03\/armament_2.jpg","type":"image\/jpeg"}],"author":"Marius Marcu","twitter_card":"summary_large_image","twitter_misc":{"Scris de":"Marius Marcu","Timp estimat pentru citire":"2 minute"},"schema":{"@context":"https:\/\/schema.org","@graph":[{"@type":"Article","@id":"https:\/\/mhf.ro\/mm\/oficialii-iranieni-au-evocat-posibilitatea-atacarii-unei-baze-militare-din-washington\/#article","isPartOf":{"@id":"https:\/\/mhf.ro\/mm\/oficialii-iranieni-au-evocat-posibilitatea-atacarii-unei-baze-militare-din-washington\/"},"author":{"name":"Marius Marcu","@id":"https:\/\/mhf.ro\/mm\/#\/schema\/person\/a3bebf7bdb4bf12f698aff73c7e46c21"},"headline":"Oficialii iranieni au evocat posibilitatea atac\u0103rii unei baze militare din Washington","datePublished":"2021-03-22T08:10:20+00:00","mainEntityOfPage":{"@id":"https:\/\/mhf.ro\/mm\/oficialii-iranieni-au-evocat-posibilitatea-atacarii-unei-baze-militare-din-washington\/"},"wordCount":407,"commentCount":0,"publisher":{"@id":"https:\/\/mhf.ro\/mm\/#\/schema\/person\/a3bebf7bdb4bf12f698aff73c7e46c21"},"image":{"@id":"https:\/\/mhf.ro\/mm\/oficialii-iranieni-au-evocat-posibilitatea-atacarii-unei-baze-militare-din-washington\/#primaryimage"},"thumbnailUrl":"https:\/\/mhf.ro\/mm\/wp-content\/uploads\/2021\/03\/armament_2.jpg","articleSection":["Locale"],"inLanguage":"ro-RO","potentialAction":[{"@type":"CommentAction","name":"Comment","target":["https:\/\/mhf.ro\/mm\/oficialii-iranieni-au-evocat-posibilitatea-atacarii-unei-baze-militare-din-washington\/#respond"]}]},{"@type":"WebPage","@id":"https:\/\/mhf.ro\/mm\/oficialii-iranieni-au-evocat-posibilitatea-atacarii-unei-baze-militare-din-washington\/","url":"https:\/\/mhf.ro\/mm\/oficialii-iranieni-au-evocat-posibilitatea-atacarii-unei-baze-militare-din-washington\/","name":"Oficialii iranieni au evocat posibilitatea atac\u0103rii unei baze militare din Washington - MHF Photography","isPartOf":{"@id":"https:\/\/mhf.ro\/mm\/#website"},"primaryImageOfPage":{"@id":"https:\/\/mhf.ro\/mm\/oficialii-iranieni-au-evocat-posibilitatea-atacarii-unei-baze-militare-din-washington\/#primaryimage"},"image":{"@id":"https:\/\/mhf.ro\/mm\/oficialii-iranieni-au-evocat-posibilitatea-atacarii-unei-baze-militare-din-washington\/#primaryimage"},"thumbnailUrl":"https:\/\/mhf.ro\/mm\/wp-content\/uploads\/2021\/03\/armament_2.jpg","datePublished":"2021-03-22T08:10:20+00:00","breadcrumb":{"@id":"https:\/\/mhf.ro\/mm\/oficialii-iranieni-au-evocat-posibilitatea-atacarii-unei-baze-militare-din-washington\/#breadcrumb"},"inLanguage":"ro-RO","potentialAction":[{"@type":"ReadAction","target":["https:\/\/mhf.ro\/mm\/oficialii-iranieni-au-evocat-posibilitatea-atacarii-unei-baze-militare-din-washington\/"]}]},{"@type":"ImageObject","inLanguage":"ro-RO","@id":"https:\/\/mhf.ro\/mm\/oficialii-iranieni-au-evocat-posibilitatea-atacarii-unei-baze-militare-din-washington\/#primaryimage","url":"https:\/\/mhf.ro\/mm\/wp-content\/uploads\/2021\/03\/armament_2.jpg","contentUrl":"https:\/\/mhf.ro\/mm\/wp-content\/uploads\/2021\/03\/armament_2.jpg","width":1280,"height":853},{"@type":"BreadcrumbList","@id":"https:\/\/mhf.ro\/mm\/oficialii-iranieni-au-evocat-posibilitatea-atacarii-unei-baze-militare-din-washington\/#breadcrumb","itemListElement":[{"@type":"ListItem","position":1,"name":"Prima pagin\u0103","item":"https:\/\/mhf.ro\/mm\/"},{"@type":"ListItem","position":2,"name":"Oficialii iranieni au evocat posibilitatea atac\u0103rii unei baze militare din Washington"}]},{"@type":"WebSite","@id":"https:\/\/mhf.ro\/mm\/#website","url":"https:\/\/mhf.ro\/mm\/","name":"MHF Photography \u2013 Blog de fotografie, natur\u0103 \u0219i tehnic\u0103 divers\u0103","description":"Aventur\u0103 \u00een fiecare cadru.","publisher":{"@id":"https:\/\/mhf.ro\/mm\/#\/schema\/person\/a3bebf7bdb4bf12f698aff73c7e46c21"},"potentialAction":[{"@type":"SearchAction","target":{"@type":"EntryPoint","urlTemplate":"https:\/\/mhf.ro\/mm\/?s={search_term_string}"},"query-input":{"@type":"PropertyValueSpecification","valueRequired":true,"valueName":"search_term_string"}}],"inLanguage":"ro-RO"},{"@type":["Person","Organization"],"@id":"https:\/\/mhf.ro\/mm\/#\/schema\/person\/a3bebf7bdb4bf12f698aff73c7e46c21","name":"Marius Marcu","image":{"@type":"ImageObject","inLanguage":"ro-RO","@id":"https:\/\/mhf.ro\/mm\/#\/schema\/person\/image\/","url":"https:\/\/mhf.ro\/mm\/wp-content\/uploads\/2025\/12\/cropped-logo_mhf_2.png","contentUrl":"https:\/\/mhf.ro\/mm\/wp-content\/uploads\/2025\/12\/cropped-logo_mhf_2.png","width":1096,"height":457,"caption":"Marius Marcu"},"logo":{"@id":"https:\/\/mhf.ro\/mm\/#\/schema\/person\/image\/"},"sameAs":["https:\/\/mhf.ro\/mm"],"url":"https:\/\/mhf.ro\/mm\/author\/mihai\/"}]}},"_links":{"self":[{"href":"https:\/\/mhf.ro\/mm\/wp-json\/wp\/v2\/posts\/4419","targetHints":{"allow":["GET"]}}],"collection":[{"href":"https:\/\/mhf.ro\/mm\/wp-json\/wp\/v2\/posts"}],"about":[{"href":"https:\/\/mhf.ro\/mm\/wp-json\/wp\/v2\/types\/post"}],"author":[{"embeddable":true,"href":"https:\/\/mhf.ro\/mm\/wp-json\/wp\/v2\/users\/1"}],"replies":[{"embeddable":true,"href":"https:\/\/mhf.ro\/mm\/wp-json\/wp\/v2\/comments?post=4419"}],"version-history":[{"count":1,"href":"https:\/\/mhf.ro\/mm\/wp-json\/wp\/v2\/posts\/4419\/revisions"}],"predecessor-version":[{"id":4421,"href":"https:\/\/mhf.ro\/mm\/wp-json\/wp\/v2\/posts\/4419\/revisions\/4421"}],"wp:featuredmedia":[{"embeddable":true,"href":"https:\/\/mhf.ro\/mm\/wp-json\/wp\/v2\/media\/4420"}],"wp:attachment":[{"href":"https:\/\/mhf.ro\/mm\/wp-json\/wp\/v2\/media?parent=4419"}],"wp:term":[{"taxonomy":"category","embeddable":true,"href":"https:\/\/mhf.ro\/mm\/wp-json\/wp\/v2\/categories?post=4419"},{"taxonomy":"post_tag","embeddable":true,"href":"https:\/\/mhf.ro\/mm\/wp-json\/wp\/v2\/tags?post=4419"}],"curies":[{"name":"wp","href":"https:\/\/api.w.org\/{rel}","templated":true}]}}