{"id":4429,"date":"2021-03-23T12:13:40","date_gmt":"2021-03-23T10:13:40","guid":{"rendered":"https:\/\/mhf.ro\/mm\/?p=4429"},"modified":"2021-03-23T12:13:40","modified_gmt":"2021-03-23T10:13:40","slug":"de-ce-nu-se-respecta-masurile-de-preventie-manipulare","status":"publish","type":"post","link":"https:\/\/mhf.ro\/mm\/de-ce-nu-se-respecta-masurile-de-preventie-manipulare\/","title":{"rendered":"De ce nu se respect\u0103 masurile de preven\u021bie! Manipulare ?"},"content":{"rendered":"<p>C\u00e2t\u0103 vreme vom continuam s\u0103 ignor\u0103m m\u0103surile de preven\u021bie &#8211; pentru c\u0103 unii nu pot concepe s\u0103 nu tr\u0103iasc\u0103 la fel ca \u00eenainte -, c\u00e2t\u0103 vreme d\u0103m valoare mai mare distrac\u021biei \u0219i c\u00e2\u0219tigului b\u0103nesc dec\u00e2t s\u0103n\u0103t\u0103\u021bii \u0219i vie\u021bii, virusul nu va disp\u0103rea, din contr\u0103, va suporta muta\u021bii \u0219i va face ceea ce \u0219tie el mai bine s\u0103 fac\u0103.<br \/>\n\u0218i va dura ani mul\u021bi de acum \u00eencolo.<\/p>\n<p>Da, virusul nu va pierii, \u00een schimb vor pierii oamenii. Iar oamenii vor pierii deoarece oamenii aleg s\u0103 omoare oameni. Motivul? Pentru c\u0103 li se f\u00e2lf\u00e2ie de via\u021b\u0103, drept urmare \u00een ruptul capului nu vor s\u0103 respecte m\u0103surile.<\/p>\n<p>Ne \u0219i putem \u00eentreba, c\u00e2\u021bi dintre aceia care NU AU RESPECTAT NICIO M\u0102SUR\u0102 ori au \u00eendemnat la nerespectarea lor &#8211; \u00eei cunoa\u0219tem bine, sunt destui -, ori au lansat teorii conspira\u021bioniste menite s\u0103 induc\u0103 \u00een mentalul colectiv atitudinea aceea de respingere a preven\u021biei, pot fi ast\u0103zi CLASIFICA\u021aI DREPT CRIMINALI?<br \/>\nC\u00e2\u021bi semeni au ucis, r\u0103sp\u00e2ndacii \u0219i ignoran\u021bii \u0103\u0219tia?<\/p>\n<p>Pentru c\u0103, logic, doar balivernele r\u0103sp\u00e2ndite de ei, exemplul lor NEGATIV urmat de at\u00e2\u021bia al\u021bii, stau la baza tragismului situa\u021biei tr\u0103ite azi de omenire.<\/p>\n<p>Virusul &#8211; m\u0103 rog, pandemia -, azi nu mai exista dac\u0103 oamenii erau cu to\u021bii uni\u021bi, serio\u0219i, solidari \u0219i riguros ancora\u021bi la nevoia de a st\u0103vili molima (speciali\u0219tii spun c\u0103 era nevoie doar de doar 45 de zile). De bun\u0103 seama c\u0103 cei care au ac\u021bionat pe fa\u021b\u0103 \u00eentru moartea semenilor lor au pe con\u0219tiin\u021b\u0103 multe vie\u021bi.<\/p>\n<p>\u0218i, ace\u0219tia nu sunt doar tinerii &#8211; cu referire la n\u0103stru\u0219niciilor lor -, avem destui r\u0103sp\u00e2ndaci criminali \u0219i \u00een r\u00e2ndul adul\u021bilor propov\u0103duitori ai balivernelor uciga\u0219e.<\/p>\n<p>C\u0103 ei vor g\u0103si mereu scuze, \u00een general bazate pe teorii fanteziste ancorate la \u00eentunecimea necunoa\u0219terii, nu conteaz\u0103. Tot ceea ce conteaz\u0103 e c\u0103 pur \u0219i simplu lor nu le pas\u0103 de via\u021ba altora &#8211; vie\u021bi curmate din totala lor nep\u0103sare \u0219i lips\u0103 de respect pentru cel\u0103lalt. Ignoran\u021ba \u0219i egoismul lor sunt \u00eentr-at\u00e2t de mari \u00eenc\u00e2t \u00eei doare &#8222;\u00een cot&#8221; c\u0103 cei dragi ai cuiva mor din cauza lor. Pentru c\u0103, da, exact a\u0219a este(!): din cauza lor mor cei infecta\u021bi \u0219i nu din cauza COVID!<\/p>\n<p>Boala asta e doar consecin\u021ba egoismului \u0219i r\u0103ut\u0103\u021bii oamenilor. R\u0103utatea, indiferen\u021ba, lipsa solidarit\u0103\u021bii umane \u00een fata tragismului acestei molime &#8211; adesea \u00een\u021belegerea gre\u0219it\u0103 a credin\u021bei care scoate din ecua\u021bie aproapele -, este cauza principala a numeroaselor vie\u021bi curmate, mai toate prematur.<\/p>\n<p>\u00cemi este tare greu s\u0103 mai zic: DEIE DOMNUL NUMA&#8217; BINE(!), pentru ca omul vrea pe dos; vrea r\u0103ul celui de l\u00e2ng\u0103 el. Asta este firea uman\u0103! Ne devor\u0103m unii pe al\u021bii, ne c\u0103lc\u0103m \u00een picioare, ori, iat\u0103, ne ucidem cu bun\u0103 \u0219tiin\u021b\u0103. Pentru ca nu ne pas\u0103; suntem precum animalele din p\u0103dure! Sau, nu cumva mai r\u0103i?<\/p>\n<p>Chiar a\u0219a, crede cineva c\u0103 ne deosebim prea mult de ele? (Jeny Anca Popa)<\/p>\n","protected":false},"excerpt":{"rendered":"<p>C\u00e2t\u0103 vreme vom continuam s\u0103 ignor\u0103m m\u0103surile de preven\u021bie &#8211; pentru c\u0103 unii nu pot concepe s\u0103 nu tr\u0103iasc\u0103 la<\/p>\n","protected":false},"author":1,"featured_media":2641,"comment_status":"open","ping_status":"open","sticky":false,"template":"","format":"standard","meta":{"colormag_page_container_layout":"default_layout","colormag_page_sidebar_layout":"default_layout","footnotes":""},"categories":[5],"tags":[],"class_list":["post-4429","post","type-post","status-publish","format-standard","has-post-thumbnail","hentry","category-locale"],"yoast_head":"<!-- This site is optimized with the Yoast SEO plugin v27.0 - https:\/\/yoast.com\/product\/yoast-seo-wordpress\/ -->\n<title>De ce nu se respect\u0103 masurile de preven\u021bie! Manipulare ? - MHF Photography<\/title>\n<meta name=\"robots\" content=\"index, follow, max-snippet:-1, max-image-preview:large, max-video-preview:-1\" \/>\n<link rel=\"canonical\" href=\"https:\/\/mhf.ro\/mm\/de-ce-nu-se-respecta-masurile-de-preventie-manipulare\/\" \/>\n<meta property=\"og:locale\" content=\"ro_RO\" \/>\n<meta property=\"og:type\" content=\"article\" \/>\n<meta property=\"og:title\" content=\"De ce nu se respect\u0103 masurile de preven\u021bie! Manipulare ? - MHF Photography\" \/>\n<meta property=\"og:description\" content=\"C\u00e2t\u0103 vreme vom continuam s\u0103 ignor\u0103m m\u0103surile de preven\u021bie &#8211; pentru c\u0103 unii nu pot concepe s\u0103 nu tr\u0103iasc\u0103 la\" \/>\n<meta property=\"og:url\" content=\"https:\/\/mhf.ro\/mm\/de-ce-nu-se-respecta-masurile-de-preventie-manipulare\/\" \/>\n<meta property=\"og:site_name\" content=\"MHF Photography\" \/>\n<meta property=\"article:published_time\" content=\"2021-03-23T10:13:40+00:00\" \/>\n<meta property=\"og:image\" content=\"https:\/\/mhf.ro\/mm\/wp-content\/uploads\/2020\/11\/Blob_covid.jpg\" \/>\n\t<meta property=\"og:image:width\" content=\"1280\" \/>\n\t<meta property=\"og:image:height\" content=\"851\" \/>\n\t<meta property=\"og:image:type\" content=\"image\/jpeg\" \/>\n<meta name=\"author\" content=\"Marius Marcu\" \/>\n<meta name=\"twitter:card\" content=\"summary_large_image\" \/>\n<meta name=\"twitter:label1\" content=\"Scris de\" \/>\n\t<meta name=\"twitter:data1\" content=\"Marius Marcu\" \/>\n\t<meta name=\"twitter:label2\" content=\"Timp estimat pentru citire\" \/>\n\t<meta name=\"twitter:data2\" content=\"2 minute\" \/>\n<script type=\"application\/ld+json\" class=\"yoast-schema-graph\">{\"@context\":\"https:\/\/schema.org\",\"@graph\":[{\"@type\":\"Article\",\"@id\":\"https:\/\/mhf.ro\/mm\/de-ce-nu-se-respecta-masurile-de-preventie-manipulare\/#article\",\"isPartOf\":{\"@id\":\"https:\/\/mhf.ro\/mm\/de-ce-nu-se-respecta-masurile-de-preventie-manipulare\/\"},\"author\":{\"name\":\"Marius Marcu\",\"@id\":\"https:\/\/mhf.ro\/mm\/#\/schema\/person\/a3bebf7bdb4bf12f698aff73c7e46c21\"},\"headline\":\"De ce nu se respect\u0103 masurile de preven\u021bie! Manipulare ?\",\"datePublished\":\"2021-03-23T10:13:40+00:00\",\"mainEntityOfPage\":{\"@id\":\"https:\/\/mhf.ro\/mm\/de-ce-nu-se-respecta-masurile-de-preventie-manipulare\/\"},\"wordCount\":562,\"commentCount\":0,\"publisher\":{\"@id\":\"https:\/\/mhf.ro\/mm\/#\/schema\/person\/a3bebf7bdb4bf12f698aff73c7e46c21\"},\"image\":{\"@id\":\"https:\/\/mhf.ro\/mm\/de-ce-nu-se-respecta-masurile-de-preventie-manipulare\/#primaryimage\"},\"thumbnailUrl\":\"https:\/\/mhf.ro\/mm\/wp-content\/uploads\/2020\/11\/Blob_covid.jpg\",\"articleSection\":[\"Locale\"],\"inLanguage\":\"ro-RO\",\"potentialAction\":[{\"@type\":\"CommentAction\",\"name\":\"Comment\",\"target\":[\"https:\/\/mhf.ro\/mm\/de-ce-nu-se-respecta-masurile-de-preventie-manipulare\/#respond\"]}]},{\"@type\":\"WebPage\",\"@id\":\"https:\/\/mhf.ro\/mm\/de-ce-nu-se-respecta-masurile-de-preventie-manipulare\/\",\"url\":\"https:\/\/mhf.ro\/mm\/de-ce-nu-se-respecta-masurile-de-preventie-manipulare\/\",\"name\":\"De ce nu se respect\u0103 masurile de preven\u021bie! Manipulare ? - MHF Photography\",\"isPartOf\":{\"@id\":\"https:\/\/mhf.ro\/mm\/#website\"},\"primaryImageOfPage\":{\"@id\":\"https:\/\/mhf.ro\/mm\/de-ce-nu-se-respecta-masurile-de-preventie-manipulare\/#primaryimage\"},\"image\":{\"@id\":\"https:\/\/mhf.ro\/mm\/de-ce-nu-se-respecta-masurile-de-preventie-manipulare\/#primaryimage\"},\"thumbnailUrl\":\"https:\/\/mhf.ro\/mm\/wp-content\/uploads\/2020\/11\/Blob_covid.jpg\",\"datePublished\":\"2021-03-23T10:13:40+00:00\",\"breadcrumb\":{\"@id\":\"https:\/\/mhf.ro\/mm\/de-ce-nu-se-respecta-masurile-de-preventie-manipulare\/#breadcrumb\"},\"inLanguage\":\"ro-RO\",\"potentialAction\":[{\"@type\":\"ReadAction\",\"target\":[\"https:\/\/mhf.ro\/mm\/de-ce-nu-se-respecta-masurile-de-preventie-manipulare\/\"]}]},{\"@type\":\"ImageObject\",\"inLanguage\":\"ro-RO\",\"@id\":\"https:\/\/mhf.ro\/mm\/de-ce-nu-se-respecta-masurile-de-preventie-manipulare\/#primaryimage\",\"url\":\"https:\/\/mhf.ro\/mm\/wp-content\/uploads\/2020\/11\/Blob_covid.jpg\",\"contentUrl\":\"https:\/\/mhf.ro\/mm\/wp-content\/uploads\/2020\/11\/Blob_covid.jpg\",\"width\":1280,\"height\":851},{\"@type\":\"BreadcrumbList\",\"@id\":\"https:\/\/mhf.ro\/mm\/de-ce-nu-se-respecta-masurile-de-preventie-manipulare\/#breadcrumb\",\"itemListElement\":[{\"@type\":\"ListItem\",\"position\":1,\"name\":\"Prima pagin\u0103\",\"item\":\"https:\/\/mhf.ro\/mm\/\"},{\"@type\":\"ListItem\",\"position\":2,\"name\":\"De ce nu se respect\u0103 masurile de preven\u021bie! Manipulare ?\"}]},{\"@type\":\"WebSite\",\"@id\":\"https:\/\/mhf.ro\/mm\/#website\",\"url\":\"https:\/\/mhf.ro\/mm\/\",\"name\":\"MHF Photography \u2013 Blog de fotografie, natur\u0103 \u0219i tehnic\u0103 divers\u0103\",\"description\":\"Aventur\u0103 \u00een fiecare cadru.\",\"publisher\":{\"@id\":\"https:\/\/mhf.ro\/mm\/#\/schema\/person\/a3bebf7bdb4bf12f698aff73c7e46c21\"},\"potentialAction\":[{\"@type\":\"SearchAction\",\"target\":{\"@type\":\"EntryPoint\",\"urlTemplate\":\"https:\/\/mhf.ro\/mm\/?s={search_term_string}\"},\"query-input\":{\"@type\":\"PropertyValueSpecification\",\"valueRequired\":true,\"valueName\":\"search_term_string\"}}],\"inLanguage\":\"ro-RO\"},{\"@type\":[\"Person\",\"Organization\"],\"@id\":\"https:\/\/mhf.ro\/mm\/#\/schema\/person\/a3bebf7bdb4bf12f698aff73c7e46c21\",\"name\":\"Marius Marcu\",\"image\":{\"@type\":\"ImageObject\",\"inLanguage\":\"ro-RO\",\"@id\":\"https:\/\/mhf.ro\/mm\/#\/schema\/person\/image\/\",\"url\":\"https:\/\/mhf.ro\/mm\/wp-content\/uploads\/2025\/12\/cropped-logo_mhf_2.png\",\"contentUrl\":\"https:\/\/mhf.ro\/mm\/wp-content\/uploads\/2025\/12\/cropped-logo_mhf_2.png\",\"width\":1096,\"height\":457,\"caption\":\"Marius Marcu\"},\"logo\":{\"@id\":\"https:\/\/mhf.ro\/mm\/#\/schema\/person\/image\/\"},\"sameAs\":[\"https:\/\/mhf.ro\/mm\"],\"url\":\"https:\/\/mhf.ro\/mm\/author\/mihai\/\"}]}<\/script>\n<!-- \/ Yoast SEO plugin. -->","yoast_head_json":{"title":"De ce nu se respect\u0103 masurile de preven\u021bie! Manipulare ? - MHF Photography","robots":{"index":"index","follow":"follow","max-snippet":"max-snippet:-1","max-image-preview":"max-image-preview:large","max-video-preview":"max-video-preview:-1"},"canonical":"https:\/\/mhf.ro\/mm\/de-ce-nu-se-respecta-masurile-de-preventie-manipulare\/","og_locale":"ro_RO","og_type":"article","og_title":"De ce nu se respect\u0103 masurile de preven\u021bie! Manipulare ? - MHF Photography","og_description":"C\u00e2t\u0103 vreme vom continuam s\u0103 ignor\u0103m m\u0103surile de preven\u021bie &#8211; pentru c\u0103 unii nu pot concepe s\u0103 nu tr\u0103iasc\u0103 la","og_url":"https:\/\/mhf.ro\/mm\/de-ce-nu-se-respecta-masurile-de-preventie-manipulare\/","og_site_name":"MHF Photography","article_published_time":"2021-03-23T10:13:40+00:00","og_image":[{"width":1280,"height":851,"url":"https:\/\/mhf.ro\/mm\/wp-content\/uploads\/2020\/11\/Blob_covid.jpg","type":"image\/jpeg"}],"author":"Marius Marcu","twitter_card":"summary_large_image","twitter_misc":{"Scris de":"Marius Marcu","Timp estimat pentru citire":"2 minute"},"schema":{"@context":"https:\/\/schema.org","@graph":[{"@type":"Article","@id":"https:\/\/mhf.ro\/mm\/de-ce-nu-se-respecta-masurile-de-preventie-manipulare\/#article","isPartOf":{"@id":"https:\/\/mhf.ro\/mm\/de-ce-nu-se-respecta-masurile-de-preventie-manipulare\/"},"author":{"name":"Marius Marcu","@id":"https:\/\/mhf.ro\/mm\/#\/schema\/person\/a3bebf7bdb4bf12f698aff73c7e46c21"},"headline":"De ce nu se respect\u0103 masurile de preven\u021bie! Manipulare ?","datePublished":"2021-03-23T10:13:40+00:00","mainEntityOfPage":{"@id":"https:\/\/mhf.ro\/mm\/de-ce-nu-se-respecta-masurile-de-preventie-manipulare\/"},"wordCount":562,"commentCount":0,"publisher":{"@id":"https:\/\/mhf.ro\/mm\/#\/schema\/person\/a3bebf7bdb4bf12f698aff73c7e46c21"},"image":{"@id":"https:\/\/mhf.ro\/mm\/de-ce-nu-se-respecta-masurile-de-preventie-manipulare\/#primaryimage"},"thumbnailUrl":"https:\/\/mhf.ro\/mm\/wp-content\/uploads\/2020\/11\/Blob_covid.jpg","articleSection":["Locale"],"inLanguage":"ro-RO","potentialAction":[{"@type":"CommentAction","name":"Comment","target":["https:\/\/mhf.ro\/mm\/de-ce-nu-se-respecta-masurile-de-preventie-manipulare\/#respond"]}]},{"@type":"WebPage","@id":"https:\/\/mhf.ro\/mm\/de-ce-nu-se-respecta-masurile-de-preventie-manipulare\/","url":"https:\/\/mhf.ro\/mm\/de-ce-nu-se-respecta-masurile-de-preventie-manipulare\/","name":"De ce nu se respect\u0103 masurile de preven\u021bie! Manipulare ? - MHF Photography","isPartOf":{"@id":"https:\/\/mhf.ro\/mm\/#website"},"primaryImageOfPage":{"@id":"https:\/\/mhf.ro\/mm\/de-ce-nu-se-respecta-masurile-de-preventie-manipulare\/#primaryimage"},"image":{"@id":"https:\/\/mhf.ro\/mm\/de-ce-nu-se-respecta-masurile-de-preventie-manipulare\/#primaryimage"},"thumbnailUrl":"https:\/\/mhf.ro\/mm\/wp-content\/uploads\/2020\/11\/Blob_covid.jpg","datePublished":"2021-03-23T10:13:40+00:00","breadcrumb":{"@id":"https:\/\/mhf.ro\/mm\/de-ce-nu-se-respecta-masurile-de-preventie-manipulare\/#breadcrumb"},"inLanguage":"ro-RO","potentialAction":[{"@type":"ReadAction","target":["https:\/\/mhf.ro\/mm\/de-ce-nu-se-respecta-masurile-de-preventie-manipulare\/"]}]},{"@type":"ImageObject","inLanguage":"ro-RO","@id":"https:\/\/mhf.ro\/mm\/de-ce-nu-se-respecta-masurile-de-preventie-manipulare\/#primaryimage","url":"https:\/\/mhf.ro\/mm\/wp-content\/uploads\/2020\/11\/Blob_covid.jpg","contentUrl":"https:\/\/mhf.ro\/mm\/wp-content\/uploads\/2020\/11\/Blob_covid.jpg","width":1280,"height":851},{"@type":"BreadcrumbList","@id":"https:\/\/mhf.ro\/mm\/de-ce-nu-se-respecta-masurile-de-preventie-manipulare\/#breadcrumb","itemListElement":[{"@type":"ListItem","position":1,"name":"Prima pagin\u0103","item":"https:\/\/mhf.ro\/mm\/"},{"@type":"ListItem","position":2,"name":"De ce nu se respect\u0103 masurile de preven\u021bie! Manipulare ?"}]},{"@type":"WebSite","@id":"https:\/\/mhf.ro\/mm\/#website","url":"https:\/\/mhf.ro\/mm\/","name":"MHF Photography \u2013 Blog de fotografie, natur\u0103 \u0219i tehnic\u0103 divers\u0103","description":"Aventur\u0103 \u00een fiecare cadru.","publisher":{"@id":"https:\/\/mhf.ro\/mm\/#\/schema\/person\/a3bebf7bdb4bf12f698aff73c7e46c21"},"potentialAction":[{"@type":"SearchAction","target":{"@type":"EntryPoint","urlTemplate":"https:\/\/mhf.ro\/mm\/?s={search_term_string}"},"query-input":{"@type":"PropertyValueSpecification","valueRequired":true,"valueName":"search_term_string"}}],"inLanguage":"ro-RO"},{"@type":["Person","Organization"],"@id":"https:\/\/mhf.ro\/mm\/#\/schema\/person\/a3bebf7bdb4bf12f698aff73c7e46c21","name":"Marius Marcu","image":{"@type":"ImageObject","inLanguage":"ro-RO","@id":"https:\/\/mhf.ro\/mm\/#\/schema\/person\/image\/","url":"https:\/\/mhf.ro\/mm\/wp-content\/uploads\/2025\/12\/cropped-logo_mhf_2.png","contentUrl":"https:\/\/mhf.ro\/mm\/wp-content\/uploads\/2025\/12\/cropped-logo_mhf_2.png","width":1096,"height":457,"caption":"Marius Marcu"},"logo":{"@id":"https:\/\/mhf.ro\/mm\/#\/schema\/person\/image\/"},"sameAs":["https:\/\/mhf.ro\/mm"],"url":"https:\/\/mhf.ro\/mm\/author\/mihai\/"}]}},"_links":{"self":[{"href":"https:\/\/mhf.ro\/mm\/wp-json\/wp\/v2\/posts\/4429","targetHints":{"allow":["GET"]}}],"collection":[{"href":"https:\/\/mhf.ro\/mm\/wp-json\/wp\/v2\/posts"}],"about":[{"href":"https:\/\/mhf.ro\/mm\/wp-json\/wp\/v2\/types\/post"}],"author":[{"embeddable":true,"href":"https:\/\/mhf.ro\/mm\/wp-json\/wp\/v2\/users\/1"}],"replies":[{"embeddable":true,"href":"https:\/\/mhf.ro\/mm\/wp-json\/wp\/v2\/comments?post=4429"}],"version-history":[{"count":1,"href":"https:\/\/mhf.ro\/mm\/wp-json\/wp\/v2\/posts\/4429\/revisions"}],"predecessor-version":[{"id":4430,"href":"https:\/\/mhf.ro\/mm\/wp-json\/wp\/v2\/posts\/4429\/revisions\/4430"}],"wp:featuredmedia":[{"embeddable":true,"href":"https:\/\/mhf.ro\/mm\/wp-json\/wp\/v2\/media\/2641"}],"wp:attachment":[{"href":"https:\/\/mhf.ro\/mm\/wp-json\/wp\/v2\/media?parent=4429"}],"wp:term":[{"taxonomy":"category","embeddable":true,"href":"https:\/\/mhf.ro\/mm\/wp-json\/wp\/v2\/categories?post=4429"},{"taxonomy":"post_tag","embeddable":true,"href":"https:\/\/mhf.ro\/mm\/wp-json\/wp\/v2\/tags?post=4429"}],"curies":[{"name":"wp","href":"https:\/\/api.w.org\/{rel}","templated":true}]}}