{"id":4431,"date":"2021-03-23T13:53:28","date_gmt":"2021-03-23T11:53:28","guid":{"rendered":"https:\/\/mhf.ro\/mm\/?p=4431"},"modified":"2021-03-23T13:56:40","modified_gmt":"2021-03-23T11:56:40","slug":"alba-neagra-cu-cei-1-500-de-lei-pentru-cresa-gradinita","status":"publish","type":"post","link":"https:\/\/mhf.ro\/mm\/alba-neagra-cu-cei-1-500-de-lei-pentru-cresa-gradinita\/","title":{"rendered":"Alba-neagra cu cei 1.500 de lei pentru cre\u0219\u0103 \/ gr\u0103dini\u021b\u0103"},"content":{"rendered":"<p>Ce s\u0103\u00a0 mai \u00een\u021belegem ? Guvernul acorda sau nu ajutor p\u0103rin\u021bilor conform Legii 239\/2020 ? Semne de \u00eentrebare \u0219i incertitudine. Economie de bani, DA, dar nu chiar oricum \u0219i \u00een orice condi\u021bii. Dup\u0103 majorarea pensiilor, majorarea aloca\u021biilor, acum \u0219i sprijinul acordat p\u0103rin\u021bilor privitor la cheltuielile cu cre\u0219a sau gr\u0103dini\u021ba se vrea oprit?<\/p>\n<p>Ministerul Finan\u021belor,\u00a0 \u00eentr-un proiect de ordonan\u021b\u0103 privind unele m\u0103suri fiscale, propune suspendarea \u00een 2021 a aplic\u0103rii acestei m\u0103suri. Conform proiectului de Ordonan\u021b\u0103, plata stimulentelor ar urma sa fie suspendate, \u00eencep\u00e2nd cu data de 1 aprilie 2021. Suspendarea aplic\u0103rii s\u0103 se fac\u0103 p\u00e2n\u0103 la data de 31 decembrie 2021, inclusiv.<\/p>\n<p>Prin aplicarea acestei ordonan\u021be se poate realiza o economie substan\u021bial\u0103 \u021bin\u00e2nd cont de impactul bugetar al acestei legi, care este de 4,5 miliarde de lei. Dar cu p\u0103rin\u021bii cum r\u0103m\u00e2ne ? Economiile la buget sunt necesare, dar ar trebui s\u0103 fie f\u0103cute prin eficientizarea locurilor de munca, asumarea r\u0103spunderii \u0219i eliminarea tuturor celor care nu au activitate. De ce oare, toat\u0103 lumea vrea un loc de munca la stat ???<\/p>\n<h5 style=\"text-align: right;\"><a href=\"https:\/\/riz.ro\/wp\/coloana-capitel-baza-din-polistiren\/\">Amenaj\u0103ri fa\u021bade, ornamente din polistiren<\/a><\/h5>\n","protected":false},"excerpt":{"rendered":"<p>Ce s\u0103\u00a0 mai \u00een\u021belegem ? Guvernul acorda sau nu ajutor p\u0103rin\u021bilor conform Legii 239\/2020 ? Semne de \u00eentrebare \u0219i incertitudine.<\/p>\n","protected":false},"author":1,"featured_media":4432,"comment_status":"open","ping_status":"open","sticky":false,"template":"","format":"standard","meta":{"colormag_page_container_layout":"default_layout","colormag_page_sidebar_layout":"default_layout","footnotes":""},"categories":[8],"tags":[],"class_list":["post-4431","post","type-post","status-publish","format-standard","has-post-thumbnail","hentry","category-div"],"yoast_head":"<!-- This site is optimized with the Yoast SEO plugin v27.0 - https:\/\/yoast.com\/product\/yoast-seo-wordpress\/ -->\n<title>Alba-neagra cu cei 1.500 de lei pentru cre\u0219\u0103 \/ gr\u0103dini\u021b\u0103 - MHF Photography<\/title>\n<meta name=\"description\" content=\"Guvernul acorda sau nu ajutor p\u0103rin\u021bilor conform Legii 239\/2020 ? Semne de \u00eentrebare \u0219i incertitudine. Economie de bani, DA, dar nu chiar\" \/>\n<meta name=\"robots\" content=\"index, follow, max-snippet:-1, max-image-preview:large, max-video-preview:-1\" \/>\n<link rel=\"canonical\" href=\"https:\/\/mhf.ro\/mm\/alba-neagra-cu-cei-1-500-de-lei-pentru-cresa-gradinita\/\" \/>\n<meta property=\"og:locale\" content=\"ro_RO\" \/>\n<meta property=\"og:type\" content=\"article\" \/>\n<meta property=\"og:title\" content=\"Alba-neagra cu cei 1.500 de lei pentru cre\u0219\u0103 \/ gr\u0103dini\u021b\u0103 - MHF Photography\" \/>\n<meta property=\"og:description\" content=\"Guvernul acorda sau nu ajutor p\u0103rin\u021bilor conform Legii 239\/2020 ? Semne de \u00eentrebare \u0219i incertitudine. Economie de bani, DA, dar nu chiar\" \/>\n<meta property=\"og:url\" content=\"https:\/\/mhf.ro\/mm\/alba-neagra-cu-cei-1-500-de-lei-pentru-cresa-gradinita\/\" \/>\n<meta property=\"og:site_name\" content=\"MHF Photography\" \/>\n<meta property=\"article:published_time\" content=\"2021-03-23T11:53:28+00:00\" \/>\n<meta property=\"article:modified_time\" content=\"2021-03-23T11:56:40+00:00\" \/>\n<meta property=\"og:image\" content=\"https:\/\/mhf.ro\/mm\/wp-content\/uploads\/2021\/03\/gradinita-cresa.jpg\" \/>\n\t<meta property=\"og:image:width\" content=\"1280\" \/>\n\t<meta property=\"og:image:height\" content=\"853\" \/>\n\t<meta property=\"og:image:type\" content=\"image\/jpeg\" \/>\n<meta name=\"author\" content=\"Marius Marcu\" \/>\n<meta name=\"twitter:card\" content=\"summary_large_image\" \/>\n<meta name=\"twitter:label1\" content=\"Scris de\" \/>\n\t<meta name=\"twitter:data1\" content=\"Marius Marcu\" \/>\n\t<meta name=\"twitter:label2\" content=\"Timp estimat pentru citire\" \/>\n\t<meta name=\"twitter:data2\" content=\"1 minut\" \/>\n<script type=\"application\/ld+json\" class=\"yoast-schema-graph\">{\"@context\":\"https:\/\/schema.org\",\"@graph\":[{\"@type\":\"Article\",\"@id\":\"https:\/\/mhf.ro\/mm\/alba-neagra-cu-cei-1-500-de-lei-pentru-cresa-gradinita\/#article\",\"isPartOf\":{\"@id\":\"https:\/\/mhf.ro\/mm\/alba-neagra-cu-cei-1-500-de-lei-pentru-cresa-gradinita\/\"},\"author\":{\"name\":\"Marius Marcu\",\"@id\":\"https:\/\/mhf.ro\/mm\/#\/schema\/person\/a3bebf7bdb4bf12f698aff73c7e46c21\"},\"headline\":\"Alba-neagra cu cei 1.500 de lei pentru cre\u0219\u0103 \/ gr\u0103dini\u021b\u0103\",\"datePublished\":\"2021-03-23T11:53:28+00:00\",\"dateModified\":\"2021-03-23T11:56:40+00:00\",\"mainEntityOfPage\":{\"@id\":\"https:\/\/mhf.ro\/mm\/alba-neagra-cu-cei-1-500-de-lei-pentru-cresa-gradinita\/\"},\"wordCount\":202,\"commentCount\":0,\"publisher\":{\"@id\":\"https:\/\/mhf.ro\/mm\/#\/schema\/person\/a3bebf7bdb4bf12f698aff73c7e46c21\"},\"image\":{\"@id\":\"https:\/\/mhf.ro\/mm\/alba-neagra-cu-cei-1-500-de-lei-pentru-cresa-gradinita\/#primaryimage\"},\"thumbnailUrl\":\"https:\/\/mhf.ro\/mm\/wp-content\/uploads\/2021\/03\/gradinita-cresa.jpg\",\"articleSection\":[\"Diverse\"],\"inLanguage\":\"ro-RO\",\"potentialAction\":[{\"@type\":\"CommentAction\",\"name\":\"Comment\",\"target\":[\"https:\/\/mhf.ro\/mm\/alba-neagra-cu-cei-1-500-de-lei-pentru-cresa-gradinita\/#respond\"]}]},{\"@type\":\"WebPage\",\"@id\":\"https:\/\/mhf.ro\/mm\/alba-neagra-cu-cei-1-500-de-lei-pentru-cresa-gradinita\/\",\"url\":\"https:\/\/mhf.ro\/mm\/alba-neagra-cu-cei-1-500-de-lei-pentru-cresa-gradinita\/\",\"name\":\"Alba-neagra cu cei 1.500 de lei pentru cre\u0219\u0103 \/ gr\u0103dini\u021b\u0103 - MHF Photography\",\"isPartOf\":{\"@id\":\"https:\/\/mhf.ro\/mm\/#website\"},\"primaryImageOfPage\":{\"@id\":\"https:\/\/mhf.ro\/mm\/alba-neagra-cu-cei-1-500-de-lei-pentru-cresa-gradinita\/#primaryimage\"},\"image\":{\"@id\":\"https:\/\/mhf.ro\/mm\/alba-neagra-cu-cei-1-500-de-lei-pentru-cresa-gradinita\/#primaryimage\"},\"thumbnailUrl\":\"https:\/\/mhf.ro\/mm\/wp-content\/uploads\/2021\/03\/gradinita-cresa.jpg\",\"datePublished\":\"2021-03-23T11:53:28+00:00\",\"dateModified\":\"2021-03-23T11:56:40+00:00\",\"description\":\"Guvernul acorda sau nu ajutor p\u0103rin\u021bilor conform Legii 239\/2020 ? Semne de \u00eentrebare \u0219i incertitudine. Economie de bani, DA, dar nu chiar\",\"breadcrumb\":{\"@id\":\"https:\/\/mhf.ro\/mm\/alba-neagra-cu-cei-1-500-de-lei-pentru-cresa-gradinita\/#breadcrumb\"},\"inLanguage\":\"ro-RO\",\"potentialAction\":[{\"@type\":\"ReadAction\",\"target\":[\"https:\/\/mhf.ro\/mm\/alba-neagra-cu-cei-1-500-de-lei-pentru-cresa-gradinita\/\"]}]},{\"@type\":\"ImageObject\",\"inLanguage\":\"ro-RO\",\"@id\":\"https:\/\/mhf.ro\/mm\/alba-neagra-cu-cei-1-500-de-lei-pentru-cresa-gradinita\/#primaryimage\",\"url\":\"https:\/\/mhf.ro\/mm\/wp-content\/uploads\/2021\/03\/gradinita-cresa.jpg\",\"contentUrl\":\"https:\/\/mhf.ro\/mm\/wp-content\/uploads\/2021\/03\/gradinita-cresa.jpg\",\"width\":1280,\"height\":853},{\"@type\":\"BreadcrumbList\",\"@id\":\"https:\/\/mhf.ro\/mm\/alba-neagra-cu-cei-1-500-de-lei-pentru-cresa-gradinita\/#breadcrumb\",\"itemListElement\":[{\"@type\":\"ListItem\",\"position\":1,\"name\":\"Prima pagin\u0103\",\"item\":\"https:\/\/mhf.ro\/mm\/\"},{\"@type\":\"ListItem\",\"position\":2,\"name\":\"Alba-neagra cu cei 1.500 de lei pentru cre\u0219\u0103 \/ gr\u0103dini\u021b\u0103\"}]},{\"@type\":\"WebSite\",\"@id\":\"https:\/\/mhf.ro\/mm\/#website\",\"url\":\"https:\/\/mhf.ro\/mm\/\",\"name\":\"MHF Photography \u2013 Blog de fotografie, natur\u0103 \u0219i tehnic\u0103 divers\u0103\",\"description\":\"Aventur\u0103 \u00een fiecare cadru.\",\"publisher\":{\"@id\":\"https:\/\/mhf.ro\/mm\/#\/schema\/person\/a3bebf7bdb4bf12f698aff73c7e46c21\"},\"potentialAction\":[{\"@type\":\"SearchAction\",\"target\":{\"@type\":\"EntryPoint\",\"urlTemplate\":\"https:\/\/mhf.ro\/mm\/?s={search_term_string}\"},\"query-input\":{\"@type\":\"PropertyValueSpecification\",\"valueRequired\":true,\"valueName\":\"search_term_string\"}}],\"inLanguage\":\"ro-RO\"},{\"@type\":[\"Person\",\"Organization\"],\"@id\":\"https:\/\/mhf.ro\/mm\/#\/schema\/person\/a3bebf7bdb4bf12f698aff73c7e46c21\",\"name\":\"Marius Marcu\",\"image\":{\"@type\":\"ImageObject\",\"inLanguage\":\"ro-RO\",\"@id\":\"https:\/\/mhf.ro\/mm\/#\/schema\/person\/image\/\",\"url\":\"https:\/\/mhf.ro\/mm\/wp-content\/uploads\/2025\/12\/cropped-logo_mhf_2.png\",\"contentUrl\":\"https:\/\/mhf.ro\/mm\/wp-content\/uploads\/2025\/12\/cropped-logo_mhf_2.png\",\"width\":1096,\"height\":457,\"caption\":\"Marius Marcu\"},\"logo\":{\"@id\":\"https:\/\/mhf.ro\/mm\/#\/schema\/person\/image\/\"},\"sameAs\":[\"https:\/\/mhf.ro\/mm\"],\"url\":\"https:\/\/mhf.ro\/mm\/author\/mihai\/\"}]}<\/script>\n<!-- \/ Yoast SEO plugin. -->","yoast_head_json":{"title":"Alba-neagra cu cei 1.500 de lei pentru cre\u0219\u0103 \/ gr\u0103dini\u021b\u0103 - MHF Photography","description":"Guvernul acorda sau nu ajutor p\u0103rin\u021bilor conform Legii 239\/2020 ? Semne de \u00eentrebare \u0219i incertitudine. Economie de bani, DA, dar nu chiar","robots":{"index":"index","follow":"follow","max-snippet":"max-snippet:-1","max-image-preview":"max-image-preview:large","max-video-preview":"max-video-preview:-1"},"canonical":"https:\/\/mhf.ro\/mm\/alba-neagra-cu-cei-1-500-de-lei-pentru-cresa-gradinita\/","og_locale":"ro_RO","og_type":"article","og_title":"Alba-neagra cu cei 1.500 de lei pentru cre\u0219\u0103 \/ gr\u0103dini\u021b\u0103 - MHF Photography","og_description":"Guvernul acorda sau nu ajutor p\u0103rin\u021bilor conform Legii 239\/2020 ? Semne de \u00eentrebare \u0219i incertitudine. Economie de bani, DA, dar nu chiar","og_url":"https:\/\/mhf.ro\/mm\/alba-neagra-cu-cei-1-500-de-lei-pentru-cresa-gradinita\/","og_site_name":"MHF Photography","article_published_time":"2021-03-23T11:53:28+00:00","article_modified_time":"2021-03-23T11:56:40+00:00","og_image":[{"width":1280,"height":853,"url":"https:\/\/mhf.ro\/mm\/wp-content\/uploads\/2021\/03\/gradinita-cresa.jpg","type":"image\/jpeg"}],"author":"Marius Marcu","twitter_card":"summary_large_image","twitter_misc":{"Scris de":"Marius Marcu","Timp estimat pentru citire":"1 minut"},"schema":{"@context":"https:\/\/schema.org","@graph":[{"@type":"Article","@id":"https:\/\/mhf.ro\/mm\/alba-neagra-cu-cei-1-500-de-lei-pentru-cresa-gradinita\/#article","isPartOf":{"@id":"https:\/\/mhf.ro\/mm\/alba-neagra-cu-cei-1-500-de-lei-pentru-cresa-gradinita\/"},"author":{"name":"Marius Marcu","@id":"https:\/\/mhf.ro\/mm\/#\/schema\/person\/a3bebf7bdb4bf12f698aff73c7e46c21"},"headline":"Alba-neagra cu cei 1.500 de lei pentru cre\u0219\u0103 \/ gr\u0103dini\u021b\u0103","datePublished":"2021-03-23T11:53:28+00:00","dateModified":"2021-03-23T11:56:40+00:00","mainEntityOfPage":{"@id":"https:\/\/mhf.ro\/mm\/alba-neagra-cu-cei-1-500-de-lei-pentru-cresa-gradinita\/"},"wordCount":202,"commentCount":0,"publisher":{"@id":"https:\/\/mhf.ro\/mm\/#\/schema\/person\/a3bebf7bdb4bf12f698aff73c7e46c21"},"image":{"@id":"https:\/\/mhf.ro\/mm\/alba-neagra-cu-cei-1-500-de-lei-pentru-cresa-gradinita\/#primaryimage"},"thumbnailUrl":"https:\/\/mhf.ro\/mm\/wp-content\/uploads\/2021\/03\/gradinita-cresa.jpg","articleSection":["Diverse"],"inLanguage":"ro-RO","potentialAction":[{"@type":"CommentAction","name":"Comment","target":["https:\/\/mhf.ro\/mm\/alba-neagra-cu-cei-1-500-de-lei-pentru-cresa-gradinita\/#respond"]}]},{"@type":"WebPage","@id":"https:\/\/mhf.ro\/mm\/alba-neagra-cu-cei-1-500-de-lei-pentru-cresa-gradinita\/","url":"https:\/\/mhf.ro\/mm\/alba-neagra-cu-cei-1-500-de-lei-pentru-cresa-gradinita\/","name":"Alba-neagra cu cei 1.500 de lei pentru cre\u0219\u0103 \/ gr\u0103dini\u021b\u0103 - MHF Photography","isPartOf":{"@id":"https:\/\/mhf.ro\/mm\/#website"},"primaryImageOfPage":{"@id":"https:\/\/mhf.ro\/mm\/alba-neagra-cu-cei-1-500-de-lei-pentru-cresa-gradinita\/#primaryimage"},"image":{"@id":"https:\/\/mhf.ro\/mm\/alba-neagra-cu-cei-1-500-de-lei-pentru-cresa-gradinita\/#primaryimage"},"thumbnailUrl":"https:\/\/mhf.ro\/mm\/wp-content\/uploads\/2021\/03\/gradinita-cresa.jpg","datePublished":"2021-03-23T11:53:28+00:00","dateModified":"2021-03-23T11:56:40+00:00","description":"Guvernul acorda sau nu ajutor p\u0103rin\u021bilor conform Legii 239\/2020 ? Semne de \u00eentrebare \u0219i incertitudine. Economie de bani, DA, dar nu chiar","breadcrumb":{"@id":"https:\/\/mhf.ro\/mm\/alba-neagra-cu-cei-1-500-de-lei-pentru-cresa-gradinita\/#breadcrumb"},"inLanguage":"ro-RO","potentialAction":[{"@type":"ReadAction","target":["https:\/\/mhf.ro\/mm\/alba-neagra-cu-cei-1-500-de-lei-pentru-cresa-gradinita\/"]}]},{"@type":"ImageObject","inLanguage":"ro-RO","@id":"https:\/\/mhf.ro\/mm\/alba-neagra-cu-cei-1-500-de-lei-pentru-cresa-gradinita\/#primaryimage","url":"https:\/\/mhf.ro\/mm\/wp-content\/uploads\/2021\/03\/gradinita-cresa.jpg","contentUrl":"https:\/\/mhf.ro\/mm\/wp-content\/uploads\/2021\/03\/gradinita-cresa.jpg","width":1280,"height":853},{"@type":"BreadcrumbList","@id":"https:\/\/mhf.ro\/mm\/alba-neagra-cu-cei-1-500-de-lei-pentru-cresa-gradinita\/#breadcrumb","itemListElement":[{"@type":"ListItem","position":1,"name":"Prima pagin\u0103","item":"https:\/\/mhf.ro\/mm\/"},{"@type":"ListItem","position":2,"name":"Alba-neagra cu cei 1.500 de lei pentru cre\u0219\u0103 \/ gr\u0103dini\u021b\u0103"}]},{"@type":"WebSite","@id":"https:\/\/mhf.ro\/mm\/#website","url":"https:\/\/mhf.ro\/mm\/","name":"MHF Photography \u2013 Blog de fotografie, natur\u0103 \u0219i tehnic\u0103 divers\u0103","description":"Aventur\u0103 \u00een fiecare cadru.","publisher":{"@id":"https:\/\/mhf.ro\/mm\/#\/schema\/person\/a3bebf7bdb4bf12f698aff73c7e46c21"},"potentialAction":[{"@type":"SearchAction","target":{"@type":"EntryPoint","urlTemplate":"https:\/\/mhf.ro\/mm\/?s={search_term_string}"},"query-input":{"@type":"PropertyValueSpecification","valueRequired":true,"valueName":"search_term_string"}}],"inLanguage":"ro-RO"},{"@type":["Person","Organization"],"@id":"https:\/\/mhf.ro\/mm\/#\/schema\/person\/a3bebf7bdb4bf12f698aff73c7e46c21","name":"Marius Marcu","image":{"@type":"ImageObject","inLanguage":"ro-RO","@id":"https:\/\/mhf.ro\/mm\/#\/schema\/person\/image\/","url":"https:\/\/mhf.ro\/mm\/wp-content\/uploads\/2025\/12\/cropped-logo_mhf_2.png","contentUrl":"https:\/\/mhf.ro\/mm\/wp-content\/uploads\/2025\/12\/cropped-logo_mhf_2.png","width":1096,"height":457,"caption":"Marius Marcu"},"logo":{"@id":"https:\/\/mhf.ro\/mm\/#\/schema\/person\/image\/"},"sameAs":["https:\/\/mhf.ro\/mm"],"url":"https:\/\/mhf.ro\/mm\/author\/mihai\/"}]}},"_links":{"self":[{"href":"https:\/\/mhf.ro\/mm\/wp-json\/wp\/v2\/posts\/4431","targetHints":{"allow":["GET"]}}],"collection":[{"href":"https:\/\/mhf.ro\/mm\/wp-json\/wp\/v2\/posts"}],"about":[{"href":"https:\/\/mhf.ro\/mm\/wp-json\/wp\/v2\/types\/post"}],"author":[{"embeddable":true,"href":"https:\/\/mhf.ro\/mm\/wp-json\/wp\/v2\/users\/1"}],"replies":[{"embeddable":true,"href":"https:\/\/mhf.ro\/mm\/wp-json\/wp\/v2\/comments?post=4431"}],"version-history":[{"count":3,"href":"https:\/\/mhf.ro\/mm\/wp-json\/wp\/v2\/posts\/4431\/revisions"}],"predecessor-version":[{"id":4435,"href":"https:\/\/mhf.ro\/mm\/wp-json\/wp\/v2\/posts\/4431\/revisions\/4435"}],"wp:featuredmedia":[{"embeddable":true,"href":"https:\/\/mhf.ro\/mm\/wp-json\/wp\/v2\/media\/4432"}],"wp:attachment":[{"href":"https:\/\/mhf.ro\/mm\/wp-json\/wp\/v2\/media?parent=4431"}],"wp:term":[{"taxonomy":"category","embeddable":true,"href":"https:\/\/mhf.ro\/mm\/wp-json\/wp\/v2\/categories?post=4431"},{"taxonomy":"post_tag","embeddable":true,"href":"https:\/\/mhf.ro\/mm\/wp-json\/wp\/v2\/tags?post=4431"}],"curies":[{"name":"wp","href":"https:\/\/api.w.org\/{rel}","templated":true}]}}