{"id":4450,"date":"2021-03-28T08:45:11","date_gmt":"2021-03-28T06:45:11","guid":{"rendered":"https:\/\/mhf.ro\/mm\/?p=4450"},"modified":"2021-03-28T08:45:11","modified_gmt":"2021-03-28T06:45:11","slug":"bolnavii-cronici-nu-trebuie-sa-se-vaccineze","status":"publish","type":"post","link":"https:\/\/mhf.ro\/mm\/bolnavii-cronici-nu-trebuie-sa-se-vaccineze\/","title":{"rendered":"Bolnavii cronici NU trebuie s\u0103 se vaccineze"},"content":{"rendered":"<p>Managerul Institutului de Pneumologie \u201eMarius Nasta\u201d, medicul Beatrice Mahler, trage un semnal de alarm\u0103 \u0219i aten\u021bioneaz\u0103 pacien\u021bii care sufer\u0103 de boli cronice s\u0103 nu se vaccineze \u00eenainte de a avea o discu\u021bie cu medicul de familie.<\/p>\n<p>\u201eSunt astfel de situa\u021bii \u00een care dorin\u021ba de a se vaccina este extrem de mare \u0219i este important ca acest lucru s\u0103 fie f\u0103cut pentru aceste categorii de persoane, dar vaccinul nu trebuie administrat unei persoane care este \u00eentr-un puseu acut de boal\u0103\u201d.<\/p>\n<p>Starea de s\u0103n\u0103tate a celor cu boli cronice trebuie s\u0103 fie \u201d\u00een echilibru\u201d, deoarece se poate ca \u201eboala de baz\u0103 s\u0103 evolueze \u00eentr-un sens nedorit de nimeni \u0219i lucrurile se complic\u0103 extrem de mult, mai ales dac\u0103 acest lucru se \u00eent\u00e2mpl\u0103 dup\u0103 ce tocmai am primit doza de vaccin\u201d.<\/p>\n<p>Beatrice Mahler a declarat la Digi 24 \u201eAtrag aten\u021bia si mi-as dori ca persoanele care sunt \u00eenscrise pe liste si care sunt suferinzi cu boli cronice \u0219i nu se simt bine sau consider\u0103 c\u0103 starea lor de s\u0103n\u0103tate nu este cea mai bun\u0103, s\u0103 nu ajung\u0103 \u00eentr-un centru de vaccinare \u00eenainte de a trece printr-un cabinet de medic de familie dac\u0103 starea lor de s\u0103n\u0103tate nu este bun\u0103.<\/p>\n<p>Sunt astfel de situa\u021bii \u00een care dorin\u021ba de a se vaccina este extrem de mare si este important ca acest lucru s\u0103 fie f\u0103cut pentru aceste categorii de persoane, dar vaccinul nu trebuie administrat unei persoane care este \u00eentr-un puseu acut de boal\u0103\u201d.(conf jurnalist.ro)<\/p>\n<p>&nbsp;<\/p>\n","protected":false},"excerpt":{"rendered":"<p>Managerul Institutului de Pneumologie \u201eMarius Nasta\u201d, medicul Beatrice Mahler, trage un semnal de alarm\u0103 \u0219i aten\u021bioneaz\u0103 pacien\u021bii care sufer\u0103 de<\/p>\n","protected":false},"author":1,"featured_media":3902,"comment_status":"open","ping_status":"open","sticky":false,"template":"","format":"standard","meta":{"colormag_page_container_layout":"default_layout","colormag_page_sidebar_layout":"default_layout","footnotes":""},"categories":[5],"tags":[],"class_list":["post-4450","post","type-post","status-publish","format-standard","has-post-thumbnail","hentry","category-locale"],"yoast_head":"<!-- This site is optimized with the Yoast SEO plugin v27.0 - https:\/\/yoast.com\/product\/yoast-seo-wordpress\/ -->\n<title>Bolnavii cronici NU trebuie s\u0103 se vaccineze - MHF Photography<\/title>\n<meta name=\"robots\" content=\"index, follow, max-snippet:-1, max-image-preview:large, max-video-preview:-1\" \/>\n<link rel=\"canonical\" href=\"https:\/\/mhf.ro\/mm\/bolnavii-cronici-nu-trebuie-sa-se-vaccineze\/\" \/>\n<meta property=\"og:locale\" content=\"ro_RO\" \/>\n<meta property=\"og:type\" content=\"article\" \/>\n<meta property=\"og:title\" content=\"Bolnavii cronici NU trebuie s\u0103 se vaccineze - MHF Photography\" \/>\n<meta property=\"og:description\" content=\"Managerul Institutului de Pneumologie \u201eMarius Nasta\u201d, medicul Beatrice Mahler, trage un semnal de alarm\u0103 \u0219i aten\u021bioneaz\u0103 pacien\u021bii care sufer\u0103 de\" \/>\n<meta property=\"og:url\" content=\"https:\/\/mhf.ro\/mm\/bolnavii-cronici-nu-trebuie-sa-se-vaccineze\/\" \/>\n<meta property=\"og:site_name\" content=\"MHF Photography\" \/>\n<meta property=\"article:published_time\" content=\"2021-03-28T06:45:11+00:00\" \/>\n<meta property=\"og:image\" content=\"https:\/\/mhf.ro\/mm\/wp-content\/uploads\/2021\/02\/vaccin-23.jpg\" \/>\n\t<meta property=\"og:image:width\" content=\"1280\" \/>\n\t<meta property=\"og:image:height\" content=\"1020\" \/>\n\t<meta property=\"og:image:type\" content=\"image\/jpeg\" \/>\n<meta name=\"author\" content=\"Marius Marcu\" \/>\n<meta name=\"twitter:card\" content=\"summary_large_image\" \/>\n<meta name=\"twitter:label1\" content=\"Scris de\" \/>\n\t<meta name=\"twitter:data1\" content=\"Marius Marcu\" \/>\n\t<meta name=\"twitter:label2\" content=\"Timp estimat pentru citire\" \/>\n\t<meta name=\"twitter:data2\" content=\"2 minute\" \/>\n<script type=\"application\/ld+json\" class=\"yoast-schema-graph\">{\"@context\":\"https:\/\/schema.org\",\"@graph\":[{\"@type\":\"Article\",\"@id\":\"https:\/\/mhf.ro\/mm\/bolnavii-cronici-nu-trebuie-sa-se-vaccineze\/#article\",\"isPartOf\":{\"@id\":\"https:\/\/mhf.ro\/mm\/bolnavii-cronici-nu-trebuie-sa-se-vaccineze\/\"},\"author\":{\"name\":\"Marius Marcu\",\"@id\":\"https:\/\/mhf.ro\/mm\/#\/schema\/person\/a3bebf7bdb4bf12f698aff73c7e46c21\"},\"headline\":\"Bolnavii cronici NU trebuie s\u0103 se vaccineze\",\"datePublished\":\"2021-03-28T06:45:11+00:00\",\"mainEntityOfPage\":{\"@id\":\"https:\/\/mhf.ro\/mm\/bolnavii-cronici-nu-trebuie-sa-se-vaccineze\/\"},\"wordCount\":266,\"commentCount\":0,\"publisher\":{\"@id\":\"https:\/\/mhf.ro\/mm\/#\/schema\/person\/a3bebf7bdb4bf12f698aff73c7e46c21\"},\"image\":{\"@id\":\"https:\/\/mhf.ro\/mm\/bolnavii-cronici-nu-trebuie-sa-se-vaccineze\/#primaryimage\"},\"thumbnailUrl\":\"https:\/\/mhf.ro\/mm\/wp-content\/uploads\/2021\/02\/vaccin-23.jpg\",\"articleSection\":[\"Locale\"],\"inLanguage\":\"ro-RO\",\"potentialAction\":[{\"@type\":\"CommentAction\",\"name\":\"Comment\",\"target\":[\"https:\/\/mhf.ro\/mm\/bolnavii-cronici-nu-trebuie-sa-se-vaccineze\/#respond\"]}]},{\"@type\":\"WebPage\",\"@id\":\"https:\/\/mhf.ro\/mm\/bolnavii-cronici-nu-trebuie-sa-se-vaccineze\/\",\"url\":\"https:\/\/mhf.ro\/mm\/bolnavii-cronici-nu-trebuie-sa-se-vaccineze\/\",\"name\":\"Bolnavii cronici NU trebuie s\u0103 se vaccineze - MHF Photography\",\"isPartOf\":{\"@id\":\"https:\/\/mhf.ro\/mm\/#website\"},\"primaryImageOfPage\":{\"@id\":\"https:\/\/mhf.ro\/mm\/bolnavii-cronici-nu-trebuie-sa-se-vaccineze\/#primaryimage\"},\"image\":{\"@id\":\"https:\/\/mhf.ro\/mm\/bolnavii-cronici-nu-trebuie-sa-se-vaccineze\/#primaryimage\"},\"thumbnailUrl\":\"https:\/\/mhf.ro\/mm\/wp-content\/uploads\/2021\/02\/vaccin-23.jpg\",\"datePublished\":\"2021-03-28T06:45:11+00:00\",\"breadcrumb\":{\"@id\":\"https:\/\/mhf.ro\/mm\/bolnavii-cronici-nu-trebuie-sa-se-vaccineze\/#breadcrumb\"},\"inLanguage\":\"ro-RO\",\"potentialAction\":[{\"@type\":\"ReadAction\",\"target\":[\"https:\/\/mhf.ro\/mm\/bolnavii-cronici-nu-trebuie-sa-se-vaccineze\/\"]}]},{\"@type\":\"ImageObject\",\"inLanguage\":\"ro-RO\",\"@id\":\"https:\/\/mhf.ro\/mm\/bolnavii-cronici-nu-trebuie-sa-se-vaccineze\/#primaryimage\",\"url\":\"https:\/\/mhf.ro\/mm\/wp-content\/uploads\/2021\/02\/vaccin-23.jpg\",\"contentUrl\":\"https:\/\/mhf.ro\/mm\/wp-content\/uploads\/2021\/02\/vaccin-23.jpg\",\"width\":1280,\"height\":1020},{\"@type\":\"BreadcrumbList\",\"@id\":\"https:\/\/mhf.ro\/mm\/bolnavii-cronici-nu-trebuie-sa-se-vaccineze\/#breadcrumb\",\"itemListElement\":[{\"@type\":\"ListItem\",\"position\":1,\"name\":\"Prima pagin\u0103\",\"item\":\"https:\/\/mhf.ro\/mm\/\"},{\"@type\":\"ListItem\",\"position\":2,\"name\":\"Bolnavii cronici NU trebuie s\u0103 se vaccineze\"}]},{\"@type\":\"WebSite\",\"@id\":\"https:\/\/mhf.ro\/mm\/#website\",\"url\":\"https:\/\/mhf.ro\/mm\/\",\"name\":\"MHF Photography \u2013 Blog de fotografie, natur\u0103 \u0219i tehnic\u0103 divers\u0103\",\"description\":\"Aventur\u0103 \u00een fiecare cadru.\",\"publisher\":{\"@id\":\"https:\/\/mhf.ro\/mm\/#\/schema\/person\/a3bebf7bdb4bf12f698aff73c7e46c21\"},\"potentialAction\":[{\"@type\":\"SearchAction\",\"target\":{\"@type\":\"EntryPoint\",\"urlTemplate\":\"https:\/\/mhf.ro\/mm\/?s={search_term_string}\"},\"query-input\":{\"@type\":\"PropertyValueSpecification\",\"valueRequired\":true,\"valueName\":\"search_term_string\"}}],\"inLanguage\":\"ro-RO\"},{\"@type\":[\"Person\",\"Organization\"],\"@id\":\"https:\/\/mhf.ro\/mm\/#\/schema\/person\/a3bebf7bdb4bf12f698aff73c7e46c21\",\"name\":\"Marius Marcu\",\"image\":{\"@type\":\"ImageObject\",\"inLanguage\":\"ro-RO\",\"@id\":\"https:\/\/mhf.ro\/mm\/#\/schema\/person\/image\/\",\"url\":\"https:\/\/mhf.ro\/mm\/wp-content\/uploads\/2025\/12\/cropped-logo_mhf_2.png\",\"contentUrl\":\"https:\/\/mhf.ro\/mm\/wp-content\/uploads\/2025\/12\/cropped-logo_mhf_2.png\",\"width\":1096,\"height\":457,\"caption\":\"Marius Marcu\"},\"logo\":{\"@id\":\"https:\/\/mhf.ro\/mm\/#\/schema\/person\/image\/\"},\"sameAs\":[\"https:\/\/mhf.ro\/mm\"],\"url\":\"https:\/\/mhf.ro\/mm\/author\/mihai\/\"}]}<\/script>\n<!-- \/ Yoast SEO plugin. -->","yoast_head_json":{"title":"Bolnavii cronici NU trebuie s\u0103 se vaccineze - MHF Photography","robots":{"index":"index","follow":"follow","max-snippet":"max-snippet:-1","max-image-preview":"max-image-preview:large","max-video-preview":"max-video-preview:-1"},"canonical":"https:\/\/mhf.ro\/mm\/bolnavii-cronici-nu-trebuie-sa-se-vaccineze\/","og_locale":"ro_RO","og_type":"article","og_title":"Bolnavii cronici NU trebuie s\u0103 se vaccineze - MHF Photography","og_description":"Managerul Institutului de Pneumologie \u201eMarius Nasta\u201d, medicul Beatrice Mahler, trage un semnal de alarm\u0103 \u0219i aten\u021bioneaz\u0103 pacien\u021bii care sufer\u0103 de","og_url":"https:\/\/mhf.ro\/mm\/bolnavii-cronici-nu-trebuie-sa-se-vaccineze\/","og_site_name":"MHF Photography","article_published_time":"2021-03-28T06:45:11+00:00","og_image":[{"width":1280,"height":1020,"url":"https:\/\/mhf.ro\/mm\/wp-content\/uploads\/2021\/02\/vaccin-23.jpg","type":"image\/jpeg"}],"author":"Marius Marcu","twitter_card":"summary_large_image","twitter_misc":{"Scris de":"Marius Marcu","Timp estimat pentru citire":"2 minute"},"schema":{"@context":"https:\/\/schema.org","@graph":[{"@type":"Article","@id":"https:\/\/mhf.ro\/mm\/bolnavii-cronici-nu-trebuie-sa-se-vaccineze\/#article","isPartOf":{"@id":"https:\/\/mhf.ro\/mm\/bolnavii-cronici-nu-trebuie-sa-se-vaccineze\/"},"author":{"name":"Marius Marcu","@id":"https:\/\/mhf.ro\/mm\/#\/schema\/person\/a3bebf7bdb4bf12f698aff73c7e46c21"},"headline":"Bolnavii cronici NU trebuie s\u0103 se vaccineze","datePublished":"2021-03-28T06:45:11+00:00","mainEntityOfPage":{"@id":"https:\/\/mhf.ro\/mm\/bolnavii-cronici-nu-trebuie-sa-se-vaccineze\/"},"wordCount":266,"commentCount":0,"publisher":{"@id":"https:\/\/mhf.ro\/mm\/#\/schema\/person\/a3bebf7bdb4bf12f698aff73c7e46c21"},"image":{"@id":"https:\/\/mhf.ro\/mm\/bolnavii-cronici-nu-trebuie-sa-se-vaccineze\/#primaryimage"},"thumbnailUrl":"https:\/\/mhf.ro\/mm\/wp-content\/uploads\/2021\/02\/vaccin-23.jpg","articleSection":["Locale"],"inLanguage":"ro-RO","potentialAction":[{"@type":"CommentAction","name":"Comment","target":["https:\/\/mhf.ro\/mm\/bolnavii-cronici-nu-trebuie-sa-se-vaccineze\/#respond"]}]},{"@type":"WebPage","@id":"https:\/\/mhf.ro\/mm\/bolnavii-cronici-nu-trebuie-sa-se-vaccineze\/","url":"https:\/\/mhf.ro\/mm\/bolnavii-cronici-nu-trebuie-sa-se-vaccineze\/","name":"Bolnavii cronici NU trebuie s\u0103 se vaccineze - MHF Photography","isPartOf":{"@id":"https:\/\/mhf.ro\/mm\/#website"},"primaryImageOfPage":{"@id":"https:\/\/mhf.ro\/mm\/bolnavii-cronici-nu-trebuie-sa-se-vaccineze\/#primaryimage"},"image":{"@id":"https:\/\/mhf.ro\/mm\/bolnavii-cronici-nu-trebuie-sa-se-vaccineze\/#primaryimage"},"thumbnailUrl":"https:\/\/mhf.ro\/mm\/wp-content\/uploads\/2021\/02\/vaccin-23.jpg","datePublished":"2021-03-28T06:45:11+00:00","breadcrumb":{"@id":"https:\/\/mhf.ro\/mm\/bolnavii-cronici-nu-trebuie-sa-se-vaccineze\/#breadcrumb"},"inLanguage":"ro-RO","potentialAction":[{"@type":"ReadAction","target":["https:\/\/mhf.ro\/mm\/bolnavii-cronici-nu-trebuie-sa-se-vaccineze\/"]}]},{"@type":"ImageObject","inLanguage":"ro-RO","@id":"https:\/\/mhf.ro\/mm\/bolnavii-cronici-nu-trebuie-sa-se-vaccineze\/#primaryimage","url":"https:\/\/mhf.ro\/mm\/wp-content\/uploads\/2021\/02\/vaccin-23.jpg","contentUrl":"https:\/\/mhf.ro\/mm\/wp-content\/uploads\/2021\/02\/vaccin-23.jpg","width":1280,"height":1020},{"@type":"BreadcrumbList","@id":"https:\/\/mhf.ro\/mm\/bolnavii-cronici-nu-trebuie-sa-se-vaccineze\/#breadcrumb","itemListElement":[{"@type":"ListItem","position":1,"name":"Prima pagin\u0103","item":"https:\/\/mhf.ro\/mm\/"},{"@type":"ListItem","position":2,"name":"Bolnavii cronici NU trebuie s\u0103 se vaccineze"}]},{"@type":"WebSite","@id":"https:\/\/mhf.ro\/mm\/#website","url":"https:\/\/mhf.ro\/mm\/","name":"MHF Photography \u2013 Blog de fotografie, natur\u0103 \u0219i tehnic\u0103 divers\u0103","description":"Aventur\u0103 \u00een fiecare cadru.","publisher":{"@id":"https:\/\/mhf.ro\/mm\/#\/schema\/person\/a3bebf7bdb4bf12f698aff73c7e46c21"},"potentialAction":[{"@type":"SearchAction","target":{"@type":"EntryPoint","urlTemplate":"https:\/\/mhf.ro\/mm\/?s={search_term_string}"},"query-input":{"@type":"PropertyValueSpecification","valueRequired":true,"valueName":"search_term_string"}}],"inLanguage":"ro-RO"},{"@type":["Person","Organization"],"@id":"https:\/\/mhf.ro\/mm\/#\/schema\/person\/a3bebf7bdb4bf12f698aff73c7e46c21","name":"Marius Marcu","image":{"@type":"ImageObject","inLanguage":"ro-RO","@id":"https:\/\/mhf.ro\/mm\/#\/schema\/person\/image\/","url":"https:\/\/mhf.ro\/mm\/wp-content\/uploads\/2025\/12\/cropped-logo_mhf_2.png","contentUrl":"https:\/\/mhf.ro\/mm\/wp-content\/uploads\/2025\/12\/cropped-logo_mhf_2.png","width":1096,"height":457,"caption":"Marius Marcu"},"logo":{"@id":"https:\/\/mhf.ro\/mm\/#\/schema\/person\/image\/"},"sameAs":["https:\/\/mhf.ro\/mm"],"url":"https:\/\/mhf.ro\/mm\/author\/mihai\/"}]}},"_links":{"self":[{"href":"https:\/\/mhf.ro\/mm\/wp-json\/wp\/v2\/posts\/4450","targetHints":{"allow":["GET"]}}],"collection":[{"href":"https:\/\/mhf.ro\/mm\/wp-json\/wp\/v2\/posts"}],"about":[{"href":"https:\/\/mhf.ro\/mm\/wp-json\/wp\/v2\/types\/post"}],"author":[{"embeddable":true,"href":"https:\/\/mhf.ro\/mm\/wp-json\/wp\/v2\/users\/1"}],"replies":[{"embeddable":true,"href":"https:\/\/mhf.ro\/mm\/wp-json\/wp\/v2\/comments?post=4450"}],"version-history":[{"count":1,"href":"https:\/\/mhf.ro\/mm\/wp-json\/wp\/v2\/posts\/4450\/revisions"}],"predecessor-version":[{"id":4451,"href":"https:\/\/mhf.ro\/mm\/wp-json\/wp\/v2\/posts\/4450\/revisions\/4451"}],"wp:featuredmedia":[{"embeddable":true,"href":"https:\/\/mhf.ro\/mm\/wp-json\/wp\/v2\/media\/3902"}],"wp:attachment":[{"href":"https:\/\/mhf.ro\/mm\/wp-json\/wp\/v2\/media?parent=4450"}],"wp:term":[{"taxonomy":"category","embeddable":true,"href":"https:\/\/mhf.ro\/mm\/wp-json\/wp\/v2\/categories?post=4450"},{"taxonomy":"post_tag","embeddable":true,"href":"https:\/\/mhf.ro\/mm\/wp-json\/wp\/v2\/tags?post=4450"}],"curies":[{"name":"wp","href":"https:\/\/api.w.org\/{rel}","templated":true}]}}