{"id":4452,"date":"2021-03-28T08:46:50","date_gmt":"2021-03-28T06:46:50","guid":{"rendered":"https:\/\/mhf.ro\/mm\/?p=4452"},"modified":"2021-03-28T08:47:17","modified_gmt":"2021-03-28T06:47:17","slug":"sindicalistii-metrorex-pusi-la-zid-de-ministrul-transporturilor","status":"publish","type":"post","link":"https:\/\/mhf.ro\/mm\/sindicalistii-metrorex-pusi-la-zid-de-ministrul-transporturilor\/","title":{"rendered":"Sindicali\u0219tii Metrorex pu\u0219i la zid de ministrul Transporturilor"},"content":{"rendered":"<p>Vineri sindicali\u0219tii din Metrorex au decis s\u0103 fac\u0103 un protest spontan l\u0103s\u00e2nd peste 250.000 de c\u0103l\u0103tori f\u0103r\u0103 transport. Ministrul Transporturilor, C\u0103t\u0103lin Drul\u0103, a declarat Vineri seara la Digi24 c\u0103 aceast\u0103 ac\u021biune a fost ilegal\u0103.<\/p>\n<p>\u201eAceast\u0103 ac\u021biune a fost profund ilegal\u0103. Noi, de altfel, am sesizat DNA pentru ceea ce credem c\u0103 sunt elementele constitutive ale mai multor infrac\u021biuni, nu este o grev\u0103, nu este nici m\u0103car un protest spontan, sunt ni\u0219te cet\u0103\u021beni, unii angaja\u021bi ai metroului, unii credem c\u0103 nu, care au blocat func\u021bionarea metroului, pur \u0219i simplu\u201d.<\/p>\n<p>Ministrul Transporturilor a mai ad\u0103ugat c\u0103 \u201eDomnul R\u0103doi are un pic de experien\u021b\u0103 \u0219i \u0219tie c\u0103 este interzis\u0103 greva, mai ales prin legea st\u0103rii de alert\u0103. (\u2026) Practic, asear\u0103, \u00eempreun\u0103 cu un fel de galerie de fotbal au hot\u0103r\u00e2t c\u00e2nd se taie curentul pe \u0219ina de tren, coboar\u0103 \u0219i diminea\u021ba nu mai pot circula trenurile\u201d. (conf Jurnalist.ro)<\/p>\n","protected":false},"excerpt":{"rendered":"<p>Vineri sindicali\u0219tii din Metrorex au decis s\u0103 fac\u0103 un protest spontan l\u0103s\u00e2nd peste 250.000 de c\u0103l\u0103tori f\u0103r\u0103 transport. Ministrul Transporturilor,<\/p>\n","protected":false},"author":1,"featured_media":4453,"comment_status":"open","ping_status":"open","sticky":false,"template":"","format":"standard","meta":{"colormag_page_container_layout":"default_layout","colormag_page_sidebar_layout":"default_layout","footnotes":""},"categories":[8],"tags":[],"class_list":["post-4452","post","type-post","status-publish","format-standard","has-post-thumbnail","hentry","category-div"],"yoast_head":"<!-- This site is optimized with the Yoast SEO plugin v27.0 - https:\/\/yoast.com\/product\/yoast-seo-wordpress\/ -->\n<title>Sindicali\u0219tii Metrorex pu\u0219i la zid de ministrul Transporturilor - MHF Photography<\/title>\n<meta name=\"robots\" content=\"index, follow, max-snippet:-1, max-image-preview:large, max-video-preview:-1\" \/>\n<link rel=\"canonical\" href=\"https:\/\/mhf.ro\/mm\/sindicalistii-metrorex-pusi-la-zid-de-ministrul-transporturilor\/\" \/>\n<meta property=\"og:locale\" content=\"ro_RO\" \/>\n<meta property=\"og:type\" content=\"article\" \/>\n<meta property=\"og:title\" content=\"Sindicali\u0219tii Metrorex pu\u0219i la zid de ministrul Transporturilor - MHF Photography\" \/>\n<meta property=\"og:description\" content=\"Vineri sindicali\u0219tii din Metrorex au decis s\u0103 fac\u0103 un protest spontan l\u0103s\u00e2nd peste 250.000 de c\u0103l\u0103tori f\u0103r\u0103 transport. Ministrul Transporturilor,\" \/>\n<meta property=\"og:url\" content=\"https:\/\/mhf.ro\/mm\/sindicalistii-metrorex-pusi-la-zid-de-ministrul-transporturilor\/\" \/>\n<meta property=\"og:site_name\" content=\"MHF Photography\" \/>\n<meta property=\"article:published_time\" content=\"2021-03-28T06:46:50+00:00\" \/>\n<meta property=\"article:modified_time\" content=\"2021-03-28T06:47:17+00:00\" \/>\n<meta property=\"og:image\" content=\"https:\/\/mhf.ro\/mm\/wp-content\/uploads\/2021\/03\/metroul-capitalei.jpg\" \/>\n\t<meta property=\"og:image:width\" content=\"1200\" \/>\n\t<meta property=\"og:image:height\" content=\"630\" \/>\n\t<meta property=\"og:image:type\" content=\"image\/jpeg\" \/>\n<meta name=\"author\" content=\"Marius Marcu\" \/>\n<meta name=\"twitter:card\" content=\"summary_large_image\" \/>\n<meta name=\"twitter:label1\" content=\"Scris de\" \/>\n\t<meta name=\"twitter:data1\" content=\"Marius Marcu\" \/>\n\t<meta name=\"twitter:label2\" content=\"Timp estimat pentru citire\" \/>\n\t<meta name=\"twitter:data2\" content=\"1 minut\" \/>\n<script type=\"application\/ld+json\" class=\"yoast-schema-graph\">{\"@context\":\"https:\/\/schema.org\",\"@graph\":[{\"@type\":\"Article\",\"@id\":\"https:\/\/mhf.ro\/mm\/sindicalistii-metrorex-pusi-la-zid-de-ministrul-transporturilor\/#article\",\"isPartOf\":{\"@id\":\"https:\/\/mhf.ro\/mm\/sindicalistii-metrorex-pusi-la-zid-de-ministrul-transporturilor\/\"},\"author\":{\"name\":\"Marius Marcu\",\"@id\":\"https:\/\/mhf.ro\/mm\/#\/schema\/person\/a3bebf7bdb4bf12f698aff73c7e46c21\"},\"headline\":\"Sindicali\u0219tii Metrorex pu\u0219i la zid de ministrul Transporturilor\",\"datePublished\":\"2021-03-28T06:46:50+00:00\",\"dateModified\":\"2021-03-28T06:47:17+00:00\",\"mainEntityOfPage\":{\"@id\":\"https:\/\/mhf.ro\/mm\/sindicalistii-metrorex-pusi-la-zid-de-ministrul-transporturilor\/\"},\"wordCount\":177,\"commentCount\":0,\"publisher\":{\"@id\":\"https:\/\/mhf.ro\/mm\/#\/schema\/person\/a3bebf7bdb4bf12f698aff73c7e46c21\"},\"image\":{\"@id\":\"https:\/\/mhf.ro\/mm\/sindicalistii-metrorex-pusi-la-zid-de-ministrul-transporturilor\/#primaryimage\"},\"thumbnailUrl\":\"https:\/\/mhf.ro\/mm\/wp-content\/uploads\/2021\/03\/metroul-capitalei.jpg\",\"articleSection\":[\"Diverse\"],\"inLanguage\":\"ro-RO\",\"potentialAction\":[{\"@type\":\"CommentAction\",\"name\":\"Comment\",\"target\":[\"https:\/\/mhf.ro\/mm\/sindicalistii-metrorex-pusi-la-zid-de-ministrul-transporturilor\/#respond\"]}]},{\"@type\":\"WebPage\",\"@id\":\"https:\/\/mhf.ro\/mm\/sindicalistii-metrorex-pusi-la-zid-de-ministrul-transporturilor\/\",\"url\":\"https:\/\/mhf.ro\/mm\/sindicalistii-metrorex-pusi-la-zid-de-ministrul-transporturilor\/\",\"name\":\"Sindicali\u0219tii Metrorex pu\u0219i la zid de ministrul Transporturilor - MHF Photography\",\"isPartOf\":{\"@id\":\"https:\/\/mhf.ro\/mm\/#website\"},\"primaryImageOfPage\":{\"@id\":\"https:\/\/mhf.ro\/mm\/sindicalistii-metrorex-pusi-la-zid-de-ministrul-transporturilor\/#primaryimage\"},\"image\":{\"@id\":\"https:\/\/mhf.ro\/mm\/sindicalistii-metrorex-pusi-la-zid-de-ministrul-transporturilor\/#primaryimage\"},\"thumbnailUrl\":\"https:\/\/mhf.ro\/mm\/wp-content\/uploads\/2021\/03\/metroul-capitalei.jpg\",\"datePublished\":\"2021-03-28T06:46:50+00:00\",\"dateModified\":\"2021-03-28T06:47:17+00:00\",\"breadcrumb\":{\"@id\":\"https:\/\/mhf.ro\/mm\/sindicalistii-metrorex-pusi-la-zid-de-ministrul-transporturilor\/#breadcrumb\"},\"inLanguage\":\"ro-RO\",\"potentialAction\":[{\"@type\":\"ReadAction\",\"target\":[\"https:\/\/mhf.ro\/mm\/sindicalistii-metrorex-pusi-la-zid-de-ministrul-transporturilor\/\"]}]},{\"@type\":\"ImageObject\",\"inLanguage\":\"ro-RO\",\"@id\":\"https:\/\/mhf.ro\/mm\/sindicalistii-metrorex-pusi-la-zid-de-ministrul-transporturilor\/#primaryimage\",\"url\":\"https:\/\/mhf.ro\/mm\/wp-content\/uploads\/2021\/03\/metroul-capitalei.jpg\",\"contentUrl\":\"https:\/\/mhf.ro\/mm\/wp-content\/uploads\/2021\/03\/metroul-capitalei.jpg\",\"width\":1200,\"height\":630},{\"@type\":\"BreadcrumbList\",\"@id\":\"https:\/\/mhf.ro\/mm\/sindicalistii-metrorex-pusi-la-zid-de-ministrul-transporturilor\/#breadcrumb\",\"itemListElement\":[{\"@type\":\"ListItem\",\"position\":1,\"name\":\"Prima pagin\u0103\",\"item\":\"https:\/\/mhf.ro\/mm\/\"},{\"@type\":\"ListItem\",\"position\":2,\"name\":\"Sindicali\u0219tii Metrorex pu\u0219i la zid de ministrul Transporturilor\"}]},{\"@type\":\"WebSite\",\"@id\":\"https:\/\/mhf.ro\/mm\/#website\",\"url\":\"https:\/\/mhf.ro\/mm\/\",\"name\":\"MHF Photography \u2013 Blog de fotografie, natur\u0103 \u0219i tehnic\u0103 divers\u0103\",\"description\":\"Aventur\u0103 \u00een fiecare cadru.\",\"publisher\":{\"@id\":\"https:\/\/mhf.ro\/mm\/#\/schema\/person\/a3bebf7bdb4bf12f698aff73c7e46c21\"},\"potentialAction\":[{\"@type\":\"SearchAction\",\"target\":{\"@type\":\"EntryPoint\",\"urlTemplate\":\"https:\/\/mhf.ro\/mm\/?s={search_term_string}\"},\"query-input\":{\"@type\":\"PropertyValueSpecification\",\"valueRequired\":true,\"valueName\":\"search_term_string\"}}],\"inLanguage\":\"ro-RO\"},{\"@type\":[\"Person\",\"Organization\"],\"@id\":\"https:\/\/mhf.ro\/mm\/#\/schema\/person\/a3bebf7bdb4bf12f698aff73c7e46c21\",\"name\":\"Marius Marcu\",\"image\":{\"@type\":\"ImageObject\",\"inLanguage\":\"ro-RO\",\"@id\":\"https:\/\/mhf.ro\/mm\/#\/schema\/person\/image\/\",\"url\":\"https:\/\/mhf.ro\/mm\/wp-content\/uploads\/2025\/12\/cropped-logo_mhf_2.png\",\"contentUrl\":\"https:\/\/mhf.ro\/mm\/wp-content\/uploads\/2025\/12\/cropped-logo_mhf_2.png\",\"width\":1096,\"height\":457,\"caption\":\"Marius Marcu\"},\"logo\":{\"@id\":\"https:\/\/mhf.ro\/mm\/#\/schema\/person\/image\/\"},\"sameAs\":[\"https:\/\/mhf.ro\/mm\"],\"url\":\"https:\/\/mhf.ro\/mm\/author\/mihai\/\"}]}<\/script>\n<!-- \/ Yoast SEO plugin. -->","yoast_head_json":{"title":"Sindicali\u0219tii Metrorex pu\u0219i la zid de ministrul Transporturilor - MHF Photography","robots":{"index":"index","follow":"follow","max-snippet":"max-snippet:-1","max-image-preview":"max-image-preview:large","max-video-preview":"max-video-preview:-1"},"canonical":"https:\/\/mhf.ro\/mm\/sindicalistii-metrorex-pusi-la-zid-de-ministrul-transporturilor\/","og_locale":"ro_RO","og_type":"article","og_title":"Sindicali\u0219tii Metrorex pu\u0219i la zid de ministrul Transporturilor - MHF Photography","og_description":"Vineri sindicali\u0219tii din Metrorex au decis s\u0103 fac\u0103 un protest spontan l\u0103s\u00e2nd peste 250.000 de c\u0103l\u0103tori f\u0103r\u0103 transport. Ministrul Transporturilor,","og_url":"https:\/\/mhf.ro\/mm\/sindicalistii-metrorex-pusi-la-zid-de-ministrul-transporturilor\/","og_site_name":"MHF Photography","article_published_time":"2021-03-28T06:46:50+00:00","article_modified_time":"2021-03-28T06:47:17+00:00","og_image":[{"width":1200,"height":630,"url":"https:\/\/mhf.ro\/mm\/wp-content\/uploads\/2021\/03\/metroul-capitalei.jpg","type":"image\/jpeg"}],"author":"Marius Marcu","twitter_card":"summary_large_image","twitter_misc":{"Scris de":"Marius Marcu","Timp estimat pentru citire":"1 minut"},"schema":{"@context":"https:\/\/schema.org","@graph":[{"@type":"Article","@id":"https:\/\/mhf.ro\/mm\/sindicalistii-metrorex-pusi-la-zid-de-ministrul-transporturilor\/#article","isPartOf":{"@id":"https:\/\/mhf.ro\/mm\/sindicalistii-metrorex-pusi-la-zid-de-ministrul-transporturilor\/"},"author":{"name":"Marius Marcu","@id":"https:\/\/mhf.ro\/mm\/#\/schema\/person\/a3bebf7bdb4bf12f698aff73c7e46c21"},"headline":"Sindicali\u0219tii Metrorex pu\u0219i la zid de ministrul Transporturilor","datePublished":"2021-03-28T06:46:50+00:00","dateModified":"2021-03-28T06:47:17+00:00","mainEntityOfPage":{"@id":"https:\/\/mhf.ro\/mm\/sindicalistii-metrorex-pusi-la-zid-de-ministrul-transporturilor\/"},"wordCount":177,"commentCount":0,"publisher":{"@id":"https:\/\/mhf.ro\/mm\/#\/schema\/person\/a3bebf7bdb4bf12f698aff73c7e46c21"},"image":{"@id":"https:\/\/mhf.ro\/mm\/sindicalistii-metrorex-pusi-la-zid-de-ministrul-transporturilor\/#primaryimage"},"thumbnailUrl":"https:\/\/mhf.ro\/mm\/wp-content\/uploads\/2021\/03\/metroul-capitalei.jpg","articleSection":["Diverse"],"inLanguage":"ro-RO","potentialAction":[{"@type":"CommentAction","name":"Comment","target":["https:\/\/mhf.ro\/mm\/sindicalistii-metrorex-pusi-la-zid-de-ministrul-transporturilor\/#respond"]}]},{"@type":"WebPage","@id":"https:\/\/mhf.ro\/mm\/sindicalistii-metrorex-pusi-la-zid-de-ministrul-transporturilor\/","url":"https:\/\/mhf.ro\/mm\/sindicalistii-metrorex-pusi-la-zid-de-ministrul-transporturilor\/","name":"Sindicali\u0219tii Metrorex pu\u0219i la zid de ministrul Transporturilor - MHF Photography","isPartOf":{"@id":"https:\/\/mhf.ro\/mm\/#website"},"primaryImageOfPage":{"@id":"https:\/\/mhf.ro\/mm\/sindicalistii-metrorex-pusi-la-zid-de-ministrul-transporturilor\/#primaryimage"},"image":{"@id":"https:\/\/mhf.ro\/mm\/sindicalistii-metrorex-pusi-la-zid-de-ministrul-transporturilor\/#primaryimage"},"thumbnailUrl":"https:\/\/mhf.ro\/mm\/wp-content\/uploads\/2021\/03\/metroul-capitalei.jpg","datePublished":"2021-03-28T06:46:50+00:00","dateModified":"2021-03-28T06:47:17+00:00","breadcrumb":{"@id":"https:\/\/mhf.ro\/mm\/sindicalistii-metrorex-pusi-la-zid-de-ministrul-transporturilor\/#breadcrumb"},"inLanguage":"ro-RO","potentialAction":[{"@type":"ReadAction","target":["https:\/\/mhf.ro\/mm\/sindicalistii-metrorex-pusi-la-zid-de-ministrul-transporturilor\/"]}]},{"@type":"ImageObject","inLanguage":"ro-RO","@id":"https:\/\/mhf.ro\/mm\/sindicalistii-metrorex-pusi-la-zid-de-ministrul-transporturilor\/#primaryimage","url":"https:\/\/mhf.ro\/mm\/wp-content\/uploads\/2021\/03\/metroul-capitalei.jpg","contentUrl":"https:\/\/mhf.ro\/mm\/wp-content\/uploads\/2021\/03\/metroul-capitalei.jpg","width":1200,"height":630},{"@type":"BreadcrumbList","@id":"https:\/\/mhf.ro\/mm\/sindicalistii-metrorex-pusi-la-zid-de-ministrul-transporturilor\/#breadcrumb","itemListElement":[{"@type":"ListItem","position":1,"name":"Prima pagin\u0103","item":"https:\/\/mhf.ro\/mm\/"},{"@type":"ListItem","position":2,"name":"Sindicali\u0219tii Metrorex pu\u0219i la zid de ministrul Transporturilor"}]},{"@type":"WebSite","@id":"https:\/\/mhf.ro\/mm\/#website","url":"https:\/\/mhf.ro\/mm\/","name":"MHF Photography \u2013 Blog de fotografie, natur\u0103 \u0219i tehnic\u0103 divers\u0103","description":"Aventur\u0103 \u00een fiecare cadru.","publisher":{"@id":"https:\/\/mhf.ro\/mm\/#\/schema\/person\/a3bebf7bdb4bf12f698aff73c7e46c21"},"potentialAction":[{"@type":"SearchAction","target":{"@type":"EntryPoint","urlTemplate":"https:\/\/mhf.ro\/mm\/?s={search_term_string}"},"query-input":{"@type":"PropertyValueSpecification","valueRequired":true,"valueName":"search_term_string"}}],"inLanguage":"ro-RO"},{"@type":["Person","Organization"],"@id":"https:\/\/mhf.ro\/mm\/#\/schema\/person\/a3bebf7bdb4bf12f698aff73c7e46c21","name":"Marius Marcu","image":{"@type":"ImageObject","inLanguage":"ro-RO","@id":"https:\/\/mhf.ro\/mm\/#\/schema\/person\/image\/","url":"https:\/\/mhf.ro\/mm\/wp-content\/uploads\/2025\/12\/cropped-logo_mhf_2.png","contentUrl":"https:\/\/mhf.ro\/mm\/wp-content\/uploads\/2025\/12\/cropped-logo_mhf_2.png","width":1096,"height":457,"caption":"Marius Marcu"},"logo":{"@id":"https:\/\/mhf.ro\/mm\/#\/schema\/person\/image\/"},"sameAs":["https:\/\/mhf.ro\/mm"],"url":"https:\/\/mhf.ro\/mm\/author\/mihai\/"}]}},"_links":{"self":[{"href":"https:\/\/mhf.ro\/mm\/wp-json\/wp\/v2\/posts\/4452","targetHints":{"allow":["GET"]}}],"collection":[{"href":"https:\/\/mhf.ro\/mm\/wp-json\/wp\/v2\/posts"}],"about":[{"href":"https:\/\/mhf.ro\/mm\/wp-json\/wp\/v2\/types\/post"}],"author":[{"embeddable":true,"href":"https:\/\/mhf.ro\/mm\/wp-json\/wp\/v2\/users\/1"}],"replies":[{"embeddable":true,"href":"https:\/\/mhf.ro\/mm\/wp-json\/wp\/v2\/comments?post=4452"}],"version-history":[{"count":1,"href":"https:\/\/mhf.ro\/mm\/wp-json\/wp\/v2\/posts\/4452\/revisions"}],"predecessor-version":[{"id":4454,"href":"https:\/\/mhf.ro\/mm\/wp-json\/wp\/v2\/posts\/4452\/revisions\/4454"}],"wp:featuredmedia":[{"embeddable":true,"href":"https:\/\/mhf.ro\/mm\/wp-json\/wp\/v2\/media\/4453"}],"wp:attachment":[{"href":"https:\/\/mhf.ro\/mm\/wp-json\/wp\/v2\/media?parent=4452"}],"wp:term":[{"taxonomy":"category","embeddable":true,"href":"https:\/\/mhf.ro\/mm\/wp-json\/wp\/v2\/categories?post=4452"},{"taxonomy":"post_tag","embeddable":true,"href":"https:\/\/mhf.ro\/mm\/wp-json\/wp\/v2\/tags?post=4452"}],"curies":[{"name":"wp","href":"https:\/\/api.w.org\/{rel}","templated":true}]}}