{"id":4458,"date":"2021-03-28T09:25:11","date_gmt":"2021-03-28T07:25:11","guid":{"rendered":"https:\/\/mhf.ro\/mm\/?p=4458"},"modified":"2021-03-28T11:22:33","modified_gmt":"2021-03-28T09:22:33","slug":"pilastru-din-polistiren-extrudat-cu-capitel","status":"publish","type":"post","link":"https:\/\/mhf.ro\/mm\/pilastru-din-polistiren-extrudat-cu-capitel\/","title":{"rendered":"Pilastri din polistiren extrudat cu capitel"},"content":{"rendered":"<p>Pila\u0219tri din polistiren, sunt elementele care se folosesc ca \u0219i ornamente pe fa\u021bada cl\u0103dirilor.\u00a0 Pila\u0219tri de exterior sunt ideali pentru realizarea unor fa\u021bade deosebite \u0219i personalizate.<\/p>\n<p><a href=\"https:\/\/mhf.ro\/mm\/wp-content\/uploads\/2021\/03\/IMG_20210323_162410.jpg\"><img fetchpriority=\"high\" decoding=\"async\" class=\"alignnone wp-image-4461 size-medium\" title=\"pilastrii polistiren\" src=\"https:\/\/mhf.ro\/mm\/wp-content\/uploads\/2021\/03\/IMG_20210323_162410-225x300.jpg\" alt=\"pilastru decorativ pentru infrumusetarea cladirilor\" width=\"225\" height=\"300\" srcset=\"https:\/\/mhf.ro\/mm\/wp-content\/uploads\/2021\/03\/IMG_20210323_162410-225x300.jpg 225w, https:\/\/mhf.ro\/mm\/wp-content\/uploads\/2021\/03\/IMG_20210323_162410-768x1024.jpg 768w, https:\/\/mhf.ro\/mm\/wp-content\/uploads\/2021\/03\/IMG_20210323_162410.jpg 1050w\" sizes=\"(max-width: 225px) 100vw, 225px\" \/><\/a><\/p>\n<p>Producem toat\u0103 gama de pila\u0219tri, capitel \u0219i baza. Produsele sunt din polistiren extrudat, finisate sau nu, dup\u0103 preferin\u021be. Finisajul consta \u00een aplicarea unui strat de liant \u0219i sort de nisip. Aceasta crust\u0103 m\u0103re\u0219te considerabil rezistenta la intemperii \u0219i ac\u021biuni mecanice.<\/p>\n<p><a href=\"https:\/\/mhf.ro\/mm\/wp-content\/uploads\/2021\/03\/pilastrii-500x500-1.jpg\"><img decoding=\"async\" class=\"alignnone wp-image-4459 size-medium\" title=\"pilastru din polistiren\" src=\"https:\/\/mhf.ro\/mm\/wp-content\/uploads\/2021\/03\/pilastrii-500x500-1-300x300.jpg\" alt=\"pilastru decorativ\" width=\"300\" height=\"300\" srcset=\"https:\/\/mhf.ro\/mm\/wp-content\/uploads\/2021\/03\/pilastrii-500x500-1-300x300.jpg 300w, https:\/\/mhf.ro\/mm\/wp-content\/uploads\/2021\/03\/pilastrii-500x500-1-150x150.jpg 150w, https:\/\/mhf.ro\/mm\/wp-content\/uploads\/2021\/03\/pilastrii-500x500-1.jpg 500w\" sizes=\"(max-width: 300px) 100vw, 300px\" \/><\/a><\/p>\n<p>Pilastru ornamental din polistiren cu capitel \u0219i baza aplicabil pe perete , pentru decora\u021biuni exterioare \u0219i interioare. Se compune din capitel, trunchi \u0219i baz\u0103. Pilastru din polistiren se poate combina cu alte elemente decorative din polistiren cum ar fi arcade. Rela\u021bii la telefon 0745 537273<\/p>\n<h3 style=\"text-align: center;\"><a href=\"https:\/\/riz.ro\/ocart2\/index.php?route=product\/category&amp;path=57_76\">Comandati acum de pe site<\/a><\/h3>\n","protected":false},"excerpt":{"rendered":"<p>Pila\u0219tri din polistiren, sunt elementele care se folosesc ca \u0219i ornamente pe fa\u021bada cl\u0103dirilor.\u00a0 Pila\u0219tri de exterior sunt ideali pentru<\/p>\n","protected":false},"author":1,"featured_media":4460,"comment_status":"open","ping_status":"open","sticky":false,"template":"","format":"standard","meta":{"colormag_page_container_layout":"default_layout","colormag_page_sidebar_layout":"default_layout","footnotes":""},"categories":[5,6],"tags":[],"class_list":["post-4458","post","type-post","status-publish","format-standard","has-post-thumbnail","hentry","category-locale","category-publi"],"yoast_head":"<!-- This site is optimized with the Yoast SEO plugin v27.0 - https:\/\/yoast.com\/product\/yoast-seo-wordpress\/ -->\n<title>Pilastri din polistiren extrudat cu capitel - MHF Photography<\/title>\n<meta name=\"description\" content=\"Pilastru ornamental din polistiren cu capitel \u0219i baza aplicabil pe perete , pentru decora\u021biuni exterioare \u0219i interioare. Se compune din\" \/>\n<meta name=\"robots\" content=\"index, follow, max-snippet:-1, max-image-preview:large, max-video-preview:-1\" \/>\n<link rel=\"canonical\" href=\"https:\/\/mhf.ro\/mm\/pilastru-din-polistiren-extrudat-cu-capitel\/\" \/>\n<meta property=\"og:locale\" content=\"ro_RO\" \/>\n<meta property=\"og:type\" content=\"article\" \/>\n<meta property=\"og:title\" content=\"Pilastri din polistiren extrudat cu capitel - MHF Photography\" \/>\n<meta property=\"og:description\" content=\"Pilastru ornamental din polistiren cu capitel \u0219i baza aplicabil pe perete , pentru decora\u021biuni exterioare \u0219i interioare. Se compune din\" \/>\n<meta property=\"og:url\" content=\"https:\/\/mhf.ro\/mm\/pilastru-din-polistiren-extrudat-cu-capitel\/\" \/>\n<meta property=\"og:site_name\" content=\"MHF Photography\" \/>\n<meta property=\"article:published_time\" content=\"2021-03-28T07:25:11+00:00\" \/>\n<meta property=\"article:modified_time\" content=\"2021-03-28T09:22:33+00:00\" \/>\n<meta property=\"og:image\" content=\"https:\/\/mhf.ro\/mm\/wp-content\/uploads\/2021\/03\/IMG_20210323_162415.jpg\" \/>\n\t<meta property=\"og:image:width\" content=\"1400\" \/>\n\t<meta property=\"og:image:height\" content=\"1050\" \/>\n\t<meta property=\"og:image:type\" content=\"image\/jpeg\" \/>\n<meta name=\"author\" content=\"Marius Marcu\" \/>\n<meta name=\"twitter:card\" content=\"summary_large_image\" \/>\n<meta name=\"twitter:label1\" content=\"Scris de\" \/>\n\t<meta name=\"twitter:data1\" content=\"Marius Marcu\" \/>\n\t<meta name=\"twitter:label2\" content=\"Timp estimat pentru citire\" \/>\n\t<meta name=\"twitter:data2\" content=\"1 minut\" \/>\n<script type=\"application\/ld+json\" class=\"yoast-schema-graph\">{\"@context\":\"https:\/\/schema.org\",\"@graph\":[{\"@type\":\"Article\",\"@id\":\"https:\/\/mhf.ro\/mm\/pilastru-din-polistiren-extrudat-cu-capitel\/#article\",\"isPartOf\":{\"@id\":\"https:\/\/mhf.ro\/mm\/pilastru-din-polistiren-extrudat-cu-capitel\/\"},\"author\":{\"name\":\"Marius Marcu\",\"@id\":\"https:\/\/mhf.ro\/mm\/#\/schema\/person\/a3bebf7bdb4bf12f698aff73c7e46c21\"},\"headline\":\"Pilastri din polistiren extrudat cu capitel\",\"datePublished\":\"2021-03-28T07:25:11+00:00\",\"dateModified\":\"2021-03-28T09:22:33+00:00\",\"mainEntityOfPage\":{\"@id\":\"https:\/\/mhf.ro\/mm\/pilastru-din-polistiren-extrudat-cu-capitel\/\"},\"wordCount\":131,\"commentCount\":0,\"publisher\":{\"@id\":\"https:\/\/mhf.ro\/mm\/#\/schema\/person\/a3bebf7bdb4bf12f698aff73c7e46c21\"},\"image\":{\"@id\":\"https:\/\/mhf.ro\/mm\/pilastru-din-polistiren-extrudat-cu-capitel\/#primaryimage\"},\"thumbnailUrl\":\"https:\/\/mhf.ro\/mm\/wp-content\/uploads\/2021\/03\/IMG_20210323_162415.jpg\",\"articleSection\":[\"Locale\",\"Publicitate\"],\"inLanguage\":\"ro-RO\",\"potentialAction\":[{\"@type\":\"CommentAction\",\"name\":\"Comment\",\"target\":[\"https:\/\/mhf.ro\/mm\/pilastru-din-polistiren-extrudat-cu-capitel\/#respond\"]}]},{\"@type\":\"WebPage\",\"@id\":\"https:\/\/mhf.ro\/mm\/pilastru-din-polistiren-extrudat-cu-capitel\/\",\"url\":\"https:\/\/mhf.ro\/mm\/pilastru-din-polistiren-extrudat-cu-capitel\/\",\"name\":\"Pilastri din polistiren extrudat cu capitel - MHF Photography\",\"isPartOf\":{\"@id\":\"https:\/\/mhf.ro\/mm\/#website\"},\"primaryImageOfPage\":{\"@id\":\"https:\/\/mhf.ro\/mm\/pilastru-din-polistiren-extrudat-cu-capitel\/#primaryimage\"},\"image\":{\"@id\":\"https:\/\/mhf.ro\/mm\/pilastru-din-polistiren-extrudat-cu-capitel\/#primaryimage\"},\"thumbnailUrl\":\"https:\/\/mhf.ro\/mm\/wp-content\/uploads\/2021\/03\/IMG_20210323_162415.jpg\",\"datePublished\":\"2021-03-28T07:25:11+00:00\",\"dateModified\":\"2021-03-28T09:22:33+00:00\",\"description\":\"Pilastru ornamental din polistiren cu capitel \u0219i baza aplicabil pe perete , pentru decora\u021biuni exterioare \u0219i interioare. Se compune din\",\"breadcrumb\":{\"@id\":\"https:\/\/mhf.ro\/mm\/pilastru-din-polistiren-extrudat-cu-capitel\/#breadcrumb\"},\"inLanguage\":\"ro-RO\",\"potentialAction\":[{\"@type\":\"ReadAction\",\"target\":[\"https:\/\/mhf.ro\/mm\/pilastru-din-polistiren-extrudat-cu-capitel\/\"]}]},{\"@type\":\"ImageObject\",\"inLanguage\":\"ro-RO\",\"@id\":\"https:\/\/mhf.ro\/mm\/pilastru-din-polistiren-extrudat-cu-capitel\/#primaryimage\",\"url\":\"https:\/\/mhf.ro\/mm\/wp-content\/uploads\/2021\/03\/IMG_20210323_162415.jpg\",\"contentUrl\":\"https:\/\/mhf.ro\/mm\/wp-content\/uploads\/2021\/03\/IMG_20210323_162415.jpg\",\"width\":1400,\"height\":1050},{\"@type\":\"BreadcrumbList\",\"@id\":\"https:\/\/mhf.ro\/mm\/pilastru-din-polistiren-extrudat-cu-capitel\/#breadcrumb\",\"itemListElement\":[{\"@type\":\"ListItem\",\"position\":1,\"name\":\"Prima pagin\u0103\",\"item\":\"https:\/\/mhf.ro\/mm\/\"},{\"@type\":\"ListItem\",\"position\":2,\"name\":\"Pilastri din polistiren extrudat cu capitel\"}]},{\"@type\":\"WebSite\",\"@id\":\"https:\/\/mhf.ro\/mm\/#website\",\"url\":\"https:\/\/mhf.ro\/mm\/\",\"name\":\"MHF Photography \u2013 Blog de fotografie, natur\u0103 \u0219i tehnic\u0103 divers\u0103\",\"description\":\"Aventur\u0103 \u00een fiecare cadru.\",\"publisher\":{\"@id\":\"https:\/\/mhf.ro\/mm\/#\/schema\/person\/a3bebf7bdb4bf12f698aff73c7e46c21\"},\"potentialAction\":[{\"@type\":\"SearchAction\",\"target\":{\"@type\":\"EntryPoint\",\"urlTemplate\":\"https:\/\/mhf.ro\/mm\/?s={search_term_string}\"},\"query-input\":{\"@type\":\"PropertyValueSpecification\",\"valueRequired\":true,\"valueName\":\"search_term_string\"}}],\"inLanguage\":\"ro-RO\"},{\"@type\":[\"Person\",\"Organization\"],\"@id\":\"https:\/\/mhf.ro\/mm\/#\/schema\/person\/a3bebf7bdb4bf12f698aff73c7e46c21\",\"name\":\"Marius Marcu\",\"image\":{\"@type\":\"ImageObject\",\"inLanguage\":\"ro-RO\",\"@id\":\"https:\/\/mhf.ro\/mm\/#\/schema\/person\/image\/\",\"url\":\"https:\/\/mhf.ro\/mm\/wp-content\/uploads\/2025\/12\/cropped-logo_mhf_2.png\",\"contentUrl\":\"https:\/\/mhf.ro\/mm\/wp-content\/uploads\/2025\/12\/cropped-logo_mhf_2.png\",\"width\":1096,\"height\":457,\"caption\":\"Marius Marcu\"},\"logo\":{\"@id\":\"https:\/\/mhf.ro\/mm\/#\/schema\/person\/image\/\"},\"sameAs\":[\"https:\/\/mhf.ro\/mm\"],\"url\":\"https:\/\/mhf.ro\/mm\/author\/mihai\/\"}]}<\/script>\n<!-- \/ Yoast SEO plugin. -->","yoast_head_json":{"title":"Pilastri din polistiren extrudat cu capitel - MHF Photography","description":"Pilastru ornamental din polistiren cu capitel \u0219i baza aplicabil pe perete , pentru decora\u021biuni exterioare \u0219i interioare. Se compune din","robots":{"index":"index","follow":"follow","max-snippet":"max-snippet:-1","max-image-preview":"max-image-preview:large","max-video-preview":"max-video-preview:-1"},"canonical":"https:\/\/mhf.ro\/mm\/pilastru-din-polistiren-extrudat-cu-capitel\/","og_locale":"ro_RO","og_type":"article","og_title":"Pilastri din polistiren extrudat cu capitel - MHF Photography","og_description":"Pilastru ornamental din polistiren cu capitel \u0219i baza aplicabil pe perete , pentru decora\u021biuni exterioare \u0219i interioare. Se compune din","og_url":"https:\/\/mhf.ro\/mm\/pilastru-din-polistiren-extrudat-cu-capitel\/","og_site_name":"MHF Photography","article_published_time":"2021-03-28T07:25:11+00:00","article_modified_time":"2021-03-28T09:22:33+00:00","og_image":[{"width":1400,"height":1050,"url":"https:\/\/mhf.ro\/mm\/wp-content\/uploads\/2021\/03\/IMG_20210323_162415.jpg","type":"image\/jpeg"}],"author":"Marius Marcu","twitter_card":"summary_large_image","twitter_misc":{"Scris de":"Marius Marcu","Timp estimat pentru citire":"1 minut"},"schema":{"@context":"https:\/\/schema.org","@graph":[{"@type":"Article","@id":"https:\/\/mhf.ro\/mm\/pilastru-din-polistiren-extrudat-cu-capitel\/#article","isPartOf":{"@id":"https:\/\/mhf.ro\/mm\/pilastru-din-polistiren-extrudat-cu-capitel\/"},"author":{"name":"Marius Marcu","@id":"https:\/\/mhf.ro\/mm\/#\/schema\/person\/a3bebf7bdb4bf12f698aff73c7e46c21"},"headline":"Pilastri din polistiren extrudat cu capitel","datePublished":"2021-03-28T07:25:11+00:00","dateModified":"2021-03-28T09:22:33+00:00","mainEntityOfPage":{"@id":"https:\/\/mhf.ro\/mm\/pilastru-din-polistiren-extrudat-cu-capitel\/"},"wordCount":131,"commentCount":0,"publisher":{"@id":"https:\/\/mhf.ro\/mm\/#\/schema\/person\/a3bebf7bdb4bf12f698aff73c7e46c21"},"image":{"@id":"https:\/\/mhf.ro\/mm\/pilastru-din-polistiren-extrudat-cu-capitel\/#primaryimage"},"thumbnailUrl":"https:\/\/mhf.ro\/mm\/wp-content\/uploads\/2021\/03\/IMG_20210323_162415.jpg","articleSection":["Locale","Publicitate"],"inLanguage":"ro-RO","potentialAction":[{"@type":"CommentAction","name":"Comment","target":["https:\/\/mhf.ro\/mm\/pilastru-din-polistiren-extrudat-cu-capitel\/#respond"]}]},{"@type":"WebPage","@id":"https:\/\/mhf.ro\/mm\/pilastru-din-polistiren-extrudat-cu-capitel\/","url":"https:\/\/mhf.ro\/mm\/pilastru-din-polistiren-extrudat-cu-capitel\/","name":"Pilastri din polistiren extrudat cu capitel - MHF Photography","isPartOf":{"@id":"https:\/\/mhf.ro\/mm\/#website"},"primaryImageOfPage":{"@id":"https:\/\/mhf.ro\/mm\/pilastru-din-polistiren-extrudat-cu-capitel\/#primaryimage"},"image":{"@id":"https:\/\/mhf.ro\/mm\/pilastru-din-polistiren-extrudat-cu-capitel\/#primaryimage"},"thumbnailUrl":"https:\/\/mhf.ro\/mm\/wp-content\/uploads\/2021\/03\/IMG_20210323_162415.jpg","datePublished":"2021-03-28T07:25:11+00:00","dateModified":"2021-03-28T09:22:33+00:00","description":"Pilastru ornamental din polistiren cu capitel \u0219i baza aplicabil pe perete , pentru decora\u021biuni exterioare \u0219i interioare. Se compune din","breadcrumb":{"@id":"https:\/\/mhf.ro\/mm\/pilastru-din-polistiren-extrudat-cu-capitel\/#breadcrumb"},"inLanguage":"ro-RO","potentialAction":[{"@type":"ReadAction","target":["https:\/\/mhf.ro\/mm\/pilastru-din-polistiren-extrudat-cu-capitel\/"]}]},{"@type":"ImageObject","inLanguage":"ro-RO","@id":"https:\/\/mhf.ro\/mm\/pilastru-din-polistiren-extrudat-cu-capitel\/#primaryimage","url":"https:\/\/mhf.ro\/mm\/wp-content\/uploads\/2021\/03\/IMG_20210323_162415.jpg","contentUrl":"https:\/\/mhf.ro\/mm\/wp-content\/uploads\/2021\/03\/IMG_20210323_162415.jpg","width":1400,"height":1050},{"@type":"BreadcrumbList","@id":"https:\/\/mhf.ro\/mm\/pilastru-din-polistiren-extrudat-cu-capitel\/#breadcrumb","itemListElement":[{"@type":"ListItem","position":1,"name":"Prima pagin\u0103","item":"https:\/\/mhf.ro\/mm\/"},{"@type":"ListItem","position":2,"name":"Pilastri din polistiren extrudat cu capitel"}]},{"@type":"WebSite","@id":"https:\/\/mhf.ro\/mm\/#website","url":"https:\/\/mhf.ro\/mm\/","name":"MHF Photography \u2013 Blog de fotografie, natur\u0103 \u0219i tehnic\u0103 divers\u0103","description":"Aventur\u0103 \u00een fiecare cadru.","publisher":{"@id":"https:\/\/mhf.ro\/mm\/#\/schema\/person\/a3bebf7bdb4bf12f698aff73c7e46c21"},"potentialAction":[{"@type":"SearchAction","target":{"@type":"EntryPoint","urlTemplate":"https:\/\/mhf.ro\/mm\/?s={search_term_string}"},"query-input":{"@type":"PropertyValueSpecification","valueRequired":true,"valueName":"search_term_string"}}],"inLanguage":"ro-RO"},{"@type":["Person","Organization"],"@id":"https:\/\/mhf.ro\/mm\/#\/schema\/person\/a3bebf7bdb4bf12f698aff73c7e46c21","name":"Marius Marcu","image":{"@type":"ImageObject","inLanguage":"ro-RO","@id":"https:\/\/mhf.ro\/mm\/#\/schema\/person\/image\/","url":"https:\/\/mhf.ro\/mm\/wp-content\/uploads\/2025\/12\/cropped-logo_mhf_2.png","contentUrl":"https:\/\/mhf.ro\/mm\/wp-content\/uploads\/2025\/12\/cropped-logo_mhf_2.png","width":1096,"height":457,"caption":"Marius Marcu"},"logo":{"@id":"https:\/\/mhf.ro\/mm\/#\/schema\/person\/image\/"},"sameAs":["https:\/\/mhf.ro\/mm"],"url":"https:\/\/mhf.ro\/mm\/author\/mihai\/"}]}},"_links":{"self":[{"href":"https:\/\/mhf.ro\/mm\/wp-json\/wp\/v2\/posts\/4458","targetHints":{"allow":["GET"]}}],"collection":[{"href":"https:\/\/mhf.ro\/mm\/wp-json\/wp\/v2\/posts"}],"about":[{"href":"https:\/\/mhf.ro\/mm\/wp-json\/wp\/v2\/types\/post"}],"author":[{"embeddable":true,"href":"https:\/\/mhf.ro\/mm\/wp-json\/wp\/v2\/users\/1"}],"replies":[{"embeddable":true,"href":"https:\/\/mhf.ro\/mm\/wp-json\/wp\/v2\/comments?post=4458"}],"version-history":[{"count":7,"href":"https:\/\/mhf.ro\/mm\/wp-json\/wp\/v2\/posts\/4458\/revisions"}],"predecessor-version":[{"id":4463,"href":"https:\/\/mhf.ro\/mm\/wp-json\/wp\/v2\/posts\/4458\/revisions\/4463"}],"wp:featuredmedia":[{"embeddable":true,"href":"https:\/\/mhf.ro\/mm\/wp-json\/wp\/v2\/media\/4460"}],"wp:attachment":[{"href":"https:\/\/mhf.ro\/mm\/wp-json\/wp\/v2\/media?parent=4458"}],"wp:term":[{"taxonomy":"category","embeddable":true,"href":"https:\/\/mhf.ro\/mm\/wp-json\/wp\/v2\/categories?post=4458"},{"taxonomy":"post_tag","embeddable":true,"href":"https:\/\/mhf.ro\/mm\/wp-json\/wp\/v2\/tags?post=4458"}],"curies":[{"name":"wp","href":"https:\/\/api.w.org\/{rel}","templated":true}]}}