{"id":4473,"date":"2021-03-30T08:56:20","date_gmt":"2021-03-30T06:56:20","guid":{"rendered":"https:\/\/mhf.ro\/mm\/?p=4473"},"modified":"2021-03-30T08:56:20","modified_gmt":"2021-03-30T06:56:20","slug":"buluc-la-centrul-de-vaccinare-de-la-romexpo","status":"publish","type":"post","link":"https:\/\/mhf.ro\/mm\/buluc-la-centrul-de-vaccinare-de-la-romexpo\/","title":{"rendered":"Buluc la centrul de vaccinare de la Romexpo"},"content":{"rendered":"<p>Sute de oameni s-au \u00eenghesuit, luni, la centrele de vaccinare amenajate la Romexpo, \u00een Capital\u0103. Problema a fost una de gestionare a situa\u021biei. Mai exact,\u00a0 dozele de vaccin s-au epuizat \u0219i oamenii au a\u0219teptat s\u0103 fie adus\u0103 o nou\u0103 tran\u0219\u0103.<\/p>\n<div><a href=\"https:\/\/mhf.ro\/mm\/wp-content\/uploads\/2021\/03\/imbulzeala-la-vaccinare.jpg\"><img fetchpriority=\"high\" decoding=\"async\" class=\"alignnone wp-image-4474 size-medium\" src=\"https:\/\/mhf.ro\/mm\/wp-content\/uploads\/2021\/03\/imbulzeala-la-vaccinare-300x171.jpg\" alt=\"\" width=\"300\" height=\"171\" srcset=\"https:\/\/mhf.ro\/mm\/wp-content\/uploads\/2021\/03\/imbulzeala-la-vaccinare-300x171.jpg 300w, https:\/\/mhf.ro\/mm\/wp-content\/uploads\/2021\/03\/imbulzeala-la-vaccinare-1024x583.jpg 1024w, https:\/\/mhf.ro\/mm\/wp-content\/uploads\/2021\/03\/imbulzeala-la-vaccinare-768x437.jpg 768w, https:\/\/mhf.ro\/mm\/wp-content\/uploads\/2021\/03\/imbulzeala-la-vaccinare.jpg 1200w\" sizes=\"(max-width: 300px) 100vw, 300px\" \/><\/a><\/div>\n<div>Comitetul de coordonare a vaccin\u0103rii face apel la \u201e\u00een\u021belegere\u201d din partea celor care doresc s\u0103 se vaccineze, \u201e\u00eentruc\u00e2t pot exista \u0219i astfel de momente, punctuale, de ordin administrativ\u201d.<\/div>\n<div>\n<p>Astfel, la ora 15.00 abia \u00eencepuse vaccinarea persoanelor care erau programate la ora 11.00.<\/p>\n<p>\u00cen plus, \u00een aceste condi\u021bii, este imposibil ca regula distan\u021b\u0103rii fizice s\u0103 fie respectat\u0103 de cei care stau la coad\u0103.(conf. jurnalist.ro)<\/p>\n<\/div>\n","protected":false},"excerpt":{"rendered":"<p>Sute de oameni s-au \u00eenghesuit, luni, la centrele de vaccinare amenajate la Romexpo, \u00een Capital\u0103. Problema a fost una de<\/p>\n","protected":false},"author":1,"featured_media":4475,"comment_status":"open","ping_status":"open","sticky":false,"template":"","format":"standard","meta":{"colormag_page_container_layout":"default_layout","colormag_page_sidebar_layout":"default_layout","footnotes":""},"categories":[5],"tags":[],"class_list":["post-4473","post","type-post","status-publish","format-standard","has-post-thumbnail","hentry","category-locale"],"yoast_head":"<!-- This site is optimized with the Yoast SEO plugin v27.0 - https:\/\/yoast.com\/product\/yoast-seo-wordpress\/ -->\n<title>Buluc la centrul de vaccinare de la Romexpo - MHF Photography<\/title>\n<meta name=\"robots\" content=\"index, follow, max-snippet:-1, max-image-preview:large, max-video-preview:-1\" \/>\n<link rel=\"canonical\" href=\"https:\/\/mhf.ro\/mm\/buluc-la-centrul-de-vaccinare-de-la-romexpo\/\" \/>\n<meta property=\"og:locale\" content=\"ro_RO\" \/>\n<meta property=\"og:type\" content=\"article\" \/>\n<meta property=\"og:title\" content=\"Buluc la centrul de vaccinare de la Romexpo - MHF Photography\" \/>\n<meta property=\"og:description\" content=\"Sute de oameni s-au \u00eenghesuit, luni, la centrele de vaccinare amenajate la Romexpo, \u00een Capital\u0103. Problema a fost una de\" \/>\n<meta property=\"og:url\" content=\"https:\/\/mhf.ro\/mm\/buluc-la-centrul-de-vaccinare-de-la-romexpo\/\" \/>\n<meta property=\"og:site_name\" content=\"MHF Photography\" \/>\n<meta property=\"article:published_time\" content=\"2021-03-30T06:56:20+00:00\" \/>\n<meta property=\"og:image\" content=\"https:\/\/mhf.ro\/mm\/wp-content\/uploads\/2021\/03\/romexpo.jpg\" \/>\n\t<meta property=\"og:image:width\" content=\"552\" \/>\n\t<meta property=\"og:image:height\" content=\"414\" \/>\n\t<meta property=\"og:image:type\" content=\"image\/jpeg\" \/>\n<meta name=\"author\" content=\"Marius Marcu\" \/>\n<meta name=\"twitter:card\" content=\"summary_large_image\" \/>\n<meta name=\"twitter:label1\" content=\"Scris de\" \/>\n\t<meta name=\"twitter:data1\" content=\"Marius Marcu\" \/>\n\t<meta name=\"twitter:label2\" content=\"Timp estimat pentru citire\" \/>\n\t<meta name=\"twitter:data2\" content=\"1 minut\" \/>\n<script type=\"application\/ld+json\" class=\"yoast-schema-graph\">{\"@context\":\"https:\/\/schema.org\",\"@graph\":[{\"@type\":\"Article\",\"@id\":\"https:\/\/mhf.ro\/mm\/buluc-la-centrul-de-vaccinare-de-la-romexpo\/#article\",\"isPartOf\":{\"@id\":\"https:\/\/mhf.ro\/mm\/buluc-la-centrul-de-vaccinare-de-la-romexpo\/\"},\"author\":{\"name\":\"Marius Marcu\",\"@id\":\"https:\/\/mhf.ro\/mm\/#\/schema\/person\/a3bebf7bdb4bf12f698aff73c7e46c21\"},\"headline\":\"Buluc la centrul de vaccinare de la Romexpo\",\"datePublished\":\"2021-03-30T06:56:20+00:00\",\"mainEntityOfPage\":{\"@id\":\"https:\/\/mhf.ro\/mm\/buluc-la-centrul-de-vaccinare-de-la-romexpo\/\"},\"wordCount\":118,\"commentCount\":0,\"publisher\":{\"@id\":\"https:\/\/mhf.ro\/mm\/#\/schema\/person\/a3bebf7bdb4bf12f698aff73c7e46c21\"},\"image\":{\"@id\":\"https:\/\/mhf.ro\/mm\/buluc-la-centrul-de-vaccinare-de-la-romexpo\/#primaryimage\"},\"thumbnailUrl\":\"https:\/\/mhf.ro\/mm\/wp-content\/uploads\/2021\/03\/romexpo.jpg\",\"articleSection\":[\"Locale\"],\"inLanguage\":\"ro-RO\",\"potentialAction\":[{\"@type\":\"CommentAction\",\"name\":\"Comment\",\"target\":[\"https:\/\/mhf.ro\/mm\/buluc-la-centrul-de-vaccinare-de-la-romexpo\/#respond\"]}]},{\"@type\":\"WebPage\",\"@id\":\"https:\/\/mhf.ro\/mm\/buluc-la-centrul-de-vaccinare-de-la-romexpo\/\",\"url\":\"https:\/\/mhf.ro\/mm\/buluc-la-centrul-de-vaccinare-de-la-romexpo\/\",\"name\":\"Buluc la centrul de vaccinare de la Romexpo - MHF Photography\",\"isPartOf\":{\"@id\":\"https:\/\/mhf.ro\/mm\/#website\"},\"primaryImageOfPage\":{\"@id\":\"https:\/\/mhf.ro\/mm\/buluc-la-centrul-de-vaccinare-de-la-romexpo\/#primaryimage\"},\"image\":{\"@id\":\"https:\/\/mhf.ro\/mm\/buluc-la-centrul-de-vaccinare-de-la-romexpo\/#primaryimage\"},\"thumbnailUrl\":\"https:\/\/mhf.ro\/mm\/wp-content\/uploads\/2021\/03\/romexpo.jpg\",\"datePublished\":\"2021-03-30T06:56:20+00:00\",\"breadcrumb\":{\"@id\":\"https:\/\/mhf.ro\/mm\/buluc-la-centrul-de-vaccinare-de-la-romexpo\/#breadcrumb\"},\"inLanguage\":\"ro-RO\",\"potentialAction\":[{\"@type\":\"ReadAction\",\"target\":[\"https:\/\/mhf.ro\/mm\/buluc-la-centrul-de-vaccinare-de-la-romexpo\/\"]}]},{\"@type\":\"ImageObject\",\"inLanguage\":\"ro-RO\",\"@id\":\"https:\/\/mhf.ro\/mm\/buluc-la-centrul-de-vaccinare-de-la-romexpo\/#primaryimage\",\"url\":\"https:\/\/mhf.ro\/mm\/wp-content\/uploads\/2021\/03\/romexpo.jpg\",\"contentUrl\":\"https:\/\/mhf.ro\/mm\/wp-content\/uploads\/2021\/03\/romexpo.jpg\",\"width\":552,\"height\":414},{\"@type\":\"BreadcrumbList\",\"@id\":\"https:\/\/mhf.ro\/mm\/buluc-la-centrul-de-vaccinare-de-la-romexpo\/#breadcrumb\",\"itemListElement\":[{\"@type\":\"ListItem\",\"position\":1,\"name\":\"Prima pagin\u0103\",\"item\":\"https:\/\/mhf.ro\/mm\/\"},{\"@type\":\"ListItem\",\"position\":2,\"name\":\"Buluc la centrul de vaccinare de la Romexpo\"}]},{\"@type\":\"WebSite\",\"@id\":\"https:\/\/mhf.ro\/mm\/#website\",\"url\":\"https:\/\/mhf.ro\/mm\/\",\"name\":\"MHF Photography \u2013 Blog de fotografie, natur\u0103 \u0219i tehnic\u0103 divers\u0103\",\"description\":\"Aventur\u0103 \u00een fiecare cadru.\",\"publisher\":{\"@id\":\"https:\/\/mhf.ro\/mm\/#\/schema\/person\/a3bebf7bdb4bf12f698aff73c7e46c21\"},\"potentialAction\":[{\"@type\":\"SearchAction\",\"target\":{\"@type\":\"EntryPoint\",\"urlTemplate\":\"https:\/\/mhf.ro\/mm\/?s={search_term_string}\"},\"query-input\":{\"@type\":\"PropertyValueSpecification\",\"valueRequired\":true,\"valueName\":\"search_term_string\"}}],\"inLanguage\":\"ro-RO\"},{\"@type\":[\"Person\",\"Organization\"],\"@id\":\"https:\/\/mhf.ro\/mm\/#\/schema\/person\/a3bebf7bdb4bf12f698aff73c7e46c21\",\"name\":\"Marius Marcu\",\"image\":{\"@type\":\"ImageObject\",\"inLanguage\":\"ro-RO\",\"@id\":\"https:\/\/mhf.ro\/mm\/#\/schema\/person\/image\/\",\"url\":\"https:\/\/mhf.ro\/mm\/wp-content\/uploads\/2025\/12\/cropped-logo_mhf_2.png\",\"contentUrl\":\"https:\/\/mhf.ro\/mm\/wp-content\/uploads\/2025\/12\/cropped-logo_mhf_2.png\",\"width\":1096,\"height\":457,\"caption\":\"Marius Marcu\"},\"logo\":{\"@id\":\"https:\/\/mhf.ro\/mm\/#\/schema\/person\/image\/\"},\"sameAs\":[\"https:\/\/mhf.ro\/mm\"],\"url\":\"https:\/\/mhf.ro\/mm\/author\/mihai\/\"}]}<\/script>\n<!-- \/ Yoast SEO plugin. -->","yoast_head_json":{"title":"Buluc la centrul de vaccinare de la Romexpo - MHF Photography","robots":{"index":"index","follow":"follow","max-snippet":"max-snippet:-1","max-image-preview":"max-image-preview:large","max-video-preview":"max-video-preview:-1"},"canonical":"https:\/\/mhf.ro\/mm\/buluc-la-centrul-de-vaccinare-de-la-romexpo\/","og_locale":"ro_RO","og_type":"article","og_title":"Buluc la centrul de vaccinare de la Romexpo - MHF Photography","og_description":"Sute de oameni s-au \u00eenghesuit, luni, la centrele de vaccinare amenajate la Romexpo, \u00een Capital\u0103. Problema a fost una de","og_url":"https:\/\/mhf.ro\/mm\/buluc-la-centrul-de-vaccinare-de-la-romexpo\/","og_site_name":"MHF Photography","article_published_time":"2021-03-30T06:56:20+00:00","og_image":[{"width":552,"height":414,"url":"https:\/\/mhf.ro\/mm\/wp-content\/uploads\/2021\/03\/romexpo.jpg","type":"image\/jpeg"}],"author":"Marius Marcu","twitter_card":"summary_large_image","twitter_misc":{"Scris de":"Marius Marcu","Timp estimat pentru citire":"1 minut"},"schema":{"@context":"https:\/\/schema.org","@graph":[{"@type":"Article","@id":"https:\/\/mhf.ro\/mm\/buluc-la-centrul-de-vaccinare-de-la-romexpo\/#article","isPartOf":{"@id":"https:\/\/mhf.ro\/mm\/buluc-la-centrul-de-vaccinare-de-la-romexpo\/"},"author":{"name":"Marius Marcu","@id":"https:\/\/mhf.ro\/mm\/#\/schema\/person\/a3bebf7bdb4bf12f698aff73c7e46c21"},"headline":"Buluc la centrul de vaccinare de la Romexpo","datePublished":"2021-03-30T06:56:20+00:00","mainEntityOfPage":{"@id":"https:\/\/mhf.ro\/mm\/buluc-la-centrul-de-vaccinare-de-la-romexpo\/"},"wordCount":118,"commentCount":0,"publisher":{"@id":"https:\/\/mhf.ro\/mm\/#\/schema\/person\/a3bebf7bdb4bf12f698aff73c7e46c21"},"image":{"@id":"https:\/\/mhf.ro\/mm\/buluc-la-centrul-de-vaccinare-de-la-romexpo\/#primaryimage"},"thumbnailUrl":"https:\/\/mhf.ro\/mm\/wp-content\/uploads\/2021\/03\/romexpo.jpg","articleSection":["Locale"],"inLanguage":"ro-RO","potentialAction":[{"@type":"CommentAction","name":"Comment","target":["https:\/\/mhf.ro\/mm\/buluc-la-centrul-de-vaccinare-de-la-romexpo\/#respond"]}]},{"@type":"WebPage","@id":"https:\/\/mhf.ro\/mm\/buluc-la-centrul-de-vaccinare-de-la-romexpo\/","url":"https:\/\/mhf.ro\/mm\/buluc-la-centrul-de-vaccinare-de-la-romexpo\/","name":"Buluc la centrul de vaccinare de la Romexpo - MHF Photography","isPartOf":{"@id":"https:\/\/mhf.ro\/mm\/#website"},"primaryImageOfPage":{"@id":"https:\/\/mhf.ro\/mm\/buluc-la-centrul-de-vaccinare-de-la-romexpo\/#primaryimage"},"image":{"@id":"https:\/\/mhf.ro\/mm\/buluc-la-centrul-de-vaccinare-de-la-romexpo\/#primaryimage"},"thumbnailUrl":"https:\/\/mhf.ro\/mm\/wp-content\/uploads\/2021\/03\/romexpo.jpg","datePublished":"2021-03-30T06:56:20+00:00","breadcrumb":{"@id":"https:\/\/mhf.ro\/mm\/buluc-la-centrul-de-vaccinare-de-la-romexpo\/#breadcrumb"},"inLanguage":"ro-RO","potentialAction":[{"@type":"ReadAction","target":["https:\/\/mhf.ro\/mm\/buluc-la-centrul-de-vaccinare-de-la-romexpo\/"]}]},{"@type":"ImageObject","inLanguage":"ro-RO","@id":"https:\/\/mhf.ro\/mm\/buluc-la-centrul-de-vaccinare-de-la-romexpo\/#primaryimage","url":"https:\/\/mhf.ro\/mm\/wp-content\/uploads\/2021\/03\/romexpo.jpg","contentUrl":"https:\/\/mhf.ro\/mm\/wp-content\/uploads\/2021\/03\/romexpo.jpg","width":552,"height":414},{"@type":"BreadcrumbList","@id":"https:\/\/mhf.ro\/mm\/buluc-la-centrul-de-vaccinare-de-la-romexpo\/#breadcrumb","itemListElement":[{"@type":"ListItem","position":1,"name":"Prima pagin\u0103","item":"https:\/\/mhf.ro\/mm\/"},{"@type":"ListItem","position":2,"name":"Buluc la centrul de vaccinare de la Romexpo"}]},{"@type":"WebSite","@id":"https:\/\/mhf.ro\/mm\/#website","url":"https:\/\/mhf.ro\/mm\/","name":"MHF Photography \u2013 Blog de fotografie, natur\u0103 \u0219i tehnic\u0103 divers\u0103","description":"Aventur\u0103 \u00een fiecare cadru.","publisher":{"@id":"https:\/\/mhf.ro\/mm\/#\/schema\/person\/a3bebf7bdb4bf12f698aff73c7e46c21"},"potentialAction":[{"@type":"SearchAction","target":{"@type":"EntryPoint","urlTemplate":"https:\/\/mhf.ro\/mm\/?s={search_term_string}"},"query-input":{"@type":"PropertyValueSpecification","valueRequired":true,"valueName":"search_term_string"}}],"inLanguage":"ro-RO"},{"@type":["Person","Organization"],"@id":"https:\/\/mhf.ro\/mm\/#\/schema\/person\/a3bebf7bdb4bf12f698aff73c7e46c21","name":"Marius Marcu","image":{"@type":"ImageObject","inLanguage":"ro-RO","@id":"https:\/\/mhf.ro\/mm\/#\/schema\/person\/image\/","url":"https:\/\/mhf.ro\/mm\/wp-content\/uploads\/2025\/12\/cropped-logo_mhf_2.png","contentUrl":"https:\/\/mhf.ro\/mm\/wp-content\/uploads\/2025\/12\/cropped-logo_mhf_2.png","width":1096,"height":457,"caption":"Marius Marcu"},"logo":{"@id":"https:\/\/mhf.ro\/mm\/#\/schema\/person\/image\/"},"sameAs":["https:\/\/mhf.ro\/mm"],"url":"https:\/\/mhf.ro\/mm\/author\/mihai\/"}]}},"_links":{"self":[{"href":"https:\/\/mhf.ro\/mm\/wp-json\/wp\/v2\/posts\/4473","targetHints":{"allow":["GET"]}}],"collection":[{"href":"https:\/\/mhf.ro\/mm\/wp-json\/wp\/v2\/posts"}],"about":[{"href":"https:\/\/mhf.ro\/mm\/wp-json\/wp\/v2\/types\/post"}],"author":[{"embeddable":true,"href":"https:\/\/mhf.ro\/mm\/wp-json\/wp\/v2\/users\/1"}],"replies":[{"embeddable":true,"href":"https:\/\/mhf.ro\/mm\/wp-json\/wp\/v2\/comments?post=4473"}],"version-history":[{"count":1,"href":"https:\/\/mhf.ro\/mm\/wp-json\/wp\/v2\/posts\/4473\/revisions"}],"predecessor-version":[{"id":4476,"href":"https:\/\/mhf.ro\/mm\/wp-json\/wp\/v2\/posts\/4473\/revisions\/4476"}],"wp:featuredmedia":[{"embeddable":true,"href":"https:\/\/mhf.ro\/mm\/wp-json\/wp\/v2\/media\/4475"}],"wp:attachment":[{"href":"https:\/\/mhf.ro\/mm\/wp-json\/wp\/v2\/media?parent=4473"}],"wp:term":[{"taxonomy":"category","embeddable":true,"href":"https:\/\/mhf.ro\/mm\/wp-json\/wp\/v2\/categories?post=4473"},{"taxonomy":"post_tag","embeddable":true,"href":"https:\/\/mhf.ro\/mm\/wp-json\/wp\/v2\/tags?post=4473"}],"curies":[{"name":"wp","href":"https:\/\/api.w.org\/{rel}","templated":true}]}}