{"id":4477,"date":"2021-03-30T08:57:43","date_gmt":"2021-03-30T06:57:43","guid":{"rendered":"https:\/\/mhf.ro\/mm\/?p=4477"},"modified":"2021-03-30T08:57:43","modified_gmt":"2021-03-30T06:57:43","slug":"trimis-la-inchisoare-pentru-uciderea-cainelui","status":"publish","type":"post","link":"https:\/\/mhf.ro\/mm\/trimis-la-inchisoare-pentru-uciderea-cainelui\/","title":{"rendered":"Trimis la \u00eenchisoare pentru uciderea c\u00e2inelui"},"content":{"rendered":"<p align=\"left\"><span lang=\"ro-RO\">Un b\u0103rbat din Gala\u0163i a fost condamnat la un an de \u00eenchisoare cu executare dup\u0103 ce a ucis cu inten\u0163ie un c\u00e2ine.<\/span><\/p>\n<p align=\"left\"><span lang=\"ro-RO\">Este prima sentin\u021b\u0103 de acest gen din \u021bara noastr\u0103. <\/span><\/p>\n<p align=\"left\"><span lang=\"ro-RO\">Dup\u0103 cum se \u0219tie, foarte multe animale sunt torturate \u00een Rom\u00e2nia, iar st\u0103p\u00e2nii sc\u0103pau p\u00e2n\u0103 acum doar cu amenzi modice. <\/span><\/p>\n<p align=\"left\"><span lang=\"ro-RO\">G\u0103l\u0103\u021beanul a ucis c\u00e2inele vecinilor cu mai multe lovituri de cu\u021bit, scrie Agerpres. <\/span><\/p>\n<p align=\"left\"><span lang=\"ro-RO\">Proprietarul c\u00e2inelui a reclamat c\u0103 <\/span><span lang=\"ro-RO\">a <\/span><span lang=\"ro-RO\">fost atacat de agresor cu cu\u0163itul, iar c\u00e2inele a s\u0103rit s\u0103 \u00eel apere \u015fi a fost \u00eenjunghiat de mai multe ori.<\/span><\/p>\n<p align=\"left\"><span lang=\"ro-RO\">Ca urmare a pl\u00e2ngerii proprietarilor patrupedului, b\u0103rbatul a fost acuzat \u00een instan\u021b\u0103 de cruzime \u0219i a primit maximum <\/span><span lang=\"ro-RO\">de pedeaps\u0103 prev\u0103zut\u0103 de lege pentru astfel de fapte. Sentin\u021ba a fost pronun\u021bat\u0103 de Judec\u0103toria Gala\u0163i \u0219i nu este definitiv\u0103.<\/span><\/p>\n<p align=\"left\"><span lang=\"ro-RO\">\u201eAceasta este hot\u0103r\u00e2rea instan\u0163ei, momentan, dup\u0103 2 ani \u015fi 3 luni de judecat\u0103 \u015fi de anchete. S-a ajuns la concluzia c\u0103 trebuie pedepsit cu \u00eenchisoare cu executare. Instan\u0163a i-a dat maximul de un an pentru cruzime \u015fi tot ceea ce a f\u0103cut el. Animalul a fost omor\u00e2t \u00eentr-un stil mai r\u0103u ca la m\u0103cel\u0103rie\u201d, a declarat proprietarul c\u00e2inelui, Lauren\u0163iu Costel. <\/span>(conf. jurnalist.ro)<\/p>\n","protected":false},"excerpt":{"rendered":"<p>Un b\u0103rbat din Gala\u0163i a fost condamnat la un an de \u00eenchisoare cu executare dup\u0103 ce a ucis cu inten\u0163ie<\/p>\n","protected":false},"author":1,"featured_media":4478,"comment_status":"open","ping_status":"open","sticky":false,"template":"","format":"standard","meta":{"colormag_page_container_layout":"default_layout","colormag_page_sidebar_layout":"default_layout","footnotes":""},"categories":[8],"tags":[],"class_list":["post-4477","post","type-post","status-publish","format-standard","has-post-thumbnail","hentry","category-div"],"yoast_head":"<!-- This site is optimized with the Yoast SEO plugin v27.0 - https:\/\/yoast.com\/product\/yoast-seo-wordpress\/ -->\n<title>Trimis la \u00eenchisoare pentru uciderea c\u00e2inelui - MHF Photography<\/title>\n<meta name=\"robots\" content=\"index, follow, max-snippet:-1, max-image-preview:large, max-video-preview:-1\" \/>\n<link rel=\"canonical\" href=\"https:\/\/mhf.ro\/mm\/trimis-la-inchisoare-pentru-uciderea-cainelui\/\" \/>\n<meta property=\"og:locale\" content=\"ro_RO\" \/>\n<meta property=\"og:type\" content=\"article\" \/>\n<meta property=\"og:title\" content=\"Trimis la \u00eenchisoare pentru uciderea c\u00e2inelui - MHF Photography\" \/>\n<meta property=\"og:description\" content=\"Un b\u0103rbat din Gala\u0163i a fost condamnat la un an de \u00eenchisoare cu executare dup\u0103 ce a ucis cu inten\u0163ie\" \/>\n<meta property=\"og:url\" content=\"https:\/\/mhf.ro\/mm\/trimis-la-inchisoare-pentru-uciderea-cainelui\/\" \/>\n<meta property=\"og:site_name\" content=\"MHF Photography\" \/>\n<meta property=\"article:published_time\" content=\"2021-03-30T06:57:43+00:00\" \/>\n<meta property=\"og:image\" content=\"https:\/\/mhf.ro\/mm\/wp-content\/uploads\/2021\/03\/caine.jpg\" \/>\n\t<meta property=\"og:image:width\" content=\"670\" \/>\n\t<meta property=\"og:image:height\" content=\"495\" \/>\n\t<meta property=\"og:image:type\" content=\"image\/jpeg\" \/>\n<meta name=\"author\" content=\"Marius Marcu\" \/>\n<meta name=\"twitter:card\" content=\"summary_large_image\" \/>\n<meta name=\"twitter:label1\" content=\"Scris de\" \/>\n\t<meta name=\"twitter:data1\" content=\"Marius Marcu\" \/>\n\t<meta name=\"twitter:label2\" content=\"Timp estimat pentru citire\" \/>\n\t<meta name=\"twitter:data2\" content=\"1 minut\" \/>\n<script type=\"application\/ld+json\" class=\"yoast-schema-graph\">{\"@context\":\"https:\/\/schema.org\",\"@graph\":[{\"@type\":\"Article\",\"@id\":\"https:\/\/mhf.ro\/mm\/trimis-la-inchisoare-pentru-uciderea-cainelui\/#article\",\"isPartOf\":{\"@id\":\"https:\/\/mhf.ro\/mm\/trimis-la-inchisoare-pentru-uciderea-cainelui\/\"},\"author\":{\"name\":\"Marius Marcu\",\"@id\":\"https:\/\/mhf.ro\/mm\/#\/schema\/person\/a3bebf7bdb4bf12f698aff73c7e46c21\"},\"headline\":\"Trimis la \u00eenchisoare pentru uciderea c\u00e2inelui\",\"datePublished\":\"2021-03-30T06:57:43+00:00\",\"mainEntityOfPage\":{\"@id\":\"https:\/\/mhf.ro\/mm\/trimis-la-inchisoare-pentru-uciderea-cainelui\/\"},\"wordCount\":232,\"commentCount\":0,\"publisher\":{\"@id\":\"https:\/\/mhf.ro\/mm\/#\/schema\/person\/a3bebf7bdb4bf12f698aff73c7e46c21\"},\"image\":{\"@id\":\"https:\/\/mhf.ro\/mm\/trimis-la-inchisoare-pentru-uciderea-cainelui\/#primaryimage\"},\"thumbnailUrl\":\"https:\/\/mhf.ro\/mm\/wp-content\/uploads\/2021\/03\/caine.jpg\",\"articleSection\":[\"Diverse\"],\"inLanguage\":\"ro-RO\",\"potentialAction\":[{\"@type\":\"CommentAction\",\"name\":\"Comment\",\"target\":[\"https:\/\/mhf.ro\/mm\/trimis-la-inchisoare-pentru-uciderea-cainelui\/#respond\"]}]},{\"@type\":\"WebPage\",\"@id\":\"https:\/\/mhf.ro\/mm\/trimis-la-inchisoare-pentru-uciderea-cainelui\/\",\"url\":\"https:\/\/mhf.ro\/mm\/trimis-la-inchisoare-pentru-uciderea-cainelui\/\",\"name\":\"Trimis la \u00eenchisoare pentru uciderea c\u00e2inelui - MHF Photography\",\"isPartOf\":{\"@id\":\"https:\/\/mhf.ro\/mm\/#website\"},\"primaryImageOfPage\":{\"@id\":\"https:\/\/mhf.ro\/mm\/trimis-la-inchisoare-pentru-uciderea-cainelui\/#primaryimage\"},\"image\":{\"@id\":\"https:\/\/mhf.ro\/mm\/trimis-la-inchisoare-pentru-uciderea-cainelui\/#primaryimage\"},\"thumbnailUrl\":\"https:\/\/mhf.ro\/mm\/wp-content\/uploads\/2021\/03\/caine.jpg\",\"datePublished\":\"2021-03-30T06:57:43+00:00\",\"breadcrumb\":{\"@id\":\"https:\/\/mhf.ro\/mm\/trimis-la-inchisoare-pentru-uciderea-cainelui\/#breadcrumb\"},\"inLanguage\":\"ro-RO\",\"potentialAction\":[{\"@type\":\"ReadAction\",\"target\":[\"https:\/\/mhf.ro\/mm\/trimis-la-inchisoare-pentru-uciderea-cainelui\/\"]}]},{\"@type\":\"ImageObject\",\"inLanguage\":\"ro-RO\",\"@id\":\"https:\/\/mhf.ro\/mm\/trimis-la-inchisoare-pentru-uciderea-cainelui\/#primaryimage\",\"url\":\"https:\/\/mhf.ro\/mm\/wp-content\/uploads\/2021\/03\/caine.jpg\",\"contentUrl\":\"https:\/\/mhf.ro\/mm\/wp-content\/uploads\/2021\/03\/caine.jpg\",\"width\":670,\"height\":495},{\"@type\":\"BreadcrumbList\",\"@id\":\"https:\/\/mhf.ro\/mm\/trimis-la-inchisoare-pentru-uciderea-cainelui\/#breadcrumb\",\"itemListElement\":[{\"@type\":\"ListItem\",\"position\":1,\"name\":\"Prima pagin\u0103\",\"item\":\"https:\/\/mhf.ro\/mm\/\"},{\"@type\":\"ListItem\",\"position\":2,\"name\":\"Trimis la \u00eenchisoare pentru uciderea c\u00e2inelui\"}]},{\"@type\":\"WebSite\",\"@id\":\"https:\/\/mhf.ro\/mm\/#website\",\"url\":\"https:\/\/mhf.ro\/mm\/\",\"name\":\"MHF Photography \u2013 Blog de fotografie, natur\u0103 \u0219i tehnic\u0103 divers\u0103\",\"description\":\"Aventur\u0103 \u00een fiecare cadru.\",\"publisher\":{\"@id\":\"https:\/\/mhf.ro\/mm\/#\/schema\/person\/a3bebf7bdb4bf12f698aff73c7e46c21\"},\"potentialAction\":[{\"@type\":\"SearchAction\",\"target\":{\"@type\":\"EntryPoint\",\"urlTemplate\":\"https:\/\/mhf.ro\/mm\/?s={search_term_string}\"},\"query-input\":{\"@type\":\"PropertyValueSpecification\",\"valueRequired\":true,\"valueName\":\"search_term_string\"}}],\"inLanguage\":\"ro-RO\"},{\"@type\":[\"Person\",\"Organization\"],\"@id\":\"https:\/\/mhf.ro\/mm\/#\/schema\/person\/a3bebf7bdb4bf12f698aff73c7e46c21\",\"name\":\"Marius Marcu\",\"image\":{\"@type\":\"ImageObject\",\"inLanguage\":\"ro-RO\",\"@id\":\"https:\/\/mhf.ro\/mm\/#\/schema\/person\/image\/\",\"url\":\"https:\/\/mhf.ro\/mm\/wp-content\/uploads\/2025\/12\/cropped-logo_mhf_2.png\",\"contentUrl\":\"https:\/\/mhf.ro\/mm\/wp-content\/uploads\/2025\/12\/cropped-logo_mhf_2.png\",\"width\":1096,\"height\":457,\"caption\":\"Marius Marcu\"},\"logo\":{\"@id\":\"https:\/\/mhf.ro\/mm\/#\/schema\/person\/image\/\"},\"sameAs\":[\"https:\/\/mhf.ro\/mm\"],\"url\":\"https:\/\/mhf.ro\/mm\/author\/mihai\/\"}]}<\/script>\n<!-- \/ Yoast SEO plugin. -->","yoast_head_json":{"title":"Trimis la \u00eenchisoare pentru uciderea c\u00e2inelui - MHF Photography","robots":{"index":"index","follow":"follow","max-snippet":"max-snippet:-1","max-image-preview":"max-image-preview:large","max-video-preview":"max-video-preview:-1"},"canonical":"https:\/\/mhf.ro\/mm\/trimis-la-inchisoare-pentru-uciderea-cainelui\/","og_locale":"ro_RO","og_type":"article","og_title":"Trimis la \u00eenchisoare pentru uciderea c\u00e2inelui - MHF Photography","og_description":"Un b\u0103rbat din Gala\u0163i a fost condamnat la un an de \u00eenchisoare cu executare dup\u0103 ce a ucis cu inten\u0163ie","og_url":"https:\/\/mhf.ro\/mm\/trimis-la-inchisoare-pentru-uciderea-cainelui\/","og_site_name":"MHF Photography","article_published_time":"2021-03-30T06:57:43+00:00","og_image":[{"width":670,"height":495,"url":"https:\/\/mhf.ro\/mm\/wp-content\/uploads\/2021\/03\/caine.jpg","type":"image\/jpeg"}],"author":"Marius Marcu","twitter_card":"summary_large_image","twitter_misc":{"Scris de":"Marius Marcu","Timp estimat pentru citire":"1 minut"},"schema":{"@context":"https:\/\/schema.org","@graph":[{"@type":"Article","@id":"https:\/\/mhf.ro\/mm\/trimis-la-inchisoare-pentru-uciderea-cainelui\/#article","isPartOf":{"@id":"https:\/\/mhf.ro\/mm\/trimis-la-inchisoare-pentru-uciderea-cainelui\/"},"author":{"name":"Marius Marcu","@id":"https:\/\/mhf.ro\/mm\/#\/schema\/person\/a3bebf7bdb4bf12f698aff73c7e46c21"},"headline":"Trimis la \u00eenchisoare pentru uciderea c\u00e2inelui","datePublished":"2021-03-30T06:57:43+00:00","mainEntityOfPage":{"@id":"https:\/\/mhf.ro\/mm\/trimis-la-inchisoare-pentru-uciderea-cainelui\/"},"wordCount":232,"commentCount":0,"publisher":{"@id":"https:\/\/mhf.ro\/mm\/#\/schema\/person\/a3bebf7bdb4bf12f698aff73c7e46c21"},"image":{"@id":"https:\/\/mhf.ro\/mm\/trimis-la-inchisoare-pentru-uciderea-cainelui\/#primaryimage"},"thumbnailUrl":"https:\/\/mhf.ro\/mm\/wp-content\/uploads\/2021\/03\/caine.jpg","articleSection":["Diverse"],"inLanguage":"ro-RO","potentialAction":[{"@type":"CommentAction","name":"Comment","target":["https:\/\/mhf.ro\/mm\/trimis-la-inchisoare-pentru-uciderea-cainelui\/#respond"]}]},{"@type":"WebPage","@id":"https:\/\/mhf.ro\/mm\/trimis-la-inchisoare-pentru-uciderea-cainelui\/","url":"https:\/\/mhf.ro\/mm\/trimis-la-inchisoare-pentru-uciderea-cainelui\/","name":"Trimis la \u00eenchisoare pentru uciderea c\u00e2inelui - MHF Photography","isPartOf":{"@id":"https:\/\/mhf.ro\/mm\/#website"},"primaryImageOfPage":{"@id":"https:\/\/mhf.ro\/mm\/trimis-la-inchisoare-pentru-uciderea-cainelui\/#primaryimage"},"image":{"@id":"https:\/\/mhf.ro\/mm\/trimis-la-inchisoare-pentru-uciderea-cainelui\/#primaryimage"},"thumbnailUrl":"https:\/\/mhf.ro\/mm\/wp-content\/uploads\/2021\/03\/caine.jpg","datePublished":"2021-03-30T06:57:43+00:00","breadcrumb":{"@id":"https:\/\/mhf.ro\/mm\/trimis-la-inchisoare-pentru-uciderea-cainelui\/#breadcrumb"},"inLanguage":"ro-RO","potentialAction":[{"@type":"ReadAction","target":["https:\/\/mhf.ro\/mm\/trimis-la-inchisoare-pentru-uciderea-cainelui\/"]}]},{"@type":"ImageObject","inLanguage":"ro-RO","@id":"https:\/\/mhf.ro\/mm\/trimis-la-inchisoare-pentru-uciderea-cainelui\/#primaryimage","url":"https:\/\/mhf.ro\/mm\/wp-content\/uploads\/2021\/03\/caine.jpg","contentUrl":"https:\/\/mhf.ro\/mm\/wp-content\/uploads\/2021\/03\/caine.jpg","width":670,"height":495},{"@type":"BreadcrumbList","@id":"https:\/\/mhf.ro\/mm\/trimis-la-inchisoare-pentru-uciderea-cainelui\/#breadcrumb","itemListElement":[{"@type":"ListItem","position":1,"name":"Prima pagin\u0103","item":"https:\/\/mhf.ro\/mm\/"},{"@type":"ListItem","position":2,"name":"Trimis la \u00eenchisoare pentru uciderea c\u00e2inelui"}]},{"@type":"WebSite","@id":"https:\/\/mhf.ro\/mm\/#website","url":"https:\/\/mhf.ro\/mm\/","name":"MHF Photography \u2013 Blog de fotografie, natur\u0103 \u0219i tehnic\u0103 divers\u0103","description":"Aventur\u0103 \u00een fiecare cadru.","publisher":{"@id":"https:\/\/mhf.ro\/mm\/#\/schema\/person\/a3bebf7bdb4bf12f698aff73c7e46c21"},"potentialAction":[{"@type":"SearchAction","target":{"@type":"EntryPoint","urlTemplate":"https:\/\/mhf.ro\/mm\/?s={search_term_string}"},"query-input":{"@type":"PropertyValueSpecification","valueRequired":true,"valueName":"search_term_string"}}],"inLanguage":"ro-RO"},{"@type":["Person","Organization"],"@id":"https:\/\/mhf.ro\/mm\/#\/schema\/person\/a3bebf7bdb4bf12f698aff73c7e46c21","name":"Marius Marcu","image":{"@type":"ImageObject","inLanguage":"ro-RO","@id":"https:\/\/mhf.ro\/mm\/#\/schema\/person\/image\/","url":"https:\/\/mhf.ro\/mm\/wp-content\/uploads\/2025\/12\/cropped-logo_mhf_2.png","contentUrl":"https:\/\/mhf.ro\/mm\/wp-content\/uploads\/2025\/12\/cropped-logo_mhf_2.png","width":1096,"height":457,"caption":"Marius Marcu"},"logo":{"@id":"https:\/\/mhf.ro\/mm\/#\/schema\/person\/image\/"},"sameAs":["https:\/\/mhf.ro\/mm"],"url":"https:\/\/mhf.ro\/mm\/author\/mihai\/"}]}},"_links":{"self":[{"href":"https:\/\/mhf.ro\/mm\/wp-json\/wp\/v2\/posts\/4477","targetHints":{"allow":["GET"]}}],"collection":[{"href":"https:\/\/mhf.ro\/mm\/wp-json\/wp\/v2\/posts"}],"about":[{"href":"https:\/\/mhf.ro\/mm\/wp-json\/wp\/v2\/types\/post"}],"author":[{"embeddable":true,"href":"https:\/\/mhf.ro\/mm\/wp-json\/wp\/v2\/users\/1"}],"replies":[{"embeddable":true,"href":"https:\/\/mhf.ro\/mm\/wp-json\/wp\/v2\/comments?post=4477"}],"version-history":[{"count":1,"href":"https:\/\/mhf.ro\/mm\/wp-json\/wp\/v2\/posts\/4477\/revisions"}],"predecessor-version":[{"id":4479,"href":"https:\/\/mhf.ro\/mm\/wp-json\/wp\/v2\/posts\/4477\/revisions\/4479"}],"wp:featuredmedia":[{"embeddable":true,"href":"https:\/\/mhf.ro\/mm\/wp-json\/wp\/v2\/media\/4478"}],"wp:attachment":[{"href":"https:\/\/mhf.ro\/mm\/wp-json\/wp\/v2\/media?parent=4477"}],"wp:term":[{"taxonomy":"category","embeddable":true,"href":"https:\/\/mhf.ro\/mm\/wp-json\/wp\/v2\/categories?post=4477"},{"taxonomy":"post_tag","embeddable":true,"href":"https:\/\/mhf.ro\/mm\/wp-json\/wp\/v2\/tags?post=4477"}],"curies":[{"name":"wp","href":"https:\/\/api.w.org\/{rel}","templated":true}]}}