{"id":4480,"date":"2021-03-31T09:59:06","date_gmt":"2021-03-31T07:59:06","guid":{"rendered":"https:\/\/mhf.ro\/mm\/?p=4480"},"modified":"2021-03-31T09:59:06","modified_gmt":"2021-03-31T07:59:06","slug":"vaccinul-astrazeneca-isi-schimba-denumirea","status":"publish","type":"post","link":"https:\/\/mhf.ro\/mm\/vaccinul-astrazeneca-isi-schimba-denumirea\/","title":{"rendered":"Vaccinul AstraZeneca \u00ee\u0219i schimb\u0103 denumirea"},"content":{"rendered":"<p class=\"western\" align=\"left\"><span lang=\"ro-RO\">\u00cen \u00eencercarea de a acoperi scandalul \u00een care a fost implicat, vaccinul AstraZeneca-Oxford \u00ee\u015fi schimb\u0103 numele <\/span><span lang=\"ro-RO\">\u00een <\/span><span lang=\"ro-RO\">\u201dVaxzevria\u201d.<\/span><\/p>\n<p align=\"left\"><span lang=\"ro-RO\">La solicitarea laboratorului farmaceutic suedezo-britanic, modificarea a fost aprobat\u0103 de c\u0103tre Agen\u0163ia European\u0103 a Medicamentului.<\/span><\/p>\n<p align=\"left\"><span lang=\"ro-RO\">Vaccinul \u00een sine r\u0103m\u00e2ne neschimbat, a informat Agen\u021bia France Presse, preluat\u0103 de news.ro.<\/span><\/p>\n<p align=\"left\"><span lang=\"ro-RO\">Aceast\u0103 modificare intervine \u00een urma multor controverse \u00een centrul c\u0103rora se afl\u0103 acest vaccin.<\/span><\/p>\n<p align=\"justify\">Mai multe \u0163\u0103ri europene au suspendat vaccinarea cu vaccinul laboratorului suedezo-britanic AstraZeneca, din cauza unor incertitudini cu privire la efectele secundare ale acestuia asuora persoanelor vaccinate.<\/p>\n<p align=\"left\"><span lang=\"ro-RO\">Spre exempl<\/span><span lang=\"ro-RO\">u, mar\u021bi, a<\/span><span lang=\"ro-RO\">utorit\u0103\u021bile din Berlin \u0219i Munchen au decis s\u0103 opreasc\u0103 temporar utilizarea vaccinului anti-COVID-19 de la\u00a0<\/span><span lang=\"ro-RO\">AstraZeneca<\/span><span lang=\"ro-RO\">\u00a0<\/span><span lang=\"ro-RO\">\u00een cazul persoanelor cu v\u00e2rste mai mici de 60 de ani, iar Comisia federal\u0103 permanent\u0103 a vaccinurilor (Stiko) din\u00a0<\/span><span lang=\"ro-RO\">Germania<\/span><span lang=\"ro-RO\">\u00a0<\/span><span lang=\"ro-RO\">recomand\u0103 folosirea serului cu prec\u0103dere la cei cu v\u00e2rste care dep\u0103\u0219esc acest prag. <\/span><\/p>\n<p align=\"left\"><span lang=\"ro-RO\">De asemen<\/span><span lang=\"ro-RO\">ea, <\/span><span lang=\"ro-RO\">Canada a suspendat vaccinarea cu\u00a0<\/span><span lang=\"ro-RO\">AstraZeneca<\/span><span lang=\"ro-RO\">\u00a0<\/span><span lang=\"ro-RO\">la cei care au mai pu\u021bin de 55 de ani, din cauza suspiciunilor c\u0103 pot ap\u0103rea cheaguri de s\u00e2nge. (conf Jurnalist.ro)<\/span><span lang=\"ro-RO\"><br \/>\n<\/span><\/p>\n","protected":false},"excerpt":{"rendered":"<p>\u00cen \u00eencercarea de a acoperi scandalul \u00een care a fost implicat, vaccinul AstraZeneca-Oxford \u00ee\u015fi schimb\u0103 numele \u00een \u201dVaxzevria\u201d. La solicitarea<\/p>\n","protected":false},"author":1,"featured_media":4481,"comment_status":"open","ping_status":"open","sticky":false,"template":"","format":"standard","meta":{"colormag_page_container_layout":"default_layout","colormag_page_sidebar_layout":"default_layout","footnotes":""},"categories":[5],"tags":[],"class_list":["post-4480","post","type-post","status-publish","format-standard","has-post-thumbnail","hentry","category-locale"],"yoast_head":"<!-- This site is optimized with the Yoast SEO plugin v27.0 - https:\/\/yoast.com\/product\/yoast-seo-wordpress\/ -->\n<title>Vaccinul AstraZeneca \u00ee\u0219i schimb\u0103 denumirea - MHF Photography<\/title>\n<meta name=\"robots\" content=\"index, follow, max-snippet:-1, max-image-preview:large, max-video-preview:-1\" \/>\n<link rel=\"canonical\" href=\"https:\/\/mhf.ro\/mm\/vaccinul-astrazeneca-isi-schimba-denumirea\/\" \/>\n<meta property=\"og:locale\" content=\"ro_RO\" \/>\n<meta property=\"og:type\" content=\"article\" \/>\n<meta property=\"og:title\" content=\"Vaccinul AstraZeneca \u00ee\u0219i schimb\u0103 denumirea - MHF Photography\" \/>\n<meta property=\"og:description\" content=\"\u00cen \u00eencercarea de a acoperi scandalul \u00een care a fost implicat, vaccinul AstraZeneca-Oxford \u00ee\u015fi schimb\u0103 numele \u00een \u201dVaxzevria\u201d. La solicitarea\" \/>\n<meta property=\"og:url\" content=\"https:\/\/mhf.ro\/mm\/vaccinul-astrazeneca-isi-schimba-denumirea\/\" \/>\n<meta property=\"og:site_name\" content=\"MHF Photography\" \/>\n<meta property=\"article:published_time\" content=\"2021-03-31T07:59:06+00:00\" \/>\n<meta property=\"og:image\" content=\"https:\/\/mhf.ro\/mm\/wp-content\/uploads\/2021\/03\/astrazeneca.jpeg\" \/>\n\t<meta property=\"og:image:width\" content=\"1200\" \/>\n\t<meta property=\"og:image:height\" content=\"658\" \/>\n\t<meta property=\"og:image:type\" content=\"image\/jpeg\" \/>\n<meta name=\"author\" content=\"Marius Marcu\" \/>\n<meta name=\"twitter:card\" content=\"summary_large_image\" \/>\n<meta name=\"twitter:label1\" content=\"Scris de\" \/>\n\t<meta name=\"twitter:data1\" content=\"Marius Marcu\" \/>\n\t<meta name=\"twitter:label2\" content=\"Timp estimat pentru citire\" \/>\n\t<meta name=\"twitter:data2\" content=\"1 minut\" \/>\n<script type=\"application\/ld+json\" class=\"yoast-schema-graph\">{\"@context\":\"https:\/\/schema.org\",\"@graph\":[{\"@type\":\"Article\",\"@id\":\"https:\/\/mhf.ro\/mm\/vaccinul-astrazeneca-isi-schimba-denumirea\/#article\",\"isPartOf\":{\"@id\":\"https:\/\/mhf.ro\/mm\/vaccinul-astrazeneca-isi-schimba-denumirea\/\"},\"author\":{\"name\":\"Marius Marcu\",\"@id\":\"https:\/\/mhf.ro\/mm\/#\/schema\/person\/a3bebf7bdb4bf12f698aff73c7e46c21\"},\"headline\":\"Vaccinul AstraZeneca \u00ee\u0219i schimb\u0103 denumirea\",\"datePublished\":\"2021-03-31T07:59:06+00:00\",\"mainEntityOfPage\":{\"@id\":\"https:\/\/mhf.ro\/mm\/vaccinul-astrazeneca-isi-schimba-denumirea\/\"},\"wordCount\":190,\"commentCount\":0,\"publisher\":{\"@id\":\"https:\/\/mhf.ro\/mm\/#\/schema\/person\/a3bebf7bdb4bf12f698aff73c7e46c21\"},\"image\":{\"@id\":\"https:\/\/mhf.ro\/mm\/vaccinul-astrazeneca-isi-schimba-denumirea\/#primaryimage\"},\"thumbnailUrl\":\"https:\/\/mhf.ro\/mm\/wp-content\/uploads\/2021\/03\/astrazeneca.jpeg\",\"articleSection\":[\"Locale\"],\"inLanguage\":\"ro-RO\",\"potentialAction\":[{\"@type\":\"CommentAction\",\"name\":\"Comment\",\"target\":[\"https:\/\/mhf.ro\/mm\/vaccinul-astrazeneca-isi-schimba-denumirea\/#respond\"]}]},{\"@type\":\"WebPage\",\"@id\":\"https:\/\/mhf.ro\/mm\/vaccinul-astrazeneca-isi-schimba-denumirea\/\",\"url\":\"https:\/\/mhf.ro\/mm\/vaccinul-astrazeneca-isi-schimba-denumirea\/\",\"name\":\"Vaccinul AstraZeneca \u00ee\u0219i schimb\u0103 denumirea - MHF Photography\",\"isPartOf\":{\"@id\":\"https:\/\/mhf.ro\/mm\/#website\"},\"primaryImageOfPage\":{\"@id\":\"https:\/\/mhf.ro\/mm\/vaccinul-astrazeneca-isi-schimba-denumirea\/#primaryimage\"},\"image\":{\"@id\":\"https:\/\/mhf.ro\/mm\/vaccinul-astrazeneca-isi-schimba-denumirea\/#primaryimage\"},\"thumbnailUrl\":\"https:\/\/mhf.ro\/mm\/wp-content\/uploads\/2021\/03\/astrazeneca.jpeg\",\"datePublished\":\"2021-03-31T07:59:06+00:00\",\"breadcrumb\":{\"@id\":\"https:\/\/mhf.ro\/mm\/vaccinul-astrazeneca-isi-schimba-denumirea\/#breadcrumb\"},\"inLanguage\":\"ro-RO\",\"potentialAction\":[{\"@type\":\"ReadAction\",\"target\":[\"https:\/\/mhf.ro\/mm\/vaccinul-astrazeneca-isi-schimba-denumirea\/\"]}]},{\"@type\":\"ImageObject\",\"inLanguage\":\"ro-RO\",\"@id\":\"https:\/\/mhf.ro\/mm\/vaccinul-astrazeneca-isi-schimba-denumirea\/#primaryimage\",\"url\":\"https:\/\/mhf.ro\/mm\/wp-content\/uploads\/2021\/03\/astrazeneca.jpeg\",\"contentUrl\":\"https:\/\/mhf.ro\/mm\/wp-content\/uploads\/2021\/03\/astrazeneca.jpeg\",\"width\":1200,\"height\":658},{\"@type\":\"BreadcrumbList\",\"@id\":\"https:\/\/mhf.ro\/mm\/vaccinul-astrazeneca-isi-schimba-denumirea\/#breadcrumb\",\"itemListElement\":[{\"@type\":\"ListItem\",\"position\":1,\"name\":\"Prima pagin\u0103\",\"item\":\"https:\/\/mhf.ro\/mm\/\"},{\"@type\":\"ListItem\",\"position\":2,\"name\":\"Vaccinul AstraZeneca \u00ee\u0219i schimb\u0103 denumirea\"}]},{\"@type\":\"WebSite\",\"@id\":\"https:\/\/mhf.ro\/mm\/#website\",\"url\":\"https:\/\/mhf.ro\/mm\/\",\"name\":\"MHF Photography \u2013 Blog de fotografie, natur\u0103 \u0219i tehnic\u0103 divers\u0103\",\"description\":\"Aventur\u0103 \u00een fiecare cadru.\",\"publisher\":{\"@id\":\"https:\/\/mhf.ro\/mm\/#\/schema\/person\/a3bebf7bdb4bf12f698aff73c7e46c21\"},\"potentialAction\":[{\"@type\":\"SearchAction\",\"target\":{\"@type\":\"EntryPoint\",\"urlTemplate\":\"https:\/\/mhf.ro\/mm\/?s={search_term_string}\"},\"query-input\":{\"@type\":\"PropertyValueSpecification\",\"valueRequired\":true,\"valueName\":\"search_term_string\"}}],\"inLanguage\":\"ro-RO\"},{\"@type\":[\"Person\",\"Organization\"],\"@id\":\"https:\/\/mhf.ro\/mm\/#\/schema\/person\/a3bebf7bdb4bf12f698aff73c7e46c21\",\"name\":\"Marius Marcu\",\"image\":{\"@type\":\"ImageObject\",\"inLanguage\":\"ro-RO\",\"@id\":\"https:\/\/mhf.ro\/mm\/#\/schema\/person\/image\/\",\"url\":\"https:\/\/mhf.ro\/mm\/wp-content\/uploads\/2025\/12\/cropped-logo_mhf_2.png\",\"contentUrl\":\"https:\/\/mhf.ro\/mm\/wp-content\/uploads\/2025\/12\/cropped-logo_mhf_2.png\",\"width\":1096,\"height\":457,\"caption\":\"Marius Marcu\"},\"logo\":{\"@id\":\"https:\/\/mhf.ro\/mm\/#\/schema\/person\/image\/\"},\"sameAs\":[\"https:\/\/mhf.ro\/mm\"],\"url\":\"https:\/\/mhf.ro\/mm\/author\/mihai\/\"}]}<\/script>\n<!-- \/ Yoast SEO plugin. -->","yoast_head_json":{"title":"Vaccinul AstraZeneca \u00ee\u0219i schimb\u0103 denumirea - MHF Photography","robots":{"index":"index","follow":"follow","max-snippet":"max-snippet:-1","max-image-preview":"max-image-preview:large","max-video-preview":"max-video-preview:-1"},"canonical":"https:\/\/mhf.ro\/mm\/vaccinul-astrazeneca-isi-schimba-denumirea\/","og_locale":"ro_RO","og_type":"article","og_title":"Vaccinul AstraZeneca \u00ee\u0219i schimb\u0103 denumirea - MHF Photography","og_description":"\u00cen \u00eencercarea de a acoperi scandalul \u00een care a fost implicat, vaccinul AstraZeneca-Oxford \u00ee\u015fi schimb\u0103 numele \u00een \u201dVaxzevria\u201d. La solicitarea","og_url":"https:\/\/mhf.ro\/mm\/vaccinul-astrazeneca-isi-schimba-denumirea\/","og_site_name":"MHF Photography","article_published_time":"2021-03-31T07:59:06+00:00","og_image":[{"width":1200,"height":658,"url":"https:\/\/mhf.ro\/mm\/wp-content\/uploads\/2021\/03\/astrazeneca.jpeg","type":"image\/jpeg"}],"author":"Marius Marcu","twitter_card":"summary_large_image","twitter_misc":{"Scris de":"Marius Marcu","Timp estimat pentru citire":"1 minut"},"schema":{"@context":"https:\/\/schema.org","@graph":[{"@type":"Article","@id":"https:\/\/mhf.ro\/mm\/vaccinul-astrazeneca-isi-schimba-denumirea\/#article","isPartOf":{"@id":"https:\/\/mhf.ro\/mm\/vaccinul-astrazeneca-isi-schimba-denumirea\/"},"author":{"name":"Marius Marcu","@id":"https:\/\/mhf.ro\/mm\/#\/schema\/person\/a3bebf7bdb4bf12f698aff73c7e46c21"},"headline":"Vaccinul AstraZeneca \u00ee\u0219i schimb\u0103 denumirea","datePublished":"2021-03-31T07:59:06+00:00","mainEntityOfPage":{"@id":"https:\/\/mhf.ro\/mm\/vaccinul-astrazeneca-isi-schimba-denumirea\/"},"wordCount":190,"commentCount":0,"publisher":{"@id":"https:\/\/mhf.ro\/mm\/#\/schema\/person\/a3bebf7bdb4bf12f698aff73c7e46c21"},"image":{"@id":"https:\/\/mhf.ro\/mm\/vaccinul-astrazeneca-isi-schimba-denumirea\/#primaryimage"},"thumbnailUrl":"https:\/\/mhf.ro\/mm\/wp-content\/uploads\/2021\/03\/astrazeneca.jpeg","articleSection":["Locale"],"inLanguage":"ro-RO","potentialAction":[{"@type":"CommentAction","name":"Comment","target":["https:\/\/mhf.ro\/mm\/vaccinul-astrazeneca-isi-schimba-denumirea\/#respond"]}]},{"@type":"WebPage","@id":"https:\/\/mhf.ro\/mm\/vaccinul-astrazeneca-isi-schimba-denumirea\/","url":"https:\/\/mhf.ro\/mm\/vaccinul-astrazeneca-isi-schimba-denumirea\/","name":"Vaccinul AstraZeneca \u00ee\u0219i schimb\u0103 denumirea - MHF Photography","isPartOf":{"@id":"https:\/\/mhf.ro\/mm\/#website"},"primaryImageOfPage":{"@id":"https:\/\/mhf.ro\/mm\/vaccinul-astrazeneca-isi-schimba-denumirea\/#primaryimage"},"image":{"@id":"https:\/\/mhf.ro\/mm\/vaccinul-astrazeneca-isi-schimba-denumirea\/#primaryimage"},"thumbnailUrl":"https:\/\/mhf.ro\/mm\/wp-content\/uploads\/2021\/03\/astrazeneca.jpeg","datePublished":"2021-03-31T07:59:06+00:00","breadcrumb":{"@id":"https:\/\/mhf.ro\/mm\/vaccinul-astrazeneca-isi-schimba-denumirea\/#breadcrumb"},"inLanguage":"ro-RO","potentialAction":[{"@type":"ReadAction","target":["https:\/\/mhf.ro\/mm\/vaccinul-astrazeneca-isi-schimba-denumirea\/"]}]},{"@type":"ImageObject","inLanguage":"ro-RO","@id":"https:\/\/mhf.ro\/mm\/vaccinul-astrazeneca-isi-schimba-denumirea\/#primaryimage","url":"https:\/\/mhf.ro\/mm\/wp-content\/uploads\/2021\/03\/astrazeneca.jpeg","contentUrl":"https:\/\/mhf.ro\/mm\/wp-content\/uploads\/2021\/03\/astrazeneca.jpeg","width":1200,"height":658},{"@type":"BreadcrumbList","@id":"https:\/\/mhf.ro\/mm\/vaccinul-astrazeneca-isi-schimba-denumirea\/#breadcrumb","itemListElement":[{"@type":"ListItem","position":1,"name":"Prima pagin\u0103","item":"https:\/\/mhf.ro\/mm\/"},{"@type":"ListItem","position":2,"name":"Vaccinul AstraZeneca \u00ee\u0219i schimb\u0103 denumirea"}]},{"@type":"WebSite","@id":"https:\/\/mhf.ro\/mm\/#website","url":"https:\/\/mhf.ro\/mm\/","name":"MHF Photography \u2013 Blog de fotografie, natur\u0103 \u0219i tehnic\u0103 divers\u0103","description":"Aventur\u0103 \u00een fiecare cadru.","publisher":{"@id":"https:\/\/mhf.ro\/mm\/#\/schema\/person\/a3bebf7bdb4bf12f698aff73c7e46c21"},"potentialAction":[{"@type":"SearchAction","target":{"@type":"EntryPoint","urlTemplate":"https:\/\/mhf.ro\/mm\/?s={search_term_string}"},"query-input":{"@type":"PropertyValueSpecification","valueRequired":true,"valueName":"search_term_string"}}],"inLanguage":"ro-RO"},{"@type":["Person","Organization"],"@id":"https:\/\/mhf.ro\/mm\/#\/schema\/person\/a3bebf7bdb4bf12f698aff73c7e46c21","name":"Marius Marcu","image":{"@type":"ImageObject","inLanguage":"ro-RO","@id":"https:\/\/mhf.ro\/mm\/#\/schema\/person\/image\/","url":"https:\/\/mhf.ro\/mm\/wp-content\/uploads\/2025\/12\/cropped-logo_mhf_2.png","contentUrl":"https:\/\/mhf.ro\/mm\/wp-content\/uploads\/2025\/12\/cropped-logo_mhf_2.png","width":1096,"height":457,"caption":"Marius Marcu"},"logo":{"@id":"https:\/\/mhf.ro\/mm\/#\/schema\/person\/image\/"},"sameAs":["https:\/\/mhf.ro\/mm"],"url":"https:\/\/mhf.ro\/mm\/author\/mihai\/"}]}},"_links":{"self":[{"href":"https:\/\/mhf.ro\/mm\/wp-json\/wp\/v2\/posts\/4480","targetHints":{"allow":["GET"]}}],"collection":[{"href":"https:\/\/mhf.ro\/mm\/wp-json\/wp\/v2\/posts"}],"about":[{"href":"https:\/\/mhf.ro\/mm\/wp-json\/wp\/v2\/types\/post"}],"author":[{"embeddable":true,"href":"https:\/\/mhf.ro\/mm\/wp-json\/wp\/v2\/users\/1"}],"replies":[{"embeddable":true,"href":"https:\/\/mhf.ro\/mm\/wp-json\/wp\/v2\/comments?post=4480"}],"version-history":[{"count":1,"href":"https:\/\/mhf.ro\/mm\/wp-json\/wp\/v2\/posts\/4480\/revisions"}],"predecessor-version":[{"id":4482,"href":"https:\/\/mhf.ro\/mm\/wp-json\/wp\/v2\/posts\/4480\/revisions\/4482"}],"wp:featuredmedia":[{"embeddable":true,"href":"https:\/\/mhf.ro\/mm\/wp-json\/wp\/v2\/media\/4481"}],"wp:attachment":[{"href":"https:\/\/mhf.ro\/mm\/wp-json\/wp\/v2\/media?parent=4480"}],"wp:term":[{"taxonomy":"category","embeddable":true,"href":"https:\/\/mhf.ro\/mm\/wp-json\/wp\/v2\/categories?post=4480"},{"taxonomy":"post_tag","embeddable":true,"href":"https:\/\/mhf.ro\/mm\/wp-json\/wp\/v2\/tags?post=4480"}],"curies":[{"name":"wp","href":"https:\/\/api.w.org\/{rel}","templated":true}]}}