{"id":4483,"date":"2021-03-31T10:01:38","date_gmt":"2021-03-31T08:01:38","guid":{"rendered":"https:\/\/mhf.ro\/mm\/?p=4483"},"modified":"2021-03-31T10:01:59","modified_gmt":"2021-03-31T08:01:59","slug":"de-la-protest-pasnic-la-huliganism-de-strada","status":"publish","type":"post","link":"https:\/\/mhf.ro\/mm\/de-la-protest-pasnic-la-huliganism-de-strada\/","title":{"rendered":"De la protest pa\u0219nic, la huliganism de strad\u0103"},"content":{"rendered":"<p>Imaginile surprinse \u00een seara aceasta \u00een Capital\u0103 arat\u0103 realitatea crunt\u0103: protestul unor oameni dispera\u021bi \u0219i ajun\u0219i la sap\u0103 de lemn a fost confiscat! Huliganii au n\u0103v\u0103lit \u00een strad\u0103 \u0219i lucrurile s-au transformat \u00een altceva.<\/p>\n<p>Jurnalistic vorbind, pot \u00een\u021belege oamenii dispera\u021bi care protesteaz\u0103 \u00een strad\u0103. Se \u00eent\u00e2mpl\u0103 \u00een toat\u0103 Europa de Vest, unde guvernele b\u00e2jb\u00e2ie la fel ca la noi \u00een lupta cu pandemia. Se blocheaz\u0103 totul, se pun economiile pe butuci \u0219i virusul tot nu este \u00eenvins. Deci, clar, ceva sc\u00e2r\u021b\u00e2ie. Dar asta nu \u00eenseamn\u0103 c\u0103 unii huligani pot ie\u0219i \u00een strad\u0103 s\u0103 fac\u0103 a\u0219a ceva, iar unele partide politice s\u0103 incite la anarhie. (conf. Jurnalist.ro)<\/p>\n","protected":false},"excerpt":{"rendered":"<p>Imaginile surprinse \u00een seara aceasta \u00een Capital\u0103 arat\u0103 realitatea crunt\u0103: protestul unor oameni dispera\u021bi \u0219i ajun\u0219i la sap\u0103 de lemn<\/p>\n","protected":false},"author":1,"featured_media":4484,"comment_status":"open","ping_status":"open","sticky":false,"template":"","format":"standard","meta":{"colormag_page_container_layout":"default_layout","colormag_page_sidebar_layout":"default_layout","footnotes":""},"categories":[8],"tags":[],"class_list":["post-4483","post","type-post","status-publish","format-standard","has-post-thumbnail","hentry","category-div"],"yoast_head":"<!-- This site is optimized with the Yoast SEO plugin v27.0 - https:\/\/yoast.com\/product\/yoast-seo-wordpress\/ -->\n<title>De la protest pa\u0219nic, la huliganism de strad\u0103 - MHF Photography<\/title>\n<meta name=\"robots\" content=\"index, follow, max-snippet:-1, max-image-preview:large, max-video-preview:-1\" \/>\n<link rel=\"canonical\" href=\"https:\/\/mhf.ro\/mm\/de-la-protest-pasnic-la-huliganism-de-strada\/\" \/>\n<meta property=\"og:locale\" content=\"ro_RO\" \/>\n<meta property=\"og:type\" content=\"article\" \/>\n<meta property=\"og:title\" content=\"De la protest pa\u0219nic, la huliganism de strad\u0103 - MHF Photography\" \/>\n<meta property=\"og:description\" content=\"Imaginile surprinse \u00een seara aceasta \u00een Capital\u0103 arat\u0103 realitatea crunt\u0103: protestul unor oameni dispera\u021bi \u0219i ajun\u0219i la sap\u0103 de lemn\" \/>\n<meta property=\"og:url\" content=\"https:\/\/mhf.ro\/mm\/de-la-protest-pasnic-la-huliganism-de-strada\/\" \/>\n<meta property=\"og:site_name\" content=\"MHF Photography\" \/>\n<meta property=\"article:published_time\" content=\"2021-03-31T08:01:38+00:00\" \/>\n<meta property=\"article:modified_time\" content=\"2021-03-31T08:01:59+00:00\" \/>\n<meta property=\"og:image\" content=\"https:\/\/mhf.ro\/mm\/wp-content\/uploads\/2021\/03\/proteste-in-Bucuresti-700-de-persoane.jpg\" \/>\n\t<meta property=\"og:image:width\" content=\"1024\" \/>\n\t<meta property=\"og:image:height\" content=\"683\" \/>\n\t<meta property=\"og:image:type\" content=\"image\/jpeg\" \/>\n<meta name=\"author\" content=\"Marius Marcu\" \/>\n<meta name=\"twitter:card\" content=\"summary_large_image\" \/>\n<meta name=\"twitter:label1\" content=\"Scris de\" \/>\n\t<meta name=\"twitter:data1\" content=\"Marius Marcu\" \/>\n\t<meta name=\"twitter:label2\" content=\"Timp estimat pentru citire\" \/>\n\t<meta name=\"twitter:data2\" content=\"1 minut\" \/>\n<script type=\"application\/ld+json\" class=\"yoast-schema-graph\">{\"@context\":\"https:\/\/schema.org\",\"@graph\":[{\"@type\":\"Article\",\"@id\":\"https:\/\/mhf.ro\/mm\/de-la-protest-pasnic-la-huliganism-de-strada\/#article\",\"isPartOf\":{\"@id\":\"https:\/\/mhf.ro\/mm\/de-la-protest-pasnic-la-huliganism-de-strada\/\"},\"author\":{\"name\":\"Marius Marcu\",\"@id\":\"https:\/\/mhf.ro\/mm\/#\/schema\/person\/a3bebf7bdb4bf12f698aff73c7e46c21\"},\"headline\":\"De la protest pa\u0219nic, la huliganism de strad\u0103\",\"datePublished\":\"2021-03-31T08:01:38+00:00\",\"dateModified\":\"2021-03-31T08:01:59+00:00\",\"mainEntityOfPage\":{\"@id\":\"https:\/\/mhf.ro\/mm\/de-la-protest-pasnic-la-huliganism-de-strada\/\"},\"wordCount\":129,\"commentCount\":0,\"publisher\":{\"@id\":\"https:\/\/mhf.ro\/mm\/#\/schema\/person\/a3bebf7bdb4bf12f698aff73c7e46c21\"},\"image\":{\"@id\":\"https:\/\/mhf.ro\/mm\/de-la-protest-pasnic-la-huliganism-de-strada\/#primaryimage\"},\"thumbnailUrl\":\"https:\/\/mhf.ro\/mm\/wp-content\/uploads\/2021\/03\/proteste-in-Bucuresti-700-de-persoane.jpg\",\"articleSection\":[\"Diverse\"],\"inLanguage\":\"ro-RO\",\"potentialAction\":[{\"@type\":\"CommentAction\",\"name\":\"Comment\",\"target\":[\"https:\/\/mhf.ro\/mm\/de-la-protest-pasnic-la-huliganism-de-strada\/#respond\"]}]},{\"@type\":\"WebPage\",\"@id\":\"https:\/\/mhf.ro\/mm\/de-la-protest-pasnic-la-huliganism-de-strada\/\",\"url\":\"https:\/\/mhf.ro\/mm\/de-la-protest-pasnic-la-huliganism-de-strada\/\",\"name\":\"De la protest pa\u0219nic, la huliganism de strad\u0103 - MHF Photography\",\"isPartOf\":{\"@id\":\"https:\/\/mhf.ro\/mm\/#website\"},\"primaryImageOfPage\":{\"@id\":\"https:\/\/mhf.ro\/mm\/de-la-protest-pasnic-la-huliganism-de-strada\/#primaryimage\"},\"image\":{\"@id\":\"https:\/\/mhf.ro\/mm\/de-la-protest-pasnic-la-huliganism-de-strada\/#primaryimage\"},\"thumbnailUrl\":\"https:\/\/mhf.ro\/mm\/wp-content\/uploads\/2021\/03\/proteste-in-Bucuresti-700-de-persoane.jpg\",\"datePublished\":\"2021-03-31T08:01:38+00:00\",\"dateModified\":\"2021-03-31T08:01:59+00:00\",\"breadcrumb\":{\"@id\":\"https:\/\/mhf.ro\/mm\/de-la-protest-pasnic-la-huliganism-de-strada\/#breadcrumb\"},\"inLanguage\":\"ro-RO\",\"potentialAction\":[{\"@type\":\"ReadAction\",\"target\":[\"https:\/\/mhf.ro\/mm\/de-la-protest-pasnic-la-huliganism-de-strada\/\"]}]},{\"@type\":\"ImageObject\",\"inLanguage\":\"ro-RO\",\"@id\":\"https:\/\/mhf.ro\/mm\/de-la-protest-pasnic-la-huliganism-de-strada\/#primaryimage\",\"url\":\"https:\/\/mhf.ro\/mm\/wp-content\/uploads\/2021\/03\/proteste-in-Bucuresti-700-de-persoane.jpg\",\"contentUrl\":\"https:\/\/mhf.ro\/mm\/wp-content\/uploads\/2021\/03\/proteste-in-Bucuresti-700-de-persoane.jpg\",\"width\":1024,\"height\":683},{\"@type\":\"BreadcrumbList\",\"@id\":\"https:\/\/mhf.ro\/mm\/de-la-protest-pasnic-la-huliganism-de-strada\/#breadcrumb\",\"itemListElement\":[{\"@type\":\"ListItem\",\"position\":1,\"name\":\"Prima pagin\u0103\",\"item\":\"https:\/\/mhf.ro\/mm\/\"},{\"@type\":\"ListItem\",\"position\":2,\"name\":\"De la protest pa\u0219nic, la huliganism de strad\u0103\"}]},{\"@type\":\"WebSite\",\"@id\":\"https:\/\/mhf.ro\/mm\/#website\",\"url\":\"https:\/\/mhf.ro\/mm\/\",\"name\":\"MHF Photography \u2013 Blog de fotografie, natur\u0103 \u0219i tehnic\u0103 divers\u0103\",\"description\":\"Aventur\u0103 \u00een fiecare cadru.\",\"publisher\":{\"@id\":\"https:\/\/mhf.ro\/mm\/#\/schema\/person\/a3bebf7bdb4bf12f698aff73c7e46c21\"},\"potentialAction\":[{\"@type\":\"SearchAction\",\"target\":{\"@type\":\"EntryPoint\",\"urlTemplate\":\"https:\/\/mhf.ro\/mm\/?s={search_term_string}\"},\"query-input\":{\"@type\":\"PropertyValueSpecification\",\"valueRequired\":true,\"valueName\":\"search_term_string\"}}],\"inLanguage\":\"ro-RO\"},{\"@type\":[\"Person\",\"Organization\"],\"@id\":\"https:\/\/mhf.ro\/mm\/#\/schema\/person\/a3bebf7bdb4bf12f698aff73c7e46c21\",\"name\":\"Marius Marcu\",\"image\":{\"@type\":\"ImageObject\",\"inLanguage\":\"ro-RO\",\"@id\":\"https:\/\/mhf.ro\/mm\/#\/schema\/person\/image\/\",\"url\":\"https:\/\/mhf.ro\/mm\/wp-content\/uploads\/2025\/12\/cropped-logo_mhf_2.png\",\"contentUrl\":\"https:\/\/mhf.ro\/mm\/wp-content\/uploads\/2025\/12\/cropped-logo_mhf_2.png\",\"width\":1096,\"height\":457,\"caption\":\"Marius Marcu\"},\"logo\":{\"@id\":\"https:\/\/mhf.ro\/mm\/#\/schema\/person\/image\/\"},\"sameAs\":[\"https:\/\/mhf.ro\/mm\"],\"url\":\"https:\/\/mhf.ro\/mm\/author\/mihai\/\"}]}<\/script>\n<!-- \/ Yoast SEO plugin. -->","yoast_head_json":{"title":"De la protest pa\u0219nic, la huliganism de strad\u0103 - MHF Photography","robots":{"index":"index","follow":"follow","max-snippet":"max-snippet:-1","max-image-preview":"max-image-preview:large","max-video-preview":"max-video-preview:-1"},"canonical":"https:\/\/mhf.ro\/mm\/de-la-protest-pasnic-la-huliganism-de-strada\/","og_locale":"ro_RO","og_type":"article","og_title":"De la protest pa\u0219nic, la huliganism de strad\u0103 - MHF Photography","og_description":"Imaginile surprinse \u00een seara aceasta \u00een Capital\u0103 arat\u0103 realitatea crunt\u0103: protestul unor oameni dispera\u021bi \u0219i ajun\u0219i la sap\u0103 de lemn","og_url":"https:\/\/mhf.ro\/mm\/de-la-protest-pasnic-la-huliganism-de-strada\/","og_site_name":"MHF Photography","article_published_time":"2021-03-31T08:01:38+00:00","article_modified_time":"2021-03-31T08:01:59+00:00","og_image":[{"width":1024,"height":683,"url":"https:\/\/mhf.ro\/mm\/wp-content\/uploads\/2021\/03\/proteste-in-Bucuresti-700-de-persoane.jpg","type":"image\/jpeg"}],"author":"Marius Marcu","twitter_card":"summary_large_image","twitter_misc":{"Scris de":"Marius Marcu","Timp estimat pentru citire":"1 minut"},"schema":{"@context":"https:\/\/schema.org","@graph":[{"@type":"Article","@id":"https:\/\/mhf.ro\/mm\/de-la-protest-pasnic-la-huliganism-de-strada\/#article","isPartOf":{"@id":"https:\/\/mhf.ro\/mm\/de-la-protest-pasnic-la-huliganism-de-strada\/"},"author":{"name":"Marius Marcu","@id":"https:\/\/mhf.ro\/mm\/#\/schema\/person\/a3bebf7bdb4bf12f698aff73c7e46c21"},"headline":"De la protest pa\u0219nic, la huliganism de strad\u0103","datePublished":"2021-03-31T08:01:38+00:00","dateModified":"2021-03-31T08:01:59+00:00","mainEntityOfPage":{"@id":"https:\/\/mhf.ro\/mm\/de-la-protest-pasnic-la-huliganism-de-strada\/"},"wordCount":129,"commentCount":0,"publisher":{"@id":"https:\/\/mhf.ro\/mm\/#\/schema\/person\/a3bebf7bdb4bf12f698aff73c7e46c21"},"image":{"@id":"https:\/\/mhf.ro\/mm\/de-la-protest-pasnic-la-huliganism-de-strada\/#primaryimage"},"thumbnailUrl":"https:\/\/mhf.ro\/mm\/wp-content\/uploads\/2021\/03\/proteste-in-Bucuresti-700-de-persoane.jpg","articleSection":["Diverse"],"inLanguage":"ro-RO","potentialAction":[{"@type":"CommentAction","name":"Comment","target":["https:\/\/mhf.ro\/mm\/de-la-protest-pasnic-la-huliganism-de-strada\/#respond"]}]},{"@type":"WebPage","@id":"https:\/\/mhf.ro\/mm\/de-la-protest-pasnic-la-huliganism-de-strada\/","url":"https:\/\/mhf.ro\/mm\/de-la-protest-pasnic-la-huliganism-de-strada\/","name":"De la protest pa\u0219nic, la huliganism de strad\u0103 - MHF Photography","isPartOf":{"@id":"https:\/\/mhf.ro\/mm\/#website"},"primaryImageOfPage":{"@id":"https:\/\/mhf.ro\/mm\/de-la-protest-pasnic-la-huliganism-de-strada\/#primaryimage"},"image":{"@id":"https:\/\/mhf.ro\/mm\/de-la-protest-pasnic-la-huliganism-de-strada\/#primaryimage"},"thumbnailUrl":"https:\/\/mhf.ro\/mm\/wp-content\/uploads\/2021\/03\/proteste-in-Bucuresti-700-de-persoane.jpg","datePublished":"2021-03-31T08:01:38+00:00","dateModified":"2021-03-31T08:01:59+00:00","breadcrumb":{"@id":"https:\/\/mhf.ro\/mm\/de-la-protest-pasnic-la-huliganism-de-strada\/#breadcrumb"},"inLanguage":"ro-RO","potentialAction":[{"@type":"ReadAction","target":["https:\/\/mhf.ro\/mm\/de-la-protest-pasnic-la-huliganism-de-strada\/"]}]},{"@type":"ImageObject","inLanguage":"ro-RO","@id":"https:\/\/mhf.ro\/mm\/de-la-protest-pasnic-la-huliganism-de-strada\/#primaryimage","url":"https:\/\/mhf.ro\/mm\/wp-content\/uploads\/2021\/03\/proteste-in-Bucuresti-700-de-persoane.jpg","contentUrl":"https:\/\/mhf.ro\/mm\/wp-content\/uploads\/2021\/03\/proteste-in-Bucuresti-700-de-persoane.jpg","width":1024,"height":683},{"@type":"BreadcrumbList","@id":"https:\/\/mhf.ro\/mm\/de-la-protest-pasnic-la-huliganism-de-strada\/#breadcrumb","itemListElement":[{"@type":"ListItem","position":1,"name":"Prima pagin\u0103","item":"https:\/\/mhf.ro\/mm\/"},{"@type":"ListItem","position":2,"name":"De la protest pa\u0219nic, la huliganism de strad\u0103"}]},{"@type":"WebSite","@id":"https:\/\/mhf.ro\/mm\/#website","url":"https:\/\/mhf.ro\/mm\/","name":"MHF Photography \u2013 Blog de fotografie, natur\u0103 \u0219i tehnic\u0103 divers\u0103","description":"Aventur\u0103 \u00een fiecare cadru.","publisher":{"@id":"https:\/\/mhf.ro\/mm\/#\/schema\/person\/a3bebf7bdb4bf12f698aff73c7e46c21"},"potentialAction":[{"@type":"SearchAction","target":{"@type":"EntryPoint","urlTemplate":"https:\/\/mhf.ro\/mm\/?s={search_term_string}"},"query-input":{"@type":"PropertyValueSpecification","valueRequired":true,"valueName":"search_term_string"}}],"inLanguage":"ro-RO"},{"@type":["Person","Organization"],"@id":"https:\/\/mhf.ro\/mm\/#\/schema\/person\/a3bebf7bdb4bf12f698aff73c7e46c21","name":"Marius Marcu","image":{"@type":"ImageObject","inLanguage":"ro-RO","@id":"https:\/\/mhf.ro\/mm\/#\/schema\/person\/image\/","url":"https:\/\/mhf.ro\/mm\/wp-content\/uploads\/2025\/12\/cropped-logo_mhf_2.png","contentUrl":"https:\/\/mhf.ro\/mm\/wp-content\/uploads\/2025\/12\/cropped-logo_mhf_2.png","width":1096,"height":457,"caption":"Marius Marcu"},"logo":{"@id":"https:\/\/mhf.ro\/mm\/#\/schema\/person\/image\/"},"sameAs":["https:\/\/mhf.ro\/mm"],"url":"https:\/\/mhf.ro\/mm\/author\/mihai\/"}]}},"_links":{"self":[{"href":"https:\/\/mhf.ro\/mm\/wp-json\/wp\/v2\/posts\/4483","targetHints":{"allow":["GET"]}}],"collection":[{"href":"https:\/\/mhf.ro\/mm\/wp-json\/wp\/v2\/posts"}],"about":[{"href":"https:\/\/mhf.ro\/mm\/wp-json\/wp\/v2\/types\/post"}],"author":[{"embeddable":true,"href":"https:\/\/mhf.ro\/mm\/wp-json\/wp\/v2\/users\/1"}],"replies":[{"embeddable":true,"href":"https:\/\/mhf.ro\/mm\/wp-json\/wp\/v2\/comments?post=4483"}],"version-history":[{"count":2,"href":"https:\/\/mhf.ro\/mm\/wp-json\/wp\/v2\/posts\/4483\/revisions"}],"predecessor-version":[{"id":4486,"href":"https:\/\/mhf.ro\/mm\/wp-json\/wp\/v2\/posts\/4483\/revisions\/4486"}],"wp:featuredmedia":[{"embeddable":true,"href":"https:\/\/mhf.ro\/mm\/wp-json\/wp\/v2\/media\/4484"}],"wp:attachment":[{"href":"https:\/\/mhf.ro\/mm\/wp-json\/wp\/v2\/media?parent=4483"}],"wp:term":[{"taxonomy":"category","embeddable":true,"href":"https:\/\/mhf.ro\/mm\/wp-json\/wp\/v2\/categories?post=4483"},{"taxonomy":"post_tag","embeddable":true,"href":"https:\/\/mhf.ro\/mm\/wp-json\/wp\/v2\/tags?post=4483"}],"curies":[{"name":"wp","href":"https:\/\/api.w.org\/{rel}","templated":true}]}}