{"id":4492,"date":"2021-04-01T10:00:42","date_gmt":"2021-04-01T08:00:42","guid":{"rendered":"https:\/\/mhf.ro\/mm\/?p=4492"},"modified":"2021-04-03T13:09:35","modified_gmt":"2021-04-03T11:09:35","slug":"ce-ar-putea-sa-stie-astia","status":"publish","type":"post","link":"https:\/\/mhf.ro\/mm\/ce-ar-putea-sa-stie-astia\/","title":{"rendered":"Ce-ar putea s\u0103 \u0219tie \u0103\u0219tia &#8230;"},"content":{"rendered":"<p>Ce-ar putea s\u0103 \u0219tie \u0103\u0219tia mai prostu\u021bi &#8211; ne\u0219coli\u021bi, neciti\u021bi \u0219i needuca\u021bi, din p\u0103cate \u0219i at\u00e2t de tineri -, \u00een afara de stomacul lor \u0219i bairamurile cu &#8222;pretenii&#8221;, pe manele date la maxim \u00een cluburi, la terase \u0219i varii ascunzi\u0219uri?<br \/>\nNormal ca aurolacii \u0219i \u0219o\u0219ocii s\u0103 dea foc la masc\u0103 \u00een mijlocul str\u0103zii &#8211; at\u00e2ta-i duce bibilica lor \u00eenapoiat\u0103 -, normal s\u0103 \u00eenjure medicii \u0219i s\u0103 strige &#8222;jos pandemia!&#8221; &#8211; de parc\u0103 pandemia, e un fel de ins, care \u00eei va \u0219i asculta de-ndat\u0103 -, pentru c\u0103 li se f\u00e2lf\u00e2ie de bolnavi \u0219i mor\u021bi (inclusiv de p\u0103rin\u021bii lor, care, iat\u0103 au dat rateuri cu educa\u021bia lor).<br \/>\nUn singur motiv st\u0103 la baza nebuniilor lor: brutele ard de ner\u0103bdare dup\u0103 acele vremi, c\u00e2nd \u00ee\u0219i petreceau noapte de noapte cu ga\u0219ca la terase, pe mult \u00eendr\u0103gitele de ei manele, normal, pe banii p\u0103rin\u021bilor lor.<\/p>\n<p>A\u0219 avea o singur\u0103 curiozitate: a m\u0103r\u0219\u0103luit m\u0103car un singur om inteligent (intelectual de vaz\u0103), cu brutele astea analfabete pe strad\u0103?<br \/>\nVreau un singur nume!<\/p>\n<p>Adesea m\u0103 \u00eentreb, cum dreacu de nu \u00eei duce capul pe multi romani &#8211; at\u00e2t de prost stau ei cu neuronii(?) -, ca s\u0103 \u00een\u021beleag\u0103, ceea ce \u0219i o furnic\u0103 \u00een\u021belege, c\u0103 aceste m\u0103suri, altminteri nepl\u0103cute si poate ceva mai dificil de respectat &#8211; hai s\u0103 le zicem sacrificii -, au un singur scop: SALVAREA DE VIE\u021aI.<br \/>\nAr fi o explica\u021bie: sunt extrem de egoi\u0219ti (ultra-egocentri\u0219ti), sunt r\u0103i (chiar diabolici), apoi sunt robi rapace ai poftelor \u0219i vie\u021bii tr\u0103ite la maxim; absolut total deconecta\u021bi de la etica comportamental\u0103 ce vizeaz\u0103 interesele de ordin colectiv.<br \/>\nE a\u0219a de evident c\u0103 neispr\u0103vi\u021bii \u0103\u0219tia analfabe\u021bi ur\u0103sc oamenii, nu \u00eei intereseaz\u0103 marile probleme ale lor; se iubesc doar pe ei &#8211; stomacele lor \u0219i distrac\u021biile nebune\u0219ti cu &#8222;pretenii&#8221;.<\/p>\n<p>Personal nici nu ar trebui s\u0103 m\u0103 cam mire, c\u0103ci, atunci c\u00e2nd \u0103stora &#8211; ceva mai tineri fiind &#8211; le puneam be\u021bi\u0219oare pe banca, tot degeaba, adunarea \u0219i sc\u0103derea reprezenta limba chineza pentrut ei. Serios v\u0103 spun!<br \/>\n\u0218i atunci, cum dreacu le-ar putea &#8222;func\u021biene\u0219te&#8221; mintea lor acum, c\u00e2nd zice-se c\u0103 ei au devenit adul\u021bi?<br \/>\nETE, IAR AM SPUS UN ADEVAR &#8211; adev\u0103rat, unul care doare -, cu toate scuzele \u0219i plec\u0103ciunea de rigoare !<\/p>\n<p>Apropooo: ce ne spune credin\u021ba noastr\u0103 &#8211; aceea cu care mereu noi ne m\u00e2ndrim, de ne batem cu pumnul \u00een piept de grozavi ce-am fi -, s\u0103 salv\u0103m, s\u0103 ajut\u0103m \u0219i s\u0103 protej\u0103m vie\u021bi, sau s\u0103 m\u0103tr\u0103\u0219im \u0219i s\u0103 facem r\u0103u la c\u00e2t mai multe dintre ele?<br \/>\nS\u0103 r\u0103spund\u0103 fi\u0219tecare pentru el! (Jeny Anca Popa)<\/p>\n","protected":false},"excerpt":{"rendered":"<p>Ce-ar putea s\u0103 \u0219tie \u0103\u0219tia mai prostu\u021bi &#8211; ne\u0219coli\u021bi, neciti\u021bi \u0219i needuca\u021bi, din p\u0103cate \u0219i at\u00e2t de tineri -, \u00een<\/p>\n","protected":false},"author":1,"featured_media":4493,"comment_status":"open","ping_status":"open","sticky":false,"template":"","format":"standard","meta":{"colormag_page_container_layout":"default_layout","colormag_page_sidebar_layout":"default_layout","footnotes":""},"categories":[8],"tags":[],"class_list":["post-4492","post","type-post","status-publish","format-standard","has-post-thumbnail","hentry","category-div"],"yoast_head":"<!-- This site is optimized with the Yoast SEO plugin v27.0 - https:\/\/yoast.com\/product\/yoast-seo-wordpress\/ -->\n<title>Ce-ar putea s\u0103 \u0219tie \u0103\u0219tia ... - MHF Photography<\/title>\n<meta name=\"robots\" content=\"index, follow, max-snippet:-1, max-image-preview:large, max-video-preview:-1\" \/>\n<link rel=\"canonical\" href=\"https:\/\/mhf.ro\/mm\/ce-ar-putea-sa-stie-astia\/\" \/>\n<meta property=\"og:locale\" content=\"ro_RO\" \/>\n<meta property=\"og:type\" content=\"article\" \/>\n<meta property=\"og:title\" content=\"Ce-ar putea s\u0103 \u0219tie \u0103\u0219tia ... - MHF Photography\" \/>\n<meta property=\"og:description\" content=\"Ce-ar putea s\u0103 \u0219tie \u0103\u0219tia mai prostu\u021bi &#8211; ne\u0219coli\u021bi, neciti\u021bi \u0219i needuca\u021bi, din p\u0103cate \u0219i at\u00e2t de tineri -, \u00een\" \/>\n<meta property=\"og:url\" content=\"https:\/\/mhf.ro\/mm\/ce-ar-putea-sa-stie-astia\/\" \/>\n<meta property=\"og:site_name\" content=\"MHF Photography\" \/>\n<meta property=\"article:published_time\" content=\"2021-04-01T08:00:42+00:00\" \/>\n<meta property=\"article:modified_time\" content=\"2021-04-03T11:09:35+00:00\" \/>\n<meta property=\"og:image\" content=\"https:\/\/mhf.ro\/mm\/wp-content\/uploads\/2021\/04\/Manifestatii.jpg\" \/>\n\t<meta property=\"og:image:width\" content=\"1280\" \/>\n\t<meta property=\"og:image:height\" content=\"854\" \/>\n\t<meta property=\"og:image:type\" content=\"image\/jpeg\" \/>\n<meta name=\"author\" content=\"Marius Marcu\" \/>\n<meta name=\"twitter:card\" content=\"summary_large_image\" \/>\n<meta name=\"twitter:label1\" content=\"Scris de\" \/>\n\t<meta name=\"twitter:data1\" content=\"Marius Marcu\" \/>\n\t<meta name=\"twitter:label2\" content=\"Timp estimat pentru citire\" \/>\n\t<meta name=\"twitter:data2\" content=\"2 minute\" \/>\n<script type=\"application\/ld+json\" class=\"yoast-schema-graph\">{\"@context\":\"https:\/\/schema.org\",\"@graph\":[{\"@type\":\"Article\",\"@id\":\"https:\/\/mhf.ro\/mm\/ce-ar-putea-sa-stie-astia\/#article\",\"isPartOf\":{\"@id\":\"https:\/\/mhf.ro\/mm\/ce-ar-putea-sa-stie-astia\/\"},\"author\":{\"name\":\"Marius Marcu\",\"@id\":\"https:\/\/mhf.ro\/mm\/#\/schema\/person\/a3bebf7bdb4bf12f698aff73c7e46c21\"},\"headline\":\"Ce-ar putea s\u0103 \u0219tie \u0103\u0219tia &#8230;\",\"datePublished\":\"2021-04-01T08:00:42+00:00\",\"dateModified\":\"2021-04-03T11:09:35+00:00\",\"mainEntityOfPage\":{\"@id\":\"https:\/\/mhf.ro\/mm\/ce-ar-putea-sa-stie-astia\/\"},\"wordCount\":493,\"commentCount\":0,\"publisher\":{\"@id\":\"https:\/\/mhf.ro\/mm\/#\/schema\/person\/a3bebf7bdb4bf12f698aff73c7e46c21\"},\"image\":{\"@id\":\"https:\/\/mhf.ro\/mm\/ce-ar-putea-sa-stie-astia\/#primaryimage\"},\"thumbnailUrl\":\"https:\/\/mhf.ro\/mm\/wp-content\/uploads\/2021\/04\/Manifestatii.jpg\",\"articleSection\":[\"Diverse\"],\"inLanguage\":\"ro-RO\",\"potentialAction\":[{\"@type\":\"CommentAction\",\"name\":\"Comment\",\"target\":[\"https:\/\/mhf.ro\/mm\/ce-ar-putea-sa-stie-astia\/#respond\"]}]},{\"@type\":\"WebPage\",\"@id\":\"https:\/\/mhf.ro\/mm\/ce-ar-putea-sa-stie-astia\/\",\"url\":\"https:\/\/mhf.ro\/mm\/ce-ar-putea-sa-stie-astia\/\",\"name\":\"Ce-ar putea s\u0103 \u0219tie \u0103\u0219tia ... - MHF Photography\",\"isPartOf\":{\"@id\":\"https:\/\/mhf.ro\/mm\/#website\"},\"primaryImageOfPage\":{\"@id\":\"https:\/\/mhf.ro\/mm\/ce-ar-putea-sa-stie-astia\/#primaryimage\"},\"image\":{\"@id\":\"https:\/\/mhf.ro\/mm\/ce-ar-putea-sa-stie-astia\/#primaryimage\"},\"thumbnailUrl\":\"https:\/\/mhf.ro\/mm\/wp-content\/uploads\/2021\/04\/Manifestatii.jpg\",\"datePublished\":\"2021-04-01T08:00:42+00:00\",\"dateModified\":\"2021-04-03T11:09:35+00:00\",\"breadcrumb\":{\"@id\":\"https:\/\/mhf.ro\/mm\/ce-ar-putea-sa-stie-astia\/#breadcrumb\"},\"inLanguage\":\"ro-RO\",\"potentialAction\":[{\"@type\":\"ReadAction\",\"target\":[\"https:\/\/mhf.ro\/mm\/ce-ar-putea-sa-stie-astia\/\"]}]},{\"@type\":\"ImageObject\",\"inLanguage\":\"ro-RO\",\"@id\":\"https:\/\/mhf.ro\/mm\/ce-ar-putea-sa-stie-astia\/#primaryimage\",\"url\":\"https:\/\/mhf.ro\/mm\/wp-content\/uploads\/2021\/04\/Manifestatii.jpg\",\"contentUrl\":\"https:\/\/mhf.ro\/mm\/wp-content\/uploads\/2021\/04\/Manifestatii.jpg\",\"width\":1280,\"height\":854},{\"@type\":\"BreadcrumbList\",\"@id\":\"https:\/\/mhf.ro\/mm\/ce-ar-putea-sa-stie-astia\/#breadcrumb\",\"itemListElement\":[{\"@type\":\"ListItem\",\"position\":1,\"name\":\"Prima pagin\u0103\",\"item\":\"https:\/\/mhf.ro\/mm\/\"},{\"@type\":\"ListItem\",\"position\":2,\"name\":\"Ce-ar putea s\u0103 \u0219tie \u0103\u0219tia &#8230;\"}]},{\"@type\":\"WebSite\",\"@id\":\"https:\/\/mhf.ro\/mm\/#website\",\"url\":\"https:\/\/mhf.ro\/mm\/\",\"name\":\"MHF Photography \u2013 Blog de fotografie, natur\u0103 \u0219i tehnic\u0103 divers\u0103\",\"description\":\"Aventur\u0103 \u00een fiecare cadru.\",\"publisher\":{\"@id\":\"https:\/\/mhf.ro\/mm\/#\/schema\/person\/a3bebf7bdb4bf12f698aff73c7e46c21\"},\"potentialAction\":[{\"@type\":\"SearchAction\",\"target\":{\"@type\":\"EntryPoint\",\"urlTemplate\":\"https:\/\/mhf.ro\/mm\/?s={search_term_string}\"},\"query-input\":{\"@type\":\"PropertyValueSpecification\",\"valueRequired\":true,\"valueName\":\"search_term_string\"}}],\"inLanguage\":\"ro-RO\"},{\"@type\":[\"Person\",\"Organization\"],\"@id\":\"https:\/\/mhf.ro\/mm\/#\/schema\/person\/a3bebf7bdb4bf12f698aff73c7e46c21\",\"name\":\"Marius Marcu\",\"image\":{\"@type\":\"ImageObject\",\"inLanguage\":\"ro-RO\",\"@id\":\"https:\/\/mhf.ro\/mm\/#\/schema\/person\/image\/\",\"url\":\"https:\/\/mhf.ro\/mm\/wp-content\/uploads\/2025\/12\/cropped-logo_mhf_2.png\",\"contentUrl\":\"https:\/\/mhf.ro\/mm\/wp-content\/uploads\/2025\/12\/cropped-logo_mhf_2.png\",\"width\":1096,\"height\":457,\"caption\":\"Marius Marcu\"},\"logo\":{\"@id\":\"https:\/\/mhf.ro\/mm\/#\/schema\/person\/image\/\"},\"sameAs\":[\"https:\/\/mhf.ro\/mm\"],\"url\":\"https:\/\/mhf.ro\/mm\/author\/mihai\/\"}]}<\/script>\n<!-- \/ Yoast SEO plugin. -->","yoast_head_json":{"title":"Ce-ar putea s\u0103 \u0219tie \u0103\u0219tia ... - MHF Photography","robots":{"index":"index","follow":"follow","max-snippet":"max-snippet:-1","max-image-preview":"max-image-preview:large","max-video-preview":"max-video-preview:-1"},"canonical":"https:\/\/mhf.ro\/mm\/ce-ar-putea-sa-stie-astia\/","og_locale":"ro_RO","og_type":"article","og_title":"Ce-ar putea s\u0103 \u0219tie \u0103\u0219tia ... - MHF Photography","og_description":"Ce-ar putea s\u0103 \u0219tie \u0103\u0219tia mai prostu\u021bi &#8211; ne\u0219coli\u021bi, neciti\u021bi \u0219i needuca\u021bi, din p\u0103cate \u0219i at\u00e2t de tineri -, \u00een","og_url":"https:\/\/mhf.ro\/mm\/ce-ar-putea-sa-stie-astia\/","og_site_name":"MHF Photography","article_published_time":"2021-04-01T08:00:42+00:00","article_modified_time":"2021-04-03T11:09:35+00:00","og_image":[{"width":1280,"height":854,"url":"https:\/\/mhf.ro\/mm\/wp-content\/uploads\/2021\/04\/Manifestatii.jpg","type":"image\/jpeg"}],"author":"Marius Marcu","twitter_card":"summary_large_image","twitter_misc":{"Scris de":"Marius Marcu","Timp estimat pentru citire":"2 minute"},"schema":{"@context":"https:\/\/schema.org","@graph":[{"@type":"Article","@id":"https:\/\/mhf.ro\/mm\/ce-ar-putea-sa-stie-astia\/#article","isPartOf":{"@id":"https:\/\/mhf.ro\/mm\/ce-ar-putea-sa-stie-astia\/"},"author":{"name":"Marius Marcu","@id":"https:\/\/mhf.ro\/mm\/#\/schema\/person\/a3bebf7bdb4bf12f698aff73c7e46c21"},"headline":"Ce-ar putea s\u0103 \u0219tie \u0103\u0219tia &#8230;","datePublished":"2021-04-01T08:00:42+00:00","dateModified":"2021-04-03T11:09:35+00:00","mainEntityOfPage":{"@id":"https:\/\/mhf.ro\/mm\/ce-ar-putea-sa-stie-astia\/"},"wordCount":493,"commentCount":0,"publisher":{"@id":"https:\/\/mhf.ro\/mm\/#\/schema\/person\/a3bebf7bdb4bf12f698aff73c7e46c21"},"image":{"@id":"https:\/\/mhf.ro\/mm\/ce-ar-putea-sa-stie-astia\/#primaryimage"},"thumbnailUrl":"https:\/\/mhf.ro\/mm\/wp-content\/uploads\/2021\/04\/Manifestatii.jpg","articleSection":["Diverse"],"inLanguage":"ro-RO","potentialAction":[{"@type":"CommentAction","name":"Comment","target":["https:\/\/mhf.ro\/mm\/ce-ar-putea-sa-stie-astia\/#respond"]}]},{"@type":"WebPage","@id":"https:\/\/mhf.ro\/mm\/ce-ar-putea-sa-stie-astia\/","url":"https:\/\/mhf.ro\/mm\/ce-ar-putea-sa-stie-astia\/","name":"Ce-ar putea s\u0103 \u0219tie \u0103\u0219tia ... - MHF Photography","isPartOf":{"@id":"https:\/\/mhf.ro\/mm\/#website"},"primaryImageOfPage":{"@id":"https:\/\/mhf.ro\/mm\/ce-ar-putea-sa-stie-astia\/#primaryimage"},"image":{"@id":"https:\/\/mhf.ro\/mm\/ce-ar-putea-sa-stie-astia\/#primaryimage"},"thumbnailUrl":"https:\/\/mhf.ro\/mm\/wp-content\/uploads\/2021\/04\/Manifestatii.jpg","datePublished":"2021-04-01T08:00:42+00:00","dateModified":"2021-04-03T11:09:35+00:00","breadcrumb":{"@id":"https:\/\/mhf.ro\/mm\/ce-ar-putea-sa-stie-astia\/#breadcrumb"},"inLanguage":"ro-RO","potentialAction":[{"@type":"ReadAction","target":["https:\/\/mhf.ro\/mm\/ce-ar-putea-sa-stie-astia\/"]}]},{"@type":"ImageObject","inLanguage":"ro-RO","@id":"https:\/\/mhf.ro\/mm\/ce-ar-putea-sa-stie-astia\/#primaryimage","url":"https:\/\/mhf.ro\/mm\/wp-content\/uploads\/2021\/04\/Manifestatii.jpg","contentUrl":"https:\/\/mhf.ro\/mm\/wp-content\/uploads\/2021\/04\/Manifestatii.jpg","width":1280,"height":854},{"@type":"BreadcrumbList","@id":"https:\/\/mhf.ro\/mm\/ce-ar-putea-sa-stie-astia\/#breadcrumb","itemListElement":[{"@type":"ListItem","position":1,"name":"Prima pagin\u0103","item":"https:\/\/mhf.ro\/mm\/"},{"@type":"ListItem","position":2,"name":"Ce-ar putea s\u0103 \u0219tie \u0103\u0219tia &#8230;"}]},{"@type":"WebSite","@id":"https:\/\/mhf.ro\/mm\/#website","url":"https:\/\/mhf.ro\/mm\/","name":"MHF Photography \u2013 Blog de fotografie, natur\u0103 \u0219i tehnic\u0103 divers\u0103","description":"Aventur\u0103 \u00een fiecare cadru.","publisher":{"@id":"https:\/\/mhf.ro\/mm\/#\/schema\/person\/a3bebf7bdb4bf12f698aff73c7e46c21"},"potentialAction":[{"@type":"SearchAction","target":{"@type":"EntryPoint","urlTemplate":"https:\/\/mhf.ro\/mm\/?s={search_term_string}"},"query-input":{"@type":"PropertyValueSpecification","valueRequired":true,"valueName":"search_term_string"}}],"inLanguage":"ro-RO"},{"@type":["Person","Organization"],"@id":"https:\/\/mhf.ro\/mm\/#\/schema\/person\/a3bebf7bdb4bf12f698aff73c7e46c21","name":"Marius Marcu","image":{"@type":"ImageObject","inLanguage":"ro-RO","@id":"https:\/\/mhf.ro\/mm\/#\/schema\/person\/image\/","url":"https:\/\/mhf.ro\/mm\/wp-content\/uploads\/2025\/12\/cropped-logo_mhf_2.png","contentUrl":"https:\/\/mhf.ro\/mm\/wp-content\/uploads\/2025\/12\/cropped-logo_mhf_2.png","width":1096,"height":457,"caption":"Marius Marcu"},"logo":{"@id":"https:\/\/mhf.ro\/mm\/#\/schema\/person\/image\/"},"sameAs":["https:\/\/mhf.ro\/mm"],"url":"https:\/\/mhf.ro\/mm\/author\/mihai\/"}]}},"_links":{"self":[{"href":"https:\/\/mhf.ro\/mm\/wp-json\/wp\/v2\/posts\/4492","targetHints":{"allow":["GET"]}}],"collection":[{"href":"https:\/\/mhf.ro\/mm\/wp-json\/wp\/v2\/posts"}],"about":[{"href":"https:\/\/mhf.ro\/mm\/wp-json\/wp\/v2\/types\/post"}],"author":[{"embeddable":true,"href":"https:\/\/mhf.ro\/mm\/wp-json\/wp\/v2\/users\/1"}],"replies":[{"embeddable":true,"href":"https:\/\/mhf.ro\/mm\/wp-json\/wp\/v2\/comments?post=4492"}],"version-history":[{"count":3,"href":"https:\/\/mhf.ro\/mm\/wp-json\/wp\/v2\/posts\/4492\/revisions"}],"predecessor-version":[{"id":4496,"href":"https:\/\/mhf.ro\/mm\/wp-json\/wp\/v2\/posts\/4492\/revisions\/4496"}],"wp:featuredmedia":[{"embeddable":true,"href":"https:\/\/mhf.ro\/mm\/wp-json\/wp\/v2\/media\/4493"}],"wp:attachment":[{"href":"https:\/\/mhf.ro\/mm\/wp-json\/wp\/v2\/media?parent=4492"}],"wp:term":[{"taxonomy":"category","embeddable":true,"href":"https:\/\/mhf.ro\/mm\/wp-json\/wp\/v2\/categories?post=4492"},{"taxonomy":"post_tag","embeddable":true,"href":"https:\/\/mhf.ro\/mm\/wp-json\/wp\/v2\/tags?post=4492"}],"curies":[{"name":"wp","href":"https:\/\/api.w.org\/{rel}","templated":true}]}}