{"id":4497,"date":"2021-04-03T13:14:58","date_gmt":"2021-04-03T11:14:58","guid":{"rendered":"https:\/\/mhf.ro\/mm\/?p=4497"},"modified":"2021-04-03T13:14:58","modified_gmt":"2021-04-03T11:14:58","slug":"sa-va-spun-ceva","status":"publish","type":"post","link":"https:\/\/mhf.ro\/mm\/sa-va-spun-ceva\/","title":{"rendered":"S\u0103 v\u0103 spun ceva!"},"content":{"rendered":"<p>Avem un guvern slab, ba nu, foarte slab.<br \/>\nP\u0103i, cum adic\u0103 s\u0103 fi \u00eeng\u0103duitor cu un protest &#8211; defapt, cu mai multe la nivel de na\u021bional -, pe principiul c\u0103 omul are dreptul s\u0103 protesteze?<br \/>\nNu, nu are dreptul, din c\u00e2te zice legea, \u00een timpul st\u0103rii de alert\u0103, adic\u0103, de pandemie! \u0218i, mai ales cu \u00eenc\u0103lcarea grav\u0103 a normelor de protec\u021bie sanitar\u0103.<br \/>\nP\u0103i, pe 10 august 2018 jandarmii mazileau 100 de mii de protestatari &#8211; \u0219i nu era pandemie(!) -, iar azi, la 500 sau 2000 de \u021b\u0103c\u0103ni\u021bi ce \u00eempr\u0103\u0219tie boala \u00eemprejurul lor li se permite s\u0103 \u021bop\u0103ie \u0219i vandalizeze pe str\u0103zi &#8211; vorbim de acte de barbarism \u00een toat\u0103 regula, pe alocuri -, \u00een plus s\u0103 mai \u0219i semene boala \u00eemprejurul lor; culmea, \u00eendemn\u00e2nd \u0219i pe al\u021bii s\u0103 o fac\u0103 -, f\u0103r\u0103 s\u0103-i s\u0103lt\u0103m \u0219i b\u0103g\u0103m pe to\u021bi, de urgent\u0103 \u00een dube?<br \/>\nEu zic c\u0103 avem un guvern slab, un guvern cu mini\u0219trii f\u0103r\u0103 s\u00e2nge, f\u0103r\u0103 v\u00e2n\u0103 cum s-ar spune, care las\u0103 impresia de neputin\u021b\u0103 \u00een fa\u021ba unor brute, altminteri \u0219i f\u0103r\u0103 minte \u0219i care, iat\u0103, fac r\u0103u \u00een societate.<br \/>\nC\u00e2t va cre\u0219te indiciile de infectare urmare a barbarismelor brutelor \u0103stora? C\u00e2\u021bi dintre ei vor mai \u0219i muri?<br \/>\nMai sunt locuri prin spitale? Dar medicii mai pot r\u0103zbi?<br \/>\nC\u00e2\u021bi trebuie s\u0103 mai moar\u0103, ca \u00een sf\u00e2r\u0219it, cu to\u021bii s\u0103 ne revenim din MAREA \u021a\u0102C\u0102NEAL\u0102?<br \/>\nDe ce toat\u0103 nebunia asta?<br \/>\nIstericii, \u021b\u0103c\u0103ni\u021bii, interlopii, infractorii \u0219i aurolacii trebuie s\u0103 fac\u0103 legile (normele) \u00een ast\u0103 \u021bar\u0103, \u00een a\u0219a vremi de r\u0103stri\u0219te?<\/p>\n<p>\u00cen occident, caz exact, Italia, dup\u0103 ora 18 interzis pe str\u0103zi, \u00een weekend doar pt alimente\/medicamente ie\u0219it din cas\u0103, \u0219i doar aproape de cas\u0103 (max.10 km de cas\u0103, dac\u0103 e pentru servici).<br \/>\n\u0218i nimeni de acolo nu protesteaz\u0103! Nu o fac pentru c\u0103 acolo au institu\u021bii iar pe oameni \u00eei ajut\u0103 mintea ca s\u0103 \u00een\u021beleag\u0103.<br \/>\nAi auzit ce reguli sunt la al\u021bii?<\/p>\n<p>La romani, ca la nebuni! De\u0219i regulile sunt mai bl\u00e2nde, tot noi suntem cei care protest\u0103m. Si ne b\u0103l\u0103c\u0103rim \u00een nebunia asta pentru c\u0103 permitem. Carevas\u0103zic\u0103 suntem slabi, suntem lipsi\u021bi total de fermitate!<br \/>\nIa s\u0103 se fi \u00eent\u00e2mplat asta \u00een Fran\u021ba, Olanda sau Marea Britanie, s\u0103 vezi tu for\u021be de ordine \u00een ac\u021biune!<br \/>\nNoi, nu degeaba suntem categorisi\u021bi neam \u021biganizat, ultimii \u00een toate \u00een Europa.<br \/>\nRu\u0219ine s\u0103 ne fie!<br \/>\nEu, demult \u00eei legam pe to\u021bi \u021b\u0103c\u0103ni\u021bii si aurolacii \u0103\u0219tia, nu mai vedea-i unu&#8217; pe strad\u0103 \u00eenc\u0103lc\u00e2nd \u0219i sfid\u00e2nd legea!<br \/>\nC\u0103ci, unde nu-i lege, NIMIC bun nu e!<br \/>\nAdesea m\u0103 \u00eentreb, de ce dreacu noi trebuie s\u0103 fim mereu ultimii &#8211; \u0103i mai nes\u0103bui\u021bi \u0219i nesocoti\u021bi \u00een toate, din \u00eentreg spa\u021biul european?<br \/>\nDe ce?<br \/>\nGena e de vin\u0103, sechelele comunismului, cele s\u0103dite la un moment dat \u00een noi de fanario\u021bi?<br \/>\nP\u0103cat de \u021bara asta frumoas\u0103 dar &#8230; populat\u0103 cu oameni, majoritatea mediocrii, ca s\u0103 nu zic second-hand!<br \/>\nNu vreau acum s\u0103 \u00eemi aduc aminte \u0219i de cum arat\u0103 culmile mun\u021bilor sau malurile apelor noastre &#8211; harababur\u0103, \u0219mecherie, b\u0103l\u0103c\u0103real\u0103, r\u00e2ncezeal\u0103, complicit\u0103\u021bi \u00een abuzuri \u0219i mizerie scrie pe frun\u021bile noastre.<br \/>\nOf, of, &#8230;, doar suspin \u0219i amar!<br \/>\nS\u0103 nu ne mai mir\u0103m c\u0103 milioane de romani au &#8222;evadat&#8221; &#8211; iar al\u021bii sunt pe cale s\u0103 o fac\u0103 -, din a noastr\u0103 drag\u0103, dezbinat\u0103, ciudat\u0103 \u0219i murdar\u0103 \u021bar\u0103! (Jeny Anca Popa)<\/p>\n","protected":false},"excerpt":{"rendered":"<p>Avem un guvern slab, ba nu, foarte slab. P\u0103i, cum adic\u0103 s\u0103 fi \u00eeng\u0103duitor cu un protest &#8211; defapt, cu<\/p>\n","protected":false},"author":1,"featured_media":4484,"comment_status":"open","ping_status":"open","sticky":false,"template":"","format":"standard","meta":{"colormag_page_container_layout":"default_layout","colormag_page_sidebar_layout":"default_layout","footnotes":""},"categories":[5],"tags":[],"class_list":["post-4497","post","type-post","status-publish","format-standard","has-post-thumbnail","hentry","category-locale"],"yoast_head":"<!-- This site is optimized with the Yoast SEO plugin v27.0 - https:\/\/yoast.com\/product\/yoast-seo-wordpress\/ -->\n<title>S\u0103 v\u0103 spun ceva! - MHF Photography<\/title>\n<meta name=\"robots\" content=\"index, follow, max-snippet:-1, max-image-preview:large, max-video-preview:-1\" \/>\n<link rel=\"canonical\" href=\"https:\/\/mhf.ro\/mm\/sa-va-spun-ceva\/\" \/>\n<meta property=\"og:locale\" content=\"ro_RO\" \/>\n<meta property=\"og:type\" content=\"article\" \/>\n<meta property=\"og:title\" content=\"S\u0103 v\u0103 spun ceva! - MHF Photography\" \/>\n<meta property=\"og:description\" content=\"Avem un guvern slab, ba nu, foarte slab. P\u0103i, cum adic\u0103 s\u0103 fi \u00eeng\u0103duitor cu un protest &#8211; defapt, cu\" \/>\n<meta property=\"og:url\" content=\"https:\/\/mhf.ro\/mm\/sa-va-spun-ceva\/\" \/>\n<meta property=\"og:site_name\" content=\"MHF Photography\" \/>\n<meta property=\"article:published_time\" content=\"2021-04-03T11:14:58+00:00\" \/>\n<meta property=\"og:image\" content=\"https:\/\/mhf.ro\/mm\/wp-content\/uploads\/2021\/03\/proteste-in-Bucuresti-700-de-persoane.jpg\" \/>\n\t<meta property=\"og:image:width\" content=\"1024\" \/>\n\t<meta property=\"og:image:height\" content=\"683\" \/>\n\t<meta property=\"og:image:type\" content=\"image\/jpeg\" \/>\n<meta name=\"author\" content=\"Marius Marcu\" \/>\n<meta name=\"twitter:card\" content=\"summary_large_image\" \/>\n<meta name=\"twitter:label1\" content=\"Scris de\" \/>\n\t<meta name=\"twitter:data1\" content=\"Marius Marcu\" \/>\n\t<meta name=\"twitter:label2\" content=\"Timp estimat pentru citire\" \/>\n\t<meta name=\"twitter:data2\" content=\"3 minute\" \/>\n<script type=\"application\/ld+json\" class=\"yoast-schema-graph\">{\"@context\":\"https:\/\/schema.org\",\"@graph\":[{\"@type\":\"Article\",\"@id\":\"https:\/\/mhf.ro\/mm\/sa-va-spun-ceva\/#article\",\"isPartOf\":{\"@id\":\"https:\/\/mhf.ro\/mm\/sa-va-spun-ceva\/\"},\"author\":{\"name\":\"Marius Marcu\",\"@id\":\"https:\/\/mhf.ro\/mm\/#\/schema\/person\/a3bebf7bdb4bf12f698aff73c7e46c21\"},\"headline\":\"S\u0103 v\u0103 spun ceva!\",\"datePublished\":\"2021-04-03T11:14:58+00:00\",\"mainEntityOfPage\":{\"@id\":\"https:\/\/mhf.ro\/mm\/sa-va-spun-ceva\/\"},\"wordCount\":621,\"commentCount\":1,\"publisher\":{\"@id\":\"https:\/\/mhf.ro\/mm\/#\/schema\/person\/a3bebf7bdb4bf12f698aff73c7e46c21\"},\"image\":{\"@id\":\"https:\/\/mhf.ro\/mm\/sa-va-spun-ceva\/#primaryimage\"},\"thumbnailUrl\":\"https:\/\/mhf.ro\/mm\/wp-content\/uploads\/2021\/03\/proteste-in-Bucuresti-700-de-persoane.jpg\",\"articleSection\":[\"Locale\"],\"inLanguage\":\"ro-RO\",\"potentialAction\":[{\"@type\":\"CommentAction\",\"name\":\"Comment\",\"target\":[\"https:\/\/mhf.ro\/mm\/sa-va-spun-ceva\/#respond\"]}]},{\"@type\":\"WebPage\",\"@id\":\"https:\/\/mhf.ro\/mm\/sa-va-spun-ceva\/\",\"url\":\"https:\/\/mhf.ro\/mm\/sa-va-spun-ceva\/\",\"name\":\"S\u0103 v\u0103 spun ceva! - MHF Photography\",\"isPartOf\":{\"@id\":\"https:\/\/mhf.ro\/mm\/#website\"},\"primaryImageOfPage\":{\"@id\":\"https:\/\/mhf.ro\/mm\/sa-va-spun-ceva\/#primaryimage\"},\"image\":{\"@id\":\"https:\/\/mhf.ro\/mm\/sa-va-spun-ceva\/#primaryimage\"},\"thumbnailUrl\":\"https:\/\/mhf.ro\/mm\/wp-content\/uploads\/2021\/03\/proteste-in-Bucuresti-700-de-persoane.jpg\",\"datePublished\":\"2021-04-03T11:14:58+00:00\",\"breadcrumb\":{\"@id\":\"https:\/\/mhf.ro\/mm\/sa-va-spun-ceva\/#breadcrumb\"},\"inLanguage\":\"ro-RO\",\"potentialAction\":[{\"@type\":\"ReadAction\",\"target\":[\"https:\/\/mhf.ro\/mm\/sa-va-spun-ceva\/\"]}]},{\"@type\":\"ImageObject\",\"inLanguage\":\"ro-RO\",\"@id\":\"https:\/\/mhf.ro\/mm\/sa-va-spun-ceva\/#primaryimage\",\"url\":\"https:\/\/mhf.ro\/mm\/wp-content\/uploads\/2021\/03\/proteste-in-Bucuresti-700-de-persoane.jpg\",\"contentUrl\":\"https:\/\/mhf.ro\/mm\/wp-content\/uploads\/2021\/03\/proteste-in-Bucuresti-700-de-persoane.jpg\",\"width\":1024,\"height\":683},{\"@type\":\"BreadcrumbList\",\"@id\":\"https:\/\/mhf.ro\/mm\/sa-va-spun-ceva\/#breadcrumb\",\"itemListElement\":[{\"@type\":\"ListItem\",\"position\":1,\"name\":\"Prima pagin\u0103\",\"item\":\"https:\/\/mhf.ro\/mm\/\"},{\"@type\":\"ListItem\",\"position\":2,\"name\":\"S\u0103 v\u0103 spun ceva!\"}]},{\"@type\":\"WebSite\",\"@id\":\"https:\/\/mhf.ro\/mm\/#website\",\"url\":\"https:\/\/mhf.ro\/mm\/\",\"name\":\"MHF Photography \u2013 Blog de fotografie, natur\u0103 \u0219i tehnic\u0103 divers\u0103\",\"description\":\"Aventur\u0103 \u00een fiecare cadru.\",\"publisher\":{\"@id\":\"https:\/\/mhf.ro\/mm\/#\/schema\/person\/a3bebf7bdb4bf12f698aff73c7e46c21\"},\"potentialAction\":[{\"@type\":\"SearchAction\",\"target\":{\"@type\":\"EntryPoint\",\"urlTemplate\":\"https:\/\/mhf.ro\/mm\/?s={search_term_string}\"},\"query-input\":{\"@type\":\"PropertyValueSpecification\",\"valueRequired\":true,\"valueName\":\"search_term_string\"}}],\"inLanguage\":\"ro-RO\"},{\"@type\":[\"Person\",\"Organization\"],\"@id\":\"https:\/\/mhf.ro\/mm\/#\/schema\/person\/a3bebf7bdb4bf12f698aff73c7e46c21\",\"name\":\"Marius Marcu\",\"image\":{\"@type\":\"ImageObject\",\"inLanguage\":\"ro-RO\",\"@id\":\"https:\/\/mhf.ro\/mm\/#\/schema\/person\/image\/\",\"url\":\"https:\/\/mhf.ro\/mm\/wp-content\/uploads\/2025\/12\/cropped-logo_mhf_2.png\",\"contentUrl\":\"https:\/\/mhf.ro\/mm\/wp-content\/uploads\/2025\/12\/cropped-logo_mhf_2.png\",\"width\":1096,\"height\":457,\"caption\":\"Marius Marcu\"},\"logo\":{\"@id\":\"https:\/\/mhf.ro\/mm\/#\/schema\/person\/image\/\"},\"sameAs\":[\"https:\/\/mhf.ro\/mm\"],\"url\":\"https:\/\/mhf.ro\/mm\/author\/mihai\/\"}]}<\/script>\n<!-- \/ Yoast SEO plugin. -->","yoast_head_json":{"title":"S\u0103 v\u0103 spun ceva! - MHF Photography","robots":{"index":"index","follow":"follow","max-snippet":"max-snippet:-1","max-image-preview":"max-image-preview:large","max-video-preview":"max-video-preview:-1"},"canonical":"https:\/\/mhf.ro\/mm\/sa-va-spun-ceva\/","og_locale":"ro_RO","og_type":"article","og_title":"S\u0103 v\u0103 spun ceva! - MHF Photography","og_description":"Avem un guvern slab, ba nu, foarte slab. P\u0103i, cum adic\u0103 s\u0103 fi \u00eeng\u0103duitor cu un protest &#8211; defapt, cu","og_url":"https:\/\/mhf.ro\/mm\/sa-va-spun-ceva\/","og_site_name":"MHF Photography","article_published_time":"2021-04-03T11:14:58+00:00","og_image":[{"width":1024,"height":683,"url":"https:\/\/mhf.ro\/mm\/wp-content\/uploads\/2021\/03\/proteste-in-Bucuresti-700-de-persoane.jpg","type":"image\/jpeg"}],"author":"Marius Marcu","twitter_card":"summary_large_image","twitter_misc":{"Scris de":"Marius Marcu","Timp estimat pentru citire":"3 minute"},"schema":{"@context":"https:\/\/schema.org","@graph":[{"@type":"Article","@id":"https:\/\/mhf.ro\/mm\/sa-va-spun-ceva\/#article","isPartOf":{"@id":"https:\/\/mhf.ro\/mm\/sa-va-spun-ceva\/"},"author":{"name":"Marius Marcu","@id":"https:\/\/mhf.ro\/mm\/#\/schema\/person\/a3bebf7bdb4bf12f698aff73c7e46c21"},"headline":"S\u0103 v\u0103 spun ceva!","datePublished":"2021-04-03T11:14:58+00:00","mainEntityOfPage":{"@id":"https:\/\/mhf.ro\/mm\/sa-va-spun-ceva\/"},"wordCount":621,"commentCount":1,"publisher":{"@id":"https:\/\/mhf.ro\/mm\/#\/schema\/person\/a3bebf7bdb4bf12f698aff73c7e46c21"},"image":{"@id":"https:\/\/mhf.ro\/mm\/sa-va-spun-ceva\/#primaryimage"},"thumbnailUrl":"https:\/\/mhf.ro\/mm\/wp-content\/uploads\/2021\/03\/proteste-in-Bucuresti-700-de-persoane.jpg","articleSection":["Locale"],"inLanguage":"ro-RO","potentialAction":[{"@type":"CommentAction","name":"Comment","target":["https:\/\/mhf.ro\/mm\/sa-va-spun-ceva\/#respond"]}]},{"@type":"WebPage","@id":"https:\/\/mhf.ro\/mm\/sa-va-spun-ceva\/","url":"https:\/\/mhf.ro\/mm\/sa-va-spun-ceva\/","name":"S\u0103 v\u0103 spun ceva! - MHF Photography","isPartOf":{"@id":"https:\/\/mhf.ro\/mm\/#website"},"primaryImageOfPage":{"@id":"https:\/\/mhf.ro\/mm\/sa-va-spun-ceva\/#primaryimage"},"image":{"@id":"https:\/\/mhf.ro\/mm\/sa-va-spun-ceva\/#primaryimage"},"thumbnailUrl":"https:\/\/mhf.ro\/mm\/wp-content\/uploads\/2021\/03\/proteste-in-Bucuresti-700-de-persoane.jpg","datePublished":"2021-04-03T11:14:58+00:00","breadcrumb":{"@id":"https:\/\/mhf.ro\/mm\/sa-va-spun-ceva\/#breadcrumb"},"inLanguage":"ro-RO","potentialAction":[{"@type":"ReadAction","target":["https:\/\/mhf.ro\/mm\/sa-va-spun-ceva\/"]}]},{"@type":"ImageObject","inLanguage":"ro-RO","@id":"https:\/\/mhf.ro\/mm\/sa-va-spun-ceva\/#primaryimage","url":"https:\/\/mhf.ro\/mm\/wp-content\/uploads\/2021\/03\/proteste-in-Bucuresti-700-de-persoane.jpg","contentUrl":"https:\/\/mhf.ro\/mm\/wp-content\/uploads\/2021\/03\/proteste-in-Bucuresti-700-de-persoane.jpg","width":1024,"height":683},{"@type":"BreadcrumbList","@id":"https:\/\/mhf.ro\/mm\/sa-va-spun-ceva\/#breadcrumb","itemListElement":[{"@type":"ListItem","position":1,"name":"Prima pagin\u0103","item":"https:\/\/mhf.ro\/mm\/"},{"@type":"ListItem","position":2,"name":"S\u0103 v\u0103 spun ceva!"}]},{"@type":"WebSite","@id":"https:\/\/mhf.ro\/mm\/#website","url":"https:\/\/mhf.ro\/mm\/","name":"MHF Photography \u2013 Blog de fotografie, natur\u0103 \u0219i tehnic\u0103 divers\u0103","description":"Aventur\u0103 \u00een fiecare cadru.","publisher":{"@id":"https:\/\/mhf.ro\/mm\/#\/schema\/person\/a3bebf7bdb4bf12f698aff73c7e46c21"},"potentialAction":[{"@type":"SearchAction","target":{"@type":"EntryPoint","urlTemplate":"https:\/\/mhf.ro\/mm\/?s={search_term_string}"},"query-input":{"@type":"PropertyValueSpecification","valueRequired":true,"valueName":"search_term_string"}}],"inLanguage":"ro-RO"},{"@type":["Person","Organization"],"@id":"https:\/\/mhf.ro\/mm\/#\/schema\/person\/a3bebf7bdb4bf12f698aff73c7e46c21","name":"Marius Marcu","image":{"@type":"ImageObject","inLanguage":"ro-RO","@id":"https:\/\/mhf.ro\/mm\/#\/schema\/person\/image\/","url":"https:\/\/mhf.ro\/mm\/wp-content\/uploads\/2025\/12\/cropped-logo_mhf_2.png","contentUrl":"https:\/\/mhf.ro\/mm\/wp-content\/uploads\/2025\/12\/cropped-logo_mhf_2.png","width":1096,"height":457,"caption":"Marius Marcu"},"logo":{"@id":"https:\/\/mhf.ro\/mm\/#\/schema\/person\/image\/"},"sameAs":["https:\/\/mhf.ro\/mm"],"url":"https:\/\/mhf.ro\/mm\/author\/mihai\/"}]}},"_links":{"self":[{"href":"https:\/\/mhf.ro\/mm\/wp-json\/wp\/v2\/posts\/4497","targetHints":{"allow":["GET"]}}],"collection":[{"href":"https:\/\/mhf.ro\/mm\/wp-json\/wp\/v2\/posts"}],"about":[{"href":"https:\/\/mhf.ro\/mm\/wp-json\/wp\/v2\/types\/post"}],"author":[{"embeddable":true,"href":"https:\/\/mhf.ro\/mm\/wp-json\/wp\/v2\/users\/1"}],"replies":[{"embeddable":true,"href":"https:\/\/mhf.ro\/mm\/wp-json\/wp\/v2\/comments?post=4497"}],"version-history":[{"count":1,"href":"https:\/\/mhf.ro\/mm\/wp-json\/wp\/v2\/posts\/4497\/revisions"}],"predecessor-version":[{"id":4498,"href":"https:\/\/mhf.ro\/mm\/wp-json\/wp\/v2\/posts\/4497\/revisions\/4498"}],"wp:featuredmedia":[{"embeddable":true,"href":"https:\/\/mhf.ro\/mm\/wp-json\/wp\/v2\/media\/4484"}],"wp:attachment":[{"href":"https:\/\/mhf.ro\/mm\/wp-json\/wp\/v2\/media?parent=4497"}],"wp:term":[{"taxonomy":"category","embeddable":true,"href":"https:\/\/mhf.ro\/mm\/wp-json\/wp\/v2\/categories?post=4497"},{"taxonomy":"post_tag","embeddable":true,"href":"https:\/\/mhf.ro\/mm\/wp-json\/wp\/v2\/tags?post=4497"}],"curies":[{"name":"wp","href":"https:\/\/api.w.org\/{rel}","templated":true}]}}