{"id":4504,"date":"2021-04-05T09:03:06","date_gmt":"2021-04-05T07:03:06","guid":{"rendered":"https:\/\/mhf.ro\/mm\/?p=4504"},"modified":"2021-04-05T22:10:05","modified_gmt":"2021-04-05T20:10:05","slug":"cinste-voua-frati-crestini-respect-si-consideratie-hristos-a-inviat","status":"publish","type":"post","link":"https:\/\/mhf.ro\/mm\/cinste-voua-frati-crestini-respect-si-consideratie-hristos-a-inviat\/","title":{"rendered":"Cinste vou\u0103, fra\u021bi cre\u0219tini! Respect \u0219i considera\u021bie! HRISTOS A \u00ceNVIAT!"},"content":{"rendered":"<p>Cum este s\u0103rb\u0103torit Pa\u0219tele catolic la noi \u00een Rom\u00e2nia, azi, \u00een secuime?<br \/>\nUite, a\u0219a!<br \/>\n\u00cen ordine, disciplin\u0103 \u0219i respect pt aproapele, \u00een egal\u0103 m\u0103sur\u0103 respect pentru legile specifice stabilite de stat, \u00een pandemie.<br \/>\nMereu am spus, catolicii \u00ceNTOTDEAUNA au fost mai civiliza\u021bi, mai serio\u0219i \u0219i chiar mai h\u0103rnicu\u021bi.<br \/>\nDA, AU FOST \u0218I SUNT!<br \/>\nA se vedea ce discursuri are \u00ceNTOTDEAUNA PAPA!<br \/>\nNu place ce zic? Spun neadev\u0103ruri?<br \/>\nSa fie clar, al\u021bii nu s-au ridicat niciodat\u0103 la nivelul lor de civiliza\u021bie; poate greco-catolicii no\u0219tri, care au avut ini\u021bial drept mentori pe cei ce au pus bazele \u0218colii Ardelene!<br \/>\nEste p\u0103rerea mea \u0219i, sunt convins ca exprim un adev\u0103r!<br \/>\nDefapt, cine a v\u0103zut un ierarh catolic coment\u00e2nd legile impuse de pandemie, a\u0219a precum au f\u0103cut-o unele prea-lumin\u0103\u021bii de-a noastre, de pe ici \u0219i de pe colo?<br \/>\nReprezentan\u021bii lor sunt extrem de simplii: straie simple, slujbe simple (vreau s\u0103 spun atractive, neplictisitoare), complet ne\u00eempopo\u021bona\u021bi, total smeri\u021bi si ancora\u021bi deplin nevoilor semenilor si, desigur, ancora\u021bi deplin legilor civile &#8211; nu le comenteaz\u0103 niciodat\u0103, dar le respect\u0103.<br \/>\nDa\u021bi-mi voie s\u0103 \u00eei felicit; fac o foarte bun\u0103 impresie!<br \/>\nPersonal, a\u0219a v\u0103z \u0219i eu manifest\u00e2nd-se credin\u021ba oric\u0103rei confesiuni!<\/p>\n<p>F\u0103r\u0103 nici cea mai mic\u0103 inten\u021bie de a jigni, nici de a generaliza, spun totu\u0219i c\u0103 pare cam IMPOSIBIL a\u0219a ceva &#8230; \u0219i la al\u021bii !<br \/>\nRepet, cam IMPOSIBIL!<br \/>\nA\u0219 zice mai degrab\u0103 ca la oi: \u00eembulzeal\u0103, burdu\u0219eal\u0103 si \u00eenc\u0103lcare grosolan\u0103 a regulilor. Fie c\u0103 vorbim de cele ale bunului simt, fie de cele cu privire la normele sanitare specifice pe vremi de pandemie. P\u0103i, destui ultra-religio\u0219i nu cred nimic \u0219i nu respect\u0103 mai nimic cu privire la normele civile -, s\u0103 nu spunem c\u0103 mai mereu comportament precum cel al oilor.<br \/>\nGre\u0219esc eu oare, exagerez cumva?<br \/>\nNu, nu a\u0219 crede!<br \/>\nSigur c\u0103 nu putem generaliza, nu putem pretinde c\u0103 peste tot, dar, vedem cu proprii no\u0219tri ochi ceea ce se-nt\u00e2mpl\u0103 \u00een varii direc\u021bii. Sigur, cine vrea s\u0103 vaz\u0103!<br \/>\n\u0218i, p\u00e2n\u0103 la urm\u0103 vedem \u0219i ce m\u00e2ndre\u021be de \u021bar\u0103 am reu\u0219it noi a tocmi, cu super-credin\u021ba asta a noastr\u0103 \u0219i cu calit\u0103\u021bile acestea de super-neam &#8211; una situat\u0103 cam la coada na\u021biunilor UE!<br \/>\nVai de ea \u021bar\u0103!<br \/>\nPersonal nu am de ce s\u0103 m\u0103 m\u00e2ndresc cu soiul acesta anapoda de \u021bar\u0103 &#8211; pe deasupra \u0219i murdar\u0103 dac\u0103 e s\u0103 privim malurile apelor -, carevas\u0103zic\u0103, cu \u00eenapoierea asta de la noi. Ca s\u0103 nu mai fac referiri la credin\u021ba unora, ce pare mai degrab\u0103 expirata, \u00eenchistat\u0103 \u00een autosuficien\u021ba ei, mereu \u00een opozi\u021bie cu \u0219tiin\u021ba, cu modernitatea \u0219i emanciparea uman\u0103.<br \/>\nS\u0103 o spunem deci pe cea dreapt\u0103: cu oameni civiliza\u021bi \u0219i corec\u021bi, nu po\u021bi \u00eenjgheba de-o turm\u0103!<\/p>\n<p>Pt mine este destul de clar, c\u0103 au ce \u00eenv\u0103\u021ba unii de alte confesiuni, de la catolici, de\u0219i, nu \u00eemi fac deloc iluzii c\u0103 imediat ei chiar asta vor \u0219i vrea! Bine, catolicii nici nu au o nebunatic\u0103 cu at\u00e2ta audien\u021b\u0103, precum ortodoc\u0219ii pe \u0218o\u0219oac\u0103.<\/p>\n<p>(Voi a spune, ca pe Net circul\u0103 deja destule imagini, tot de azi, cu mari \u00eembulzeli \u0219i aglomer\u0103ri umane, f\u0103r\u0103 nicio norm\u0103 respectat\u0103. Nu postez aceste imagini pentru a nu generaliza \u0219i a comite un eventual sacrilegiu la adresa celor serio\u0219i care respect\u0103 normele. Dar, s\u0103 vede\u021bi voi \u00een cur\u00e2nd n\u0103zdr\u0103v\u0103nii, &#8216;a la romani &#8211; bine, destui de mul\u021bi &#8222;lumina\u021bi&#8217; de una precum \u0218o\u0219oac\u0103. S\u0103 vede\u021bi voi pe viitor ceremonii religioase, acolo unde &#8222;prea-lumin\u0103\u021bia sa&#8221; \u0218o\u0219oac\u0103 va fi reu\u0219it s\u0103 \u00ee\u0219i pun\u0103 amprenta, ba nu, ghearele ei de fiar\u0103 &#8211; acelea ce plaseaz\u0103 zi de zi, cu sutele, oameni \u00een spitale la ATI).<\/p>\n<p>Foto: azi, de Pa\u0219tele catolic, Miercurea Ciuc. (Jeny Anca Popa)<\/p>\n","protected":false},"excerpt":{"rendered":"<p>Cum este s\u0103rb\u0103torit Pa\u0219tele catolic la noi \u00een Rom\u00e2nia, azi, \u00een secuime? Uite, a\u0219a! \u00cen ordine, disciplin\u0103 \u0219i respect pt<\/p>\n","protected":false},"author":1,"featured_media":4505,"comment_status":"open","ping_status":"open","sticky":false,"template":"","format":"standard","meta":{"colormag_page_container_layout":"default_layout","colormag_page_sidebar_layout":"default_layout","footnotes":""},"categories":[5],"tags":[],"class_list":["post-4504","post","type-post","status-publish","format-standard","has-post-thumbnail","hentry","category-locale"],"yoast_head":"<!-- This site is optimized with the Yoast SEO plugin v27.0 - https:\/\/yoast.com\/product\/yoast-seo-wordpress\/ -->\n<title>Cinste vou\u0103, fra\u021bi cre\u0219tini! Respect \u0219i considera\u021bie! HRISTOS A \u00ceNVIAT! - MHF Photography<\/title>\n<meta name=\"robots\" content=\"index, follow, max-snippet:-1, max-image-preview:large, max-video-preview:-1\" \/>\n<link rel=\"canonical\" href=\"https:\/\/mhf.ro\/mm\/cinste-voua-frati-crestini-respect-si-consideratie-hristos-a-inviat\/\" \/>\n<meta property=\"og:locale\" content=\"ro_RO\" \/>\n<meta property=\"og:type\" content=\"article\" \/>\n<meta property=\"og:title\" content=\"Cinste vou\u0103, fra\u021bi cre\u0219tini! Respect \u0219i considera\u021bie! HRISTOS A \u00ceNVIAT! - MHF Photography\" \/>\n<meta property=\"og:description\" content=\"Cum este s\u0103rb\u0103torit Pa\u0219tele catolic la noi \u00een Rom\u00e2nia, azi, \u00een secuime? Uite, a\u0219a! \u00cen ordine, disciplin\u0103 \u0219i respect pt\" \/>\n<meta property=\"og:url\" content=\"https:\/\/mhf.ro\/mm\/cinste-voua-frati-crestini-respect-si-consideratie-hristos-a-inviat\/\" \/>\n<meta property=\"og:site_name\" content=\"MHF Photography\" \/>\n<meta property=\"article:published_time\" content=\"2021-04-05T07:03:06+00:00\" \/>\n<meta property=\"article:modified_time\" content=\"2021-04-05T20:10:05+00:00\" \/>\n<meta property=\"og:image\" content=\"https:\/\/mhf.ro\/mm\/wp-content\/uploads\/2021\/04\/paste_catolic.jpg\" \/>\n\t<meta property=\"og:image:width\" content=\"911\" \/>\n\t<meta property=\"og:image:height\" content=\"758\" \/>\n\t<meta property=\"og:image:type\" content=\"image\/jpeg\" \/>\n<meta name=\"author\" content=\"Marius Marcu\" \/>\n<meta name=\"twitter:card\" content=\"summary_large_image\" \/>\n<meta name=\"twitter:label1\" content=\"Scris de\" \/>\n\t<meta name=\"twitter:data1\" content=\"Marius Marcu\" \/>\n\t<meta name=\"twitter:label2\" content=\"Timp estimat pentru citire\" \/>\n\t<meta name=\"twitter:data2\" content=\"3 minute\" \/>\n<script type=\"application\/ld+json\" class=\"yoast-schema-graph\">{\"@context\":\"https:\/\/schema.org\",\"@graph\":[{\"@type\":\"Article\",\"@id\":\"https:\/\/mhf.ro\/mm\/cinste-voua-frati-crestini-respect-si-consideratie-hristos-a-inviat\/#article\",\"isPartOf\":{\"@id\":\"https:\/\/mhf.ro\/mm\/cinste-voua-frati-crestini-respect-si-consideratie-hristos-a-inviat\/\"},\"author\":{\"name\":\"Marius Marcu\",\"@id\":\"https:\/\/mhf.ro\/mm\/#\/schema\/person\/a3bebf7bdb4bf12f698aff73c7e46c21\"},\"headline\":\"Cinste vou\u0103, fra\u021bi cre\u0219tini! Respect \u0219i considera\u021bie! HRISTOS A \u00ceNVIAT!\",\"datePublished\":\"2021-04-05T07:03:06+00:00\",\"dateModified\":\"2021-04-05T20:10:05+00:00\",\"mainEntityOfPage\":{\"@id\":\"https:\/\/mhf.ro\/mm\/cinste-voua-frati-crestini-respect-si-consideratie-hristos-a-inviat\/\"},\"wordCount\":690,\"commentCount\":0,\"publisher\":{\"@id\":\"https:\/\/mhf.ro\/mm\/#\/schema\/person\/a3bebf7bdb4bf12f698aff73c7e46c21\"},\"image\":{\"@id\":\"https:\/\/mhf.ro\/mm\/cinste-voua-frati-crestini-respect-si-consideratie-hristos-a-inviat\/#primaryimage\"},\"thumbnailUrl\":\"https:\/\/mhf.ro\/mm\/wp-content\/uploads\/2021\/04\/paste_catolic.jpg\",\"articleSection\":[\"Locale\"],\"inLanguage\":\"ro-RO\",\"potentialAction\":[{\"@type\":\"CommentAction\",\"name\":\"Comment\",\"target\":[\"https:\/\/mhf.ro\/mm\/cinste-voua-frati-crestini-respect-si-consideratie-hristos-a-inviat\/#respond\"]}]},{\"@type\":\"WebPage\",\"@id\":\"https:\/\/mhf.ro\/mm\/cinste-voua-frati-crestini-respect-si-consideratie-hristos-a-inviat\/\",\"url\":\"https:\/\/mhf.ro\/mm\/cinste-voua-frati-crestini-respect-si-consideratie-hristos-a-inviat\/\",\"name\":\"Cinste vou\u0103, fra\u021bi cre\u0219tini! Respect \u0219i considera\u021bie! HRISTOS A \u00ceNVIAT! - MHF Photography\",\"isPartOf\":{\"@id\":\"https:\/\/mhf.ro\/mm\/#website\"},\"primaryImageOfPage\":{\"@id\":\"https:\/\/mhf.ro\/mm\/cinste-voua-frati-crestini-respect-si-consideratie-hristos-a-inviat\/#primaryimage\"},\"image\":{\"@id\":\"https:\/\/mhf.ro\/mm\/cinste-voua-frati-crestini-respect-si-consideratie-hristos-a-inviat\/#primaryimage\"},\"thumbnailUrl\":\"https:\/\/mhf.ro\/mm\/wp-content\/uploads\/2021\/04\/paste_catolic.jpg\",\"datePublished\":\"2021-04-05T07:03:06+00:00\",\"dateModified\":\"2021-04-05T20:10:05+00:00\",\"breadcrumb\":{\"@id\":\"https:\/\/mhf.ro\/mm\/cinste-voua-frati-crestini-respect-si-consideratie-hristos-a-inviat\/#breadcrumb\"},\"inLanguage\":\"ro-RO\",\"potentialAction\":[{\"@type\":\"ReadAction\",\"target\":[\"https:\/\/mhf.ro\/mm\/cinste-voua-frati-crestini-respect-si-consideratie-hristos-a-inviat\/\"]}]},{\"@type\":\"ImageObject\",\"inLanguage\":\"ro-RO\",\"@id\":\"https:\/\/mhf.ro\/mm\/cinste-voua-frati-crestini-respect-si-consideratie-hristos-a-inviat\/#primaryimage\",\"url\":\"https:\/\/mhf.ro\/mm\/wp-content\/uploads\/2021\/04\/paste_catolic.jpg\",\"contentUrl\":\"https:\/\/mhf.ro\/mm\/wp-content\/uploads\/2021\/04\/paste_catolic.jpg\",\"width\":911,\"height\":758},{\"@type\":\"BreadcrumbList\",\"@id\":\"https:\/\/mhf.ro\/mm\/cinste-voua-frati-crestini-respect-si-consideratie-hristos-a-inviat\/#breadcrumb\",\"itemListElement\":[{\"@type\":\"ListItem\",\"position\":1,\"name\":\"Prima pagin\u0103\",\"item\":\"https:\/\/mhf.ro\/mm\/\"},{\"@type\":\"ListItem\",\"position\":2,\"name\":\"Cinste vou\u0103, fra\u021bi cre\u0219tini! Respect \u0219i considera\u021bie! HRISTOS A \u00ceNVIAT!\"}]},{\"@type\":\"WebSite\",\"@id\":\"https:\/\/mhf.ro\/mm\/#website\",\"url\":\"https:\/\/mhf.ro\/mm\/\",\"name\":\"MHF Photography \u2013 Blog de fotografie, natur\u0103 \u0219i tehnic\u0103 divers\u0103\",\"description\":\"Aventur\u0103 \u00een fiecare cadru.\",\"publisher\":{\"@id\":\"https:\/\/mhf.ro\/mm\/#\/schema\/person\/a3bebf7bdb4bf12f698aff73c7e46c21\"},\"potentialAction\":[{\"@type\":\"SearchAction\",\"target\":{\"@type\":\"EntryPoint\",\"urlTemplate\":\"https:\/\/mhf.ro\/mm\/?s={search_term_string}\"},\"query-input\":{\"@type\":\"PropertyValueSpecification\",\"valueRequired\":true,\"valueName\":\"search_term_string\"}}],\"inLanguage\":\"ro-RO\"},{\"@type\":[\"Person\",\"Organization\"],\"@id\":\"https:\/\/mhf.ro\/mm\/#\/schema\/person\/a3bebf7bdb4bf12f698aff73c7e46c21\",\"name\":\"Marius Marcu\",\"image\":{\"@type\":\"ImageObject\",\"inLanguage\":\"ro-RO\",\"@id\":\"https:\/\/mhf.ro\/mm\/#\/schema\/person\/image\/\",\"url\":\"https:\/\/mhf.ro\/mm\/wp-content\/uploads\/2025\/12\/cropped-logo_mhf_2.png\",\"contentUrl\":\"https:\/\/mhf.ro\/mm\/wp-content\/uploads\/2025\/12\/cropped-logo_mhf_2.png\",\"width\":1096,\"height\":457,\"caption\":\"Marius Marcu\"},\"logo\":{\"@id\":\"https:\/\/mhf.ro\/mm\/#\/schema\/person\/image\/\"},\"sameAs\":[\"https:\/\/mhf.ro\/mm\"],\"url\":\"https:\/\/mhf.ro\/mm\/author\/mihai\/\"}]}<\/script>\n<!-- \/ Yoast SEO plugin. -->","yoast_head_json":{"title":"Cinste vou\u0103, fra\u021bi cre\u0219tini! Respect \u0219i considera\u021bie! HRISTOS A \u00ceNVIAT! - MHF Photography","robots":{"index":"index","follow":"follow","max-snippet":"max-snippet:-1","max-image-preview":"max-image-preview:large","max-video-preview":"max-video-preview:-1"},"canonical":"https:\/\/mhf.ro\/mm\/cinste-voua-frati-crestini-respect-si-consideratie-hristos-a-inviat\/","og_locale":"ro_RO","og_type":"article","og_title":"Cinste vou\u0103, fra\u021bi cre\u0219tini! Respect \u0219i considera\u021bie! HRISTOS A \u00ceNVIAT! - MHF Photography","og_description":"Cum este s\u0103rb\u0103torit Pa\u0219tele catolic la noi \u00een Rom\u00e2nia, azi, \u00een secuime? Uite, a\u0219a! \u00cen ordine, disciplin\u0103 \u0219i respect pt","og_url":"https:\/\/mhf.ro\/mm\/cinste-voua-frati-crestini-respect-si-consideratie-hristos-a-inviat\/","og_site_name":"MHF Photography","article_published_time":"2021-04-05T07:03:06+00:00","article_modified_time":"2021-04-05T20:10:05+00:00","og_image":[{"width":911,"height":758,"url":"https:\/\/mhf.ro\/mm\/wp-content\/uploads\/2021\/04\/paste_catolic.jpg","type":"image\/jpeg"}],"author":"Marius Marcu","twitter_card":"summary_large_image","twitter_misc":{"Scris de":"Marius Marcu","Timp estimat pentru citire":"3 minute"},"schema":{"@context":"https:\/\/schema.org","@graph":[{"@type":"Article","@id":"https:\/\/mhf.ro\/mm\/cinste-voua-frati-crestini-respect-si-consideratie-hristos-a-inviat\/#article","isPartOf":{"@id":"https:\/\/mhf.ro\/mm\/cinste-voua-frati-crestini-respect-si-consideratie-hristos-a-inviat\/"},"author":{"name":"Marius Marcu","@id":"https:\/\/mhf.ro\/mm\/#\/schema\/person\/a3bebf7bdb4bf12f698aff73c7e46c21"},"headline":"Cinste vou\u0103, fra\u021bi cre\u0219tini! Respect \u0219i considera\u021bie! HRISTOS A \u00ceNVIAT!","datePublished":"2021-04-05T07:03:06+00:00","dateModified":"2021-04-05T20:10:05+00:00","mainEntityOfPage":{"@id":"https:\/\/mhf.ro\/mm\/cinste-voua-frati-crestini-respect-si-consideratie-hristos-a-inviat\/"},"wordCount":690,"commentCount":0,"publisher":{"@id":"https:\/\/mhf.ro\/mm\/#\/schema\/person\/a3bebf7bdb4bf12f698aff73c7e46c21"},"image":{"@id":"https:\/\/mhf.ro\/mm\/cinste-voua-frati-crestini-respect-si-consideratie-hristos-a-inviat\/#primaryimage"},"thumbnailUrl":"https:\/\/mhf.ro\/mm\/wp-content\/uploads\/2021\/04\/paste_catolic.jpg","articleSection":["Locale"],"inLanguage":"ro-RO","potentialAction":[{"@type":"CommentAction","name":"Comment","target":["https:\/\/mhf.ro\/mm\/cinste-voua-frati-crestini-respect-si-consideratie-hristos-a-inviat\/#respond"]}]},{"@type":"WebPage","@id":"https:\/\/mhf.ro\/mm\/cinste-voua-frati-crestini-respect-si-consideratie-hristos-a-inviat\/","url":"https:\/\/mhf.ro\/mm\/cinste-voua-frati-crestini-respect-si-consideratie-hristos-a-inviat\/","name":"Cinste vou\u0103, fra\u021bi cre\u0219tini! Respect \u0219i considera\u021bie! HRISTOS A \u00ceNVIAT! - MHF Photography","isPartOf":{"@id":"https:\/\/mhf.ro\/mm\/#website"},"primaryImageOfPage":{"@id":"https:\/\/mhf.ro\/mm\/cinste-voua-frati-crestini-respect-si-consideratie-hristos-a-inviat\/#primaryimage"},"image":{"@id":"https:\/\/mhf.ro\/mm\/cinste-voua-frati-crestini-respect-si-consideratie-hristos-a-inviat\/#primaryimage"},"thumbnailUrl":"https:\/\/mhf.ro\/mm\/wp-content\/uploads\/2021\/04\/paste_catolic.jpg","datePublished":"2021-04-05T07:03:06+00:00","dateModified":"2021-04-05T20:10:05+00:00","breadcrumb":{"@id":"https:\/\/mhf.ro\/mm\/cinste-voua-frati-crestini-respect-si-consideratie-hristos-a-inviat\/#breadcrumb"},"inLanguage":"ro-RO","potentialAction":[{"@type":"ReadAction","target":["https:\/\/mhf.ro\/mm\/cinste-voua-frati-crestini-respect-si-consideratie-hristos-a-inviat\/"]}]},{"@type":"ImageObject","inLanguage":"ro-RO","@id":"https:\/\/mhf.ro\/mm\/cinste-voua-frati-crestini-respect-si-consideratie-hristos-a-inviat\/#primaryimage","url":"https:\/\/mhf.ro\/mm\/wp-content\/uploads\/2021\/04\/paste_catolic.jpg","contentUrl":"https:\/\/mhf.ro\/mm\/wp-content\/uploads\/2021\/04\/paste_catolic.jpg","width":911,"height":758},{"@type":"BreadcrumbList","@id":"https:\/\/mhf.ro\/mm\/cinste-voua-frati-crestini-respect-si-consideratie-hristos-a-inviat\/#breadcrumb","itemListElement":[{"@type":"ListItem","position":1,"name":"Prima pagin\u0103","item":"https:\/\/mhf.ro\/mm\/"},{"@type":"ListItem","position":2,"name":"Cinste vou\u0103, fra\u021bi cre\u0219tini! Respect \u0219i considera\u021bie! HRISTOS A \u00ceNVIAT!"}]},{"@type":"WebSite","@id":"https:\/\/mhf.ro\/mm\/#website","url":"https:\/\/mhf.ro\/mm\/","name":"MHF Photography \u2013 Blog de fotografie, natur\u0103 \u0219i tehnic\u0103 divers\u0103","description":"Aventur\u0103 \u00een fiecare cadru.","publisher":{"@id":"https:\/\/mhf.ro\/mm\/#\/schema\/person\/a3bebf7bdb4bf12f698aff73c7e46c21"},"potentialAction":[{"@type":"SearchAction","target":{"@type":"EntryPoint","urlTemplate":"https:\/\/mhf.ro\/mm\/?s={search_term_string}"},"query-input":{"@type":"PropertyValueSpecification","valueRequired":true,"valueName":"search_term_string"}}],"inLanguage":"ro-RO"},{"@type":["Person","Organization"],"@id":"https:\/\/mhf.ro\/mm\/#\/schema\/person\/a3bebf7bdb4bf12f698aff73c7e46c21","name":"Marius Marcu","image":{"@type":"ImageObject","inLanguage":"ro-RO","@id":"https:\/\/mhf.ro\/mm\/#\/schema\/person\/image\/","url":"https:\/\/mhf.ro\/mm\/wp-content\/uploads\/2025\/12\/cropped-logo_mhf_2.png","contentUrl":"https:\/\/mhf.ro\/mm\/wp-content\/uploads\/2025\/12\/cropped-logo_mhf_2.png","width":1096,"height":457,"caption":"Marius Marcu"},"logo":{"@id":"https:\/\/mhf.ro\/mm\/#\/schema\/person\/image\/"},"sameAs":["https:\/\/mhf.ro\/mm"],"url":"https:\/\/mhf.ro\/mm\/author\/mihai\/"}]}},"_links":{"self":[{"href":"https:\/\/mhf.ro\/mm\/wp-json\/wp\/v2\/posts\/4504","targetHints":{"allow":["GET"]}}],"collection":[{"href":"https:\/\/mhf.ro\/mm\/wp-json\/wp\/v2\/posts"}],"about":[{"href":"https:\/\/mhf.ro\/mm\/wp-json\/wp\/v2\/types\/post"}],"author":[{"embeddable":true,"href":"https:\/\/mhf.ro\/mm\/wp-json\/wp\/v2\/users\/1"}],"replies":[{"embeddable":true,"href":"https:\/\/mhf.ro\/mm\/wp-json\/wp\/v2\/comments?post=4504"}],"version-history":[{"count":4,"href":"https:\/\/mhf.ro\/mm\/wp-json\/wp\/v2\/posts\/4504\/revisions"}],"predecessor-version":[{"id":4540,"href":"https:\/\/mhf.ro\/mm\/wp-json\/wp\/v2\/posts\/4504\/revisions\/4540"}],"wp:featuredmedia":[{"embeddable":true,"href":"https:\/\/mhf.ro\/mm\/wp-json\/wp\/v2\/media\/4505"}],"wp:attachment":[{"href":"https:\/\/mhf.ro\/mm\/wp-json\/wp\/v2\/media?parent=4504"}],"wp:term":[{"taxonomy":"category","embeddable":true,"href":"https:\/\/mhf.ro\/mm\/wp-json\/wp\/v2\/categories?post=4504"},{"taxonomy":"post_tag","embeddable":true,"href":"https:\/\/mhf.ro\/mm\/wp-json\/wp\/v2\/tags?post=4504"}],"curies":[{"name":"wp","href":"https:\/\/api.w.org\/{rel}","templated":true}]}}