{"id":4511,"date":"2021-04-05T17:10:54","date_gmt":"2021-04-05T15:10:54","guid":{"rendered":"https:\/\/mhf.ro\/mm\/?p=4511"},"modified":"2021-04-05T17:10:54","modified_gmt":"2021-04-05T15:10:54","slug":"nelu-tataru-infiereaza-sistemul-medical","status":"publish","type":"post","link":"https:\/\/mhf.ro\/mm\/nelu-tataru-infiereaza-sistemul-medical\/","title":{"rendered":"Nelu T\u0103taru \u00eenfiereaz\u0103 sistemul medical"},"content":{"rendered":"<p>Nelu T\u0103taru arat\u0103 cu degetul spre sistemul medical, pe care l-a condus p\u00e2n\u0103 la finele anului trecut. Actualul pre\u015fedinte al Comisiei pentru s\u0103n\u0103tate din Camera Deputa\u0163ilor a declarat, luni, c\u0103 managerii de spitale sunt de cele mai multe ori numi\u021bi politic \u0219i c\u0103 \u201csistemul medical rom\u00e2nesc are nevoie de un declic.\u201d<\/p>\n<p>Nu mai pu\u021bin de 80% dintre managerii de spitale \u2018nu au ce c\u0103uta acolo\u2019, spune T\u0103taru \u00a0la videoconferin\u0163a \u201eProfit Health.forum \u2013 Sistemul sanitar, un an de pandemie: realiz\u0103ri, e\u015fecuri, viitor\u201d, scrie Agerpres.<\/p>\n<p>\u201eHaide\u0163i s\u0103 recunoa\u015ftem c\u0103 sistemul medical rom\u00e2nesc are nevoie de un declic. Haide\u0163i s\u0103 recunoa\u015ftem c\u0103 sistemul medical rom\u00e2nesc, \u00een acest moment, c\u0103 este minister, c\u0103 este \u00een subordinea autorit\u0103\u0163ilor locale beneficiaz\u0103 de Consilii de administra\u0163ie mai pu\u0163in profesioniste, numite politic. La fel nu m\u0103 feresc s\u0103 repet c\u0103 80% dintre manageri nu au ce c\u0103uta acolo. Haide\u0163i s\u0103 l\u0103s\u0103m oamenii competen\u0163i s\u0103 conduc\u0103 aceste unit\u0103\u0163i medicale. Haide\u0163i s\u0103 nu l\u0103s\u0103m politicul s\u0103 infiltreze anumite interese, anumi\u0163i oameni, pentru a putea face un act medical de calitate\u201d, a declarat fostul ministrul al S\u0103n\u0103t\u0103\u0163ii. (conf. jurnalist.ro)<\/p>\n","protected":false},"excerpt":{"rendered":"<p>Nelu T\u0103taru arat\u0103 cu degetul spre sistemul medical, pe care l-a condus p\u00e2n\u0103 la finele anului trecut. Actualul pre\u015fedinte al<\/p>\n","protected":false},"author":1,"featured_media":4512,"comment_status":"open","ping_status":"open","sticky":false,"template":"","format":"standard","meta":{"colormag_page_container_layout":"default_layout","colormag_page_sidebar_layout":"default_layout","footnotes":""},"categories":[5],"tags":[],"class_list":["post-4511","post","type-post","status-publish","format-standard","has-post-thumbnail","hentry","category-locale"],"yoast_head":"<!-- This site is optimized with the Yoast SEO plugin v27.0 - https:\/\/yoast.com\/product\/yoast-seo-wordpress\/ -->\n<title>Nelu T\u0103taru \u00eenfiereaz\u0103 sistemul medical - MHF Photography<\/title>\n<meta name=\"robots\" content=\"index, follow, max-snippet:-1, max-image-preview:large, max-video-preview:-1\" \/>\n<link rel=\"canonical\" href=\"https:\/\/mhf.ro\/mm\/nelu-tataru-infiereaza-sistemul-medical\/\" \/>\n<meta property=\"og:locale\" content=\"ro_RO\" \/>\n<meta property=\"og:type\" content=\"article\" \/>\n<meta property=\"og:title\" content=\"Nelu T\u0103taru \u00eenfiereaz\u0103 sistemul medical - MHF Photography\" \/>\n<meta property=\"og:description\" content=\"Nelu T\u0103taru arat\u0103 cu degetul spre sistemul medical, pe care l-a condus p\u00e2n\u0103 la finele anului trecut. Actualul pre\u015fedinte al\" \/>\n<meta property=\"og:url\" content=\"https:\/\/mhf.ro\/mm\/nelu-tataru-infiereaza-sistemul-medical\/\" \/>\n<meta property=\"og:site_name\" content=\"MHF Photography\" \/>\n<meta property=\"article:published_time\" content=\"2021-04-05T15:10:54+00:00\" \/>\n<meta property=\"og:image\" content=\"https:\/\/mhf.ro\/mm\/wp-content\/uploads\/2021\/04\/nelu-tataru.jpg\" \/>\n\t<meta property=\"og:image:width\" content=\"1200\" \/>\n\t<meta property=\"og:image:height\" content=\"647\" \/>\n\t<meta property=\"og:image:type\" content=\"image\/jpeg\" \/>\n<meta name=\"author\" content=\"Marius Marcu\" \/>\n<meta name=\"twitter:card\" content=\"summary_large_image\" \/>\n<meta name=\"twitter:label1\" content=\"Scris de\" \/>\n\t<meta name=\"twitter:data1\" content=\"Marius Marcu\" \/>\n\t<meta name=\"twitter:label2\" content=\"Timp estimat pentru citire\" \/>\n\t<meta name=\"twitter:data2\" content=\"1 minut\" \/>\n<script type=\"application\/ld+json\" class=\"yoast-schema-graph\">{\"@context\":\"https:\/\/schema.org\",\"@graph\":[{\"@type\":\"Article\",\"@id\":\"https:\/\/mhf.ro\/mm\/nelu-tataru-infiereaza-sistemul-medical\/#article\",\"isPartOf\":{\"@id\":\"https:\/\/mhf.ro\/mm\/nelu-tataru-infiereaza-sistemul-medical\/\"},\"author\":{\"name\":\"Marius Marcu\",\"@id\":\"https:\/\/mhf.ro\/mm\/#\/schema\/person\/a3bebf7bdb4bf12f698aff73c7e46c21\"},\"headline\":\"Nelu T\u0103taru \u00eenfiereaz\u0103 sistemul medical\",\"datePublished\":\"2021-04-05T15:10:54+00:00\",\"mainEntityOfPage\":{\"@id\":\"https:\/\/mhf.ro\/mm\/nelu-tataru-infiereaza-sistemul-medical\/\"},\"wordCount\":219,\"commentCount\":0,\"publisher\":{\"@id\":\"https:\/\/mhf.ro\/mm\/#\/schema\/person\/a3bebf7bdb4bf12f698aff73c7e46c21\"},\"image\":{\"@id\":\"https:\/\/mhf.ro\/mm\/nelu-tataru-infiereaza-sistemul-medical\/#primaryimage\"},\"thumbnailUrl\":\"https:\/\/mhf.ro\/mm\/wp-content\/uploads\/2021\/04\/nelu-tataru.jpg\",\"articleSection\":[\"Locale\"],\"inLanguage\":\"ro-RO\",\"potentialAction\":[{\"@type\":\"CommentAction\",\"name\":\"Comment\",\"target\":[\"https:\/\/mhf.ro\/mm\/nelu-tataru-infiereaza-sistemul-medical\/#respond\"]}]},{\"@type\":\"WebPage\",\"@id\":\"https:\/\/mhf.ro\/mm\/nelu-tataru-infiereaza-sistemul-medical\/\",\"url\":\"https:\/\/mhf.ro\/mm\/nelu-tataru-infiereaza-sistemul-medical\/\",\"name\":\"Nelu T\u0103taru \u00eenfiereaz\u0103 sistemul medical - MHF Photography\",\"isPartOf\":{\"@id\":\"https:\/\/mhf.ro\/mm\/#website\"},\"primaryImageOfPage\":{\"@id\":\"https:\/\/mhf.ro\/mm\/nelu-tataru-infiereaza-sistemul-medical\/#primaryimage\"},\"image\":{\"@id\":\"https:\/\/mhf.ro\/mm\/nelu-tataru-infiereaza-sistemul-medical\/#primaryimage\"},\"thumbnailUrl\":\"https:\/\/mhf.ro\/mm\/wp-content\/uploads\/2021\/04\/nelu-tataru.jpg\",\"datePublished\":\"2021-04-05T15:10:54+00:00\",\"breadcrumb\":{\"@id\":\"https:\/\/mhf.ro\/mm\/nelu-tataru-infiereaza-sistemul-medical\/#breadcrumb\"},\"inLanguage\":\"ro-RO\",\"potentialAction\":[{\"@type\":\"ReadAction\",\"target\":[\"https:\/\/mhf.ro\/mm\/nelu-tataru-infiereaza-sistemul-medical\/\"]}]},{\"@type\":\"ImageObject\",\"inLanguage\":\"ro-RO\",\"@id\":\"https:\/\/mhf.ro\/mm\/nelu-tataru-infiereaza-sistemul-medical\/#primaryimage\",\"url\":\"https:\/\/mhf.ro\/mm\/wp-content\/uploads\/2021\/04\/nelu-tataru.jpg\",\"contentUrl\":\"https:\/\/mhf.ro\/mm\/wp-content\/uploads\/2021\/04\/nelu-tataru.jpg\",\"width\":1200,\"height\":647},{\"@type\":\"BreadcrumbList\",\"@id\":\"https:\/\/mhf.ro\/mm\/nelu-tataru-infiereaza-sistemul-medical\/#breadcrumb\",\"itemListElement\":[{\"@type\":\"ListItem\",\"position\":1,\"name\":\"Prima pagin\u0103\",\"item\":\"https:\/\/mhf.ro\/mm\/\"},{\"@type\":\"ListItem\",\"position\":2,\"name\":\"Nelu T\u0103taru \u00eenfiereaz\u0103 sistemul medical\"}]},{\"@type\":\"WebSite\",\"@id\":\"https:\/\/mhf.ro\/mm\/#website\",\"url\":\"https:\/\/mhf.ro\/mm\/\",\"name\":\"MHF Photography \u2013 Blog de fotografie, natur\u0103 \u0219i tehnic\u0103 divers\u0103\",\"description\":\"Aventur\u0103 \u00een fiecare cadru.\",\"publisher\":{\"@id\":\"https:\/\/mhf.ro\/mm\/#\/schema\/person\/a3bebf7bdb4bf12f698aff73c7e46c21\"},\"potentialAction\":[{\"@type\":\"SearchAction\",\"target\":{\"@type\":\"EntryPoint\",\"urlTemplate\":\"https:\/\/mhf.ro\/mm\/?s={search_term_string}\"},\"query-input\":{\"@type\":\"PropertyValueSpecification\",\"valueRequired\":true,\"valueName\":\"search_term_string\"}}],\"inLanguage\":\"ro-RO\"},{\"@type\":[\"Person\",\"Organization\"],\"@id\":\"https:\/\/mhf.ro\/mm\/#\/schema\/person\/a3bebf7bdb4bf12f698aff73c7e46c21\",\"name\":\"Marius Marcu\",\"image\":{\"@type\":\"ImageObject\",\"inLanguage\":\"ro-RO\",\"@id\":\"https:\/\/mhf.ro\/mm\/#\/schema\/person\/image\/\",\"url\":\"https:\/\/mhf.ro\/mm\/wp-content\/uploads\/2025\/12\/cropped-logo_mhf_2.png\",\"contentUrl\":\"https:\/\/mhf.ro\/mm\/wp-content\/uploads\/2025\/12\/cropped-logo_mhf_2.png\",\"width\":1096,\"height\":457,\"caption\":\"Marius Marcu\"},\"logo\":{\"@id\":\"https:\/\/mhf.ro\/mm\/#\/schema\/person\/image\/\"},\"sameAs\":[\"https:\/\/mhf.ro\/mm\"],\"url\":\"https:\/\/mhf.ro\/mm\/author\/mihai\/\"}]}<\/script>\n<!-- \/ Yoast SEO plugin. -->","yoast_head_json":{"title":"Nelu T\u0103taru \u00eenfiereaz\u0103 sistemul medical - MHF Photography","robots":{"index":"index","follow":"follow","max-snippet":"max-snippet:-1","max-image-preview":"max-image-preview:large","max-video-preview":"max-video-preview:-1"},"canonical":"https:\/\/mhf.ro\/mm\/nelu-tataru-infiereaza-sistemul-medical\/","og_locale":"ro_RO","og_type":"article","og_title":"Nelu T\u0103taru \u00eenfiereaz\u0103 sistemul medical - MHF Photography","og_description":"Nelu T\u0103taru arat\u0103 cu degetul spre sistemul medical, pe care l-a condus p\u00e2n\u0103 la finele anului trecut. Actualul pre\u015fedinte al","og_url":"https:\/\/mhf.ro\/mm\/nelu-tataru-infiereaza-sistemul-medical\/","og_site_name":"MHF Photography","article_published_time":"2021-04-05T15:10:54+00:00","og_image":[{"width":1200,"height":647,"url":"https:\/\/mhf.ro\/mm\/wp-content\/uploads\/2021\/04\/nelu-tataru.jpg","type":"image\/jpeg"}],"author":"Marius Marcu","twitter_card":"summary_large_image","twitter_misc":{"Scris de":"Marius Marcu","Timp estimat pentru citire":"1 minut"},"schema":{"@context":"https:\/\/schema.org","@graph":[{"@type":"Article","@id":"https:\/\/mhf.ro\/mm\/nelu-tataru-infiereaza-sistemul-medical\/#article","isPartOf":{"@id":"https:\/\/mhf.ro\/mm\/nelu-tataru-infiereaza-sistemul-medical\/"},"author":{"name":"Marius Marcu","@id":"https:\/\/mhf.ro\/mm\/#\/schema\/person\/a3bebf7bdb4bf12f698aff73c7e46c21"},"headline":"Nelu T\u0103taru \u00eenfiereaz\u0103 sistemul medical","datePublished":"2021-04-05T15:10:54+00:00","mainEntityOfPage":{"@id":"https:\/\/mhf.ro\/mm\/nelu-tataru-infiereaza-sistemul-medical\/"},"wordCount":219,"commentCount":0,"publisher":{"@id":"https:\/\/mhf.ro\/mm\/#\/schema\/person\/a3bebf7bdb4bf12f698aff73c7e46c21"},"image":{"@id":"https:\/\/mhf.ro\/mm\/nelu-tataru-infiereaza-sistemul-medical\/#primaryimage"},"thumbnailUrl":"https:\/\/mhf.ro\/mm\/wp-content\/uploads\/2021\/04\/nelu-tataru.jpg","articleSection":["Locale"],"inLanguage":"ro-RO","potentialAction":[{"@type":"CommentAction","name":"Comment","target":["https:\/\/mhf.ro\/mm\/nelu-tataru-infiereaza-sistemul-medical\/#respond"]}]},{"@type":"WebPage","@id":"https:\/\/mhf.ro\/mm\/nelu-tataru-infiereaza-sistemul-medical\/","url":"https:\/\/mhf.ro\/mm\/nelu-tataru-infiereaza-sistemul-medical\/","name":"Nelu T\u0103taru \u00eenfiereaz\u0103 sistemul medical - MHF Photography","isPartOf":{"@id":"https:\/\/mhf.ro\/mm\/#website"},"primaryImageOfPage":{"@id":"https:\/\/mhf.ro\/mm\/nelu-tataru-infiereaza-sistemul-medical\/#primaryimage"},"image":{"@id":"https:\/\/mhf.ro\/mm\/nelu-tataru-infiereaza-sistemul-medical\/#primaryimage"},"thumbnailUrl":"https:\/\/mhf.ro\/mm\/wp-content\/uploads\/2021\/04\/nelu-tataru.jpg","datePublished":"2021-04-05T15:10:54+00:00","breadcrumb":{"@id":"https:\/\/mhf.ro\/mm\/nelu-tataru-infiereaza-sistemul-medical\/#breadcrumb"},"inLanguage":"ro-RO","potentialAction":[{"@type":"ReadAction","target":["https:\/\/mhf.ro\/mm\/nelu-tataru-infiereaza-sistemul-medical\/"]}]},{"@type":"ImageObject","inLanguage":"ro-RO","@id":"https:\/\/mhf.ro\/mm\/nelu-tataru-infiereaza-sistemul-medical\/#primaryimage","url":"https:\/\/mhf.ro\/mm\/wp-content\/uploads\/2021\/04\/nelu-tataru.jpg","contentUrl":"https:\/\/mhf.ro\/mm\/wp-content\/uploads\/2021\/04\/nelu-tataru.jpg","width":1200,"height":647},{"@type":"BreadcrumbList","@id":"https:\/\/mhf.ro\/mm\/nelu-tataru-infiereaza-sistemul-medical\/#breadcrumb","itemListElement":[{"@type":"ListItem","position":1,"name":"Prima pagin\u0103","item":"https:\/\/mhf.ro\/mm\/"},{"@type":"ListItem","position":2,"name":"Nelu T\u0103taru \u00eenfiereaz\u0103 sistemul medical"}]},{"@type":"WebSite","@id":"https:\/\/mhf.ro\/mm\/#website","url":"https:\/\/mhf.ro\/mm\/","name":"MHF Photography \u2013 Blog de fotografie, natur\u0103 \u0219i tehnic\u0103 divers\u0103","description":"Aventur\u0103 \u00een fiecare cadru.","publisher":{"@id":"https:\/\/mhf.ro\/mm\/#\/schema\/person\/a3bebf7bdb4bf12f698aff73c7e46c21"},"potentialAction":[{"@type":"SearchAction","target":{"@type":"EntryPoint","urlTemplate":"https:\/\/mhf.ro\/mm\/?s={search_term_string}"},"query-input":{"@type":"PropertyValueSpecification","valueRequired":true,"valueName":"search_term_string"}}],"inLanguage":"ro-RO"},{"@type":["Person","Organization"],"@id":"https:\/\/mhf.ro\/mm\/#\/schema\/person\/a3bebf7bdb4bf12f698aff73c7e46c21","name":"Marius Marcu","image":{"@type":"ImageObject","inLanguage":"ro-RO","@id":"https:\/\/mhf.ro\/mm\/#\/schema\/person\/image\/","url":"https:\/\/mhf.ro\/mm\/wp-content\/uploads\/2025\/12\/cropped-logo_mhf_2.png","contentUrl":"https:\/\/mhf.ro\/mm\/wp-content\/uploads\/2025\/12\/cropped-logo_mhf_2.png","width":1096,"height":457,"caption":"Marius Marcu"},"logo":{"@id":"https:\/\/mhf.ro\/mm\/#\/schema\/person\/image\/"},"sameAs":["https:\/\/mhf.ro\/mm"],"url":"https:\/\/mhf.ro\/mm\/author\/mihai\/"}]}},"_links":{"self":[{"href":"https:\/\/mhf.ro\/mm\/wp-json\/wp\/v2\/posts\/4511","targetHints":{"allow":["GET"]}}],"collection":[{"href":"https:\/\/mhf.ro\/mm\/wp-json\/wp\/v2\/posts"}],"about":[{"href":"https:\/\/mhf.ro\/mm\/wp-json\/wp\/v2\/types\/post"}],"author":[{"embeddable":true,"href":"https:\/\/mhf.ro\/mm\/wp-json\/wp\/v2\/users\/1"}],"replies":[{"embeddable":true,"href":"https:\/\/mhf.ro\/mm\/wp-json\/wp\/v2\/comments?post=4511"}],"version-history":[{"count":1,"href":"https:\/\/mhf.ro\/mm\/wp-json\/wp\/v2\/posts\/4511\/revisions"}],"predecessor-version":[{"id":4513,"href":"https:\/\/mhf.ro\/mm\/wp-json\/wp\/v2\/posts\/4511\/revisions\/4513"}],"wp:featuredmedia":[{"embeddable":true,"href":"https:\/\/mhf.ro\/mm\/wp-json\/wp\/v2\/media\/4512"}],"wp:attachment":[{"href":"https:\/\/mhf.ro\/mm\/wp-json\/wp\/v2\/media?parent=4511"}],"wp:term":[{"taxonomy":"category","embeddable":true,"href":"https:\/\/mhf.ro\/mm\/wp-json\/wp\/v2\/categories?post=4511"},{"taxonomy":"post_tag","embeddable":true,"href":"https:\/\/mhf.ro\/mm\/wp-json\/wp\/v2\/tags?post=4511"}],"curies":[{"name":"wp","href":"https:\/\/api.w.org\/{rel}","templated":true}]}}