{"id":4548,"date":"2021-04-06T07:23:00","date_gmt":"2021-04-06T05:23:00","guid":{"rendered":"https:\/\/mhf.ro\/mm\/?p=4548"},"modified":"2021-04-06T07:23:00","modified_gmt":"2021-04-06T05:23:00","slug":"ministrul-nasui-prins-cu-minciuna","status":"publish","type":"post","link":"https:\/\/mhf.ro\/mm\/ministrul-nasui-prins-cu-minciuna\/","title":{"rendered":"Ministrul N\u0103sui, prins cu minciuna"},"content":{"rendered":"<p>Ministrul Economiei, Claudiu N\u0103sui, s-a l\u0103udat c\u0103 a reprezentat Rom\u00e2nia la o conferin\u021b\u0103 a mini\u0219trilor UE. \u00cen realitate a fost prezent doar cu numele.<\/p>\n<p>Este vorba despre Consiliul COMPET din 25 februarie care a reunit mini\u0219trii responsabili de pia\u021ba intern\u0103 \u0219i industrie. Potrivit unui comunicat al Ministerului Economiei, N\u0103sui, al\u0103turi de un secretar de stat, a luat parte la eveniment. \u00a0\u00cenregistrarea video al acelui eveniment arat\u0103 altceva: Nu a fost prezent dec\u00e2t secretarul de stat Paul Ene, \u00eens\u0103 sub numele de Claudiu N\u0103sui, scrie Hotnews.<\/p>\n<p><strong>Justificarea Ministerului Economiei<\/strong><\/p>\n<p>\u201eMinistrul Claudiu Nasui a participat la conferin\u021b\u0103 p\u00e2n\u0103 ce a intervenit o urgen\u021b\u0103 intern\u0103. Rom\u00e2nia a fost pus\u0103 \u00een list\u0103 printre ultimele la acea conferin\u021b\u0103.<\/p>\n<p>Din cauza urgen\u021bei, l-a delegat pe secretarul de stat Paul Ene, expertul ministerului pe spe\u021b\u0103, \u0219i \u00eentr-adev\u0103r, a r\u0103mas numele ministrului pe ecran, Paul Ene continu\u00e2nd acela\u0219i stream. Urgen\u021ba a fost c\u0103 \u00eencepea la ora aceea, \u0219i poate fi verificat, \u0219edin\u021ba comisiilor de buget-finan\u021be, reunite, iar N\u0103sui a fost for\u021bat de timp pentru sus\u021binerea Bugetului 2021\u2033, a declarat pentru sursa citat\u0103 Ionu\u021b Tudoric\u0103, purt\u0103torul de cuv\u00e2nt al ministrului. (conf. jurnalist.ro)<\/p>\n","protected":false},"excerpt":{"rendered":"<p>Ministrul Economiei, Claudiu N\u0103sui, s-a l\u0103udat c\u0103 a reprezentat Rom\u00e2nia la o conferin\u021b\u0103 a mini\u0219trilor UE. \u00cen realitate a fost<\/p>\n","protected":false},"author":1,"featured_media":4549,"comment_status":"open","ping_status":"open","sticky":false,"template":"","format":"standard","meta":{"colormag_page_container_layout":"default_layout","colormag_page_sidebar_layout":"default_layout","footnotes":""},"categories":[5],"tags":[],"class_list":["post-4548","post","type-post","status-publish","format-standard","has-post-thumbnail","hentry","category-locale"],"yoast_head":"<!-- This site is optimized with the Yoast SEO plugin v27.0 - https:\/\/yoast.com\/product\/yoast-seo-wordpress\/ -->\n<title>Ministrul N\u0103sui, prins cu minciuna - MHF Photography<\/title>\n<meta name=\"robots\" content=\"index, follow, max-snippet:-1, max-image-preview:large, max-video-preview:-1\" \/>\n<link rel=\"canonical\" href=\"https:\/\/mhf.ro\/mm\/ministrul-nasui-prins-cu-minciuna\/\" \/>\n<meta property=\"og:locale\" content=\"ro_RO\" \/>\n<meta property=\"og:type\" content=\"article\" \/>\n<meta property=\"og:title\" content=\"Ministrul N\u0103sui, prins cu minciuna - MHF Photography\" \/>\n<meta property=\"og:description\" content=\"Ministrul Economiei, Claudiu N\u0103sui, s-a l\u0103udat c\u0103 a reprezentat Rom\u00e2nia la o conferin\u021b\u0103 a mini\u0219trilor UE. \u00cen realitate a fost\" \/>\n<meta property=\"og:url\" content=\"https:\/\/mhf.ro\/mm\/ministrul-nasui-prins-cu-minciuna\/\" \/>\n<meta property=\"og:site_name\" content=\"MHF Photography\" \/>\n<meta property=\"article:published_time\" content=\"2021-04-06T05:23:00+00:00\" \/>\n<meta property=\"og:image\" content=\"https:\/\/mhf.ro\/mm\/wp-content\/uploads\/2021\/04\/claudiu-nasui.jpg\" \/>\n\t<meta property=\"og:image:width\" content=\"800\" \/>\n\t<meta property=\"og:image:height\" content=\"450\" \/>\n\t<meta property=\"og:image:type\" content=\"image\/jpeg\" \/>\n<meta name=\"author\" content=\"Marius Marcu\" \/>\n<meta name=\"twitter:card\" content=\"summary_large_image\" \/>\n<meta name=\"twitter:label1\" content=\"Scris de\" \/>\n\t<meta name=\"twitter:data1\" content=\"Marius Marcu\" \/>\n\t<meta name=\"twitter:label2\" content=\"Timp estimat pentru citire\" \/>\n\t<meta name=\"twitter:data2\" content=\"1 minut\" \/>\n<script type=\"application\/ld+json\" class=\"yoast-schema-graph\">{\"@context\":\"https:\/\/schema.org\",\"@graph\":[{\"@type\":\"Article\",\"@id\":\"https:\/\/mhf.ro\/mm\/ministrul-nasui-prins-cu-minciuna\/#article\",\"isPartOf\":{\"@id\":\"https:\/\/mhf.ro\/mm\/ministrul-nasui-prins-cu-minciuna\/\"},\"author\":{\"name\":\"Marius Marcu\",\"@id\":\"https:\/\/mhf.ro\/mm\/#\/schema\/person\/a3bebf7bdb4bf12f698aff73c7e46c21\"},\"headline\":\"Ministrul N\u0103sui, prins cu minciuna\",\"datePublished\":\"2021-04-06T05:23:00+00:00\",\"mainEntityOfPage\":{\"@id\":\"https:\/\/mhf.ro\/mm\/ministrul-nasui-prins-cu-minciuna\/\"},\"wordCount\":213,\"commentCount\":0,\"publisher\":{\"@id\":\"https:\/\/mhf.ro\/mm\/#\/schema\/person\/a3bebf7bdb4bf12f698aff73c7e46c21\"},\"image\":{\"@id\":\"https:\/\/mhf.ro\/mm\/ministrul-nasui-prins-cu-minciuna\/#primaryimage\"},\"thumbnailUrl\":\"https:\/\/mhf.ro\/mm\/wp-content\/uploads\/2021\/04\/claudiu-nasui.jpg\",\"articleSection\":[\"Locale\"],\"inLanguage\":\"ro-RO\",\"potentialAction\":[{\"@type\":\"CommentAction\",\"name\":\"Comment\",\"target\":[\"https:\/\/mhf.ro\/mm\/ministrul-nasui-prins-cu-minciuna\/#respond\"]}]},{\"@type\":\"WebPage\",\"@id\":\"https:\/\/mhf.ro\/mm\/ministrul-nasui-prins-cu-minciuna\/\",\"url\":\"https:\/\/mhf.ro\/mm\/ministrul-nasui-prins-cu-minciuna\/\",\"name\":\"Ministrul N\u0103sui, prins cu minciuna - MHF Photography\",\"isPartOf\":{\"@id\":\"https:\/\/mhf.ro\/mm\/#website\"},\"primaryImageOfPage\":{\"@id\":\"https:\/\/mhf.ro\/mm\/ministrul-nasui-prins-cu-minciuna\/#primaryimage\"},\"image\":{\"@id\":\"https:\/\/mhf.ro\/mm\/ministrul-nasui-prins-cu-minciuna\/#primaryimage\"},\"thumbnailUrl\":\"https:\/\/mhf.ro\/mm\/wp-content\/uploads\/2021\/04\/claudiu-nasui.jpg\",\"datePublished\":\"2021-04-06T05:23:00+00:00\",\"breadcrumb\":{\"@id\":\"https:\/\/mhf.ro\/mm\/ministrul-nasui-prins-cu-minciuna\/#breadcrumb\"},\"inLanguage\":\"ro-RO\",\"potentialAction\":[{\"@type\":\"ReadAction\",\"target\":[\"https:\/\/mhf.ro\/mm\/ministrul-nasui-prins-cu-minciuna\/\"]}]},{\"@type\":\"ImageObject\",\"inLanguage\":\"ro-RO\",\"@id\":\"https:\/\/mhf.ro\/mm\/ministrul-nasui-prins-cu-minciuna\/#primaryimage\",\"url\":\"https:\/\/mhf.ro\/mm\/wp-content\/uploads\/2021\/04\/claudiu-nasui.jpg\",\"contentUrl\":\"https:\/\/mhf.ro\/mm\/wp-content\/uploads\/2021\/04\/claudiu-nasui.jpg\",\"width\":800,\"height\":450},{\"@type\":\"BreadcrumbList\",\"@id\":\"https:\/\/mhf.ro\/mm\/ministrul-nasui-prins-cu-minciuna\/#breadcrumb\",\"itemListElement\":[{\"@type\":\"ListItem\",\"position\":1,\"name\":\"Prima pagin\u0103\",\"item\":\"https:\/\/mhf.ro\/mm\/\"},{\"@type\":\"ListItem\",\"position\":2,\"name\":\"Ministrul N\u0103sui, prins cu minciuna\"}]},{\"@type\":\"WebSite\",\"@id\":\"https:\/\/mhf.ro\/mm\/#website\",\"url\":\"https:\/\/mhf.ro\/mm\/\",\"name\":\"MHF Photography \u2013 Blog de fotografie, natur\u0103 \u0219i tehnic\u0103 divers\u0103\",\"description\":\"Aventur\u0103 \u00een fiecare cadru.\",\"publisher\":{\"@id\":\"https:\/\/mhf.ro\/mm\/#\/schema\/person\/a3bebf7bdb4bf12f698aff73c7e46c21\"},\"potentialAction\":[{\"@type\":\"SearchAction\",\"target\":{\"@type\":\"EntryPoint\",\"urlTemplate\":\"https:\/\/mhf.ro\/mm\/?s={search_term_string}\"},\"query-input\":{\"@type\":\"PropertyValueSpecification\",\"valueRequired\":true,\"valueName\":\"search_term_string\"}}],\"inLanguage\":\"ro-RO\"},{\"@type\":[\"Person\",\"Organization\"],\"@id\":\"https:\/\/mhf.ro\/mm\/#\/schema\/person\/a3bebf7bdb4bf12f698aff73c7e46c21\",\"name\":\"Marius Marcu\",\"image\":{\"@type\":\"ImageObject\",\"inLanguage\":\"ro-RO\",\"@id\":\"https:\/\/mhf.ro\/mm\/#\/schema\/person\/image\/\",\"url\":\"https:\/\/mhf.ro\/mm\/wp-content\/uploads\/2025\/12\/cropped-logo_mhf_2.png\",\"contentUrl\":\"https:\/\/mhf.ro\/mm\/wp-content\/uploads\/2025\/12\/cropped-logo_mhf_2.png\",\"width\":1096,\"height\":457,\"caption\":\"Marius Marcu\"},\"logo\":{\"@id\":\"https:\/\/mhf.ro\/mm\/#\/schema\/person\/image\/\"},\"sameAs\":[\"https:\/\/mhf.ro\/mm\"],\"url\":\"https:\/\/mhf.ro\/mm\/author\/mihai\/\"}]}<\/script>\n<!-- \/ Yoast SEO plugin. -->","yoast_head_json":{"title":"Ministrul N\u0103sui, prins cu minciuna - MHF Photography","robots":{"index":"index","follow":"follow","max-snippet":"max-snippet:-1","max-image-preview":"max-image-preview:large","max-video-preview":"max-video-preview:-1"},"canonical":"https:\/\/mhf.ro\/mm\/ministrul-nasui-prins-cu-minciuna\/","og_locale":"ro_RO","og_type":"article","og_title":"Ministrul N\u0103sui, prins cu minciuna - MHF Photography","og_description":"Ministrul Economiei, Claudiu N\u0103sui, s-a l\u0103udat c\u0103 a reprezentat Rom\u00e2nia la o conferin\u021b\u0103 a mini\u0219trilor UE. \u00cen realitate a fost","og_url":"https:\/\/mhf.ro\/mm\/ministrul-nasui-prins-cu-minciuna\/","og_site_name":"MHF Photography","article_published_time":"2021-04-06T05:23:00+00:00","og_image":[{"width":800,"height":450,"url":"https:\/\/mhf.ro\/mm\/wp-content\/uploads\/2021\/04\/claudiu-nasui.jpg","type":"image\/jpeg"}],"author":"Marius Marcu","twitter_card":"summary_large_image","twitter_misc":{"Scris de":"Marius Marcu","Timp estimat pentru citire":"1 minut"},"schema":{"@context":"https:\/\/schema.org","@graph":[{"@type":"Article","@id":"https:\/\/mhf.ro\/mm\/ministrul-nasui-prins-cu-minciuna\/#article","isPartOf":{"@id":"https:\/\/mhf.ro\/mm\/ministrul-nasui-prins-cu-minciuna\/"},"author":{"name":"Marius Marcu","@id":"https:\/\/mhf.ro\/mm\/#\/schema\/person\/a3bebf7bdb4bf12f698aff73c7e46c21"},"headline":"Ministrul N\u0103sui, prins cu minciuna","datePublished":"2021-04-06T05:23:00+00:00","mainEntityOfPage":{"@id":"https:\/\/mhf.ro\/mm\/ministrul-nasui-prins-cu-minciuna\/"},"wordCount":213,"commentCount":0,"publisher":{"@id":"https:\/\/mhf.ro\/mm\/#\/schema\/person\/a3bebf7bdb4bf12f698aff73c7e46c21"},"image":{"@id":"https:\/\/mhf.ro\/mm\/ministrul-nasui-prins-cu-minciuna\/#primaryimage"},"thumbnailUrl":"https:\/\/mhf.ro\/mm\/wp-content\/uploads\/2021\/04\/claudiu-nasui.jpg","articleSection":["Locale"],"inLanguage":"ro-RO","potentialAction":[{"@type":"CommentAction","name":"Comment","target":["https:\/\/mhf.ro\/mm\/ministrul-nasui-prins-cu-minciuna\/#respond"]}]},{"@type":"WebPage","@id":"https:\/\/mhf.ro\/mm\/ministrul-nasui-prins-cu-minciuna\/","url":"https:\/\/mhf.ro\/mm\/ministrul-nasui-prins-cu-minciuna\/","name":"Ministrul N\u0103sui, prins cu minciuna - MHF Photography","isPartOf":{"@id":"https:\/\/mhf.ro\/mm\/#website"},"primaryImageOfPage":{"@id":"https:\/\/mhf.ro\/mm\/ministrul-nasui-prins-cu-minciuna\/#primaryimage"},"image":{"@id":"https:\/\/mhf.ro\/mm\/ministrul-nasui-prins-cu-minciuna\/#primaryimage"},"thumbnailUrl":"https:\/\/mhf.ro\/mm\/wp-content\/uploads\/2021\/04\/claudiu-nasui.jpg","datePublished":"2021-04-06T05:23:00+00:00","breadcrumb":{"@id":"https:\/\/mhf.ro\/mm\/ministrul-nasui-prins-cu-minciuna\/#breadcrumb"},"inLanguage":"ro-RO","potentialAction":[{"@type":"ReadAction","target":["https:\/\/mhf.ro\/mm\/ministrul-nasui-prins-cu-minciuna\/"]}]},{"@type":"ImageObject","inLanguage":"ro-RO","@id":"https:\/\/mhf.ro\/mm\/ministrul-nasui-prins-cu-minciuna\/#primaryimage","url":"https:\/\/mhf.ro\/mm\/wp-content\/uploads\/2021\/04\/claudiu-nasui.jpg","contentUrl":"https:\/\/mhf.ro\/mm\/wp-content\/uploads\/2021\/04\/claudiu-nasui.jpg","width":800,"height":450},{"@type":"BreadcrumbList","@id":"https:\/\/mhf.ro\/mm\/ministrul-nasui-prins-cu-minciuna\/#breadcrumb","itemListElement":[{"@type":"ListItem","position":1,"name":"Prima pagin\u0103","item":"https:\/\/mhf.ro\/mm\/"},{"@type":"ListItem","position":2,"name":"Ministrul N\u0103sui, prins cu minciuna"}]},{"@type":"WebSite","@id":"https:\/\/mhf.ro\/mm\/#website","url":"https:\/\/mhf.ro\/mm\/","name":"MHF Photography \u2013 Blog de fotografie, natur\u0103 \u0219i tehnic\u0103 divers\u0103","description":"Aventur\u0103 \u00een fiecare cadru.","publisher":{"@id":"https:\/\/mhf.ro\/mm\/#\/schema\/person\/a3bebf7bdb4bf12f698aff73c7e46c21"},"potentialAction":[{"@type":"SearchAction","target":{"@type":"EntryPoint","urlTemplate":"https:\/\/mhf.ro\/mm\/?s={search_term_string}"},"query-input":{"@type":"PropertyValueSpecification","valueRequired":true,"valueName":"search_term_string"}}],"inLanguage":"ro-RO"},{"@type":["Person","Organization"],"@id":"https:\/\/mhf.ro\/mm\/#\/schema\/person\/a3bebf7bdb4bf12f698aff73c7e46c21","name":"Marius Marcu","image":{"@type":"ImageObject","inLanguage":"ro-RO","@id":"https:\/\/mhf.ro\/mm\/#\/schema\/person\/image\/","url":"https:\/\/mhf.ro\/mm\/wp-content\/uploads\/2025\/12\/cropped-logo_mhf_2.png","contentUrl":"https:\/\/mhf.ro\/mm\/wp-content\/uploads\/2025\/12\/cropped-logo_mhf_2.png","width":1096,"height":457,"caption":"Marius Marcu"},"logo":{"@id":"https:\/\/mhf.ro\/mm\/#\/schema\/person\/image\/"},"sameAs":["https:\/\/mhf.ro\/mm"],"url":"https:\/\/mhf.ro\/mm\/author\/mihai\/"}]}},"_links":{"self":[{"href":"https:\/\/mhf.ro\/mm\/wp-json\/wp\/v2\/posts\/4548","targetHints":{"allow":["GET"]}}],"collection":[{"href":"https:\/\/mhf.ro\/mm\/wp-json\/wp\/v2\/posts"}],"about":[{"href":"https:\/\/mhf.ro\/mm\/wp-json\/wp\/v2\/types\/post"}],"author":[{"embeddable":true,"href":"https:\/\/mhf.ro\/mm\/wp-json\/wp\/v2\/users\/1"}],"replies":[{"embeddable":true,"href":"https:\/\/mhf.ro\/mm\/wp-json\/wp\/v2\/comments?post=4548"}],"version-history":[{"count":1,"href":"https:\/\/mhf.ro\/mm\/wp-json\/wp\/v2\/posts\/4548\/revisions"}],"predecessor-version":[{"id":4550,"href":"https:\/\/mhf.ro\/mm\/wp-json\/wp\/v2\/posts\/4548\/revisions\/4550"}],"wp:featuredmedia":[{"embeddable":true,"href":"https:\/\/mhf.ro\/mm\/wp-json\/wp\/v2\/media\/4549"}],"wp:attachment":[{"href":"https:\/\/mhf.ro\/mm\/wp-json\/wp\/v2\/media?parent=4548"}],"wp:term":[{"taxonomy":"category","embeddable":true,"href":"https:\/\/mhf.ro\/mm\/wp-json\/wp\/v2\/categories?post=4548"},{"taxonomy":"post_tag","embeddable":true,"href":"https:\/\/mhf.ro\/mm\/wp-json\/wp\/v2\/tags?post=4548"}],"curies":[{"name":"wp","href":"https:\/\/api.w.org\/{rel}","templated":true}]}}