{"id":4557,"date":"2021-04-11T17:03:34","date_gmt":"2021-04-11T15:03:34","guid":{"rendered":"https:\/\/mhf.ro\/mm\/?p=4557"},"modified":"2021-04-11T17:03:34","modified_gmt":"2021-04-11T15:03:34","slug":"romanii-nu-si-pot-ingropa-mortii","status":"publish","type":"post","link":"https:\/\/mhf.ro\/mm\/romanii-nu-si-pot-ingropa-mortii\/","title":{"rendered":"Rom\u00e2nii nu-\u015fi pot \u00eengropa mor\u0163ii"},"content":{"rendered":"<p><strong>Agerpres transmite c\u0103 poli\u0163i\u015ftii au aplicat mai multe amenzi \u015fi a fost \u00eentocmit un dosar penal, \u00een urma unei \u00eenmorm\u00e2nt\u0103ri \u00eentr-un cimitir din localitatea Chi\u015foda, de l\u00e2ng\u0103 Timi\u015foara.<\/strong><\/p>\n<p>Organizatorul \u00eenmorm\u00e2nt\u0103rii \u015fi mai mul\u0163i participan\u0163i au fost amenda\u0163i conform Inspectoratului de Poli\u0163ie Jude\u0163ean\u00a0 Timi\u015f. De-asemenea, s-a \u00eentocmit dosar penal pentru z\u0103d\u0103rnicirea combaterii bolilor.<\/p>\n<p>Biroul de pres\u0103 al Poli\u0163iei Timi\u015f a men\u0163ionat c\u0103: \u201ePoli\u0163i\u015ftii s-au sesizat din oficiu, \u00een urma vizion\u0103rii unor imagini postate pe o re\u0163ea de socializare, din care reie\u015fea c\u0103, \u00een interiorul cimitirului din localitatea Chi\u015foda, se desf\u0103\u015foar\u0103 o slujb\u0103 religioas\u0103 de \u00eenmorm\u00e2ntare la care particip\u0103 un num\u0103r mare de persoane. Deplas\u00e2ndu-se la fa\u0163a locului, au constatat c\u0103 evenimentul religios se \u00eencheiase, dar, \u00een urma verific\u0103rilor efectuate, poli\u0163i\u015ftii au identificat organizatorul evenimentului, pe care l-au sanc\u0163ionat cu amend\u0103 de 10.000 de lei, conform Legii nr. 55\/2020. De asemenea, poli\u0163i\u015ftii au reu\u015fit identificarea a 12 participan\u0163i la eveniment, care au fost sanc\u0163iona\u0163i cu amend\u0103 \u00een valoare de c\u00e2te 500 de lei. Urmeaz\u0103 ca, \u00een cursul cercet\u0103rilor, s\u0103 fie identificate toate persoanele care au participat la acest eveniment\u201d. (conf jurnalist.ro)<\/p>\n","protected":false},"excerpt":{"rendered":"<p>Agerpres transmite c\u0103 poli\u0163i\u015ftii au aplicat mai multe amenzi \u015fi a fost \u00eentocmit un dosar penal, \u00een urma unei \u00eenmorm\u00e2nt\u0103ri<\/p>\n","protected":false},"author":1,"featured_media":4558,"comment_status":"open","ping_status":"open","sticky":false,"template":"","format":"standard","meta":{"colormag_page_container_layout":"default_layout","colormag_page_sidebar_layout":"default_layout","footnotes":""},"categories":[5],"tags":[],"class_list":["post-4557","post","type-post","status-publish","format-standard","has-post-thumbnail","hentry","category-locale"],"yoast_head":"<!-- This site is optimized with the Yoast SEO plugin v27.0 - https:\/\/yoast.com\/product\/yoast-seo-wordpress\/ -->\n<title>Rom\u00e2nii nu-\u015fi pot \u00eengropa mor\u0163ii - MHF Photography<\/title>\n<meta name=\"robots\" content=\"index, follow, max-snippet:-1, max-image-preview:large, max-video-preview:-1\" \/>\n<link rel=\"canonical\" href=\"https:\/\/mhf.ro\/mm\/romanii-nu-si-pot-ingropa-mortii\/\" \/>\n<meta property=\"og:locale\" content=\"ro_RO\" \/>\n<meta property=\"og:type\" content=\"article\" \/>\n<meta property=\"og:title\" content=\"Rom\u00e2nii nu-\u015fi pot \u00eengropa mor\u0163ii - MHF Photography\" \/>\n<meta property=\"og:description\" content=\"Agerpres transmite c\u0103 poli\u0163i\u015ftii au aplicat mai multe amenzi \u015fi a fost \u00eentocmit un dosar penal, \u00een urma unei \u00eenmorm\u00e2nt\u0103ri\" \/>\n<meta property=\"og:url\" content=\"https:\/\/mhf.ro\/mm\/romanii-nu-si-pot-ingropa-mortii\/\" \/>\n<meta property=\"og:site_name\" content=\"MHF Photography\" \/>\n<meta property=\"article:published_time\" content=\"2021-04-11T15:03:34+00:00\" \/>\n<meta property=\"og:image\" content=\"https:\/\/mhf.ro\/mm\/wp-content\/uploads\/2021\/04\/inmormantare-covid.jpg\" \/>\n\t<meta property=\"og:image:width\" content=\"728\" \/>\n\t<meta property=\"og:image:height\" content=\"336\" \/>\n\t<meta property=\"og:image:type\" content=\"image\/jpeg\" \/>\n<meta name=\"author\" content=\"Marius Marcu\" \/>\n<meta name=\"twitter:card\" content=\"summary_large_image\" \/>\n<meta name=\"twitter:label1\" content=\"Scris de\" \/>\n\t<meta name=\"twitter:data1\" content=\"Marius Marcu\" \/>\n\t<meta name=\"twitter:label2\" content=\"Timp estimat pentru citire\" \/>\n\t<meta name=\"twitter:data2\" content=\"1 minut\" \/>\n<script type=\"application\/ld+json\" class=\"yoast-schema-graph\">{\"@context\":\"https:\/\/schema.org\",\"@graph\":[{\"@type\":\"Article\",\"@id\":\"https:\/\/mhf.ro\/mm\/romanii-nu-si-pot-ingropa-mortii\/#article\",\"isPartOf\":{\"@id\":\"https:\/\/mhf.ro\/mm\/romanii-nu-si-pot-ingropa-mortii\/\"},\"author\":{\"name\":\"Marius Marcu\",\"@id\":\"https:\/\/mhf.ro\/mm\/#\/schema\/person\/a3bebf7bdb4bf12f698aff73c7e46c21\"},\"headline\":\"Rom\u00e2nii nu-\u015fi pot \u00eengropa mor\u0163ii\",\"datePublished\":\"2021-04-11T15:03:34+00:00\",\"mainEntityOfPage\":{\"@id\":\"https:\/\/mhf.ro\/mm\/romanii-nu-si-pot-ingropa-mortii\/\"},\"wordCount\":225,\"commentCount\":0,\"publisher\":{\"@id\":\"https:\/\/mhf.ro\/mm\/#\/schema\/person\/a3bebf7bdb4bf12f698aff73c7e46c21\"},\"image\":{\"@id\":\"https:\/\/mhf.ro\/mm\/romanii-nu-si-pot-ingropa-mortii\/#primaryimage\"},\"thumbnailUrl\":\"https:\/\/mhf.ro\/mm\/wp-content\/uploads\/2021\/04\/inmormantare-covid.jpg\",\"articleSection\":[\"Locale\"],\"inLanguage\":\"ro-RO\",\"potentialAction\":[{\"@type\":\"CommentAction\",\"name\":\"Comment\",\"target\":[\"https:\/\/mhf.ro\/mm\/romanii-nu-si-pot-ingropa-mortii\/#respond\"]}]},{\"@type\":\"WebPage\",\"@id\":\"https:\/\/mhf.ro\/mm\/romanii-nu-si-pot-ingropa-mortii\/\",\"url\":\"https:\/\/mhf.ro\/mm\/romanii-nu-si-pot-ingropa-mortii\/\",\"name\":\"Rom\u00e2nii nu-\u015fi pot \u00eengropa mor\u0163ii - MHF Photography\",\"isPartOf\":{\"@id\":\"https:\/\/mhf.ro\/mm\/#website\"},\"primaryImageOfPage\":{\"@id\":\"https:\/\/mhf.ro\/mm\/romanii-nu-si-pot-ingropa-mortii\/#primaryimage\"},\"image\":{\"@id\":\"https:\/\/mhf.ro\/mm\/romanii-nu-si-pot-ingropa-mortii\/#primaryimage\"},\"thumbnailUrl\":\"https:\/\/mhf.ro\/mm\/wp-content\/uploads\/2021\/04\/inmormantare-covid.jpg\",\"datePublished\":\"2021-04-11T15:03:34+00:00\",\"breadcrumb\":{\"@id\":\"https:\/\/mhf.ro\/mm\/romanii-nu-si-pot-ingropa-mortii\/#breadcrumb\"},\"inLanguage\":\"ro-RO\",\"potentialAction\":[{\"@type\":\"ReadAction\",\"target\":[\"https:\/\/mhf.ro\/mm\/romanii-nu-si-pot-ingropa-mortii\/\"]}]},{\"@type\":\"ImageObject\",\"inLanguage\":\"ro-RO\",\"@id\":\"https:\/\/mhf.ro\/mm\/romanii-nu-si-pot-ingropa-mortii\/#primaryimage\",\"url\":\"https:\/\/mhf.ro\/mm\/wp-content\/uploads\/2021\/04\/inmormantare-covid.jpg\",\"contentUrl\":\"https:\/\/mhf.ro\/mm\/wp-content\/uploads\/2021\/04\/inmormantare-covid.jpg\",\"width\":728,\"height\":336},{\"@type\":\"BreadcrumbList\",\"@id\":\"https:\/\/mhf.ro\/mm\/romanii-nu-si-pot-ingropa-mortii\/#breadcrumb\",\"itemListElement\":[{\"@type\":\"ListItem\",\"position\":1,\"name\":\"Prima pagin\u0103\",\"item\":\"https:\/\/mhf.ro\/mm\/\"},{\"@type\":\"ListItem\",\"position\":2,\"name\":\"Rom\u00e2nii nu-\u015fi pot \u00eengropa mor\u0163ii\"}]},{\"@type\":\"WebSite\",\"@id\":\"https:\/\/mhf.ro\/mm\/#website\",\"url\":\"https:\/\/mhf.ro\/mm\/\",\"name\":\"MHF Photography \u2013 Blog de fotografie, natur\u0103 \u0219i tehnic\u0103 divers\u0103\",\"description\":\"Aventur\u0103 \u00een fiecare cadru.\",\"publisher\":{\"@id\":\"https:\/\/mhf.ro\/mm\/#\/schema\/person\/a3bebf7bdb4bf12f698aff73c7e46c21\"},\"potentialAction\":[{\"@type\":\"SearchAction\",\"target\":{\"@type\":\"EntryPoint\",\"urlTemplate\":\"https:\/\/mhf.ro\/mm\/?s={search_term_string}\"},\"query-input\":{\"@type\":\"PropertyValueSpecification\",\"valueRequired\":true,\"valueName\":\"search_term_string\"}}],\"inLanguage\":\"ro-RO\"},{\"@type\":[\"Person\",\"Organization\"],\"@id\":\"https:\/\/mhf.ro\/mm\/#\/schema\/person\/a3bebf7bdb4bf12f698aff73c7e46c21\",\"name\":\"Marius Marcu\",\"image\":{\"@type\":\"ImageObject\",\"inLanguage\":\"ro-RO\",\"@id\":\"https:\/\/mhf.ro\/mm\/#\/schema\/person\/image\/\",\"url\":\"https:\/\/mhf.ro\/mm\/wp-content\/uploads\/2025\/12\/cropped-logo_mhf_2.png\",\"contentUrl\":\"https:\/\/mhf.ro\/mm\/wp-content\/uploads\/2025\/12\/cropped-logo_mhf_2.png\",\"width\":1096,\"height\":457,\"caption\":\"Marius Marcu\"},\"logo\":{\"@id\":\"https:\/\/mhf.ro\/mm\/#\/schema\/person\/image\/\"},\"sameAs\":[\"https:\/\/mhf.ro\/mm\"],\"url\":\"https:\/\/mhf.ro\/mm\/author\/mihai\/\"}]}<\/script>\n<!-- \/ Yoast SEO plugin. -->","yoast_head_json":{"title":"Rom\u00e2nii nu-\u015fi pot \u00eengropa mor\u0163ii - MHF Photography","robots":{"index":"index","follow":"follow","max-snippet":"max-snippet:-1","max-image-preview":"max-image-preview:large","max-video-preview":"max-video-preview:-1"},"canonical":"https:\/\/mhf.ro\/mm\/romanii-nu-si-pot-ingropa-mortii\/","og_locale":"ro_RO","og_type":"article","og_title":"Rom\u00e2nii nu-\u015fi pot \u00eengropa mor\u0163ii - MHF Photography","og_description":"Agerpres transmite c\u0103 poli\u0163i\u015ftii au aplicat mai multe amenzi \u015fi a fost \u00eentocmit un dosar penal, \u00een urma unei \u00eenmorm\u00e2nt\u0103ri","og_url":"https:\/\/mhf.ro\/mm\/romanii-nu-si-pot-ingropa-mortii\/","og_site_name":"MHF Photography","article_published_time":"2021-04-11T15:03:34+00:00","og_image":[{"width":728,"height":336,"url":"https:\/\/mhf.ro\/mm\/wp-content\/uploads\/2021\/04\/inmormantare-covid.jpg","type":"image\/jpeg"}],"author":"Marius Marcu","twitter_card":"summary_large_image","twitter_misc":{"Scris de":"Marius Marcu","Timp estimat pentru citire":"1 minut"},"schema":{"@context":"https:\/\/schema.org","@graph":[{"@type":"Article","@id":"https:\/\/mhf.ro\/mm\/romanii-nu-si-pot-ingropa-mortii\/#article","isPartOf":{"@id":"https:\/\/mhf.ro\/mm\/romanii-nu-si-pot-ingropa-mortii\/"},"author":{"name":"Marius Marcu","@id":"https:\/\/mhf.ro\/mm\/#\/schema\/person\/a3bebf7bdb4bf12f698aff73c7e46c21"},"headline":"Rom\u00e2nii nu-\u015fi pot \u00eengropa mor\u0163ii","datePublished":"2021-04-11T15:03:34+00:00","mainEntityOfPage":{"@id":"https:\/\/mhf.ro\/mm\/romanii-nu-si-pot-ingropa-mortii\/"},"wordCount":225,"commentCount":0,"publisher":{"@id":"https:\/\/mhf.ro\/mm\/#\/schema\/person\/a3bebf7bdb4bf12f698aff73c7e46c21"},"image":{"@id":"https:\/\/mhf.ro\/mm\/romanii-nu-si-pot-ingropa-mortii\/#primaryimage"},"thumbnailUrl":"https:\/\/mhf.ro\/mm\/wp-content\/uploads\/2021\/04\/inmormantare-covid.jpg","articleSection":["Locale"],"inLanguage":"ro-RO","potentialAction":[{"@type":"CommentAction","name":"Comment","target":["https:\/\/mhf.ro\/mm\/romanii-nu-si-pot-ingropa-mortii\/#respond"]}]},{"@type":"WebPage","@id":"https:\/\/mhf.ro\/mm\/romanii-nu-si-pot-ingropa-mortii\/","url":"https:\/\/mhf.ro\/mm\/romanii-nu-si-pot-ingropa-mortii\/","name":"Rom\u00e2nii nu-\u015fi pot \u00eengropa mor\u0163ii - MHF Photography","isPartOf":{"@id":"https:\/\/mhf.ro\/mm\/#website"},"primaryImageOfPage":{"@id":"https:\/\/mhf.ro\/mm\/romanii-nu-si-pot-ingropa-mortii\/#primaryimage"},"image":{"@id":"https:\/\/mhf.ro\/mm\/romanii-nu-si-pot-ingropa-mortii\/#primaryimage"},"thumbnailUrl":"https:\/\/mhf.ro\/mm\/wp-content\/uploads\/2021\/04\/inmormantare-covid.jpg","datePublished":"2021-04-11T15:03:34+00:00","breadcrumb":{"@id":"https:\/\/mhf.ro\/mm\/romanii-nu-si-pot-ingropa-mortii\/#breadcrumb"},"inLanguage":"ro-RO","potentialAction":[{"@type":"ReadAction","target":["https:\/\/mhf.ro\/mm\/romanii-nu-si-pot-ingropa-mortii\/"]}]},{"@type":"ImageObject","inLanguage":"ro-RO","@id":"https:\/\/mhf.ro\/mm\/romanii-nu-si-pot-ingropa-mortii\/#primaryimage","url":"https:\/\/mhf.ro\/mm\/wp-content\/uploads\/2021\/04\/inmormantare-covid.jpg","contentUrl":"https:\/\/mhf.ro\/mm\/wp-content\/uploads\/2021\/04\/inmormantare-covid.jpg","width":728,"height":336},{"@type":"BreadcrumbList","@id":"https:\/\/mhf.ro\/mm\/romanii-nu-si-pot-ingropa-mortii\/#breadcrumb","itemListElement":[{"@type":"ListItem","position":1,"name":"Prima pagin\u0103","item":"https:\/\/mhf.ro\/mm\/"},{"@type":"ListItem","position":2,"name":"Rom\u00e2nii nu-\u015fi pot \u00eengropa mor\u0163ii"}]},{"@type":"WebSite","@id":"https:\/\/mhf.ro\/mm\/#website","url":"https:\/\/mhf.ro\/mm\/","name":"MHF Photography \u2013 Blog de fotografie, natur\u0103 \u0219i tehnic\u0103 divers\u0103","description":"Aventur\u0103 \u00een fiecare cadru.","publisher":{"@id":"https:\/\/mhf.ro\/mm\/#\/schema\/person\/a3bebf7bdb4bf12f698aff73c7e46c21"},"potentialAction":[{"@type":"SearchAction","target":{"@type":"EntryPoint","urlTemplate":"https:\/\/mhf.ro\/mm\/?s={search_term_string}"},"query-input":{"@type":"PropertyValueSpecification","valueRequired":true,"valueName":"search_term_string"}}],"inLanguage":"ro-RO"},{"@type":["Person","Organization"],"@id":"https:\/\/mhf.ro\/mm\/#\/schema\/person\/a3bebf7bdb4bf12f698aff73c7e46c21","name":"Marius Marcu","image":{"@type":"ImageObject","inLanguage":"ro-RO","@id":"https:\/\/mhf.ro\/mm\/#\/schema\/person\/image\/","url":"https:\/\/mhf.ro\/mm\/wp-content\/uploads\/2025\/12\/cropped-logo_mhf_2.png","contentUrl":"https:\/\/mhf.ro\/mm\/wp-content\/uploads\/2025\/12\/cropped-logo_mhf_2.png","width":1096,"height":457,"caption":"Marius Marcu"},"logo":{"@id":"https:\/\/mhf.ro\/mm\/#\/schema\/person\/image\/"},"sameAs":["https:\/\/mhf.ro\/mm"],"url":"https:\/\/mhf.ro\/mm\/author\/mihai\/"}]}},"_links":{"self":[{"href":"https:\/\/mhf.ro\/mm\/wp-json\/wp\/v2\/posts\/4557","targetHints":{"allow":["GET"]}}],"collection":[{"href":"https:\/\/mhf.ro\/mm\/wp-json\/wp\/v2\/posts"}],"about":[{"href":"https:\/\/mhf.ro\/mm\/wp-json\/wp\/v2\/types\/post"}],"author":[{"embeddable":true,"href":"https:\/\/mhf.ro\/mm\/wp-json\/wp\/v2\/users\/1"}],"replies":[{"embeddable":true,"href":"https:\/\/mhf.ro\/mm\/wp-json\/wp\/v2\/comments?post=4557"}],"version-history":[{"count":1,"href":"https:\/\/mhf.ro\/mm\/wp-json\/wp\/v2\/posts\/4557\/revisions"}],"predecessor-version":[{"id":4559,"href":"https:\/\/mhf.ro\/mm\/wp-json\/wp\/v2\/posts\/4557\/revisions\/4559"}],"wp:featuredmedia":[{"embeddable":true,"href":"https:\/\/mhf.ro\/mm\/wp-json\/wp\/v2\/media\/4558"}],"wp:attachment":[{"href":"https:\/\/mhf.ro\/mm\/wp-json\/wp\/v2\/media?parent=4557"}],"wp:term":[{"taxonomy":"category","embeddable":true,"href":"https:\/\/mhf.ro\/mm\/wp-json\/wp\/v2\/categories?post=4557"},{"taxonomy":"post_tag","embeddable":true,"href":"https:\/\/mhf.ro\/mm\/wp-json\/wp\/v2\/tags?post=4557"}],"curies":[{"name":"wp","href":"https:\/\/api.w.org\/{rel}","templated":true}]}}