{"id":4560,"date":"2021-04-11T17:05:03","date_gmt":"2021-04-11T15:05:03","guid":{"rendered":"https:\/\/mhf.ro\/mm\/?p=4560"},"modified":"2021-04-11T17:05:03","modified_gmt":"2021-04-11T15:05:03","slug":"rares-bogdan-ii-cere-socoteala-lui-raed-arafat","status":"publish","type":"post","link":"https:\/\/mhf.ro\/mm\/rares-bogdan-ii-cere-socoteala-lui-raed-arafat\/","title":{"rendered":"Rare\u0219 Bogdan \u00eei cere socoteal\u0103 lui Raed Arafat"},"content":{"rendered":"<p>Europarlamentarul Rare\u0219 Bogdan, prim-vicepre\u0219edintele PNL ia atitudine dup\u0103 evacuarea zecilor de pacien\u021bi de la Spitalul de Ortopedie Foi\u0219or.<\/p>\n<p>Acesta a declarat la Rom\u00e2nia TV:<\/p>\n<p>\u201e\u0218tiu c\u0103 sunt 1000 de apeluri la salvare \u00een Bucure\u0219ti. Dar nu \u00een\u021beleg de ce nu erau \u00een curtea spitalului la Foi\u0219or \u0219i de ce au fost sco\u0219i oameni \u00een bra\u021be\u2026 Eu am v\u0103zut multe la via\u021ba mea. Am fost la multe proteste \u0219i \u00eei \u00een\u021beleg pe cei care ies \u00een strad\u0103. Asta \u00eenseamn\u0103 c\u0103 democra\u021bia func\u021bioneaz\u0103.<\/p>\n<p>Simt c\u0103 lucrurile o iau razna. Am tot dreptul s\u0103 cer r\u0103spunsuri: cer ca domnul Raed Arafat, de care sincer m-am cam s\u0103turat, nu exist\u0103 oameni de ne\u00eenlocuit\u2026 Oamenii ace\u015ftia trebuie s\u0103 dea r\u0103spunsuri.<\/p>\n<p>Raed Arafat nu st\u0103 la putere pentru c\u0103 e Raed Arafat. Nu poate s\u0103 \u021bin\u0103 capul plecat \u0219i s\u0103 se ascund\u0103. Cu mine nu se va juca! A\u0219a cum am ie\u0219it \u00een strad\u0103 \u00een urm\u0103 cu 9 ani, a\u0219a \u00eei spun acum: d\u0103-mi r\u0103spunsuri! Nu mai merge. Trebuie s\u0103 se prezinte luni cu un raport.<\/p>\n<p>Nicu\u0219or Dan trebuie s\u0103 ne explice care a fost comunicarea \u00eentre el \u0219i Spitalul Foi\u0219or\u201d.(conf jurnalist.ro)<\/p>\n","protected":false},"excerpt":{"rendered":"<p>Europarlamentarul Rare\u0219 Bogdan, prim-vicepre\u0219edintele PNL ia atitudine dup\u0103 evacuarea zecilor de pacien\u021bi de la Spitalul de Ortopedie Foi\u0219or. Acesta a<\/p>\n","protected":false},"author":1,"featured_media":4561,"comment_status":"open","ping_status":"open","sticky":false,"template":"","format":"standard","meta":{"colormag_page_container_layout":"default_layout","colormag_page_sidebar_layout":"default_layout","footnotes":""},"categories":[8],"tags":[],"class_list":["post-4560","post","type-post","status-publish","format-standard","has-post-thumbnail","hentry","category-div"],"yoast_head":"<!-- This site is optimized with the Yoast SEO plugin v27.0 - https:\/\/yoast.com\/product\/yoast-seo-wordpress\/ -->\n<title>Rare\u0219 Bogdan \u00eei cere socoteal\u0103 lui Raed Arafat - MHF Photography<\/title>\n<meta name=\"robots\" content=\"index, follow, max-snippet:-1, max-image-preview:large, max-video-preview:-1\" \/>\n<link rel=\"canonical\" href=\"https:\/\/mhf.ro\/mm\/rares-bogdan-ii-cere-socoteala-lui-raed-arafat\/\" \/>\n<meta property=\"og:locale\" content=\"ro_RO\" \/>\n<meta property=\"og:type\" content=\"article\" \/>\n<meta property=\"og:title\" content=\"Rare\u0219 Bogdan \u00eei cere socoteal\u0103 lui Raed Arafat - MHF Photography\" \/>\n<meta property=\"og:description\" content=\"Europarlamentarul Rare\u0219 Bogdan, prim-vicepre\u0219edintele PNL ia atitudine dup\u0103 evacuarea zecilor de pacien\u021bi de la Spitalul de Ortopedie Foi\u0219or. Acesta a\" \/>\n<meta property=\"og:url\" content=\"https:\/\/mhf.ro\/mm\/rares-bogdan-ii-cere-socoteala-lui-raed-arafat\/\" \/>\n<meta property=\"og:site_name\" content=\"MHF Photography\" \/>\n<meta property=\"article:published_time\" content=\"2021-04-11T15:05:03+00:00\" \/>\n<meta property=\"og:image\" content=\"https:\/\/mhf.ro\/mm\/wp-content\/uploads\/2021\/04\/rares-bogdan-1.jpg\" \/>\n\t<meta property=\"og:image:width\" content=\"1000\" \/>\n\t<meta property=\"og:image:height\" content=\"492\" \/>\n\t<meta property=\"og:image:type\" content=\"image\/jpeg\" \/>\n<meta name=\"author\" content=\"Marius Marcu\" \/>\n<meta name=\"twitter:card\" content=\"summary_large_image\" \/>\n<meta name=\"twitter:label1\" content=\"Scris de\" \/>\n\t<meta name=\"twitter:data1\" content=\"Marius Marcu\" \/>\n\t<meta name=\"twitter:label2\" content=\"Timp estimat pentru citire\" \/>\n\t<meta name=\"twitter:data2\" content=\"1 minut\" \/>\n<script type=\"application\/ld+json\" class=\"yoast-schema-graph\">{\"@context\":\"https:\/\/schema.org\",\"@graph\":[{\"@type\":\"Article\",\"@id\":\"https:\/\/mhf.ro\/mm\/rares-bogdan-ii-cere-socoteala-lui-raed-arafat\/#article\",\"isPartOf\":{\"@id\":\"https:\/\/mhf.ro\/mm\/rares-bogdan-ii-cere-socoteala-lui-raed-arafat\/\"},\"author\":{\"name\":\"Marius Marcu\",\"@id\":\"https:\/\/mhf.ro\/mm\/#\/schema\/person\/a3bebf7bdb4bf12f698aff73c7e46c21\"},\"headline\":\"Rare\u0219 Bogdan \u00eei cere socoteal\u0103 lui Raed Arafat\",\"datePublished\":\"2021-04-11T15:05:03+00:00\",\"mainEntityOfPage\":{\"@id\":\"https:\/\/mhf.ro\/mm\/rares-bogdan-ii-cere-socoteala-lui-raed-arafat\/\"},\"wordCount\":220,\"commentCount\":0,\"publisher\":{\"@id\":\"https:\/\/mhf.ro\/mm\/#\/schema\/person\/a3bebf7bdb4bf12f698aff73c7e46c21\"},\"image\":{\"@id\":\"https:\/\/mhf.ro\/mm\/rares-bogdan-ii-cere-socoteala-lui-raed-arafat\/#primaryimage\"},\"thumbnailUrl\":\"https:\/\/mhf.ro\/mm\/wp-content\/uploads\/2021\/04\/rares-bogdan-1.jpg\",\"articleSection\":[\"Diverse\"],\"inLanguage\":\"ro-RO\",\"potentialAction\":[{\"@type\":\"CommentAction\",\"name\":\"Comment\",\"target\":[\"https:\/\/mhf.ro\/mm\/rares-bogdan-ii-cere-socoteala-lui-raed-arafat\/#respond\"]}]},{\"@type\":\"WebPage\",\"@id\":\"https:\/\/mhf.ro\/mm\/rares-bogdan-ii-cere-socoteala-lui-raed-arafat\/\",\"url\":\"https:\/\/mhf.ro\/mm\/rares-bogdan-ii-cere-socoteala-lui-raed-arafat\/\",\"name\":\"Rare\u0219 Bogdan \u00eei cere socoteal\u0103 lui Raed Arafat - MHF Photography\",\"isPartOf\":{\"@id\":\"https:\/\/mhf.ro\/mm\/#website\"},\"primaryImageOfPage\":{\"@id\":\"https:\/\/mhf.ro\/mm\/rares-bogdan-ii-cere-socoteala-lui-raed-arafat\/#primaryimage\"},\"image\":{\"@id\":\"https:\/\/mhf.ro\/mm\/rares-bogdan-ii-cere-socoteala-lui-raed-arafat\/#primaryimage\"},\"thumbnailUrl\":\"https:\/\/mhf.ro\/mm\/wp-content\/uploads\/2021\/04\/rares-bogdan-1.jpg\",\"datePublished\":\"2021-04-11T15:05:03+00:00\",\"breadcrumb\":{\"@id\":\"https:\/\/mhf.ro\/mm\/rares-bogdan-ii-cere-socoteala-lui-raed-arafat\/#breadcrumb\"},\"inLanguage\":\"ro-RO\",\"potentialAction\":[{\"@type\":\"ReadAction\",\"target\":[\"https:\/\/mhf.ro\/mm\/rares-bogdan-ii-cere-socoteala-lui-raed-arafat\/\"]}]},{\"@type\":\"ImageObject\",\"inLanguage\":\"ro-RO\",\"@id\":\"https:\/\/mhf.ro\/mm\/rares-bogdan-ii-cere-socoteala-lui-raed-arafat\/#primaryimage\",\"url\":\"https:\/\/mhf.ro\/mm\/wp-content\/uploads\/2021\/04\/rares-bogdan-1.jpg\",\"contentUrl\":\"https:\/\/mhf.ro\/mm\/wp-content\/uploads\/2021\/04\/rares-bogdan-1.jpg\",\"width\":1000,\"height\":492},{\"@type\":\"BreadcrumbList\",\"@id\":\"https:\/\/mhf.ro\/mm\/rares-bogdan-ii-cere-socoteala-lui-raed-arafat\/#breadcrumb\",\"itemListElement\":[{\"@type\":\"ListItem\",\"position\":1,\"name\":\"Prima pagin\u0103\",\"item\":\"https:\/\/mhf.ro\/mm\/\"},{\"@type\":\"ListItem\",\"position\":2,\"name\":\"Rare\u0219 Bogdan \u00eei cere socoteal\u0103 lui Raed Arafat\"}]},{\"@type\":\"WebSite\",\"@id\":\"https:\/\/mhf.ro\/mm\/#website\",\"url\":\"https:\/\/mhf.ro\/mm\/\",\"name\":\"MHF Photography \u2013 Blog de fotografie, natur\u0103 \u0219i tehnic\u0103 divers\u0103\",\"description\":\"Aventur\u0103 \u00een fiecare cadru.\",\"publisher\":{\"@id\":\"https:\/\/mhf.ro\/mm\/#\/schema\/person\/a3bebf7bdb4bf12f698aff73c7e46c21\"},\"potentialAction\":[{\"@type\":\"SearchAction\",\"target\":{\"@type\":\"EntryPoint\",\"urlTemplate\":\"https:\/\/mhf.ro\/mm\/?s={search_term_string}\"},\"query-input\":{\"@type\":\"PropertyValueSpecification\",\"valueRequired\":true,\"valueName\":\"search_term_string\"}}],\"inLanguage\":\"ro-RO\"},{\"@type\":[\"Person\",\"Organization\"],\"@id\":\"https:\/\/mhf.ro\/mm\/#\/schema\/person\/a3bebf7bdb4bf12f698aff73c7e46c21\",\"name\":\"Marius Marcu\",\"image\":{\"@type\":\"ImageObject\",\"inLanguage\":\"ro-RO\",\"@id\":\"https:\/\/mhf.ro\/mm\/#\/schema\/person\/image\/\",\"url\":\"https:\/\/mhf.ro\/mm\/wp-content\/uploads\/2025\/12\/cropped-logo_mhf_2.png\",\"contentUrl\":\"https:\/\/mhf.ro\/mm\/wp-content\/uploads\/2025\/12\/cropped-logo_mhf_2.png\",\"width\":1096,\"height\":457,\"caption\":\"Marius Marcu\"},\"logo\":{\"@id\":\"https:\/\/mhf.ro\/mm\/#\/schema\/person\/image\/\"},\"sameAs\":[\"https:\/\/mhf.ro\/mm\"],\"url\":\"https:\/\/mhf.ro\/mm\/author\/mihai\/\"}]}<\/script>\n<!-- \/ Yoast SEO plugin. -->","yoast_head_json":{"title":"Rare\u0219 Bogdan \u00eei cere socoteal\u0103 lui Raed Arafat - MHF Photography","robots":{"index":"index","follow":"follow","max-snippet":"max-snippet:-1","max-image-preview":"max-image-preview:large","max-video-preview":"max-video-preview:-1"},"canonical":"https:\/\/mhf.ro\/mm\/rares-bogdan-ii-cere-socoteala-lui-raed-arafat\/","og_locale":"ro_RO","og_type":"article","og_title":"Rare\u0219 Bogdan \u00eei cere socoteal\u0103 lui Raed Arafat - MHF Photography","og_description":"Europarlamentarul Rare\u0219 Bogdan, prim-vicepre\u0219edintele PNL ia atitudine dup\u0103 evacuarea zecilor de pacien\u021bi de la Spitalul de Ortopedie Foi\u0219or. Acesta a","og_url":"https:\/\/mhf.ro\/mm\/rares-bogdan-ii-cere-socoteala-lui-raed-arafat\/","og_site_name":"MHF Photography","article_published_time":"2021-04-11T15:05:03+00:00","og_image":[{"width":1000,"height":492,"url":"https:\/\/mhf.ro\/mm\/wp-content\/uploads\/2021\/04\/rares-bogdan-1.jpg","type":"image\/jpeg"}],"author":"Marius Marcu","twitter_card":"summary_large_image","twitter_misc":{"Scris de":"Marius Marcu","Timp estimat pentru citire":"1 minut"},"schema":{"@context":"https:\/\/schema.org","@graph":[{"@type":"Article","@id":"https:\/\/mhf.ro\/mm\/rares-bogdan-ii-cere-socoteala-lui-raed-arafat\/#article","isPartOf":{"@id":"https:\/\/mhf.ro\/mm\/rares-bogdan-ii-cere-socoteala-lui-raed-arafat\/"},"author":{"name":"Marius Marcu","@id":"https:\/\/mhf.ro\/mm\/#\/schema\/person\/a3bebf7bdb4bf12f698aff73c7e46c21"},"headline":"Rare\u0219 Bogdan \u00eei cere socoteal\u0103 lui Raed Arafat","datePublished":"2021-04-11T15:05:03+00:00","mainEntityOfPage":{"@id":"https:\/\/mhf.ro\/mm\/rares-bogdan-ii-cere-socoteala-lui-raed-arafat\/"},"wordCount":220,"commentCount":0,"publisher":{"@id":"https:\/\/mhf.ro\/mm\/#\/schema\/person\/a3bebf7bdb4bf12f698aff73c7e46c21"},"image":{"@id":"https:\/\/mhf.ro\/mm\/rares-bogdan-ii-cere-socoteala-lui-raed-arafat\/#primaryimage"},"thumbnailUrl":"https:\/\/mhf.ro\/mm\/wp-content\/uploads\/2021\/04\/rares-bogdan-1.jpg","articleSection":["Diverse"],"inLanguage":"ro-RO","potentialAction":[{"@type":"CommentAction","name":"Comment","target":["https:\/\/mhf.ro\/mm\/rares-bogdan-ii-cere-socoteala-lui-raed-arafat\/#respond"]}]},{"@type":"WebPage","@id":"https:\/\/mhf.ro\/mm\/rares-bogdan-ii-cere-socoteala-lui-raed-arafat\/","url":"https:\/\/mhf.ro\/mm\/rares-bogdan-ii-cere-socoteala-lui-raed-arafat\/","name":"Rare\u0219 Bogdan \u00eei cere socoteal\u0103 lui Raed Arafat - MHF Photography","isPartOf":{"@id":"https:\/\/mhf.ro\/mm\/#website"},"primaryImageOfPage":{"@id":"https:\/\/mhf.ro\/mm\/rares-bogdan-ii-cere-socoteala-lui-raed-arafat\/#primaryimage"},"image":{"@id":"https:\/\/mhf.ro\/mm\/rares-bogdan-ii-cere-socoteala-lui-raed-arafat\/#primaryimage"},"thumbnailUrl":"https:\/\/mhf.ro\/mm\/wp-content\/uploads\/2021\/04\/rares-bogdan-1.jpg","datePublished":"2021-04-11T15:05:03+00:00","breadcrumb":{"@id":"https:\/\/mhf.ro\/mm\/rares-bogdan-ii-cere-socoteala-lui-raed-arafat\/#breadcrumb"},"inLanguage":"ro-RO","potentialAction":[{"@type":"ReadAction","target":["https:\/\/mhf.ro\/mm\/rares-bogdan-ii-cere-socoteala-lui-raed-arafat\/"]}]},{"@type":"ImageObject","inLanguage":"ro-RO","@id":"https:\/\/mhf.ro\/mm\/rares-bogdan-ii-cere-socoteala-lui-raed-arafat\/#primaryimage","url":"https:\/\/mhf.ro\/mm\/wp-content\/uploads\/2021\/04\/rares-bogdan-1.jpg","contentUrl":"https:\/\/mhf.ro\/mm\/wp-content\/uploads\/2021\/04\/rares-bogdan-1.jpg","width":1000,"height":492},{"@type":"BreadcrumbList","@id":"https:\/\/mhf.ro\/mm\/rares-bogdan-ii-cere-socoteala-lui-raed-arafat\/#breadcrumb","itemListElement":[{"@type":"ListItem","position":1,"name":"Prima pagin\u0103","item":"https:\/\/mhf.ro\/mm\/"},{"@type":"ListItem","position":2,"name":"Rare\u0219 Bogdan \u00eei cere socoteal\u0103 lui Raed Arafat"}]},{"@type":"WebSite","@id":"https:\/\/mhf.ro\/mm\/#website","url":"https:\/\/mhf.ro\/mm\/","name":"MHF Photography \u2013 Blog de fotografie, natur\u0103 \u0219i tehnic\u0103 divers\u0103","description":"Aventur\u0103 \u00een fiecare cadru.","publisher":{"@id":"https:\/\/mhf.ro\/mm\/#\/schema\/person\/a3bebf7bdb4bf12f698aff73c7e46c21"},"potentialAction":[{"@type":"SearchAction","target":{"@type":"EntryPoint","urlTemplate":"https:\/\/mhf.ro\/mm\/?s={search_term_string}"},"query-input":{"@type":"PropertyValueSpecification","valueRequired":true,"valueName":"search_term_string"}}],"inLanguage":"ro-RO"},{"@type":["Person","Organization"],"@id":"https:\/\/mhf.ro\/mm\/#\/schema\/person\/a3bebf7bdb4bf12f698aff73c7e46c21","name":"Marius Marcu","image":{"@type":"ImageObject","inLanguage":"ro-RO","@id":"https:\/\/mhf.ro\/mm\/#\/schema\/person\/image\/","url":"https:\/\/mhf.ro\/mm\/wp-content\/uploads\/2025\/12\/cropped-logo_mhf_2.png","contentUrl":"https:\/\/mhf.ro\/mm\/wp-content\/uploads\/2025\/12\/cropped-logo_mhf_2.png","width":1096,"height":457,"caption":"Marius Marcu"},"logo":{"@id":"https:\/\/mhf.ro\/mm\/#\/schema\/person\/image\/"},"sameAs":["https:\/\/mhf.ro\/mm"],"url":"https:\/\/mhf.ro\/mm\/author\/mihai\/"}]}},"_links":{"self":[{"href":"https:\/\/mhf.ro\/mm\/wp-json\/wp\/v2\/posts\/4560","targetHints":{"allow":["GET"]}}],"collection":[{"href":"https:\/\/mhf.ro\/mm\/wp-json\/wp\/v2\/posts"}],"about":[{"href":"https:\/\/mhf.ro\/mm\/wp-json\/wp\/v2\/types\/post"}],"author":[{"embeddable":true,"href":"https:\/\/mhf.ro\/mm\/wp-json\/wp\/v2\/users\/1"}],"replies":[{"embeddable":true,"href":"https:\/\/mhf.ro\/mm\/wp-json\/wp\/v2\/comments?post=4560"}],"version-history":[{"count":1,"href":"https:\/\/mhf.ro\/mm\/wp-json\/wp\/v2\/posts\/4560\/revisions"}],"predecessor-version":[{"id":4562,"href":"https:\/\/mhf.ro\/mm\/wp-json\/wp\/v2\/posts\/4560\/revisions\/4562"}],"wp:featuredmedia":[{"embeddable":true,"href":"https:\/\/mhf.ro\/mm\/wp-json\/wp\/v2\/media\/4561"}],"wp:attachment":[{"href":"https:\/\/mhf.ro\/mm\/wp-json\/wp\/v2\/media?parent=4560"}],"wp:term":[{"taxonomy":"category","embeddable":true,"href":"https:\/\/mhf.ro\/mm\/wp-json\/wp\/v2\/categories?post=4560"},{"taxonomy":"post_tag","embeddable":true,"href":"https:\/\/mhf.ro\/mm\/wp-json\/wp\/v2\/tags?post=4560"}],"curies":[{"name":"wp","href":"https:\/\/api.w.org\/{rel}","templated":true}]}}