{"id":4564,"date":"2021-04-12T07:15:46","date_gmt":"2021-04-12T05:15:46","guid":{"rendered":"https:\/\/mhf.ro\/mm\/?p=4564"},"modified":"2021-04-12T10:21:44","modified_gmt":"2021-04-12T08:21:44","slug":"italia-relaxeaza-restrctiile","status":"publish","type":"post","link":"https:\/\/mhf.ro\/mm\/italia-relaxeaza-restrctiile\/","title":{"rendered":"Italia relaxeaz\u0103 restric\u021biile"},"content":{"rendered":"<p><strong>Noile infec\u021bii au sc\u0103zut cu 30% \u00een ultimele cinci zile, comparativ cu aceea\u0219i perioad\u0103 a s\u0103pt\u0103m\u00e2nii trecute, asa c\u0103 Ministerul S\u0103n\u0103t\u0103\u021bii din Italia a decis ca restric\u021biile din Italia vor fi relaxate, de luni, \u00een \u0219ase regiuni.<\/strong><\/p>\n<p>Nordul \u021b\u0103rii, partea cea mai afectat\u0103 de epidemie, va ie\u0219i din zona ro\u0219ie \u0219i va intra \u00een cea portocalie. Insula Sardinia este singura regiune care trece de la portocaliu la ro\u0219u, de\u0219i \u00een urm\u0103 cu o lun\u0103 era singura regiune \u00een \u201ezona alb\u0103\u201d. Via\u021ba de zi cu zi era aproape normal\u0103, \u00eens\u0103 infec\u021biile au crescut.<\/p>\n<p>De luni Italia devine portocalie, cu doar 4 regiuni \u00een zona ro\u0219u, inclusiv Sardinia, potrivit ANSA.<\/p>\n<p>Roberto Speranza, Ministrul S\u0103n\u0103t\u0103\u021bii declar\u0103 c\u0103 \u201eRestric\u021biile \u0219i zonele ro\u0219ii aduc primele rezultate, dar contextul este \u00eenc\u0103 foarte complicat \u0219i trebuie s\u0103 fim foarte precau\u021bi\u201d.<\/p>\n<p>Potrivit Ministerului S\u0103n\u0103t\u0103\u021bii, vineri s-au \u00eenregistrat 18.938 de cazuri noi fa\u021b\u0103 de 17.221 joi.<\/p>\n<p>Totu\u0219i, 11,4 milioane de italieni r\u0103m\u00e2n \u00een zona ro\u0219ie: cei din Campania, Puglia, Valle d\u2019Aosta \u0219i Sardinia. (conf. jurnalist.ro)<\/p>\n","protected":false},"excerpt":{"rendered":"<p>Noile infec\u021bii au sc\u0103zut cu 30% \u00een ultimele cinci zile, comparativ cu aceea\u0219i perioad\u0103 a s\u0103pt\u0103m\u00e2nii trecute, asa c\u0103 Ministerul<\/p>\n","protected":false},"author":1,"featured_media":4565,"comment_status":"open","ping_status":"open","sticky":false,"template":"","format":"standard","meta":{"colormag_page_container_layout":"default_layout","colormag_page_sidebar_layout":"default_layout","footnotes":""},"categories":[5],"tags":[],"class_list":["post-4564","post","type-post","status-publish","format-standard","has-post-thumbnail","hentry","category-locale"],"yoast_head":"<!-- This site is optimized with the Yoast SEO plugin v27.0 - https:\/\/yoast.com\/product\/yoast-seo-wordpress\/ -->\n<title>Italia relaxeaz\u0103 restric\u021biile - MHF Photography<\/title>\n<meta name=\"robots\" content=\"index, follow, max-snippet:-1, max-image-preview:large, max-video-preview:-1\" \/>\n<link rel=\"canonical\" href=\"https:\/\/mhf.ro\/mm\/italia-relaxeaza-restrctiile\/\" \/>\n<meta property=\"og:locale\" content=\"ro_RO\" \/>\n<meta property=\"og:type\" content=\"article\" \/>\n<meta property=\"og:title\" content=\"Italia relaxeaz\u0103 restric\u021biile - MHF Photography\" \/>\n<meta property=\"og:description\" content=\"Noile infec\u021bii au sc\u0103zut cu 30% \u00een ultimele cinci zile, comparativ cu aceea\u0219i perioad\u0103 a s\u0103pt\u0103m\u00e2nii trecute, asa c\u0103 Ministerul\" \/>\n<meta property=\"og:url\" content=\"https:\/\/mhf.ro\/mm\/italia-relaxeaza-restrctiile\/\" \/>\n<meta property=\"og:site_name\" content=\"MHF Photography\" \/>\n<meta property=\"article:published_time\" content=\"2021-04-12T05:15:46+00:00\" \/>\n<meta property=\"article:modified_time\" content=\"2021-04-12T08:21:44+00:00\" \/>\n<meta property=\"og:image\" content=\"https:\/\/mhf.ro\/mm\/wp-content\/uploads\/2021\/04\/Romania-carantina-risc-COVID_19.jpg\" \/>\n\t<meta property=\"og:image:width\" content=\"500\" \/>\n\t<meta property=\"og:image:height\" content=\"400\" \/>\n\t<meta property=\"og:image:type\" content=\"image\/jpeg\" \/>\n<meta name=\"author\" content=\"Marius Marcu\" \/>\n<meta name=\"twitter:card\" content=\"summary_large_image\" \/>\n<meta name=\"twitter:label1\" content=\"Scris de\" \/>\n\t<meta name=\"twitter:data1\" content=\"Marius Marcu\" \/>\n\t<meta name=\"twitter:label2\" content=\"Timp estimat pentru citire\" \/>\n\t<meta name=\"twitter:data2\" content=\"1 minut\" \/>\n<script type=\"application\/ld+json\" class=\"yoast-schema-graph\">{\"@context\":\"https:\/\/schema.org\",\"@graph\":[{\"@type\":\"Article\",\"@id\":\"https:\/\/mhf.ro\/mm\/italia-relaxeaza-restrctiile\/#article\",\"isPartOf\":{\"@id\":\"https:\/\/mhf.ro\/mm\/italia-relaxeaza-restrctiile\/\"},\"author\":{\"name\":\"Marius Marcu\",\"@id\":\"https:\/\/mhf.ro\/mm\/#\/schema\/person\/a3bebf7bdb4bf12f698aff73c7e46c21\"},\"headline\":\"Italia relaxeaz\u0103 restric\u021biile\",\"datePublished\":\"2021-04-12T05:15:46+00:00\",\"dateModified\":\"2021-04-12T08:21:44+00:00\",\"mainEntityOfPage\":{\"@id\":\"https:\/\/mhf.ro\/mm\/italia-relaxeaza-restrctiile\/\"},\"wordCount\":197,\"commentCount\":0,\"publisher\":{\"@id\":\"https:\/\/mhf.ro\/mm\/#\/schema\/person\/a3bebf7bdb4bf12f698aff73c7e46c21\"},\"image\":{\"@id\":\"https:\/\/mhf.ro\/mm\/italia-relaxeaza-restrctiile\/#primaryimage\"},\"thumbnailUrl\":\"https:\/\/mhf.ro\/mm\/wp-content\/uploads\/2021\/04\/Romania-carantina-risc-COVID_19.jpg\",\"articleSection\":[\"Locale\"],\"inLanguage\":\"ro-RO\",\"potentialAction\":[{\"@type\":\"CommentAction\",\"name\":\"Comment\",\"target\":[\"https:\/\/mhf.ro\/mm\/italia-relaxeaza-restrctiile\/#respond\"]}]},{\"@type\":\"WebPage\",\"@id\":\"https:\/\/mhf.ro\/mm\/italia-relaxeaza-restrctiile\/\",\"url\":\"https:\/\/mhf.ro\/mm\/italia-relaxeaza-restrctiile\/\",\"name\":\"Italia relaxeaz\u0103 restric\u021biile - MHF Photography\",\"isPartOf\":{\"@id\":\"https:\/\/mhf.ro\/mm\/#website\"},\"primaryImageOfPage\":{\"@id\":\"https:\/\/mhf.ro\/mm\/italia-relaxeaza-restrctiile\/#primaryimage\"},\"image\":{\"@id\":\"https:\/\/mhf.ro\/mm\/italia-relaxeaza-restrctiile\/#primaryimage\"},\"thumbnailUrl\":\"https:\/\/mhf.ro\/mm\/wp-content\/uploads\/2021\/04\/Romania-carantina-risc-COVID_19.jpg\",\"datePublished\":\"2021-04-12T05:15:46+00:00\",\"dateModified\":\"2021-04-12T08:21:44+00:00\",\"breadcrumb\":{\"@id\":\"https:\/\/mhf.ro\/mm\/italia-relaxeaza-restrctiile\/#breadcrumb\"},\"inLanguage\":\"ro-RO\",\"potentialAction\":[{\"@type\":\"ReadAction\",\"target\":[\"https:\/\/mhf.ro\/mm\/italia-relaxeaza-restrctiile\/\"]}]},{\"@type\":\"ImageObject\",\"inLanguage\":\"ro-RO\",\"@id\":\"https:\/\/mhf.ro\/mm\/italia-relaxeaza-restrctiile\/#primaryimage\",\"url\":\"https:\/\/mhf.ro\/mm\/wp-content\/uploads\/2021\/04\/Romania-carantina-risc-COVID_19.jpg\",\"contentUrl\":\"https:\/\/mhf.ro\/mm\/wp-content\/uploads\/2021\/04\/Romania-carantina-risc-COVID_19.jpg\",\"width\":500,\"height\":400},{\"@type\":\"BreadcrumbList\",\"@id\":\"https:\/\/mhf.ro\/mm\/italia-relaxeaza-restrctiile\/#breadcrumb\",\"itemListElement\":[{\"@type\":\"ListItem\",\"position\":1,\"name\":\"Prima pagin\u0103\",\"item\":\"https:\/\/mhf.ro\/mm\/\"},{\"@type\":\"ListItem\",\"position\":2,\"name\":\"Italia relaxeaz\u0103 restric\u021biile\"}]},{\"@type\":\"WebSite\",\"@id\":\"https:\/\/mhf.ro\/mm\/#website\",\"url\":\"https:\/\/mhf.ro\/mm\/\",\"name\":\"MHF Photography \u2013 Blog de fotografie, natur\u0103 \u0219i tehnic\u0103 divers\u0103\",\"description\":\"Aventur\u0103 \u00een fiecare cadru.\",\"publisher\":{\"@id\":\"https:\/\/mhf.ro\/mm\/#\/schema\/person\/a3bebf7bdb4bf12f698aff73c7e46c21\"},\"potentialAction\":[{\"@type\":\"SearchAction\",\"target\":{\"@type\":\"EntryPoint\",\"urlTemplate\":\"https:\/\/mhf.ro\/mm\/?s={search_term_string}\"},\"query-input\":{\"@type\":\"PropertyValueSpecification\",\"valueRequired\":true,\"valueName\":\"search_term_string\"}}],\"inLanguage\":\"ro-RO\"},{\"@type\":[\"Person\",\"Organization\"],\"@id\":\"https:\/\/mhf.ro\/mm\/#\/schema\/person\/a3bebf7bdb4bf12f698aff73c7e46c21\",\"name\":\"Marius Marcu\",\"image\":{\"@type\":\"ImageObject\",\"inLanguage\":\"ro-RO\",\"@id\":\"https:\/\/mhf.ro\/mm\/#\/schema\/person\/image\/\",\"url\":\"https:\/\/mhf.ro\/mm\/wp-content\/uploads\/2025\/12\/cropped-logo_mhf_2.png\",\"contentUrl\":\"https:\/\/mhf.ro\/mm\/wp-content\/uploads\/2025\/12\/cropped-logo_mhf_2.png\",\"width\":1096,\"height\":457,\"caption\":\"Marius Marcu\"},\"logo\":{\"@id\":\"https:\/\/mhf.ro\/mm\/#\/schema\/person\/image\/\"},\"sameAs\":[\"https:\/\/mhf.ro\/mm\"],\"url\":\"https:\/\/mhf.ro\/mm\/author\/mihai\/\"}]}<\/script>\n<!-- \/ Yoast SEO plugin. -->","yoast_head_json":{"title":"Italia relaxeaz\u0103 restric\u021biile - MHF Photography","robots":{"index":"index","follow":"follow","max-snippet":"max-snippet:-1","max-image-preview":"max-image-preview:large","max-video-preview":"max-video-preview:-1"},"canonical":"https:\/\/mhf.ro\/mm\/italia-relaxeaza-restrctiile\/","og_locale":"ro_RO","og_type":"article","og_title":"Italia relaxeaz\u0103 restric\u021biile - MHF Photography","og_description":"Noile infec\u021bii au sc\u0103zut cu 30% \u00een ultimele cinci zile, comparativ cu aceea\u0219i perioad\u0103 a s\u0103pt\u0103m\u00e2nii trecute, asa c\u0103 Ministerul","og_url":"https:\/\/mhf.ro\/mm\/italia-relaxeaza-restrctiile\/","og_site_name":"MHF Photography","article_published_time":"2021-04-12T05:15:46+00:00","article_modified_time":"2021-04-12T08:21:44+00:00","og_image":[{"width":500,"height":400,"url":"https:\/\/mhf.ro\/mm\/wp-content\/uploads\/2021\/04\/Romania-carantina-risc-COVID_19.jpg","type":"image\/jpeg"}],"author":"Marius Marcu","twitter_card":"summary_large_image","twitter_misc":{"Scris de":"Marius Marcu","Timp estimat pentru citire":"1 minut"},"schema":{"@context":"https:\/\/schema.org","@graph":[{"@type":"Article","@id":"https:\/\/mhf.ro\/mm\/italia-relaxeaza-restrctiile\/#article","isPartOf":{"@id":"https:\/\/mhf.ro\/mm\/italia-relaxeaza-restrctiile\/"},"author":{"name":"Marius Marcu","@id":"https:\/\/mhf.ro\/mm\/#\/schema\/person\/a3bebf7bdb4bf12f698aff73c7e46c21"},"headline":"Italia relaxeaz\u0103 restric\u021biile","datePublished":"2021-04-12T05:15:46+00:00","dateModified":"2021-04-12T08:21:44+00:00","mainEntityOfPage":{"@id":"https:\/\/mhf.ro\/mm\/italia-relaxeaza-restrctiile\/"},"wordCount":197,"commentCount":0,"publisher":{"@id":"https:\/\/mhf.ro\/mm\/#\/schema\/person\/a3bebf7bdb4bf12f698aff73c7e46c21"},"image":{"@id":"https:\/\/mhf.ro\/mm\/italia-relaxeaza-restrctiile\/#primaryimage"},"thumbnailUrl":"https:\/\/mhf.ro\/mm\/wp-content\/uploads\/2021\/04\/Romania-carantina-risc-COVID_19.jpg","articleSection":["Locale"],"inLanguage":"ro-RO","potentialAction":[{"@type":"CommentAction","name":"Comment","target":["https:\/\/mhf.ro\/mm\/italia-relaxeaza-restrctiile\/#respond"]}]},{"@type":"WebPage","@id":"https:\/\/mhf.ro\/mm\/italia-relaxeaza-restrctiile\/","url":"https:\/\/mhf.ro\/mm\/italia-relaxeaza-restrctiile\/","name":"Italia relaxeaz\u0103 restric\u021biile - MHF Photography","isPartOf":{"@id":"https:\/\/mhf.ro\/mm\/#website"},"primaryImageOfPage":{"@id":"https:\/\/mhf.ro\/mm\/italia-relaxeaza-restrctiile\/#primaryimage"},"image":{"@id":"https:\/\/mhf.ro\/mm\/italia-relaxeaza-restrctiile\/#primaryimage"},"thumbnailUrl":"https:\/\/mhf.ro\/mm\/wp-content\/uploads\/2021\/04\/Romania-carantina-risc-COVID_19.jpg","datePublished":"2021-04-12T05:15:46+00:00","dateModified":"2021-04-12T08:21:44+00:00","breadcrumb":{"@id":"https:\/\/mhf.ro\/mm\/italia-relaxeaza-restrctiile\/#breadcrumb"},"inLanguage":"ro-RO","potentialAction":[{"@type":"ReadAction","target":["https:\/\/mhf.ro\/mm\/italia-relaxeaza-restrctiile\/"]}]},{"@type":"ImageObject","inLanguage":"ro-RO","@id":"https:\/\/mhf.ro\/mm\/italia-relaxeaza-restrctiile\/#primaryimage","url":"https:\/\/mhf.ro\/mm\/wp-content\/uploads\/2021\/04\/Romania-carantina-risc-COVID_19.jpg","contentUrl":"https:\/\/mhf.ro\/mm\/wp-content\/uploads\/2021\/04\/Romania-carantina-risc-COVID_19.jpg","width":500,"height":400},{"@type":"BreadcrumbList","@id":"https:\/\/mhf.ro\/mm\/italia-relaxeaza-restrctiile\/#breadcrumb","itemListElement":[{"@type":"ListItem","position":1,"name":"Prima pagin\u0103","item":"https:\/\/mhf.ro\/mm\/"},{"@type":"ListItem","position":2,"name":"Italia relaxeaz\u0103 restric\u021biile"}]},{"@type":"WebSite","@id":"https:\/\/mhf.ro\/mm\/#website","url":"https:\/\/mhf.ro\/mm\/","name":"MHF Photography \u2013 Blog de fotografie, natur\u0103 \u0219i tehnic\u0103 divers\u0103","description":"Aventur\u0103 \u00een fiecare cadru.","publisher":{"@id":"https:\/\/mhf.ro\/mm\/#\/schema\/person\/a3bebf7bdb4bf12f698aff73c7e46c21"},"potentialAction":[{"@type":"SearchAction","target":{"@type":"EntryPoint","urlTemplate":"https:\/\/mhf.ro\/mm\/?s={search_term_string}"},"query-input":{"@type":"PropertyValueSpecification","valueRequired":true,"valueName":"search_term_string"}}],"inLanguage":"ro-RO"},{"@type":["Person","Organization"],"@id":"https:\/\/mhf.ro\/mm\/#\/schema\/person\/a3bebf7bdb4bf12f698aff73c7e46c21","name":"Marius Marcu","image":{"@type":"ImageObject","inLanguage":"ro-RO","@id":"https:\/\/mhf.ro\/mm\/#\/schema\/person\/image\/","url":"https:\/\/mhf.ro\/mm\/wp-content\/uploads\/2025\/12\/cropped-logo_mhf_2.png","contentUrl":"https:\/\/mhf.ro\/mm\/wp-content\/uploads\/2025\/12\/cropped-logo_mhf_2.png","width":1096,"height":457,"caption":"Marius Marcu"},"logo":{"@id":"https:\/\/mhf.ro\/mm\/#\/schema\/person\/image\/"},"sameAs":["https:\/\/mhf.ro\/mm"],"url":"https:\/\/mhf.ro\/mm\/author\/mihai\/"}]}},"_links":{"self":[{"href":"https:\/\/mhf.ro\/mm\/wp-json\/wp\/v2\/posts\/4564","targetHints":{"allow":["GET"]}}],"collection":[{"href":"https:\/\/mhf.ro\/mm\/wp-json\/wp\/v2\/posts"}],"about":[{"href":"https:\/\/mhf.ro\/mm\/wp-json\/wp\/v2\/types\/post"}],"author":[{"embeddable":true,"href":"https:\/\/mhf.ro\/mm\/wp-json\/wp\/v2\/users\/1"}],"replies":[{"embeddable":true,"href":"https:\/\/mhf.ro\/mm\/wp-json\/wp\/v2\/comments?post=4564"}],"version-history":[{"count":2,"href":"https:\/\/mhf.ro\/mm\/wp-json\/wp\/v2\/posts\/4564\/revisions"}],"predecessor-version":[{"id":4573,"href":"https:\/\/mhf.ro\/mm\/wp-json\/wp\/v2\/posts\/4564\/revisions\/4573"}],"wp:featuredmedia":[{"embeddable":true,"href":"https:\/\/mhf.ro\/mm\/wp-json\/wp\/v2\/media\/4565"}],"wp:attachment":[{"href":"https:\/\/mhf.ro\/mm\/wp-json\/wp\/v2\/media?parent=4564"}],"wp:term":[{"taxonomy":"category","embeddable":true,"href":"https:\/\/mhf.ro\/mm\/wp-json\/wp\/v2\/categories?post=4564"},{"taxonomy":"post_tag","embeddable":true,"href":"https:\/\/mhf.ro\/mm\/wp-json\/wp\/v2\/tags?post=4564"}],"curies":[{"name":"wp","href":"https:\/\/api.w.org\/{rel}","templated":true}]}}