{"id":4574,"date":"2021-04-12T14:10:39","date_gmt":"2021-04-12T12:10:39","guid":{"rendered":"https:\/\/mhf.ro\/mm\/?p=4574"},"modified":"2021-04-12T14:10:39","modified_gmt":"2021-04-12T12:10:39","slug":"conditiile-in-care-mergi-in-vacanta-in-grecia","status":"publish","type":"post","link":"https:\/\/mhf.ro\/mm\/conditiile-in-care-mergi-in-vacanta-in-grecia\/","title":{"rendered":"Condi\u0163iile \u00een care mergi \u00een vacan\u0163\u0103 \u00een Grecia."},"content":{"rendered":"<p>Ministrul Economiei \u015fi Turismului, Claudiu N\u0103sui, a declarat c\u0103 a vorbit luni cu ambasadoarea Greciei \u00een Rom\u00e2nia \u015fi, din 16 aprilie, grani\u0163ele Greciei se vor redeschide pentru turi\u015ftii rom\u00e2ni, \u00eens\u0103 cu anumite condi\u0163ii: test PCR negativ sau certificat de vaccinare sau formular de localizare.<\/p>\n<p>Claudiu N\u0103sui a declarat, luni, la Antena 3, c\u0103 a discutat cu ambasadoarea Greciei \u00een Rom\u00e2nia \u015fi c\u0103, din 16 aprilie, se redeschide turismul \u00een Grecia.<\/p>\n<p>\u201eAm discutat chiar ast\u0103zi (luni &#8211; n.r.) cu ambasadoarea Greciei \u00een Rom\u00e2nia \u015fi, din 16 aprilie, grani\u0163ele Greciei se vor redeschide pentru turi\u015fti, evident, cu ni\u015fte condi\u0163ii. \u015ei acelea<br \/>\nsunt: un formular de localizare &#8211; \u015fi acela este u\u015for completabil pe internet &#8211; sau cu certificat de vaccinare sau cu test PCR negativ. Practic, sunt dou\u0103 momente: momentul intr\u0103rii \u00een Grecia, \u015fi<br \/>\nmomentul revenirii \u00een Rom\u00e2nia. La momentul plec\u0103rii \u00een Grecia, turi\u015ftii rom\u00e2ni care ar dori s\u0103 plece acolo ar avea nevoie de acest document care exist\u0103 \u015fi acum pe internet, un test PCR negativ sau<br \/>\ncertificat de vaccinare\u201d, afirm\u0103 N\u0103sui.<\/p>\n<p>Ministrul a precizat c\u0103 dac\u0103 Grecia nu e pe lista galben\u0103 a \u0163\u0103rilor cu rat\u0103 mare de infectare cu SARS-CoV-2, rom\u00e2nii nu vor avea probleme la revenirea \u00een \u0163ar\u0103.<\/p>\n<p>\u201eLa momentul revenirii \u00een \u0163ar\u0103, (&#8230;) dac\u0103 Grecia nu este pe lista aceea a CNSU-ului, nu e absolut nicio problem\u0103. Dac\u0103 totu\u015fi este \u015fi cet\u0103\u0163eanul rom\u00e2n este vaccinat, \u015fi prin vaccinare<br \/>\n\u00eenseamn\u0103 10 zile de la rapel, de la a doua doz\u0103, intr\u0103 f\u0103r\u0103 carantin\u0103. Deci nu are nicio problem\u0103. (&#8230;) Dac\u0103 nu are vaccinul \u015fi a fost bolnav de COVID \u00een ultimele 90 de zile, lucru pe care \u00eel<br \/>\npoate dovedi fie cu un certificat medical, fie cu un test de anticorpi, de asemenea, nu intr\u0103 \u00een carantin\u0103\u201d, a mai spus N\u0103sui. (conf. mediafax.ro)<\/p>\n","protected":false},"excerpt":{"rendered":"<p>Ministrul Economiei \u015fi Turismului, Claudiu N\u0103sui, a declarat c\u0103 a vorbit luni cu ambasadoarea Greciei \u00een Rom\u00e2nia \u015fi, din 16<\/p>\n","protected":false},"author":1,"featured_media":4575,"comment_status":"open","ping_status":"open","sticky":false,"template":"","format":"standard","meta":{"colormag_page_container_layout":"default_layout","colormag_page_sidebar_layout":"default_layout","footnotes":""},"categories":[8],"tags":[],"class_list":["post-4574","post","type-post","status-publish","format-standard","has-post-thumbnail","hentry","category-div"],"yoast_head":"<!-- This site is optimized with the Yoast SEO plugin v27.0 - https:\/\/yoast.com\/product\/yoast-seo-wordpress\/ -->\n<title>Condi\u0163iile \u00een care mergi \u00een vacan\u0163\u0103 \u00een Grecia. - MHF Photography<\/title>\n<meta name=\"robots\" content=\"index, follow, max-snippet:-1, max-image-preview:large, max-video-preview:-1\" \/>\n<link rel=\"canonical\" href=\"https:\/\/mhf.ro\/mm\/conditiile-in-care-mergi-in-vacanta-in-grecia\/\" \/>\n<meta property=\"og:locale\" content=\"ro_RO\" \/>\n<meta property=\"og:type\" content=\"article\" \/>\n<meta property=\"og:title\" content=\"Condi\u0163iile \u00een care mergi \u00een vacan\u0163\u0103 \u00een Grecia. - MHF Photography\" \/>\n<meta property=\"og:description\" content=\"Ministrul Economiei \u015fi Turismului, Claudiu N\u0103sui, a declarat c\u0103 a vorbit luni cu ambasadoarea Greciei \u00een Rom\u00e2nia \u015fi, din 16\" \/>\n<meta property=\"og:url\" content=\"https:\/\/mhf.ro\/mm\/conditiile-in-care-mergi-in-vacanta-in-grecia\/\" \/>\n<meta property=\"og:site_name\" content=\"MHF Photography\" \/>\n<meta property=\"article:published_time\" content=\"2021-04-12T12:10:39+00:00\" \/>\n<meta property=\"og:image\" content=\"https:\/\/mhf.ro\/mm\/wp-content\/uploads\/2021\/04\/grecia_15.jpg\" \/>\n\t<meta property=\"og:image:width\" content=\"1280\" \/>\n\t<meta property=\"og:image:height\" content=\"601\" \/>\n\t<meta property=\"og:image:type\" content=\"image\/jpeg\" \/>\n<meta name=\"author\" content=\"Marius Marcu\" \/>\n<meta name=\"twitter:card\" content=\"summary_large_image\" \/>\n<meta name=\"twitter:label1\" content=\"Scris de\" \/>\n\t<meta name=\"twitter:data1\" content=\"Marius Marcu\" \/>\n\t<meta name=\"twitter:label2\" content=\"Timp estimat pentru citire\" \/>\n\t<meta name=\"twitter:data2\" content=\"2 minute\" \/>\n<script type=\"application\/ld+json\" class=\"yoast-schema-graph\">{\"@context\":\"https:\/\/schema.org\",\"@graph\":[{\"@type\":\"Article\",\"@id\":\"https:\/\/mhf.ro\/mm\/conditiile-in-care-mergi-in-vacanta-in-grecia\/#article\",\"isPartOf\":{\"@id\":\"https:\/\/mhf.ro\/mm\/conditiile-in-care-mergi-in-vacanta-in-grecia\/\"},\"author\":{\"name\":\"Marius Marcu\",\"@id\":\"https:\/\/mhf.ro\/mm\/#\/schema\/person\/a3bebf7bdb4bf12f698aff73c7e46c21\"},\"headline\":\"Condi\u0163iile \u00een care mergi \u00een vacan\u0163\u0103 \u00een Grecia.\",\"datePublished\":\"2021-04-12T12:10:39+00:00\",\"mainEntityOfPage\":{\"@id\":\"https:\/\/mhf.ro\/mm\/conditiile-in-care-mergi-in-vacanta-in-grecia\/\"},\"wordCount\":325,\"commentCount\":0,\"publisher\":{\"@id\":\"https:\/\/mhf.ro\/mm\/#\/schema\/person\/a3bebf7bdb4bf12f698aff73c7e46c21\"},\"image\":{\"@id\":\"https:\/\/mhf.ro\/mm\/conditiile-in-care-mergi-in-vacanta-in-grecia\/#primaryimage\"},\"thumbnailUrl\":\"https:\/\/mhf.ro\/mm\/wp-content\/uploads\/2021\/04\/grecia_15.jpg\",\"articleSection\":[\"Diverse\"],\"inLanguage\":\"ro-RO\",\"potentialAction\":[{\"@type\":\"CommentAction\",\"name\":\"Comment\",\"target\":[\"https:\/\/mhf.ro\/mm\/conditiile-in-care-mergi-in-vacanta-in-grecia\/#respond\"]}]},{\"@type\":\"WebPage\",\"@id\":\"https:\/\/mhf.ro\/mm\/conditiile-in-care-mergi-in-vacanta-in-grecia\/\",\"url\":\"https:\/\/mhf.ro\/mm\/conditiile-in-care-mergi-in-vacanta-in-grecia\/\",\"name\":\"Condi\u0163iile \u00een care mergi \u00een vacan\u0163\u0103 \u00een Grecia. - MHF Photography\",\"isPartOf\":{\"@id\":\"https:\/\/mhf.ro\/mm\/#website\"},\"primaryImageOfPage\":{\"@id\":\"https:\/\/mhf.ro\/mm\/conditiile-in-care-mergi-in-vacanta-in-grecia\/#primaryimage\"},\"image\":{\"@id\":\"https:\/\/mhf.ro\/mm\/conditiile-in-care-mergi-in-vacanta-in-grecia\/#primaryimage\"},\"thumbnailUrl\":\"https:\/\/mhf.ro\/mm\/wp-content\/uploads\/2021\/04\/grecia_15.jpg\",\"datePublished\":\"2021-04-12T12:10:39+00:00\",\"breadcrumb\":{\"@id\":\"https:\/\/mhf.ro\/mm\/conditiile-in-care-mergi-in-vacanta-in-grecia\/#breadcrumb\"},\"inLanguage\":\"ro-RO\",\"potentialAction\":[{\"@type\":\"ReadAction\",\"target\":[\"https:\/\/mhf.ro\/mm\/conditiile-in-care-mergi-in-vacanta-in-grecia\/\"]}]},{\"@type\":\"ImageObject\",\"inLanguage\":\"ro-RO\",\"@id\":\"https:\/\/mhf.ro\/mm\/conditiile-in-care-mergi-in-vacanta-in-grecia\/#primaryimage\",\"url\":\"https:\/\/mhf.ro\/mm\/wp-content\/uploads\/2021\/04\/grecia_15.jpg\",\"contentUrl\":\"https:\/\/mhf.ro\/mm\/wp-content\/uploads\/2021\/04\/grecia_15.jpg\",\"width\":1280,\"height\":601},{\"@type\":\"BreadcrumbList\",\"@id\":\"https:\/\/mhf.ro\/mm\/conditiile-in-care-mergi-in-vacanta-in-grecia\/#breadcrumb\",\"itemListElement\":[{\"@type\":\"ListItem\",\"position\":1,\"name\":\"Prima pagin\u0103\",\"item\":\"https:\/\/mhf.ro\/mm\/\"},{\"@type\":\"ListItem\",\"position\":2,\"name\":\"Condi\u0163iile \u00een care mergi \u00een vacan\u0163\u0103 \u00een Grecia.\"}]},{\"@type\":\"WebSite\",\"@id\":\"https:\/\/mhf.ro\/mm\/#website\",\"url\":\"https:\/\/mhf.ro\/mm\/\",\"name\":\"MHF Photography \u2013 Blog de fotografie, natur\u0103 \u0219i tehnic\u0103 divers\u0103\",\"description\":\"Aventur\u0103 \u00een fiecare cadru.\",\"publisher\":{\"@id\":\"https:\/\/mhf.ro\/mm\/#\/schema\/person\/a3bebf7bdb4bf12f698aff73c7e46c21\"},\"potentialAction\":[{\"@type\":\"SearchAction\",\"target\":{\"@type\":\"EntryPoint\",\"urlTemplate\":\"https:\/\/mhf.ro\/mm\/?s={search_term_string}\"},\"query-input\":{\"@type\":\"PropertyValueSpecification\",\"valueRequired\":true,\"valueName\":\"search_term_string\"}}],\"inLanguage\":\"ro-RO\"},{\"@type\":[\"Person\",\"Organization\"],\"@id\":\"https:\/\/mhf.ro\/mm\/#\/schema\/person\/a3bebf7bdb4bf12f698aff73c7e46c21\",\"name\":\"Marius Marcu\",\"image\":{\"@type\":\"ImageObject\",\"inLanguage\":\"ro-RO\",\"@id\":\"https:\/\/mhf.ro\/mm\/#\/schema\/person\/image\/\",\"url\":\"https:\/\/mhf.ro\/mm\/wp-content\/uploads\/2025\/12\/cropped-logo_mhf_2.png\",\"contentUrl\":\"https:\/\/mhf.ro\/mm\/wp-content\/uploads\/2025\/12\/cropped-logo_mhf_2.png\",\"width\":1096,\"height\":457,\"caption\":\"Marius Marcu\"},\"logo\":{\"@id\":\"https:\/\/mhf.ro\/mm\/#\/schema\/person\/image\/\"},\"sameAs\":[\"https:\/\/mhf.ro\/mm\"],\"url\":\"https:\/\/mhf.ro\/mm\/author\/mihai\/\"}]}<\/script>\n<!-- \/ Yoast SEO plugin. -->","yoast_head_json":{"title":"Condi\u0163iile \u00een care mergi \u00een vacan\u0163\u0103 \u00een Grecia. - MHF Photography","robots":{"index":"index","follow":"follow","max-snippet":"max-snippet:-1","max-image-preview":"max-image-preview:large","max-video-preview":"max-video-preview:-1"},"canonical":"https:\/\/mhf.ro\/mm\/conditiile-in-care-mergi-in-vacanta-in-grecia\/","og_locale":"ro_RO","og_type":"article","og_title":"Condi\u0163iile \u00een care mergi \u00een vacan\u0163\u0103 \u00een Grecia. - MHF Photography","og_description":"Ministrul Economiei \u015fi Turismului, Claudiu N\u0103sui, a declarat c\u0103 a vorbit luni cu ambasadoarea Greciei \u00een Rom\u00e2nia \u015fi, din 16","og_url":"https:\/\/mhf.ro\/mm\/conditiile-in-care-mergi-in-vacanta-in-grecia\/","og_site_name":"MHF Photography","article_published_time":"2021-04-12T12:10:39+00:00","og_image":[{"width":1280,"height":601,"url":"https:\/\/mhf.ro\/mm\/wp-content\/uploads\/2021\/04\/grecia_15.jpg","type":"image\/jpeg"}],"author":"Marius Marcu","twitter_card":"summary_large_image","twitter_misc":{"Scris de":"Marius Marcu","Timp estimat pentru citire":"2 minute"},"schema":{"@context":"https:\/\/schema.org","@graph":[{"@type":"Article","@id":"https:\/\/mhf.ro\/mm\/conditiile-in-care-mergi-in-vacanta-in-grecia\/#article","isPartOf":{"@id":"https:\/\/mhf.ro\/mm\/conditiile-in-care-mergi-in-vacanta-in-grecia\/"},"author":{"name":"Marius Marcu","@id":"https:\/\/mhf.ro\/mm\/#\/schema\/person\/a3bebf7bdb4bf12f698aff73c7e46c21"},"headline":"Condi\u0163iile \u00een care mergi \u00een vacan\u0163\u0103 \u00een Grecia.","datePublished":"2021-04-12T12:10:39+00:00","mainEntityOfPage":{"@id":"https:\/\/mhf.ro\/mm\/conditiile-in-care-mergi-in-vacanta-in-grecia\/"},"wordCount":325,"commentCount":0,"publisher":{"@id":"https:\/\/mhf.ro\/mm\/#\/schema\/person\/a3bebf7bdb4bf12f698aff73c7e46c21"},"image":{"@id":"https:\/\/mhf.ro\/mm\/conditiile-in-care-mergi-in-vacanta-in-grecia\/#primaryimage"},"thumbnailUrl":"https:\/\/mhf.ro\/mm\/wp-content\/uploads\/2021\/04\/grecia_15.jpg","articleSection":["Diverse"],"inLanguage":"ro-RO","potentialAction":[{"@type":"CommentAction","name":"Comment","target":["https:\/\/mhf.ro\/mm\/conditiile-in-care-mergi-in-vacanta-in-grecia\/#respond"]}]},{"@type":"WebPage","@id":"https:\/\/mhf.ro\/mm\/conditiile-in-care-mergi-in-vacanta-in-grecia\/","url":"https:\/\/mhf.ro\/mm\/conditiile-in-care-mergi-in-vacanta-in-grecia\/","name":"Condi\u0163iile \u00een care mergi \u00een vacan\u0163\u0103 \u00een Grecia. - MHF Photography","isPartOf":{"@id":"https:\/\/mhf.ro\/mm\/#website"},"primaryImageOfPage":{"@id":"https:\/\/mhf.ro\/mm\/conditiile-in-care-mergi-in-vacanta-in-grecia\/#primaryimage"},"image":{"@id":"https:\/\/mhf.ro\/mm\/conditiile-in-care-mergi-in-vacanta-in-grecia\/#primaryimage"},"thumbnailUrl":"https:\/\/mhf.ro\/mm\/wp-content\/uploads\/2021\/04\/grecia_15.jpg","datePublished":"2021-04-12T12:10:39+00:00","breadcrumb":{"@id":"https:\/\/mhf.ro\/mm\/conditiile-in-care-mergi-in-vacanta-in-grecia\/#breadcrumb"},"inLanguage":"ro-RO","potentialAction":[{"@type":"ReadAction","target":["https:\/\/mhf.ro\/mm\/conditiile-in-care-mergi-in-vacanta-in-grecia\/"]}]},{"@type":"ImageObject","inLanguage":"ro-RO","@id":"https:\/\/mhf.ro\/mm\/conditiile-in-care-mergi-in-vacanta-in-grecia\/#primaryimage","url":"https:\/\/mhf.ro\/mm\/wp-content\/uploads\/2021\/04\/grecia_15.jpg","contentUrl":"https:\/\/mhf.ro\/mm\/wp-content\/uploads\/2021\/04\/grecia_15.jpg","width":1280,"height":601},{"@type":"BreadcrumbList","@id":"https:\/\/mhf.ro\/mm\/conditiile-in-care-mergi-in-vacanta-in-grecia\/#breadcrumb","itemListElement":[{"@type":"ListItem","position":1,"name":"Prima pagin\u0103","item":"https:\/\/mhf.ro\/mm\/"},{"@type":"ListItem","position":2,"name":"Condi\u0163iile \u00een care mergi \u00een vacan\u0163\u0103 \u00een Grecia."}]},{"@type":"WebSite","@id":"https:\/\/mhf.ro\/mm\/#website","url":"https:\/\/mhf.ro\/mm\/","name":"MHF Photography \u2013 Blog de fotografie, natur\u0103 \u0219i tehnic\u0103 divers\u0103","description":"Aventur\u0103 \u00een fiecare cadru.","publisher":{"@id":"https:\/\/mhf.ro\/mm\/#\/schema\/person\/a3bebf7bdb4bf12f698aff73c7e46c21"},"potentialAction":[{"@type":"SearchAction","target":{"@type":"EntryPoint","urlTemplate":"https:\/\/mhf.ro\/mm\/?s={search_term_string}"},"query-input":{"@type":"PropertyValueSpecification","valueRequired":true,"valueName":"search_term_string"}}],"inLanguage":"ro-RO"},{"@type":["Person","Organization"],"@id":"https:\/\/mhf.ro\/mm\/#\/schema\/person\/a3bebf7bdb4bf12f698aff73c7e46c21","name":"Marius Marcu","image":{"@type":"ImageObject","inLanguage":"ro-RO","@id":"https:\/\/mhf.ro\/mm\/#\/schema\/person\/image\/","url":"https:\/\/mhf.ro\/mm\/wp-content\/uploads\/2025\/12\/cropped-logo_mhf_2.png","contentUrl":"https:\/\/mhf.ro\/mm\/wp-content\/uploads\/2025\/12\/cropped-logo_mhf_2.png","width":1096,"height":457,"caption":"Marius Marcu"},"logo":{"@id":"https:\/\/mhf.ro\/mm\/#\/schema\/person\/image\/"},"sameAs":["https:\/\/mhf.ro\/mm"],"url":"https:\/\/mhf.ro\/mm\/author\/mihai\/"}]}},"_links":{"self":[{"href":"https:\/\/mhf.ro\/mm\/wp-json\/wp\/v2\/posts\/4574","targetHints":{"allow":["GET"]}}],"collection":[{"href":"https:\/\/mhf.ro\/mm\/wp-json\/wp\/v2\/posts"}],"about":[{"href":"https:\/\/mhf.ro\/mm\/wp-json\/wp\/v2\/types\/post"}],"author":[{"embeddable":true,"href":"https:\/\/mhf.ro\/mm\/wp-json\/wp\/v2\/users\/1"}],"replies":[{"embeddable":true,"href":"https:\/\/mhf.ro\/mm\/wp-json\/wp\/v2\/comments?post=4574"}],"version-history":[{"count":1,"href":"https:\/\/mhf.ro\/mm\/wp-json\/wp\/v2\/posts\/4574\/revisions"}],"predecessor-version":[{"id":4576,"href":"https:\/\/mhf.ro\/mm\/wp-json\/wp\/v2\/posts\/4574\/revisions\/4576"}],"wp:featuredmedia":[{"embeddable":true,"href":"https:\/\/mhf.ro\/mm\/wp-json\/wp\/v2\/media\/4575"}],"wp:attachment":[{"href":"https:\/\/mhf.ro\/mm\/wp-json\/wp\/v2\/media?parent=4574"}],"wp:term":[{"taxonomy":"category","embeddable":true,"href":"https:\/\/mhf.ro\/mm\/wp-json\/wp\/v2\/categories?post=4574"},{"taxonomy":"post_tag","embeddable":true,"href":"https:\/\/mhf.ro\/mm\/wp-json\/wp\/v2\/tags?post=4574"}],"curies":[{"name":"wp","href":"https:\/\/api.w.org\/{rel}","templated":true}]}}