{"id":4604,"date":"2021-04-18T21:03:26","date_gmt":"2021-04-18T19:03:26","guid":{"rendered":"https:\/\/mhf.ro\/mm\/?p=4604"},"modified":"2021-04-18T21:18:36","modified_gmt":"2021-04-18T19:18:36","slug":"cum-folosim-hyper-v-manager-in-windows-10-pro","status":"publish","type":"post","link":"https:\/\/mhf.ro\/mm\/cum-folosim-hyper-v-manager-in-windows-10-pro\/","title":{"rendered":"Cum folosim Hyper-V Manager \u00een windows 10 Pro"},"content":{"rendered":"<h4>Hyper-V Manager cu Windows 10 Pro<\/h4>\n<p>Microsoft a f\u0103cut disponibil\u0103 aplica\u021bia Hyper-V Manager pentru to\u021bi utilizatorii Windows 8 \u0219i 10, versiunile Pro \u0219i Enterprise. Hyper-V este \u00eencorporat \u00een Windows 10, dar trebuie s\u0103 fie activat pentru a putea fi folosit.<\/p>\n<p>Pentru activare trebuie sa folosi\u021bi caseta &#8222;<strong>Activare sau dezactivare caracteristici Windows<\/strong>&#8222;. Scrie\u021bi \u00een c\u0103su\u021ba c\u0103utare(search), &#8222;caracteristici&#8221; conform cu poza. Se poate \u0219i prin executarea direct\u0103 a executabilului <strong>optionalfeatures.exe <\/strong>.<\/p>\n<p><a href=\"https:\/\/mhf.ro\/mm\/wp-content\/uploads\/2021\/04\/Caracteristici-Wind.png\"><img fetchpriority=\"high\" decoding=\"async\" class=\"alignnone wp-image-4606 size-medium\" src=\"https:\/\/mhf.ro\/mm\/wp-content\/uploads\/2021\/04\/Caracteristici-Wind-300x260.png\" alt=\"\" width=\"300\" height=\"260\" srcset=\"https:\/\/mhf.ro\/mm\/wp-content\/uploads\/2021\/04\/Caracteristici-Wind-300x260.png 300w, https:\/\/mhf.ro\/mm\/wp-content\/uploads\/2021\/04\/Caracteristici-Wind-768x665.png 768w, https:\/\/mhf.ro\/mm\/wp-content\/uploads\/2021\/04\/Caracteristici-Wind.png 785w\" sizes=\"(max-width: 300px) 100vw, 300px\" \/><\/a><\/p>\n<p>Apoi selecta\u021bi &#8222;<strong>Activare sau dezactivare caracteristici Windows<\/strong>&#8222;, \u0219i se deschide urm\u0103toarea fereastr\u0103.<\/p>\n<p><a href=\"https:\/\/mhf.ro\/mm\/wp-content\/uploads\/2021\/04\/Caracteristici-Wind-activ.png\"><img decoding=\"async\" class=\"alignnone size-medium wp-image-4605\" src=\"https:\/\/mhf.ro\/mm\/wp-content\/uploads\/2021\/04\/Caracteristici-Wind-activ-300x266.png\" alt=\"\" width=\"300\" height=\"266\" srcset=\"https:\/\/mhf.ro\/mm\/wp-content\/uploads\/2021\/04\/Caracteristici-Wind-activ-300x266.png 300w, https:\/\/mhf.ro\/mm\/wp-content\/uploads\/2021\/04\/Caracteristici-Wind-activ.png 415w\" sizes=\"(max-width: 300px) 100vw, 300px\" \/><\/a><\/p>\n<p>C\u0103uta\u021bi Hyper-V \u0219i bifa\u021bi c\u0103su\u021ba ca \u0219i \u00een imagine, apoi clic pe butonul ok. Windows va activa modulul \u0219i v\u0103 va cere s\u0103 reporni\u021bi computerul pentru a finaliza ac\u021biunea.<\/p>\n<p>Dup\u0103 restart, Hyper-V este activ \u0219i poate fi folosit. Sunt mai multe c\u0103i pentru a porni Hyper-V. O cale s\u0103 porni\u021bi aplica\u021bia ar fi s\u0103 urma\u021bi pa\u0219ii:<\/p>\n<p>1. Panou de control (Control Panel) , g\u0103si\u021bi cu fereastra c\u0103utare, conform cu imaginea.<\/p>\n<p><a href=\"https:\/\/mhf.ro\/mm\/wp-content\/uploads\/2021\/04\/PanouControl.png\"><img decoding=\"async\" class=\"alignnone wp-image-4608 size-medium\" src=\"https:\/\/mhf.ro\/mm\/wp-content\/uploads\/2021\/04\/PanouControl-300x260.png\" alt=\"\" width=\"300\" height=\"260\" srcset=\"https:\/\/mhf.ro\/mm\/wp-content\/uploads\/2021\/04\/PanouControl-300x260.png 300w, https:\/\/mhf.ro\/mm\/wp-content\/uploads\/2021\/04\/PanouControl-768x666.png 768w, https:\/\/mhf.ro\/mm\/wp-content\/uploads\/2021\/04\/PanouControl.png 784w\" sizes=\"(max-width: 300px) 100vw, 300px\" \/><\/a><\/p>\n<p>2. Alege\u021bi <strong>Instrumente de administrare<\/strong>.<\/p>\n<p><a href=\"https:\/\/mhf.ro\/mm\/wp-content\/uploads\/2021\/04\/PanouControl_instrumente-de-administrare.png\"><img loading=\"lazy\" decoding=\"async\" class=\"alignnone size-medium wp-image-4610\" src=\"https:\/\/mhf.ro\/mm\/wp-content\/uploads\/2021\/04\/PanouControl_instrumente-de-administrare-300x169.png\" alt=\"\" width=\"300\" height=\"169\" srcset=\"https:\/\/mhf.ro\/mm\/wp-content\/uploads\/2021\/04\/PanouControl_instrumente-de-administrare-300x169.png 300w, https:\/\/mhf.ro\/mm\/wp-content\/uploads\/2021\/04\/PanouControl_instrumente-de-administrare-1024x577.png 1024w, https:\/\/mhf.ro\/mm\/wp-content\/uploads\/2021\/04\/PanouControl_instrumente-de-administrare-768x433.png 768w, https:\/\/mhf.ro\/mm\/wp-content\/uploads\/2021\/04\/PanouControl_instrumente-de-administrare.png 1125w\" sizes=\"(max-width: 300px) 100vw, 300px\" \/><\/a><\/p>\n<p>3. \u00cen fereastra deschis\u0103, c\u0103uta\u021bi \u0219i da\u021bi clic pe Hiper-V Manager.<\/p>\n<p><a href=\"https:\/\/mhf.ro\/mm\/wp-content\/uploads\/2021\/04\/PanouControl_instrumente-de-administrare-2.png\"><img loading=\"lazy\" decoding=\"async\" class=\"alignnone wp-image-4609 size-medium\" src=\"https:\/\/mhf.ro\/mm\/wp-content\/uploads\/2021\/04\/PanouControl_instrumente-de-administrare-2-300x169.png\" alt=\"\" width=\"300\" height=\"169\" srcset=\"https:\/\/mhf.ro\/mm\/wp-content\/uploads\/2021\/04\/PanouControl_instrumente-de-administrare-2-300x169.png 300w, https:\/\/mhf.ro\/mm\/wp-content\/uploads\/2021\/04\/PanouControl_instrumente-de-administrare-2-1024x577.png 1024w, https:\/\/mhf.ro\/mm\/wp-content\/uploads\/2021\/04\/PanouControl_instrumente-de-administrare-2-768x433.png 768w, https:\/\/mhf.ro\/mm\/wp-content\/uploads\/2021\/04\/PanouControl_instrumente-de-administrare-2.png 1125w\" sizes=\"(max-width: 300px) 100vw, 300px\" \/><\/a><\/p>\n<p>Asta a fost tot. Acum ave\u021bi Hyper-V Manager pornit pe windows 10.<\/p>\n<p><a href=\"https:\/\/mhf.ro\/mm\/wp-content\/uploads\/2021\/04\/Hyper-v-manager.png\"><img loading=\"lazy\" decoding=\"async\" class=\"alignnone size-medium wp-image-4607\" src=\"https:\/\/mhf.ro\/mm\/wp-content\/uploads\/2021\/04\/Hyper-v-manager-300x228.png\" alt=\"\" width=\"300\" height=\"228\" srcset=\"https:\/\/mhf.ro\/mm\/wp-content\/uploads\/2021\/04\/Hyper-v-manager-300x228.png 300w, https:\/\/mhf.ro\/mm\/wp-content\/uploads\/2021\/04\/Hyper-v-manager-768x584.png 768w, https:\/\/mhf.ro\/mm\/wp-content\/uploads\/2021\/04\/Hyper-v-manager.png 948w\" sizes=\"(max-width: 300px) 100vw, 300px\" \/><\/a><\/p>\n<p>Baft\u0103 la treburi! O zi frumoas\u0103 cu multe realiz\u0103ri!<\/p>\n<p style=\"text-align: center;\">Pagina sponsorizat\u0103 de <a href=\"http:\/\/riz.ro\">Profile Riz SRL<\/a><\/p>\n<p>&nbsp;<\/p>\n","protected":false},"excerpt":{"rendered":"<p>Hyper-V Manager cu Windows 10 Pro Microsoft a f\u0103cut disponibil\u0103 aplica\u021bia Hyper-V Manager pentru to\u021bi utilizatorii Windows 8 \u0219i 10,<\/p>\n","protected":false},"author":1,"featured_media":4607,"comment_status":"open","ping_status":"open","sticky":false,"template":"","format":"standard","meta":{"colormag_page_container_layout":"default_layout","colormag_page_sidebar_layout":"default_layout","footnotes":""},"categories":[22,5],"tags":[],"class_list":["post-4604","post","type-post","status-publish","format-standard","has-post-thumbnail","hentry","category-info","category-locale"],"yoast_head":"<!-- This site is optimized with the Yoast SEO plugin v27.0 - https:\/\/yoast.com\/product\/yoast-seo-wordpress\/ -->\n<title>Cum folosim Hyper-V Manager \u00een windows 10 Pro - MHF Photography<\/title>\n<meta name=\"description\" content=\"Cauta\u021bi Hyper-V \u0219i bifa\u021bi c\u0103su\u021ba ca \u0219i \u00een imagine, apoi clic pe butonul ok. Windows va activa modulul \u0219i v\u0103 va cere s\u0103 reporni\u021bi computerul\" \/>\n<meta name=\"robots\" content=\"index, follow, max-snippet:-1, max-image-preview:large, max-video-preview:-1\" \/>\n<link rel=\"canonical\" href=\"https:\/\/mhf.ro\/mm\/cum-folosim-hyper-v-manager-in-windows-10-pro\/\" \/>\n<meta property=\"og:locale\" content=\"ro_RO\" \/>\n<meta property=\"og:type\" content=\"article\" \/>\n<meta property=\"og:title\" content=\"Cum folosim Hyper-V Manager \u00een windows 10 Pro - MHF Photography\" \/>\n<meta property=\"og:description\" content=\"Cauta\u021bi Hyper-V \u0219i bifa\u021bi c\u0103su\u021ba ca \u0219i \u00een imagine, apoi clic pe butonul ok. Windows va activa modulul \u0219i v\u0103 va cere s\u0103 reporni\u021bi computerul\" \/>\n<meta property=\"og:url\" content=\"https:\/\/mhf.ro\/mm\/cum-folosim-hyper-v-manager-in-windows-10-pro\/\" \/>\n<meta property=\"og:site_name\" content=\"MHF Photography\" \/>\n<meta property=\"article:published_time\" content=\"2021-04-18T19:03:26+00:00\" \/>\n<meta property=\"article:modified_time\" content=\"2021-04-18T19:18:36+00:00\" \/>\n<meta property=\"og:image\" content=\"https:\/\/mhf.ro\/mm\/wp-content\/uploads\/2021\/04\/Hyper-v-manager.png\" \/>\n\t<meta property=\"og:image:width\" content=\"948\" \/>\n\t<meta property=\"og:image:height\" content=\"721\" \/>\n\t<meta property=\"og:image:type\" content=\"image\/png\" \/>\n<meta name=\"author\" content=\"Marius Marcu\" \/>\n<meta name=\"twitter:card\" content=\"summary_large_image\" \/>\n<meta name=\"twitter:label1\" content=\"Scris de\" \/>\n\t<meta name=\"twitter:data1\" content=\"Marius Marcu\" \/>\n\t<meta name=\"twitter:label2\" content=\"Timp estimat pentru citire\" \/>\n\t<meta name=\"twitter:data2\" content=\"3 minute\" \/>\n<script type=\"application\/ld+json\" class=\"yoast-schema-graph\">{\"@context\":\"https:\/\/schema.org\",\"@graph\":[{\"@type\":\"Article\",\"@id\":\"https:\/\/mhf.ro\/mm\/cum-folosim-hyper-v-manager-in-windows-10-pro\/#article\",\"isPartOf\":{\"@id\":\"https:\/\/mhf.ro\/mm\/cum-folosim-hyper-v-manager-in-windows-10-pro\/\"},\"author\":{\"name\":\"Marius Marcu\",\"@id\":\"https:\/\/mhf.ro\/mm\/#\/schema\/person\/a3bebf7bdb4bf12f698aff73c7e46c21\"},\"headline\":\"Cum folosim Hyper-V Manager \u00een windows 10 Pro\",\"datePublished\":\"2021-04-18T19:03:26+00:00\",\"dateModified\":\"2021-04-18T19:18:36+00:00\",\"mainEntityOfPage\":{\"@id\":\"https:\/\/mhf.ro\/mm\/cum-folosim-hyper-v-manager-in-windows-10-pro\/\"},\"wordCount\":225,\"commentCount\":0,\"publisher\":{\"@id\":\"https:\/\/mhf.ro\/mm\/#\/schema\/person\/a3bebf7bdb4bf12f698aff73c7e46c21\"},\"image\":{\"@id\":\"https:\/\/mhf.ro\/mm\/cum-folosim-hyper-v-manager-in-windows-10-pro\/#primaryimage\"},\"thumbnailUrl\":\"https:\/\/mhf.ro\/mm\/wp-content\/uploads\/2021\/04\/Hyper-v-manager.png\",\"articleSection\":[\"Informatica\",\"Locale\"],\"inLanguage\":\"ro-RO\",\"potentialAction\":[{\"@type\":\"CommentAction\",\"name\":\"Comment\",\"target\":[\"https:\/\/mhf.ro\/mm\/cum-folosim-hyper-v-manager-in-windows-10-pro\/#respond\"]}]},{\"@type\":\"WebPage\",\"@id\":\"https:\/\/mhf.ro\/mm\/cum-folosim-hyper-v-manager-in-windows-10-pro\/\",\"url\":\"https:\/\/mhf.ro\/mm\/cum-folosim-hyper-v-manager-in-windows-10-pro\/\",\"name\":\"Cum folosim Hyper-V Manager \u00een windows 10 Pro - MHF Photography\",\"isPartOf\":{\"@id\":\"https:\/\/mhf.ro\/mm\/#website\"},\"primaryImageOfPage\":{\"@id\":\"https:\/\/mhf.ro\/mm\/cum-folosim-hyper-v-manager-in-windows-10-pro\/#primaryimage\"},\"image\":{\"@id\":\"https:\/\/mhf.ro\/mm\/cum-folosim-hyper-v-manager-in-windows-10-pro\/#primaryimage\"},\"thumbnailUrl\":\"https:\/\/mhf.ro\/mm\/wp-content\/uploads\/2021\/04\/Hyper-v-manager.png\",\"datePublished\":\"2021-04-18T19:03:26+00:00\",\"dateModified\":\"2021-04-18T19:18:36+00:00\",\"description\":\"Cauta\u021bi Hyper-V \u0219i bifa\u021bi c\u0103su\u021ba ca \u0219i \u00een imagine, apoi clic pe butonul ok. Windows va activa modulul \u0219i v\u0103 va cere s\u0103 reporni\u021bi computerul\",\"breadcrumb\":{\"@id\":\"https:\/\/mhf.ro\/mm\/cum-folosim-hyper-v-manager-in-windows-10-pro\/#breadcrumb\"},\"inLanguage\":\"ro-RO\",\"potentialAction\":[{\"@type\":\"ReadAction\",\"target\":[\"https:\/\/mhf.ro\/mm\/cum-folosim-hyper-v-manager-in-windows-10-pro\/\"]}]},{\"@type\":\"ImageObject\",\"inLanguage\":\"ro-RO\",\"@id\":\"https:\/\/mhf.ro\/mm\/cum-folosim-hyper-v-manager-in-windows-10-pro\/#primaryimage\",\"url\":\"https:\/\/mhf.ro\/mm\/wp-content\/uploads\/2021\/04\/Hyper-v-manager.png\",\"contentUrl\":\"https:\/\/mhf.ro\/mm\/wp-content\/uploads\/2021\/04\/Hyper-v-manager.png\",\"width\":948,\"height\":721},{\"@type\":\"BreadcrumbList\",\"@id\":\"https:\/\/mhf.ro\/mm\/cum-folosim-hyper-v-manager-in-windows-10-pro\/#breadcrumb\",\"itemListElement\":[{\"@type\":\"ListItem\",\"position\":1,\"name\":\"Prima pagin\u0103\",\"item\":\"https:\/\/mhf.ro\/mm\/\"},{\"@type\":\"ListItem\",\"position\":2,\"name\":\"Cum folosim Hyper-V Manager \u00een windows 10 Pro\"}]},{\"@type\":\"WebSite\",\"@id\":\"https:\/\/mhf.ro\/mm\/#website\",\"url\":\"https:\/\/mhf.ro\/mm\/\",\"name\":\"MHF Photography \u2013 Blog de fotografie, natur\u0103 \u0219i tehnic\u0103 divers\u0103\",\"description\":\"Aventur\u0103 \u00een fiecare cadru.\",\"publisher\":{\"@id\":\"https:\/\/mhf.ro\/mm\/#\/schema\/person\/a3bebf7bdb4bf12f698aff73c7e46c21\"},\"potentialAction\":[{\"@type\":\"SearchAction\",\"target\":{\"@type\":\"EntryPoint\",\"urlTemplate\":\"https:\/\/mhf.ro\/mm\/?s={search_term_string}\"},\"query-input\":{\"@type\":\"PropertyValueSpecification\",\"valueRequired\":true,\"valueName\":\"search_term_string\"}}],\"inLanguage\":\"ro-RO\"},{\"@type\":[\"Person\",\"Organization\"],\"@id\":\"https:\/\/mhf.ro\/mm\/#\/schema\/person\/a3bebf7bdb4bf12f698aff73c7e46c21\",\"name\":\"Marius Marcu\",\"image\":{\"@type\":\"ImageObject\",\"inLanguage\":\"ro-RO\",\"@id\":\"https:\/\/mhf.ro\/mm\/#\/schema\/person\/image\/\",\"url\":\"https:\/\/mhf.ro\/mm\/wp-content\/uploads\/2025\/12\/cropped-logo_mhf_2.png\",\"contentUrl\":\"https:\/\/mhf.ro\/mm\/wp-content\/uploads\/2025\/12\/cropped-logo_mhf_2.png\",\"width\":1096,\"height\":457,\"caption\":\"Marius Marcu\"},\"logo\":{\"@id\":\"https:\/\/mhf.ro\/mm\/#\/schema\/person\/image\/\"},\"sameAs\":[\"https:\/\/mhf.ro\/mm\"],\"url\":\"https:\/\/mhf.ro\/mm\/author\/mihai\/\"}]}<\/script>\n<!-- \/ Yoast SEO plugin. -->","yoast_head_json":{"title":"Cum folosim Hyper-V Manager \u00een windows 10 Pro - MHF Photography","description":"Cauta\u021bi Hyper-V \u0219i bifa\u021bi c\u0103su\u021ba ca \u0219i \u00een imagine, apoi clic pe butonul ok. Windows va activa modulul \u0219i v\u0103 va cere s\u0103 reporni\u021bi computerul","robots":{"index":"index","follow":"follow","max-snippet":"max-snippet:-1","max-image-preview":"max-image-preview:large","max-video-preview":"max-video-preview:-1"},"canonical":"https:\/\/mhf.ro\/mm\/cum-folosim-hyper-v-manager-in-windows-10-pro\/","og_locale":"ro_RO","og_type":"article","og_title":"Cum folosim Hyper-V Manager \u00een windows 10 Pro - MHF Photography","og_description":"Cauta\u021bi Hyper-V \u0219i bifa\u021bi c\u0103su\u021ba ca \u0219i \u00een imagine, apoi clic pe butonul ok. Windows va activa modulul \u0219i v\u0103 va cere s\u0103 reporni\u021bi computerul","og_url":"https:\/\/mhf.ro\/mm\/cum-folosim-hyper-v-manager-in-windows-10-pro\/","og_site_name":"MHF Photography","article_published_time":"2021-04-18T19:03:26+00:00","article_modified_time":"2021-04-18T19:18:36+00:00","og_image":[{"width":948,"height":721,"url":"https:\/\/mhf.ro\/mm\/wp-content\/uploads\/2021\/04\/Hyper-v-manager.png","type":"image\/png"}],"author":"Marius Marcu","twitter_card":"summary_large_image","twitter_misc":{"Scris de":"Marius Marcu","Timp estimat pentru citire":"3 minute"},"schema":{"@context":"https:\/\/schema.org","@graph":[{"@type":"Article","@id":"https:\/\/mhf.ro\/mm\/cum-folosim-hyper-v-manager-in-windows-10-pro\/#article","isPartOf":{"@id":"https:\/\/mhf.ro\/mm\/cum-folosim-hyper-v-manager-in-windows-10-pro\/"},"author":{"name":"Marius Marcu","@id":"https:\/\/mhf.ro\/mm\/#\/schema\/person\/a3bebf7bdb4bf12f698aff73c7e46c21"},"headline":"Cum folosim Hyper-V Manager \u00een windows 10 Pro","datePublished":"2021-04-18T19:03:26+00:00","dateModified":"2021-04-18T19:18:36+00:00","mainEntityOfPage":{"@id":"https:\/\/mhf.ro\/mm\/cum-folosim-hyper-v-manager-in-windows-10-pro\/"},"wordCount":225,"commentCount":0,"publisher":{"@id":"https:\/\/mhf.ro\/mm\/#\/schema\/person\/a3bebf7bdb4bf12f698aff73c7e46c21"},"image":{"@id":"https:\/\/mhf.ro\/mm\/cum-folosim-hyper-v-manager-in-windows-10-pro\/#primaryimage"},"thumbnailUrl":"https:\/\/mhf.ro\/mm\/wp-content\/uploads\/2021\/04\/Hyper-v-manager.png","articleSection":["Informatica","Locale"],"inLanguage":"ro-RO","potentialAction":[{"@type":"CommentAction","name":"Comment","target":["https:\/\/mhf.ro\/mm\/cum-folosim-hyper-v-manager-in-windows-10-pro\/#respond"]}]},{"@type":"WebPage","@id":"https:\/\/mhf.ro\/mm\/cum-folosim-hyper-v-manager-in-windows-10-pro\/","url":"https:\/\/mhf.ro\/mm\/cum-folosim-hyper-v-manager-in-windows-10-pro\/","name":"Cum folosim Hyper-V Manager \u00een windows 10 Pro - MHF Photography","isPartOf":{"@id":"https:\/\/mhf.ro\/mm\/#website"},"primaryImageOfPage":{"@id":"https:\/\/mhf.ro\/mm\/cum-folosim-hyper-v-manager-in-windows-10-pro\/#primaryimage"},"image":{"@id":"https:\/\/mhf.ro\/mm\/cum-folosim-hyper-v-manager-in-windows-10-pro\/#primaryimage"},"thumbnailUrl":"https:\/\/mhf.ro\/mm\/wp-content\/uploads\/2021\/04\/Hyper-v-manager.png","datePublished":"2021-04-18T19:03:26+00:00","dateModified":"2021-04-18T19:18:36+00:00","description":"Cauta\u021bi Hyper-V \u0219i bifa\u021bi c\u0103su\u021ba ca \u0219i \u00een imagine, apoi clic pe butonul ok. Windows va activa modulul \u0219i v\u0103 va cere s\u0103 reporni\u021bi computerul","breadcrumb":{"@id":"https:\/\/mhf.ro\/mm\/cum-folosim-hyper-v-manager-in-windows-10-pro\/#breadcrumb"},"inLanguage":"ro-RO","potentialAction":[{"@type":"ReadAction","target":["https:\/\/mhf.ro\/mm\/cum-folosim-hyper-v-manager-in-windows-10-pro\/"]}]},{"@type":"ImageObject","inLanguage":"ro-RO","@id":"https:\/\/mhf.ro\/mm\/cum-folosim-hyper-v-manager-in-windows-10-pro\/#primaryimage","url":"https:\/\/mhf.ro\/mm\/wp-content\/uploads\/2021\/04\/Hyper-v-manager.png","contentUrl":"https:\/\/mhf.ro\/mm\/wp-content\/uploads\/2021\/04\/Hyper-v-manager.png","width":948,"height":721},{"@type":"BreadcrumbList","@id":"https:\/\/mhf.ro\/mm\/cum-folosim-hyper-v-manager-in-windows-10-pro\/#breadcrumb","itemListElement":[{"@type":"ListItem","position":1,"name":"Prima pagin\u0103","item":"https:\/\/mhf.ro\/mm\/"},{"@type":"ListItem","position":2,"name":"Cum folosim Hyper-V Manager \u00een windows 10 Pro"}]},{"@type":"WebSite","@id":"https:\/\/mhf.ro\/mm\/#website","url":"https:\/\/mhf.ro\/mm\/","name":"MHF Photography \u2013 Blog de fotografie, natur\u0103 \u0219i tehnic\u0103 divers\u0103","description":"Aventur\u0103 \u00een fiecare cadru.","publisher":{"@id":"https:\/\/mhf.ro\/mm\/#\/schema\/person\/a3bebf7bdb4bf12f698aff73c7e46c21"},"potentialAction":[{"@type":"SearchAction","target":{"@type":"EntryPoint","urlTemplate":"https:\/\/mhf.ro\/mm\/?s={search_term_string}"},"query-input":{"@type":"PropertyValueSpecification","valueRequired":true,"valueName":"search_term_string"}}],"inLanguage":"ro-RO"},{"@type":["Person","Organization"],"@id":"https:\/\/mhf.ro\/mm\/#\/schema\/person\/a3bebf7bdb4bf12f698aff73c7e46c21","name":"Marius Marcu","image":{"@type":"ImageObject","inLanguage":"ro-RO","@id":"https:\/\/mhf.ro\/mm\/#\/schema\/person\/image\/","url":"https:\/\/mhf.ro\/mm\/wp-content\/uploads\/2025\/12\/cropped-logo_mhf_2.png","contentUrl":"https:\/\/mhf.ro\/mm\/wp-content\/uploads\/2025\/12\/cropped-logo_mhf_2.png","width":1096,"height":457,"caption":"Marius Marcu"},"logo":{"@id":"https:\/\/mhf.ro\/mm\/#\/schema\/person\/image\/"},"sameAs":["https:\/\/mhf.ro\/mm"],"url":"https:\/\/mhf.ro\/mm\/author\/mihai\/"}]}},"_links":{"self":[{"href":"https:\/\/mhf.ro\/mm\/wp-json\/wp\/v2\/posts\/4604","targetHints":{"allow":["GET"]}}],"collection":[{"href":"https:\/\/mhf.ro\/mm\/wp-json\/wp\/v2\/posts"}],"about":[{"href":"https:\/\/mhf.ro\/mm\/wp-json\/wp\/v2\/types\/post"}],"author":[{"embeddable":true,"href":"https:\/\/mhf.ro\/mm\/wp-json\/wp\/v2\/users\/1"}],"replies":[{"embeddable":true,"href":"https:\/\/mhf.ro\/mm\/wp-json\/wp\/v2\/comments?post=4604"}],"version-history":[{"count":4,"href":"https:\/\/mhf.ro\/mm\/wp-json\/wp\/v2\/posts\/4604\/revisions"}],"predecessor-version":[{"id":4614,"href":"https:\/\/mhf.ro\/mm\/wp-json\/wp\/v2\/posts\/4604\/revisions\/4614"}],"wp:featuredmedia":[{"embeddable":true,"href":"https:\/\/mhf.ro\/mm\/wp-json\/wp\/v2\/media\/4607"}],"wp:attachment":[{"href":"https:\/\/mhf.ro\/mm\/wp-json\/wp\/v2\/media?parent=4604"}],"wp:term":[{"taxonomy":"category","embeddable":true,"href":"https:\/\/mhf.ro\/mm\/wp-json\/wp\/v2\/categories?post=4604"},{"taxonomy":"post_tag","embeddable":true,"href":"https:\/\/mhf.ro\/mm\/wp-json\/wp\/v2\/tags?post=4604"}],"curies":[{"name":"wp","href":"https:\/\/api.w.org\/{rel}","templated":true}]}}