{"id":4667,"date":"2021-04-19T13:50:54","date_gmt":"2021-04-19T11:50:54","guid":{"rendered":"https:\/\/mhf.ro\/mm\/?p=4667"},"modified":"2021-04-19T13:50:54","modified_gmt":"2021-04-19T11:50:54","slug":"trecutul-dubios-al-politistului-ucigas-de-la-pitesti","status":"publish","type":"post","link":"https:\/\/mhf.ro\/mm\/trecutul-dubios-al-politistului-ucigas-de-la-pitesti\/","title":{"rendered":"Trecutul dubios al poli\u021bistului uciga\u0219 de la Pite\u0219ti"},"content":{"rendered":"<p>Daniel Dr\u0103ghici, poli\u0163istul de 21 de ani re\u0163inut duminic\u0103 18 aprilie dup\u0103 ce <a href=\"https:\/\/jurnalist.ro\/a-murit-sufocat-dupa-altercatia-cu-politia\/\">a tr\u00e2ntit un b\u0103tran pe asfalt \u015fi l-a ucis<\/a>, are un trecut controversat. acesta a fost de mai multe ori cercetat disciplinar.<\/p>\n<p align=\"left\">Dup\u0103 ce \u00een 2018, t\u00e2n\u0103rul poli\u021bist, pe atunci elev la \u0218coala de Poli\u021bie din C\u00e2mpina, era prezentat drept erou pentru c\u0103 recuperase banii pierdu\u0163i de un b\u0103tr\u00e2n prin metoda Accidentul, acesta s-a dovedit a fi la r\u00e2ndul s\u0103u ho\u021b. Mai exact, \u00een scurt timp s-a dovedit c\u0103 Dr\u0103ghici \u015fi-a \u00eensu\u015fit o parte din banii b\u0103tr\u00e2nului.<\/p>\n<p align=\"left\">L-au dat de gol achizi\u0163iile scumpe f\u0103cute la c\u00e2teva zile dup\u0103 flagrant, scrie <a href=\"https:\/\/adevarul.ro\/locale\/pitesti\/revoltator-politistul-ucis-batran-l-atrantit-pamant-furat-baniiunui-alt-batran-1_607d29935163ec42712313ce\/index.html\">Adev\u0103rul<\/a>. Ulterior, b\u0103tr\u00e2nul a spus c\u0103 t\u00e2n\u0103rul agent i-a returnat 21.800 de lei, din 30.000 de lei.<\/p>\n<p align=\"left\">De frica unui dosar penal, Daniel Dr\u0103ghici a returnat cei 8.000 de lei fura\u0163i de la b\u0103tr\u00e2n, incidentul solu\u0163ion\u00e2ndu-se pe cale amiabil\u0103.<\/p>\n<p>Din toamna lui 2018, Daniel Dr\u0103ghici a ajuns la Poli\u0163ia \u0162\u0103nd\u0103rei din jude\u0163ul Ialomi\u0163a, unde s-a remarcat prin alte nereguli, inclusiv c\u0103 a amendat de dou\u0103 ori un jandarm aflat \u00een misiune. Drept urmare, Daniel Dr\u0103ghici a fost sanc\u0163ionat cu t\u0103ierea a 20% din salariu de c\u0103tre IPJ Ialomi\u0163a.<\/p>\n<p>\u00cen plin\u0103 pandemie, \u00een vara anului trecut, acesta a fost mutat la IPJ Arge\u0219, unde este acum cercetat \u00een stare de arest pentru lovituri cauzatoare de moarte.<\/p>\n<p>Amintim c\u0103, vineri, 16 aprilie, a izbucnit un incendiu \u00eentr-un local din Pite\u0219ti, iar angaja\u0163ii au sunat la 112. Pompierii \u015fi un echipaj de poli\u0163ie care au ajuns la fa\u021ba locului au ajutat la evacuarea incintei, dar un b\u0103rbat de 63 de ani a refuzat s\u0103 p\u0103r\u0103seasc\u0103 localul \u015fi a devenit violent. Acesta a fost scos cu for\u021ba din local de mai mul\u021bi agen\u021bi, iar poli\u021bistul Dr\u0103ghici l-ar fi c\u0103lcat pe g\u00e2t, acesta murind asfixiat.(conf. jurnalist.ro)<\/p>\n","protected":false},"excerpt":{"rendered":"<p>Daniel Dr\u0103ghici, poli\u0163istul de 21 de ani re\u0163inut duminic\u0103 18 aprilie dup\u0103 ce a tr\u00e2ntit un b\u0103tran pe asfalt \u015fi<\/p>\n","protected":false},"author":1,"featured_media":4668,"comment_status":"open","ping_status":"open","sticky":false,"template":"","format":"standard","meta":{"colormag_page_container_layout":"default_layout","colormag_page_sidebar_layout":"default_layout","footnotes":""},"categories":[8],"tags":[],"class_list":["post-4667","post","type-post","status-publish","format-standard","has-post-thumbnail","hentry","category-div"],"yoast_head":"<!-- This site is optimized with the Yoast SEO plugin v27.0 - https:\/\/yoast.com\/product\/yoast-seo-wordpress\/ -->\n<title>Trecutul dubios al poli\u021bistului uciga\u0219 de la Pite\u0219ti - MHF Photography<\/title>\n<meta name=\"robots\" content=\"index, follow, max-snippet:-1, max-image-preview:large, max-video-preview:-1\" \/>\n<link rel=\"canonical\" href=\"https:\/\/mhf.ro\/mm\/trecutul-dubios-al-politistului-ucigas-de-la-pitesti\/\" \/>\n<meta property=\"og:locale\" content=\"ro_RO\" \/>\n<meta property=\"og:type\" content=\"article\" \/>\n<meta property=\"og:title\" content=\"Trecutul dubios al poli\u021bistului uciga\u0219 de la Pite\u0219ti - MHF Photography\" \/>\n<meta property=\"og:description\" content=\"Daniel Dr\u0103ghici, poli\u0163istul de 21 de ani re\u0163inut duminic\u0103 18 aprilie dup\u0103 ce a tr\u00e2ntit un b\u0103tran pe asfalt \u015fi\" \/>\n<meta property=\"og:url\" content=\"https:\/\/mhf.ro\/mm\/trecutul-dubios-al-politistului-ucigas-de-la-pitesti\/\" \/>\n<meta property=\"og:site_name\" content=\"MHF Photography\" \/>\n<meta property=\"article:published_time\" content=\"2021-04-19T11:50:54+00:00\" \/>\n<meta property=\"og:image\" content=\"https:\/\/mhf.ro\/mm\/wp-content\/uploads\/2021\/04\/politist-arges-batran-mort.jpg\" \/>\n\t<meta property=\"og:image:width\" content=\"1000\" \/>\n\t<meta property=\"og:image:height\" content=\"600\" \/>\n\t<meta property=\"og:image:type\" content=\"image\/jpeg\" \/>\n<meta name=\"author\" content=\"Marius Marcu\" \/>\n<meta name=\"twitter:card\" content=\"summary_large_image\" \/>\n<meta name=\"twitter:label1\" content=\"Scris de\" \/>\n\t<meta name=\"twitter:data1\" content=\"Marius Marcu\" \/>\n\t<meta name=\"twitter:label2\" content=\"Timp estimat pentru citire\" \/>\n\t<meta name=\"twitter:data2\" content=\"2 minute\" \/>\n<script type=\"application\/ld+json\" class=\"yoast-schema-graph\">{\"@context\":\"https:\/\/schema.org\",\"@graph\":[{\"@type\":\"Article\",\"@id\":\"https:\/\/mhf.ro\/mm\/trecutul-dubios-al-politistului-ucigas-de-la-pitesti\/#article\",\"isPartOf\":{\"@id\":\"https:\/\/mhf.ro\/mm\/trecutul-dubios-al-politistului-ucigas-de-la-pitesti\/\"},\"author\":{\"name\":\"Marius Marcu\",\"@id\":\"https:\/\/mhf.ro\/mm\/#\/schema\/person\/a3bebf7bdb4bf12f698aff73c7e46c21\"},\"headline\":\"Trecutul dubios al poli\u021bistului uciga\u0219 de la Pite\u0219ti\",\"datePublished\":\"2021-04-19T11:50:54+00:00\",\"mainEntityOfPage\":{\"@id\":\"https:\/\/mhf.ro\/mm\/trecutul-dubios-al-politistului-ucigas-de-la-pitesti\/\"},\"wordCount\":352,\"commentCount\":0,\"publisher\":{\"@id\":\"https:\/\/mhf.ro\/mm\/#\/schema\/person\/a3bebf7bdb4bf12f698aff73c7e46c21\"},\"image\":{\"@id\":\"https:\/\/mhf.ro\/mm\/trecutul-dubios-al-politistului-ucigas-de-la-pitesti\/#primaryimage\"},\"thumbnailUrl\":\"https:\/\/mhf.ro\/mm\/wp-content\/uploads\/2021\/04\/politist-arges-batran-mort.jpg\",\"articleSection\":[\"Diverse\"],\"inLanguage\":\"ro-RO\",\"potentialAction\":[{\"@type\":\"CommentAction\",\"name\":\"Comment\",\"target\":[\"https:\/\/mhf.ro\/mm\/trecutul-dubios-al-politistului-ucigas-de-la-pitesti\/#respond\"]}]},{\"@type\":\"WebPage\",\"@id\":\"https:\/\/mhf.ro\/mm\/trecutul-dubios-al-politistului-ucigas-de-la-pitesti\/\",\"url\":\"https:\/\/mhf.ro\/mm\/trecutul-dubios-al-politistului-ucigas-de-la-pitesti\/\",\"name\":\"Trecutul dubios al poli\u021bistului uciga\u0219 de la Pite\u0219ti - MHF Photography\",\"isPartOf\":{\"@id\":\"https:\/\/mhf.ro\/mm\/#website\"},\"primaryImageOfPage\":{\"@id\":\"https:\/\/mhf.ro\/mm\/trecutul-dubios-al-politistului-ucigas-de-la-pitesti\/#primaryimage\"},\"image\":{\"@id\":\"https:\/\/mhf.ro\/mm\/trecutul-dubios-al-politistului-ucigas-de-la-pitesti\/#primaryimage\"},\"thumbnailUrl\":\"https:\/\/mhf.ro\/mm\/wp-content\/uploads\/2021\/04\/politist-arges-batran-mort.jpg\",\"datePublished\":\"2021-04-19T11:50:54+00:00\",\"breadcrumb\":{\"@id\":\"https:\/\/mhf.ro\/mm\/trecutul-dubios-al-politistului-ucigas-de-la-pitesti\/#breadcrumb\"},\"inLanguage\":\"ro-RO\",\"potentialAction\":[{\"@type\":\"ReadAction\",\"target\":[\"https:\/\/mhf.ro\/mm\/trecutul-dubios-al-politistului-ucigas-de-la-pitesti\/\"]}]},{\"@type\":\"ImageObject\",\"inLanguage\":\"ro-RO\",\"@id\":\"https:\/\/mhf.ro\/mm\/trecutul-dubios-al-politistului-ucigas-de-la-pitesti\/#primaryimage\",\"url\":\"https:\/\/mhf.ro\/mm\/wp-content\/uploads\/2021\/04\/politist-arges-batran-mort.jpg\",\"contentUrl\":\"https:\/\/mhf.ro\/mm\/wp-content\/uploads\/2021\/04\/politist-arges-batran-mort.jpg\",\"width\":1000,\"height\":600},{\"@type\":\"BreadcrumbList\",\"@id\":\"https:\/\/mhf.ro\/mm\/trecutul-dubios-al-politistului-ucigas-de-la-pitesti\/#breadcrumb\",\"itemListElement\":[{\"@type\":\"ListItem\",\"position\":1,\"name\":\"Prima pagin\u0103\",\"item\":\"https:\/\/mhf.ro\/mm\/\"},{\"@type\":\"ListItem\",\"position\":2,\"name\":\"Trecutul dubios al poli\u021bistului uciga\u0219 de la Pite\u0219ti\"}]},{\"@type\":\"WebSite\",\"@id\":\"https:\/\/mhf.ro\/mm\/#website\",\"url\":\"https:\/\/mhf.ro\/mm\/\",\"name\":\"MHF Photography \u2013 Blog de fotografie, natur\u0103 \u0219i tehnic\u0103 divers\u0103\",\"description\":\"Aventur\u0103 \u00een fiecare cadru.\",\"publisher\":{\"@id\":\"https:\/\/mhf.ro\/mm\/#\/schema\/person\/a3bebf7bdb4bf12f698aff73c7e46c21\"},\"potentialAction\":[{\"@type\":\"SearchAction\",\"target\":{\"@type\":\"EntryPoint\",\"urlTemplate\":\"https:\/\/mhf.ro\/mm\/?s={search_term_string}\"},\"query-input\":{\"@type\":\"PropertyValueSpecification\",\"valueRequired\":true,\"valueName\":\"search_term_string\"}}],\"inLanguage\":\"ro-RO\"},{\"@type\":[\"Person\",\"Organization\"],\"@id\":\"https:\/\/mhf.ro\/mm\/#\/schema\/person\/a3bebf7bdb4bf12f698aff73c7e46c21\",\"name\":\"Marius Marcu\",\"image\":{\"@type\":\"ImageObject\",\"inLanguage\":\"ro-RO\",\"@id\":\"https:\/\/mhf.ro\/mm\/#\/schema\/person\/image\/\",\"url\":\"https:\/\/mhf.ro\/mm\/wp-content\/uploads\/2025\/12\/cropped-logo_mhf_2.png\",\"contentUrl\":\"https:\/\/mhf.ro\/mm\/wp-content\/uploads\/2025\/12\/cropped-logo_mhf_2.png\",\"width\":1096,\"height\":457,\"caption\":\"Marius Marcu\"},\"logo\":{\"@id\":\"https:\/\/mhf.ro\/mm\/#\/schema\/person\/image\/\"},\"sameAs\":[\"https:\/\/mhf.ro\/mm\"],\"url\":\"https:\/\/mhf.ro\/mm\/author\/mihai\/\"}]}<\/script>\n<!-- \/ Yoast SEO plugin. -->","yoast_head_json":{"title":"Trecutul dubios al poli\u021bistului uciga\u0219 de la Pite\u0219ti - MHF Photography","robots":{"index":"index","follow":"follow","max-snippet":"max-snippet:-1","max-image-preview":"max-image-preview:large","max-video-preview":"max-video-preview:-1"},"canonical":"https:\/\/mhf.ro\/mm\/trecutul-dubios-al-politistului-ucigas-de-la-pitesti\/","og_locale":"ro_RO","og_type":"article","og_title":"Trecutul dubios al poli\u021bistului uciga\u0219 de la Pite\u0219ti - MHF Photography","og_description":"Daniel Dr\u0103ghici, poli\u0163istul de 21 de ani re\u0163inut duminic\u0103 18 aprilie dup\u0103 ce a tr\u00e2ntit un b\u0103tran pe asfalt \u015fi","og_url":"https:\/\/mhf.ro\/mm\/trecutul-dubios-al-politistului-ucigas-de-la-pitesti\/","og_site_name":"MHF Photography","article_published_time":"2021-04-19T11:50:54+00:00","og_image":[{"width":1000,"height":600,"url":"https:\/\/mhf.ro\/mm\/wp-content\/uploads\/2021\/04\/politist-arges-batran-mort.jpg","type":"image\/jpeg"}],"author":"Marius Marcu","twitter_card":"summary_large_image","twitter_misc":{"Scris de":"Marius Marcu","Timp estimat pentru citire":"2 minute"},"schema":{"@context":"https:\/\/schema.org","@graph":[{"@type":"Article","@id":"https:\/\/mhf.ro\/mm\/trecutul-dubios-al-politistului-ucigas-de-la-pitesti\/#article","isPartOf":{"@id":"https:\/\/mhf.ro\/mm\/trecutul-dubios-al-politistului-ucigas-de-la-pitesti\/"},"author":{"name":"Marius Marcu","@id":"https:\/\/mhf.ro\/mm\/#\/schema\/person\/a3bebf7bdb4bf12f698aff73c7e46c21"},"headline":"Trecutul dubios al poli\u021bistului uciga\u0219 de la Pite\u0219ti","datePublished":"2021-04-19T11:50:54+00:00","mainEntityOfPage":{"@id":"https:\/\/mhf.ro\/mm\/trecutul-dubios-al-politistului-ucigas-de-la-pitesti\/"},"wordCount":352,"commentCount":0,"publisher":{"@id":"https:\/\/mhf.ro\/mm\/#\/schema\/person\/a3bebf7bdb4bf12f698aff73c7e46c21"},"image":{"@id":"https:\/\/mhf.ro\/mm\/trecutul-dubios-al-politistului-ucigas-de-la-pitesti\/#primaryimage"},"thumbnailUrl":"https:\/\/mhf.ro\/mm\/wp-content\/uploads\/2021\/04\/politist-arges-batran-mort.jpg","articleSection":["Diverse"],"inLanguage":"ro-RO","potentialAction":[{"@type":"CommentAction","name":"Comment","target":["https:\/\/mhf.ro\/mm\/trecutul-dubios-al-politistului-ucigas-de-la-pitesti\/#respond"]}]},{"@type":"WebPage","@id":"https:\/\/mhf.ro\/mm\/trecutul-dubios-al-politistului-ucigas-de-la-pitesti\/","url":"https:\/\/mhf.ro\/mm\/trecutul-dubios-al-politistului-ucigas-de-la-pitesti\/","name":"Trecutul dubios al poli\u021bistului uciga\u0219 de la Pite\u0219ti - MHF Photography","isPartOf":{"@id":"https:\/\/mhf.ro\/mm\/#website"},"primaryImageOfPage":{"@id":"https:\/\/mhf.ro\/mm\/trecutul-dubios-al-politistului-ucigas-de-la-pitesti\/#primaryimage"},"image":{"@id":"https:\/\/mhf.ro\/mm\/trecutul-dubios-al-politistului-ucigas-de-la-pitesti\/#primaryimage"},"thumbnailUrl":"https:\/\/mhf.ro\/mm\/wp-content\/uploads\/2021\/04\/politist-arges-batran-mort.jpg","datePublished":"2021-04-19T11:50:54+00:00","breadcrumb":{"@id":"https:\/\/mhf.ro\/mm\/trecutul-dubios-al-politistului-ucigas-de-la-pitesti\/#breadcrumb"},"inLanguage":"ro-RO","potentialAction":[{"@type":"ReadAction","target":["https:\/\/mhf.ro\/mm\/trecutul-dubios-al-politistului-ucigas-de-la-pitesti\/"]}]},{"@type":"ImageObject","inLanguage":"ro-RO","@id":"https:\/\/mhf.ro\/mm\/trecutul-dubios-al-politistului-ucigas-de-la-pitesti\/#primaryimage","url":"https:\/\/mhf.ro\/mm\/wp-content\/uploads\/2021\/04\/politist-arges-batran-mort.jpg","contentUrl":"https:\/\/mhf.ro\/mm\/wp-content\/uploads\/2021\/04\/politist-arges-batran-mort.jpg","width":1000,"height":600},{"@type":"BreadcrumbList","@id":"https:\/\/mhf.ro\/mm\/trecutul-dubios-al-politistului-ucigas-de-la-pitesti\/#breadcrumb","itemListElement":[{"@type":"ListItem","position":1,"name":"Prima pagin\u0103","item":"https:\/\/mhf.ro\/mm\/"},{"@type":"ListItem","position":2,"name":"Trecutul dubios al poli\u021bistului uciga\u0219 de la Pite\u0219ti"}]},{"@type":"WebSite","@id":"https:\/\/mhf.ro\/mm\/#website","url":"https:\/\/mhf.ro\/mm\/","name":"MHF Photography \u2013 Blog de fotografie, natur\u0103 \u0219i tehnic\u0103 divers\u0103","description":"Aventur\u0103 \u00een fiecare cadru.","publisher":{"@id":"https:\/\/mhf.ro\/mm\/#\/schema\/person\/a3bebf7bdb4bf12f698aff73c7e46c21"},"potentialAction":[{"@type":"SearchAction","target":{"@type":"EntryPoint","urlTemplate":"https:\/\/mhf.ro\/mm\/?s={search_term_string}"},"query-input":{"@type":"PropertyValueSpecification","valueRequired":true,"valueName":"search_term_string"}}],"inLanguage":"ro-RO"},{"@type":["Person","Organization"],"@id":"https:\/\/mhf.ro\/mm\/#\/schema\/person\/a3bebf7bdb4bf12f698aff73c7e46c21","name":"Marius Marcu","image":{"@type":"ImageObject","inLanguage":"ro-RO","@id":"https:\/\/mhf.ro\/mm\/#\/schema\/person\/image\/","url":"https:\/\/mhf.ro\/mm\/wp-content\/uploads\/2025\/12\/cropped-logo_mhf_2.png","contentUrl":"https:\/\/mhf.ro\/mm\/wp-content\/uploads\/2025\/12\/cropped-logo_mhf_2.png","width":1096,"height":457,"caption":"Marius Marcu"},"logo":{"@id":"https:\/\/mhf.ro\/mm\/#\/schema\/person\/image\/"},"sameAs":["https:\/\/mhf.ro\/mm"],"url":"https:\/\/mhf.ro\/mm\/author\/mihai\/"}]}},"_links":{"self":[{"href":"https:\/\/mhf.ro\/mm\/wp-json\/wp\/v2\/posts\/4667","targetHints":{"allow":["GET"]}}],"collection":[{"href":"https:\/\/mhf.ro\/mm\/wp-json\/wp\/v2\/posts"}],"about":[{"href":"https:\/\/mhf.ro\/mm\/wp-json\/wp\/v2\/types\/post"}],"author":[{"embeddable":true,"href":"https:\/\/mhf.ro\/mm\/wp-json\/wp\/v2\/users\/1"}],"replies":[{"embeddable":true,"href":"https:\/\/mhf.ro\/mm\/wp-json\/wp\/v2\/comments?post=4667"}],"version-history":[{"count":1,"href":"https:\/\/mhf.ro\/mm\/wp-json\/wp\/v2\/posts\/4667\/revisions"}],"predecessor-version":[{"id":4669,"href":"https:\/\/mhf.ro\/mm\/wp-json\/wp\/v2\/posts\/4667\/revisions\/4669"}],"wp:featuredmedia":[{"embeddable":true,"href":"https:\/\/mhf.ro\/mm\/wp-json\/wp\/v2\/media\/4668"}],"wp:attachment":[{"href":"https:\/\/mhf.ro\/mm\/wp-json\/wp\/v2\/media?parent=4667"}],"wp:term":[{"taxonomy":"category","embeddable":true,"href":"https:\/\/mhf.ro\/mm\/wp-json\/wp\/v2\/categories?post=4667"},{"taxonomy":"post_tag","embeddable":true,"href":"https:\/\/mhf.ro\/mm\/wp-json\/wp\/v2\/tags?post=4667"}],"curies":[{"name":"wp","href":"https:\/\/api.w.org\/{rel}","templated":true}]}}