{"id":4670,"date":"2021-04-19T13:52:52","date_gmt":"2021-04-19T11:52:52","guid":{"rendered":"https:\/\/mhf.ro\/mm\/?p=4670"},"modified":"2021-04-19T13:52:52","modified_gmt":"2021-04-19T11:52:52","slug":"citu-anunta-cum-se-va-face-evaluarea-ministrilor","status":"publish","type":"post","link":"https:\/\/mhf.ro\/mm\/citu-anunta-cum-se-va-face-evaluarea-ministrilor\/","title":{"rendered":"C\u00ee\u021bu anun\u021b\u0103 cum se va face evaluarea mini\u0219trilor"},"content":{"rendered":"<p>Premierul Florin C\u00ee\u021bu spune c\u0103 membrii Guvernului vor fi evalua\u021bi pe criterii de performan\u021b\u0103 \u0219i nu pe baza a ceea ce spun c\u0103 fac. \u0218eful Guvernului a mai spus, dup\u0103 ce ministrul Transporturilor, USR-istul C\u0103t\u0103lin Drul\u0103, l-a numit \u201dzombie politic\u201d, c\u0103 data viitoare c\u00e2nd se mai \u00eent\u00e2mpl\u0103 a\u015fa ceva, va lua o decizie imediat. De asemenea, acesta a avertizat c\u0103 atunci c\u00e2nd un ministru mai atac\u0103 prim-ministrul, imediat pleac\u0103 acas\u0103.<\/p>\n<p>\u201d\u00cei asigur pe to\u0163i membrii Cabinetului c\u0103 evaluarea se va face pe baza performan\u0163ei, pe baza activit\u0103\u0163ii, pe ceea ce fac \u015fi nu pe ceea ce spun\u201d, a declarat premierul Florin C\u00ee\u0163u, \u00eentr-o conferin\u0163\u0103 de pres\u0103.<\/p>\n<p>Premierul a lansat \u0219i un atac dur la adresa ministrului USR-PLUS al Transporturilor C\u0103t\u0103lin Drul\u0103, dup\u0103 ce acesta l-a criticat \u00een termeni duri dup\u0103 demiterea lui Voiculescu.<\/p>\n<p>\u201dC\u00e2nd un ministru mai atac\u0103 prim-ministrul, imediat pleac\u0103 acas\u0103\u201d, a spus C\u00ee\u021bu.<\/p>\n<p>\u00cen ceea ce prive\u015fte situa\u0163ia de la Ministerul S\u0103n\u0103t\u0103\u0163ii, de unde a fost demis Vlad Voiculescu, a afirmat c\u0103 trebuie verifivat cum au fost f\u0103cute bugetele \u015fi numirile.(conf. Jurnalist.ro)<\/p>\n","protected":false},"excerpt":{"rendered":"<p>Premierul Florin C\u00ee\u021bu spune c\u0103 membrii Guvernului vor fi evalua\u021bi pe criterii de performan\u021b\u0103 \u0219i nu pe baza a ceea<\/p>\n","protected":false},"author":1,"featured_media":4671,"comment_status":"open","ping_status":"open","sticky":false,"template":"","format":"standard","meta":{"colormag_page_container_layout":"default_layout","colormag_page_sidebar_layout":"default_layout","footnotes":""},"categories":[5],"tags":[],"class_list":["post-4670","post","type-post","status-publish","format-standard","has-post-thumbnail","hentry","category-locale"],"yoast_head":"<!-- This site is optimized with the Yoast SEO plugin v27.0 - https:\/\/yoast.com\/product\/yoast-seo-wordpress\/ -->\n<title>C\u00ee\u021bu anun\u021b\u0103 cum se va face evaluarea mini\u0219trilor - MHF Photography<\/title>\n<meta name=\"robots\" content=\"index, follow, max-snippet:-1, max-image-preview:large, max-video-preview:-1\" \/>\n<link rel=\"canonical\" href=\"https:\/\/mhf.ro\/mm\/citu-anunta-cum-se-va-face-evaluarea-ministrilor\/\" \/>\n<meta property=\"og:locale\" content=\"ro_RO\" \/>\n<meta property=\"og:type\" content=\"article\" \/>\n<meta property=\"og:title\" content=\"C\u00ee\u021bu anun\u021b\u0103 cum se va face evaluarea mini\u0219trilor - MHF Photography\" \/>\n<meta property=\"og:description\" content=\"Premierul Florin C\u00ee\u021bu spune c\u0103 membrii Guvernului vor fi evalua\u021bi pe criterii de performan\u021b\u0103 \u0219i nu pe baza a ceea\" \/>\n<meta property=\"og:url\" content=\"https:\/\/mhf.ro\/mm\/citu-anunta-cum-se-va-face-evaluarea-ministrilor\/\" \/>\n<meta property=\"og:site_name\" content=\"MHF Photography\" \/>\n<meta property=\"article:published_time\" content=\"2021-04-19T11:52:52+00:00\" \/>\n<meta property=\"og:image\" content=\"https:\/\/mhf.ro\/mm\/wp-content\/uploads\/2021\/04\/citu.png\" \/>\n\t<meta property=\"og:image:width\" content=\"1200\" \/>\n\t<meta property=\"og:image:height\" content=\"632\" \/>\n\t<meta property=\"og:image:type\" content=\"image\/png\" \/>\n<meta name=\"author\" content=\"Marius Marcu\" \/>\n<meta name=\"twitter:card\" content=\"summary_large_image\" \/>\n<meta name=\"twitter:label1\" content=\"Scris de\" \/>\n\t<meta name=\"twitter:data1\" content=\"Marius Marcu\" \/>\n\t<meta name=\"twitter:label2\" content=\"Timp estimat pentru citire\" \/>\n\t<meta name=\"twitter:data2\" content=\"1 minut\" \/>\n<script type=\"application\/ld+json\" class=\"yoast-schema-graph\">{\"@context\":\"https:\/\/schema.org\",\"@graph\":[{\"@type\":\"Article\",\"@id\":\"https:\/\/mhf.ro\/mm\/citu-anunta-cum-se-va-face-evaluarea-ministrilor\/#article\",\"isPartOf\":{\"@id\":\"https:\/\/mhf.ro\/mm\/citu-anunta-cum-se-va-face-evaluarea-ministrilor\/\"},\"author\":{\"name\":\"Marius Marcu\",\"@id\":\"https:\/\/mhf.ro\/mm\/#\/schema\/person\/a3bebf7bdb4bf12f698aff73c7e46c21\"},\"headline\":\"C\u00ee\u021bu anun\u021b\u0103 cum se va face evaluarea mini\u0219trilor\",\"datePublished\":\"2021-04-19T11:52:52+00:00\",\"mainEntityOfPage\":{\"@id\":\"https:\/\/mhf.ro\/mm\/citu-anunta-cum-se-va-face-evaluarea-ministrilor\/\"},\"wordCount\":208,\"commentCount\":0,\"publisher\":{\"@id\":\"https:\/\/mhf.ro\/mm\/#\/schema\/person\/a3bebf7bdb4bf12f698aff73c7e46c21\"},\"image\":{\"@id\":\"https:\/\/mhf.ro\/mm\/citu-anunta-cum-se-va-face-evaluarea-ministrilor\/#primaryimage\"},\"thumbnailUrl\":\"https:\/\/mhf.ro\/mm\/wp-content\/uploads\/2021\/04\/citu.png\",\"articleSection\":[\"Locale\"],\"inLanguage\":\"ro-RO\",\"potentialAction\":[{\"@type\":\"CommentAction\",\"name\":\"Comment\",\"target\":[\"https:\/\/mhf.ro\/mm\/citu-anunta-cum-se-va-face-evaluarea-ministrilor\/#respond\"]}]},{\"@type\":\"WebPage\",\"@id\":\"https:\/\/mhf.ro\/mm\/citu-anunta-cum-se-va-face-evaluarea-ministrilor\/\",\"url\":\"https:\/\/mhf.ro\/mm\/citu-anunta-cum-se-va-face-evaluarea-ministrilor\/\",\"name\":\"C\u00ee\u021bu anun\u021b\u0103 cum se va face evaluarea mini\u0219trilor - MHF Photography\",\"isPartOf\":{\"@id\":\"https:\/\/mhf.ro\/mm\/#website\"},\"primaryImageOfPage\":{\"@id\":\"https:\/\/mhf.ro\/mm\/citu-anunta-cum-se-va-face-evaluarea-ministrilor\/#primaryimage\"},\"image\":{\"@id\":\"https:\/\/mhf.ro\/mm\/citu-anunta-cum-se-va-face-evaluarea-ministrilor\/#primaryimage\"},\"thumbnailUrl\":\"https:\/\/mhf.ro\/mm\/wp-content\/uploads\/2021\/04\/citu.png\",\"datePublished\":\"2021-04-19T11:52:52+00:00\",\"breadcrumb\":{\"@id\":\"https:\/\/mhf.ro\/mm\/citu-anunta-cum-se-va-face-evaluarea-ministrilor\/#breadcrumb\"},\"inLanguage\":\"ro-RO\",\"potentialAction\":[{\"@type\":\"ReadAction\",\"target\":[\"https:\/\/mhf.ro\/mm\/citu-anunta-cum-se-va-face-evaluarea-ministrilor\/\"]}]},{\"@type\":\"ImageObject\",\"inLanguage\":\"ro-RO\",\"@id\":\"https:\/\/mhf.ro\/mm\/citu-anunta-cum-se-va-face-evaluarea-ministrilor\/#primaryimage\",\"url\":\"https:\/\/mhf.ro\/mm\/wp-content\/uploads\/2021\/04\/citu.png\",\"contentUrl\":\"https:\/\/mhf.ro\/mm\/wp-content\/uploads\/2021\/04\/citu.png\",\"width\":1200,\"height\":632},{\"@type\":\"BreadcrumbList\",\"@id\":\"https:\/\/mhf.ro\/mm\/citu-anunta-cum-se-va-face-evaluarea-ministrilor\/#breadcrumb\",\"itemListElement\":[{\"@type\":\"ListItem\",\"position\":1,\"name\":\"Prima pagin\u0103\",\"item\":\"https:\/\/mhf.ro\/mm\/\"},{\"@type\":\"ListItem\",\"position\":2,\"name\":\"C\u00ee\u021bu anun\u021b\u0103 cum se va face evaluarea mini\u0219trilor\"}]},{\"@type\":\"WebSite\",\"@id\":\"https:\/\/mhf.ro\/mm\/#website\",\"url\":\"https:\/\/mhf.ro\/mm\/\",\"name\":\"MHF Photography \u2013 Blog de fotografie, natur\u0103 \u0219i tehnic\u0103 divers\u0103\",\"description\":\"Aventur\u0103 \u00een fiecare cadru.\",\"publisher\":{\"@id\":\"https:\/\/mhf.ro\/mm\/#\/schema\/person\/a3bebf7bdb4bf12f698aff73c7e46c21\"},\"potentialAction\":[{\"@type\":\"SearchAction\",\"target\":{\"@type\":\"EntryPoint\",\"urlTemplate\":\"https:\/\/mhf.ro\/mm\/?s={search_term_string}\"},\"query-input\":{\"@type\":\"PropertyValueSpecification\",\"valueRequired\":true,\"valueName\":\"search_term_string\"}}],\"inLanguage\":\"ro-RO\"},{\"@type\":[\"Person\",\"Organization\"],\"@id\":\"https:\/\/mhf.ro\/mm\/#\/schema\/person\/a3bebf7bdb4bf12f698aff73c7e46c21\",\"name\":\"Marius Marcu\",\"image\":{\"@type\":\"ImageObject\",\"inLanguage\":\"ro-RO\",\"@id\":\"https:\/\/mhf.ro\/mm\/#\/schema\/person\/image\/\",\"url\":\"https:\/\/mhf.ro\/mm\/wp-content\/uploads\/2025\/12\/cropped-logo_mhf_2.png\",\"contentUrl\":\"https:\/\/mhf.ro\/mm\/wp-content\/uploads\/2025\/12\/cropped-logo_mhf_2.png\",\"width\":1096,\"height\":457,\"caption\":\"Marius Marcu\"},\"logo\":{\"@id\":\"https:\/\/mhf.ro\/mm\/#\/schema\/person\/image\/\"},\"sameAs\":[\"https:\/\/mhf.ro\/mm\"],\"url\":\"https:\/\/mhf.ro\/mm\/author\/mihai\/\"}]}<\/script>\n<!-- \/ Yoast SEO plugin. -->","yoast_head_json":{"title":"C\u00ee\u021bu anun\u021b\u0103 cum se va face evaluarea mini\u0219trilor - MHF Photography","robots":{"index":"index","follow":"follow","max-snippet":"max-snippet:-1","max-image-preview":"max-image-preview:large","max-video-preview":"max-video-preview:-1"},"canonical":"https:\/\/mhf.ro\/mm\/citu-anunta-cum-se-va-face-evaluarea-ministrilor\/","og_locale":"ro_RO","og_type":"article","og_title":"C\u00ee\u021bu anun\u021b\u0103 cum se va face evaluarea mini\u0219trilor - MHF Photography","og_description":"Premierul Florin C\u00ee\u021bu spune c\u0103 membrii Guvernului vor fi evalua\u021bi pe criterii de performan\u021b\u0103 \u0219i nu pe baza a ceea","og_url":"https:\/\/mhf.ro\/mm\/citu-anunta-cum-se-va-face-evaluarea-ministrilor\/","og_site_name":"MHF Photography","article_published_time":"2021-04-19T11:52:52+00:00","og_image":[{"width":1200,"height":632,"url":"https:\/\/mhf.ro\/mm\/wp-content\/uploads\/2021\/04\/citu.png","type":"image\/png"}],"author":"Marius Marcu","twitter_card":"summary_large_image","twitter_misc":{"Scris de":"Marius Marcu","Timp estimat pentru citire":"1 minut"},"schema":{"@context":"https:\/\/schema.org","@graph":[{"@type":"Article","@id":"https:\/\/mhf.ro\/mm\/citu-anunta-cum-se-va-face-evaluarea-ministrilor\/#article","isPartOf":{"@id":"https:\/\/mhf.ro\/mm\/citu-anunta-cum-se-va-face-evaluarea-ministrilor\/"},"author":{"name":"Marius Marcu","@id":"https:\/\/mhf.ro\/mm\/#\/schema\/person\/a3bebf7bdb4bf12f698aff73c7e46c21"},"headline":"C\u00ee\u021bu anun\u021b\u0103 cum se va face evaluarea mini\u0219trilor","datePublished":"2021-04-19T11:52:52+00:00","mainEntityOfPage":{"@id":"https:\/\/mhf.ro\/mm\/citu-anunta-cum-se-va-face-evaluarea-ministrilor\/"},"wordCount":208,"commentCount":0,"publisher":{"@id":"https:\/\/mhf.ro\/mm\/#\/schema\/person\/a3bebf7bdb4bf12f698aff73c7e46c21"},"image":{"@id":"https:\/\/mhf.ro\/mm\/citu-anunta-cum-se-va-face-evaluarea-ministrilor\/#primaryimage"},"thumbnailUrl":"https:\/\/mhf.ro\/mm\/wp-content\/uploads\/2021\/04\/citu.png","articleSection":["Locale"],"inLanguage":"ro-RO","potentialAction":[{"@type":"CommentAction","name":"Comment","target":["https:\/\/mhf.ro\/mm\/citu-anunta-cum-se-va-face-evaluarea-ministrilor\/#respond"]}]},{"@type":"WebPage","@id":"https:\/\/mhf.ro\/mm\/citu-anunta-cum-se-va-face-evaluarea-ministrilor\/","url":"https:\/\/mhf.ro\/mm\/citu-anunta-cum-se-va-face-evaluarea-ministrilor\/","name":"C\u00ee\u021bu anun\u021b\u0103 cum se va face evaluarea mini\u0219trilor - MHF Photography","isPartOf":{"@id":"https:\/\/mhf.ro\/mm\/#website"},"primaryImageOfPage":{"@id":"https:\/\/mhf.ro\/mm\/citu-anunta-cum-se-va-face-evaluarea-ministrilor\/#primaryimage"},"image":{"@id":"https:\/\/mhf.ro\/mm\/citu-anunta-cum-se-va-face-evaluarea-ministrilor\/#primaryimage"},"thumbnailUrl":"https:\/\/mhf.ro\/mm\/wp-content\/uploads\/2021\/04\/citu.png","datePublished":"2021-04-19T11:52:52+00:00","breadcrumb":{"@id":"https:\/\/mhf.ro\/mm\/citu-anunta-cum-se-va-face-evaluarea-ministrilor\/#breadcrumb"},"inLanguage":"ro-RO","potentialAction":[{"@type":"ReadAction","target":["https:\/\/mhf.ro\/mm\/citu-anunta-cum-se-va-face-evaluarea-ministrilor\/"]}]},{"@type":"ImageObject","inLanguage":"ro-RO","@id":"https:\/\/mhf.ro\/mm\/citu-anunta-cum-se-va-face-evaluarea-ministrilor\/#primaryimage","url":"https:\/\/mhf.ro\/mm\/wp-content\/uploads\/2021\/04\/citu.png","contentUrl":"https:\/\/mhf.ro\/mm\/wp-content\/uploads\/2021\/04\/citu.png","width":1200,"height":632},{"@type":"BreadcrumbList","@id":"https:\/\/mhf.ro\/mm\/citu-anunta-cum-se-va-face-evaluarea-ministrilor\/#breadcrumb","itemListElement":[{"@type":"ListItem","position":1,"name":"Prima pagin\u0103","item":"https:\/\/mhf.ro\/mm\/"},{"@type":"ListItem","position":2,"name":"C\u00ee\u021bu anun\u021b\u0103 cum se va face evaluarea mini\u0219trilor"}]},{"@type":"WebSite","@id":"https:\/\/mhf.ro\/mm\/#website","url":"https:\/\/mhf.ro\/mm\/","name":"MHF Photography \u2013 Blog de fotografie, natur\u0103 \u0219i tehnic\u0103 divers\u0103","description":"Aventur\u0103 \u00een fiecare cadru.","publisher":{"@id":"https:\/\/mhf.ro\/mm\/#\/schema\/person\/a3bebf7bdb4bf12f698aff73c7e46c21"},"potentialAction":[{"@type":"SearchAction","target":{"@type":"EntryPoint","urlTemplate":"https:\/\/mhf.ro\/mm\/?s={search_term_string}"},"query-input":{"@type":"PropertyValueSpecification","valueRequired":true,"valueName":"search_term_string"}}],"inLanguage":"ro-RO"},{"@type":["Person","Organization"],"@id":"https:\/\/mhf.ro\/mm\/#\/schema\/person\/a3bebf7bdb4bf12f698aff73c7e46c21","name":"Marius Marcu","image":{"@type":"ImageObject","inLanguage":"ro-RO","@id":"https:\/\/mhf.ro\/mm\/#\/schema\/person\/image\/","url":"https:\/\/mhf.ro\/mm\/wp-content\/uploads\/2025\/12\/cropped-logo_mhf_2.png","contentUrl":"https:\/\/mhf.ro\/mm\/wp-content\/uploads\/2025\/12\/cropped-logo_mhf_2.png","width":1096,"height":457,"caption":"Marius Marcu"},"logo":{"@id":"https:\/\/mhf.ro\/mm\/#\/schema\/person\/image\/"},"sameAs":["https:\/\/mhf.ro\/mm"],"url":"https:\/\/mhf.ro\/mm\/author\/mihai\/"}]}},"_links":{"self":[{"href":"https:\/\/mhf.ro\/mm\/wp-json\/wp\/v2\/posts\/4670","targetHints":{"allow":["GET"]}}],"collection":[{"href":"https:\/\/mhf.ro\/mm\/wp-json\/wp\/v2\/posts"}],"about":[{"href":"https:\/\/mhf.ro\/mm\/wp-json\/wp\/v2\/types\/post"}],"author":[{"embeddable":true,"href":"https:\/\/mhf.ro\/mm\/wp-json\/wp\/v2\/users\/1"}],"replies":[{"embeddable":true,"href":"https:\/\/mhf.ro\/mm\/wp-json\/wp\/v2\/comments?post=4670"}],"version-history":[{"count":1,"href":"https:\/\/mhf.ro\/mm\/wp-json\/wp\/v2\/posts\/4670\/revisions"}],"predecessor-version":[{"id":4672,"href":"https:\/\/mhf.ro\/mm\/wp-json\/wp\/v2\/posts\/4670\/revisions\/4672"}],"wp:featuredmedia":[{"embeddable":true,"href":"https:\/\/mhf.ro\/mm\/wp-json\/wp\/v2\/media\/4671"}],"wp:attachment":[{"href":"https:\/\/mhf.ro\/mm\/wp-json\/wp\/v2\/media?parent=4670"}],"wp:term":[{"taxonomy":"category","embeddable":true,"href":"https:\/\/mhf.ro\/mm\/wp-json\/wp\/v2\/categories?post=4670"},{"taxonomy":"post_tag","embeddable":true,"href":"https:\/\/mhf.ro\/mm\/wp-json\/wp\/v2\/tags?post=4670"}],"curies":[{"name":"wp","href":"https:\/\/api.w.org\/{rel}","templated":true}]}}