{"id":4691,"date":"2021-04-20T20:36:43","date_gmt":"2021-04-20T18:36:43","guid":{"rendered":"https:\/\/mhf.ro\/mm\/?p=4691"},"modified":"2021-04-20T20:36:43","modified_gmt":"2021-04-20T18:36:43","slug":"citu-vrea-sa-elimine-vocile-anti-vaccinare","status":"publish","type":"post","link":"https:\/\/mhf.ro\/mm\/citu-vrea-sa-elimine-vocile-anti-vaccinare\/","title":{"rendered":"C\u00ee\u021bu vrea s\u0103 elimine \u2018vocile\u2019 anti-vaccinare"},"content":{"rendered":"<p align=\"left\">Premierul Florin C\u00ee\u021bu a declarat mar\u021bi c\u0103 Guvernul \u0219i-a propus s\u0103 \u201eelimine acele voci care mai exist\u0103\u201d impotriva\u00a0<a href=\"https:\/\/www.stiripesurse.ro\/personalitati\/vaccin_1409.html\">vaccin<\/a>\u0103rii. \u0218eful executivului afirm\u0103 c\u0103 \u201eorice voce care submineaz\u0103 campania de vaccinare, submineaz\u0103 efortul nostru de a reveni la normalitate c\u00e2t mai cur\u00e2nd\u201d.<\/p>\n<p align=\"left\">\u201eV\u0103 spun acela\u0219i mesaj pe care \u00eel spun \u00een fiecare zi: Vaccinarea este singura solu\u021bie de a ie\u0219i din aceast\u0103 pandemie.<\/p>\n<p align=\"left\">Avem nevoie de o campanie corect\u0103 de informare, sunt multe informa\u021bii \u00een spa\u021biul public care submineaz\u0103 eforturile campaniei de vaccinare.<\/p>\n<p align=\"left\">Singura solu\u021bie de a reveni la normalitate, de a avea o via\u021b\u0103 normala, de a merge la concerte, la teatru, la restaurant, \u00een vacanta, este s\u0103 ne vaccinam.<\/p>\n<p align=\"left\">Ceea ce facem noi acum este s\u0103 elimin\u0103m acele voci care mai exist\u0103 \u00eempotriva acestei campanii de vaccinare. Orice voce \u00eempotriva campaniei de vaccinare, de oriunde ar veni ea, submineaz\u0103 efortul tuturor de a reveni la normalitate c\u00e2t mai cur\u00e2nd\u201d, a spus C\u00ee\u021bu.<\/p>\n<p align=\"left\">Acesta a mai explicat c\u0103 \u00ee\u0219i dore\u0219te ca deschiderea restaurantelor s\u0103 nu mai depind\u0103 de rata de inciden\u021b\u0103.<\/p>\n<p align=\"left\">\u201eM\u0103 intereseaz\u0103 s\u0103 avem tot personalul vaccinat ca s\u0103 putem s\u0103 \u00eencepem s\u0103 elimin\u0103m din restric\u021bii\u201d, a spus primul-ministru, dup\u0103 o nou\u0103 rund\u0103 de discu\u021bii cu reprezentan\u021bii sectorului HoReCa. (conf. Jurnalist.ro)<\/p>\n","protected":false},"excerpt":{"rendered":"<p>Premierul Florin C\u00ee\u021bu a declarat mar\u021bi c\u0103 Guvernul \u0219i-a propus s\u0103 \u201eelimine acele voci care mai exist\u0103\u201d impotriva\u00a0vaccin\u0103rii. \u0218eful executivului<\/p>\n","protected":false},"author":1,"featured_media":4692,"comment_status":"open","ping_status":"open","sticky":false,"template":"","format":"standard","meta":{"colormag_page_container_layout":"default_layout","colormag_page_sidebar_layout":"default_layout","footnotes":""},"categories":[5],"tags":[],"class_list":["post-4691","post","type-post","status-publish","format-standard","has-post-thumbnail","hentry","category-locale"],"yoast_head":"<!-- This site is optimized with the Yoast SEO plugin v27.0 - https:\/\/yoast.com\/product\/yoast-seo-wordpress\/ -->\n<title>C\u00ee\u021bu vrea s\u0103 elimine \u2018vocile\u2019 anti-vaccinare - MHF Photography<\/title>\n<meta name=\"robots\" content=\"index, follow, max-snippet:-1, max-image-preview:large, max-video-preview:-1\" \/>\n<link rel=\"canonical\" href=\"https:\/\/mhf.ro\/mm\/citu-vrea-sa-elimine-vocile-anti-vaccinare\/\" \/>\n<meta property=\"og:locale\" content=\"ro_RO\" \/>\n<meta property=\"og:type\" content=\"article\" \/>\n<meta property=\"og:title\" content=\"C\u00ee\u021bu vrea s\u0103 elimine \u2018vocile\u2019 anti-vaccinare - MHF Photography\" \/>\n<meta property=\"og:description\" content=\"Premierul Florin C\u00ee\u021bu a declarat mar\u021bi c\u0103 Guvernul \u0219i-a propus s\u0103 \u201eelimine acele voci care mai exist\u0103\u201d impotriva\u00a0vaccin\u0103rii. \u0218eful executivului\" \/>\n<meta property=\"og:url\" content=\"https:\/\/mhf.ro\/mm\/citu-vrea-sa-elimine-vocile-anti-vaccinare\/\" \/>\n<meta property=\"og:site_name\" content=\"MHF Photography\" \/>\n<meta property=\"article:published_time\" content=\"2021-04-20T18:36:43+00:00\" \/>\n<meta property=\"og:image\" content=\"https:\/\/mhf.ro\/mm\/wp-content\/uploads\/2021\/04\/florin-citu_vocile.jpg\" \/>\n\t<meta property=\"og:image:width\" content=\"800\" \/>\n\t<meta property=\"og:image:height\" content=\"450\" \/>\n\t<meta property=\"og:image:type\" content=\"image\/jpeg\" \/>\n<meta name=\"author\" content=\"Marius Marcu\" \/>\n<meta name=\"twitter:card\" content=\"summary_large_image\" \/>\n<meta name=\"twitter:label1\" content=\"Scris de\" \/>\n\t<meta name=\"twitter:data1\" content=\"Marius Marcu\" \/>\n\t<meta name=\"twitter:label2\" content=\"Timp estimat pentru citire\" \/>\n\t<meta name=\"twitter:data2\" content=\"1 minut\" \/>\n<script type=\"application\/ld+json\" class=\"yoast-schema-graph\">{\"@context\":\"https:\/\/schema.org\",\"@graph\":[{\"@type\":\"Article\",\"@id\":\"https:\/\/mhf.ro\/mm\/citu-vrea-sa-elimine-vocile-anti-vaccinare\/#article\",\"isPartOf\":{\"@id\":\"https:\/\/mhf.ro\/mm\/citu-vrea-sa-elimine-vocile-anti-vaccinare\/\"},\"author\":{\"name\":\"Marius Marcu\",\"@id\":\"https:\/\/mhf.ro\/mm\/#\/schema\/person\/a3bebf7bdb4bf12f698aff73c7e46c21\"},\"headline\":\"C\u00ee\u021bu vrea s\u0103 elimine \u2018vocile\u2019 anti-vaccinare\",\"datePublished\":\"2021-04-20T18:36:43+00:00\",\"mainEntityOfPage\":{\"@id\":\"https:\/\/mhf.ro\/mm\/citu-vrea-sa-elimine-vocile-anti-vaccinare\/\"},\"wordCount\":230,\"commentCount\":0,\"publisher\":{\"@id\":\"https:\/\/mhf.ro\/mm\/#\/schema\/person\/a3bebf7bdb4bf12f698aff73c7e46c21\"},\"image\":{\"@id\":\"https:\/\/mhf.ro\/mm\/citu-vrea-sa-elimine-vocile-anti-vaccinare\/#primaryimage\"},\"thumbnailUrl\":\"https:\/\/mhf.ro\/mm\/wp-content\/uploads\/2021\/04\/florin-citu_vocile.jpg\",\"articleSection\":[\"Locale\"],\"inLanguage\":\"ro-RO\",\"potentialAction\":[{\"@type\":\"CommentAction\",\"name\":\"Comment\",\"target\":[\"https:\/\/mhf.ro\/mm\/citu-vrea-sa-elimine-vocile-anti-vaccinare\/#respond\"]}]},{\"@type\":\"WebPage\",\"@id\":\"https:\/\/mhf.ro\/mm\/citu-vrea-sa-elimine-vocile-anti-vaccinare\/\",\"url\":\"https:\/\/mhf.ro\/mm\/citu-vrea-sa-elimine-vocile-anti-vaccinare\/\",\"name\":\"C\u00ee\u021bu vrea s\u0103 elimine \u2018vocile\u2019 anti-vaccinare - MHF Photography\",\"isPartOf\":{\"@id\":\"https:\/\/mhf.ro\/mm\/#website\"},\"primaryImageOfPage\":{\"@id\":\"https:\/\/mhf.ro\/mm\/citu-vrea-sa-elimine-vocile-anti-vaccinare\/#primaryimage\"},\"image\":{\"@id\":\"https:\/\/mhf.ro\/mm\/citu-vrea-sa-elimine-vocile-anti-vaccinare\/#primaryimage\"},\"thumbnailUrl\":\"https:\/\/mhf.ro\/mm\/wp-content\/uploads\/2021\/04\/florin-citu_vocile.jpg\",\"datePublished\":\"2021-04-20T18:36:43+00:00\",\"breadcrumb\":{\"@id\":\"https:\/\/mhf.ro\/mm\/citu-vrea-sa-elimine-vocile-anti-vaccinare\/#breadcrumb\"},\"inLanguage\":\"ro-RO\",\"potentialAction\":[{\"@type\":\"ReadAction\",\"target\":[\"https:\/\/mhf.ro\/mm\/citu-vrea-sa-elimine-vocile-anti-vaccinare\/\"]}]},{\"@type\":\"ImageObject\",\"inLanguage\":\"ro-RO\",\"@id\":\"https:\/\/mhf.ro\/mm\/citu-vrea-sa-elimine-vocile-anti-vaccinare\/#primaryimage\",\"url\":\"https:\/\/mhf.ro\/mm\/wp-content\/uploads\/2021\/04\/florin-citu_vocile.jpg\",\"contentUrl\":\"https:\/\/mhf.ro\/mm\/wp-content\/uploads\/2021\/04\/florin-citu_vocile.jpg\",\"width\":800,\"height\":450},{\"@type\":\"BreadcrumbList\",\"@id\":\"https:\/\/mhf.ro\/mm\/citu-vrea-sa-elimine-vocile-anti-vaccinare\/#breadcrumb\",\"itemListElement\":[{\"@type\":\"ListItem\",\"position\":1,\"name\":\"Prima pagin\u0103\",\"item\":\"https:\/\/mhf.ro\/mm\/\"},{\"@type\":\"ListItem\",\"position\":2,\"name\":\"C\u00ee\u021bu vrea s\u0103 elimine \u2018vocile\u2019 anti-vaccinare\"}]},{\"@type\":\"WebSite\",\"@id\":\"https:\/\/mhf.ro\/mm\/#website\",\"url\":\"https:\/\/mhf.ro\/mm\/\",\"name\":\"MHF Photography \u2013 Blog de fotografie, natur\u0103 \u0219i tehnic\u0103 divers\u0103\",\"description\":\"Aventur\u0103 \u00een fiecare cadru.\",\"publisher\":{\"@id\":\"https:\/\/mhf.ro\/mm\/#\/schema\/person\/a3bebf7bdb4bf12f698aff73c7e46c21\"},\"potentialAction\":[{\"@type\":\"SearchAction\",\"target\":{\"@type\":\"EntryPoint\",\"urlTemplate\":\"https:\/\/mhf.ro\/mm\/?s={search_term_string}\"},\"query-input\":{\"@type\":\"PropertyValueSpecification\",\"valueRequired\":true,\"valueName\":\"search_term_string\"}}],\"inLanguage\":\"ro-RO\"},{\"@type\":[\"Person\",\"Organization\"],\"@id\":\"https:\/\/mhf.ro\/mm\/#\/schema\/person\/a3bebf7bdb4bf12f698aff73c7e46c21\",\"name\":\"Marius Marcu\",\"image\":{\"@type\":\"ImageObject\",\"inLanguage\":\"ro-RO\",\"@id\":\"https:\/\/mhf.ro\/mm\/#\/schema\/person\/image\/\",\"url\":\"https:\/\/mhf.ro\/mm\/wp-content\/uploads\/2025\/12\/cropped-logo_mhf_2.png\",\"contentUrl\":\"https:\/\/mhf.ro\/mm\/wp-content\/uploads\/2025\/12\/cropped-logo_mhf_2.png\",\"width\":1096,\"height\":457,\"caption\":\"Marius Marcu\"},\"logo\":{\"@id\":\"https:\/\/mhf.ro\/mm\/#\/schema\/person\/image\/\"},\"sameAs\":[\"https:\/\/mhf.ro\/mm\"],\"url\":\"https:\/\/mhf.ro\/mm\/author\/mihai\/\"}]}<\/script>\n<!-- \/ Yoast SEO plugin. -->","yoast_head_json":{"title":"C\u00ee\u021bu vrea s\u0103 elimine \u2018vocile\u2019 anti-vaccinare - MHF Photography","robots":{"index":"index","follow":"follow","max-snippet":"max-snippet:-1","max-image-preview":"max-image-preview:large","max-video-preview":"max-video-preview:-1"},"canonical":"https:\/\/mhf.ro\/mm\/citu-vrea-sa-elimine-vocile-anti-vaccinare\/","og_locale":"ro_RO","og_type":"article","og_title":"C\u00ee\u021bu vrea s\u0103 elimine \u2018vocile\u2019 anti-vaccinare - MHF Photography","og_description":"Premierul Florin C\u00ee\u021bu a declarat mar\u021bi c\u0103 Guvernul \u0219i-a propus s\u0103 \u201eelimine acele voci care mai exist\u0103\u201d impotriva\u00a0vaccin\u0103rii. \u0218eful executivului","og_url":"https:\/\/mhf.ro\/mm\/citu-vrea-sa-elimine-vocile-anti-vaccinare\/","og_site_name":"MHF Photography","article_published_time":"2021-04-20T18:36:43+00:00","og_image":[{"width":800,"height":450,"url":"https:\/\/mhf.ro\/mm\/wp-content\/uploads\/2021\/04\/florin-citu_vocile.jpg","type":"image\/jpeg"}],"author":"Marius Marcu","twitter_card":"summary_large_image","twitter_misc":{"Scris de":"Marius Marcu","Timp estimat pentru citire":"1 minut"},"schema":{"@context":"https:\/\/schema.org","@graph":[{"@type":"Article","@id":"https:\/\/mhf.ro\/mm\/citu-vrea-sa-elimine-vocile-anti-vaccinare\/#article","isPartOf":{"@id":"https:\/\/mhf.ro\/mm\/citu-vrea-sa-elimine-vocile-anti-vaccinare\/"},"author":{"name":"Marius Marcu","@id":"https:\/\/mhf.ro\/mm\/#\/schema\/person\/a3bebf7bdb4bf12f698aff73c7e46c21"},"headline":"C\u00ee\u021bu vrea s\u0103 elimine \u2018vocile\u2019 anti-vaccinare","datePublished":"2021-04-20T18:36:43+00:00","mainEntityOfPage":{"@id":"https:\/\/mhf.ro\/mm\/citu-vrea-sa-elimine-vocile-anti-vaccinare\/"},"wordCount":230,"commentCount":0,"publisher":{"@id":"https:\/\/mhf.ro\/mm\/#\/schema\/person\/a3bebf7bdb4bf12f698aff73c7e46c21"},"image":{"@id":"https:\/\/mhf.ro\/mm\/citu-vrea-sa-elimine-vocile-anti-vaccinare\/#primaryimage"},"thumbnailUrl":"https:\/\/mhf.ro\/mm\/wp-content\/uploads\/2021\/04\/florin-citu_vocile.jpg","articleSection":["Locale"],"inLanguage":"ro-RO","potentialAction":[{"@type":"CommentAction","name":"Comment","target":["https:\/\/mhf.ro\/mm\/citu-vrea-sa-elimine-vocile-anti-vaccinare\/#respond"]}]},{"@type":"WebPage","@id":"https:\/\/mhf.ro\/mm\/citu-vrea-sa-elimine-vocile-anti-vaccinare\/","url":"https:\/\/mhf.ro\/mm\/citu-vrea-sa-elimine-vocile-anti-vaccinare\/","name":"C\u00ee\u021bu vrea s\u0103 elimine \u2018vocile\u2019 anti-vaccinare - MHF Photography","isPartOf":{"@id":"https:\/\/mhf.ro\/mm\/#website"},"primaryImageOfPage":{"@id":"https:\/\/mhf.ro\/mm\/citu-vrea-sa-elimine-vocile-anti-vaccinare\/#primaryimage"},"image":{"@id":"https:\/\/mhf.ro\/mm\/citu-vrea-sa-elimine-vocile-anti-vaccinare\/#primaryimage"},"thumbnailUrl":"https:\/\/mhf.ro\/mm\/wp-content\/uploads\/2021\/04\/florin-citu_vocile.jpg","datePublished":"2021-04-20T18:36:43+00:00","breadcrumb":{"@id":"https:\/\/mhf.ro\/mm\/citu-vrea-sa-elimine-vocile-anti-vaccinare\/#breadcrumb"},"inLanguage":"ro-RO","potentialAction":[{"@type":"ReadAction","target":["https:\/\/mhf.ro\/mm\/citu-vrea-sa-elimine-vocile-anti-vaccinare\/"]}]},{"@type":"ImageObject","inLanguage":"ro-RO","@id":"https:\/\/mhf.ro\/mm\/citu-vrea-sa-elimine-vocile-anti-vaccinare\/#primaryimage","url":"https:\/\/mhf.ro\/mm\/wp-content\/uploads\/2021\/04\/florin-citu_vocile.jpg","contentUrl":"https:\/\/mhf.ro\/mm\/wp-content\/uploads\/2021\/04\/florin-citu_vocile.jpg","width":800,"height":450},{"@type":"BreadcrumbList","@id":"https:\/\/mhf.ro\/mm\/citu-vrea-sa-elimine-vocile-anti-vaccinare\/#breadcrumb","itemListElement":[{"@type":"ListItem","position":1,"name":"Prima pagin\u0103","item":"https:\/\/mhf.ro\/mm\/"},{"@type":"ListItem","position":2,"name":"C\u00ee\u021bu vrea s\u0103 elimine \u2018vocile\u2019 anti-vaccinare"}]},{"@type":"WebSite","@id":"https:\/\/mhf.ro\/mm\/#website","url":"https:\/\/mhf.ro\/mm\/","name":"MHF Photography \u2013 Blog de fotografie, natur\u0103 \u0219i tehnic\u0103 divers\u0103","description":"Aventur\u0103 \u00een fiecare cadru.","publisher":{"@id":"https:\/\/mhf.ro\/mm\/#\/schema\/person\/a3bebf7bdb4bf12f698aff73c7e46c21"},"potentialAction":[{"@type":"SearchAction","target":{"@type":"EntryPoint","urlTemplate":"https:\/\/mhf.ro\/mm\/?s={search_term_string}"},"query-input":{"@type":"PropertyValueSpecification","valueRequired":true,"valueName":"search_term_string"}}],"inLanguage":"ro-RO"},{"@type":["Person","Organization"],"@id":"https:\/\/mhf.ro\/mm\/#\/schema\/person\/a3bebf7bdb4bf12f698aff73c7e46c21","name":"Marius Marcu","image":{"@type":"ImageObject","inLanguage":"ro-RO","@id":"https:\/\/mhf.ro\/mm\/#\/schema\/person\/image\/","url":"https:\/\/mhf.ro\/mm\/wp-content\/uploads\/2025\/12\/cropped-logo_mhf_2.png","contentUrl":"https:\/\/mhf.ro\/mm\/wp-content\/uploads\/2025\/12\/cropped-logo_mhf_2.png","width":1096,"height":457,"caption":"Marius Marcu"},"logo":{"@id":"https:\/\/mhf.ro\/mm\/#\/schema\/person\/image\/"},"sameAs":["https:\/\/mhf.ro\/mm"],"url":"https:\/\/mhf.ro\/mm\/author\/mihai\/"}]}},"_links":{"self":[{"href":"https:\/\/mhf.ro\/mm\/wp-json\/wp\/v2\/posts\/4691","targetHints":{"allow":["GET"]}}],"collection":[{"href":"https:\/\/mhf.ro\/mm\/wp-json\/wp\/v2\/posts"}],"about":[{"href":"https:\/\/mhf.ro\/mm\/wp-json\/wp\/v2\/types\/post"}],"author":[{"embeddable":true,"href":"https:\/\/mhf.ro\/mm\/wp-json\/wp\/v2\/users\/1"}],"replies":[{"embeddable":true,"href":"https:\/\/mhf.ro\/mm\/wp-json\/wp\/v2\/comments?post=4691"}],"version-history":[{"count":1,"href":"https:\/\/mhf.ro\/mm\/wp-json\/wp\/v2\/posts\/4691\/revisions"}],"predecessor-version":[{"id":4693,"href":"https:\/\/mhf.ro\/mm\/wp-json\/wp\/v2\/posts\/4691\/revisions\/4693"}],"wp:featuredmedia":[{"embeddable":true,"href":"https:\/\/mhf.ro\/mm\/wp-json\/wp\/v2\/media\/4692"}],"wp:attachment":[{"href":"https:\/\/mhf.ro\/mm\/wp-json\/wp\/v2\/media?parent=4691"}],"wp:term":[{"taxonomy":"category","embeddable":true,"href":"https:\/\/mhf.ro\/mm\/wp-json\/wp\/v2\/categories?post=4691"},{"taxonomy":"post_tag","embeddable":true,"href":"https:\/\/mhf.ro\/mm\/wp-json\/wp\/v2\/tags?post=4691"}],"curies":[{"name":"wp","href":"https:\/\/api.w.org\/{rel}","templated":true}]}}