{"id":4694,"date":"2021-04-20T20:38:19","date_gmt":"2021-04-20T18:38:19","guid":{"rendered":"https:\/\/mhf.ro\/mm\/?p=4694"},"modified":"2021-04-20T20:40:54","modified_gmt":"2021-04-20T18:40:54","slug":"un-nou-varf-covid-atins-marti","status":"publish","type":"post","link":"https:\/\/mhf.ro\/mm\/un-nou-varf-covid-atins-marti\/","title":{"rendered":"Un nou v\u00e2rf COVID, atins mar\u021bi"},"content":{"rendered":"<p>Grupul de Comunicare Strategic\u0103 a anun\u0163at mar\u0163i 2.931 de cazuri noi de persoane infectate cu coronavirus \u015fi 237 de decese. Este cel mai grav bilan\u0163 de la \u00eenceputul pandemiei. P\u00e2n\u0103 acum, cel mai mare num\u0103r de decese \u00eenregistrat \u00een 24 de ore a fost 213, \u00een 8 decembrie 2020.<\/p>\n<p>\u00cen unit\u0103\u021bile sanitare de profil, num\u0103rul total de persoane internate cu COVID-19 este de 12.113. Dintre acestea, 1.432 sunt internate la ATI.<\/p>\n<p>P\u00e2n\u0103 ast\u0103zi, 20 aprilie, pe teritoriul Rom\u00e2niei, au fost confirmate 1.034.003 cazuri de persoane infectate cu noul coronavirus (COVID \u2013 19).<\/p>\n<p>950.242 de pacien\u021bi au fost declara\u021bi vindeca\u021bi.<\/p>\n<p>Distribu\u021bia per jude\u021be a cazurilor nou depistate de infec\u021bie cu SARS-CoV-2 arat\u0103 \u00een felul urm\u0103tor: Alba 56, Arad 69, Arge\u0219 62, Bac\u0103u 48, Bihor 137, Bistri\u021ba-N\u0103s\u0103ud 28, Boto\u0219ani 32, Bra\u0219ov 99, Br\u0103ila 31, Buz\u0103u 26, Cara\u0219-Severin 30, C\u0103l\u0103ra\u0219i 25, Cluj 192, Constan\u021ba 53, Covasna 32, D\u00e2mbovi\u021ba 41, Dolj 28, Gala\u021bi 64, Giurgiu 18, Gorj 14, Harghita 32, Hunedoara 94, Ialomi\u021ba 24, Ia\u0219i 78, Ilfov 56, Maramure\u0219 23, Mehedin\u021bi 28, Mure\u0219 87, Neam\u021b 72, Olt 24, Prahova 76, Satu Mare 50, S\u0103laj 36, Sibiu 42, Suceava 25, Teleorman 78, Timi\u0219 101, Tulcea 13, Vaslui 25, V\u00e2lcea 46, Vrancea 37. Municipiul Bucure\u0219ti are 500, iar pentru alte 299 cazuri nu este precizat\u0103 nicio zon\u0103 a \u021b\u0103rii.(conf. Jurnalist.ro)<\/p>\n","protected":false},"excerpt":{"rendered":"<p>Grupul de Comunicare Strategic\u0103 a anun\u0163at mar\u0163i 2.931 de cazuri noi de persoane infectate cu coronavirus \u015fi 237 de decese.<\/p>\n","protected":false},"author":1,"featured_media":4695,"comment_status":"open","ping_status":"open","sticky":false,"template":"","format":"standard","meta":{"colormag_page_container_layout":"default_layout","colormag_page_sidebar_layout":"default_layout","footnotes":""},"categories":[8],"tags":[],"class_list":["post-4694","post","type-post","status-publish","format-standard","has-post-thumbnail","hentry","category-div"],"yoast_head":"<!-- This site is optimized with the Yoast SEO plugin v27.0 - https:\/\/yoast.com\/product\/yoast-seo-wordpress\/ -->\n<title>Un nou v\u00e2rf COVID, atins mar\u021bi - MHF Photography<\/title>\n<meta name=\"robots\" content=\"index, follow, max-snippet:-1, max-image-preview:large, max-video-preview:-1\" \/>\n<link rel=\"canonical\" href=\"https:\/\/mhf.ro\/mm\/un-nou-varf-covid-atins-marti\/\" \/>\n<meta property=\"og:locale\" content=\"ro_RO\" \/>\n<meta property=\"og:type\" content=\"article\" \/>\n<meta property=\"og:title\" content=\"Un nou v\u00e2rf COVID, atins mar\u021bi - MHF Photography\" \/>\n<meta property=\"og:description\" content=\"Grupul de Comunicare Strategic\u0103 a anun\u0163at mar\u0163i 2.931 de cazuri noi de persoane infectate cu coronavirus \u015fi 237 de decese.\" \/>\n<meta property=\"og:url\" content=\"https:\/\/mhf.ro\/mm\/un-nou-varf-covid-atins-marti\/\" \/>\n<meta property=\"og:site_name\" content=\"MHF Photography\" \/>\n<meta property=\"article:published_time\" content=\"2021-04-20T18:38:19+00:00\" \/>\n<meta property=\"article:modified_time\" content=\"2021-04-20T18:40:54+00:00\" \/>\n<meta property=\"og:image\" content=\"https:\/\/mhf.ro\/mm\/wp-content\/uploads\/2021\/04\/covid_33.jpg\" \/>\n\t<meta property=\"og:image:width\" content=\"1000\" \/>\n\t<meta property=\"og:image:height\" content=\"513\" \/>\n\t<meta property=\"og:image:type\" content=\"image\/jpeg\" \/>\n<meta name=\"author\" content=\"Marius Marcu\" \/>\n<meta name=\"twitter:card\" content=\"summary_large_image\" \/>\n<meta name=\"twitter:label1\" content=\"Scris de\" \/>\n\t<meta name=\"twitter:data1\" content=\"Marius Marcu\" \/>\n\t<meta name=\"twitter:label2\" content=\"Timp estimat pentru citire\" \/>\n\t<meta name=\"twitter:data2\" content=\"1 minut\" \/>\n<script type=\"application\/ld+json\" class=\"yoast-schema-graph\">{\"@context\":\"https:\/\/schema.org\",\"@graph\":[{\"@type\":\"Article\",\"@id\":\"https:\/\/mhf.ro\/mm\/un-nou-varf-covid-atins-marti\/#article\",\"isPartOf\":{\"@id\":\"https:\/\/mhf.ro\/mm\/un-nou-varf-covid-atins-marti\/\"},\"author\":{\"name\":\"Marius Marcu\",\"@id\":\"https:\/\/mhf.ro\/mm\/#\/schema\/person\/a3bebf7bdb4bf12f698aff73c7e46c21\"},\"headline\":\"Un nou v\u00e2rf COVID, atins mar\u021bi\",\"datePublished\":\"2021-04-20T18:38:19+00:00\",\"dateModified\":\"2021-04-20T18:40:54+00:00\",\"mainEntityOfPage\":{\"@id\":\"https:\/\/mhf.ro\/mm\/un-nou-varf-covid-atins-marti\/\"},\"wordCount\":206,\"commentCount\":0,\"publisher\":{\"@id\":\"https:\/\/mhf.ro\/mm\/#\/schema\/person\/a3bebf7bdb4bf12f698aff73c7e46c21\"},\"image\":{\"@id\":\"https:\/\/mhf.ro\/mm\/un-nou-varf-covid-atins-marti\/#primaryimage\"},\"thumbnailUrl\":\"https:\/\/mhf.ro\/mm\/wp-content\/uploads\/2021\/04\/covid_33.jpg\",\"articleSection\":[\"Diverse\"],\"inLanguage\":\"ro-RO\",\"potentialAction\":[{\"@type\":\"CommentAction\",\"name\":\"Comment\",\"target\":[\"https:\/\/mhf.ro\/mm\/un-nou-varf-covid-atins-marti\/#respond\"]}]},{\"@type\":\"WebPage\",\"@id\":\"https:\/\/mhf.ro\/mm\/un-nou-varf-covid-atins-marti\/\",\"url\":\"https:\/\/mhf.ro\/mm\/un-nou-varf-covid-atins-marti\/\",\"name\":\"Un nou v\u00e2rf COVID, atins mar\u021bi - MHF Photography\",\"isPartOf\":{\"@id\":\"https:\/\/mhf.ro\/mm\/#website\"},\"primaryImageOfPage\":{\"@id\":\"https:\/\/mhf.ro\/mm\/un-nou-varf-covid-atins-marti\/#primaryimage\"},\"image\":{\"@id\":\"https:\/\/mhf.ro\/mm\/un-nou-varf-covid-atins-marti\/#primaryimage\"},\"thumbnailUrl\":\"https:\/\/mhf.ro\/mm\/wp-content\/uploads\/2021\/04\/covid_33.jpg\",\"datePublished\":\"2021-04-20T18:38:19+00:00\",\"dateModified\":\"2021-04-20T18:40:54+00:00\",\"breadcrumb\":{\"@id\":\"https:\/\/mhf.ro\/mm\/un-nou-varf-covid-atins-marti\/#breadcrumb\"},\"inLanguage\":\"ro-RO\",\"potentialAction\":[{\"@type\":\"ReadAction\",\"target\":[\"https:\/\/mhf.ro\/mm\/un-nou-varf-covid-atins-marti\/\"]}]},{\"@type\":\"ImageObject\",\"inLanguage\":\"ro-RO\",\"@id\":\"https:\/\/mhf.ro\/mm\/un-nou-varf-covid-atins-marti\/#primaryimage\",\"url\":\"https:\/\/mhf.ro\/mm\/wp-content\/uploads\/2021\/04\/covid_33.jpg\",\"contentUrl\":\"https:\/\/mhf.ro\/mm\/wp-content\/uploads\/2021\/04\/covid_33.jpg\",\"width\":1000,\"height\":513},{\"@type\":\"BreadcrumbList\",\"@id\":\"https:\/\/mhf.ro\/mm\/un-nou-varf-covid-atins-marti\/#breadcrumb\",\"itemListElement\":[{\"@type\":\"ListItem\",\"position\":1,\"name\":\"Prima pagin\u0103\",\"item\":\"https:\/\/mhf.ro\/mm\/\"},{\"@type\":\"ListItem\",\"position\":2,\"name\":\"Un nou v\u00e2rf COVID, atins mar\u021bi\"}]},{\"@type\":\"WebSite\",\"@id\":\"https:\/\/mhf.ro\/mm\/#website\",\"url\":\"https:\/\/mhf.ro\/mm\/\",\"name\":\"MHF Photography \u2013 Blog de fotografie, natur\u0103 \u0219i tehnic\u0103 divers\u0103\",\"description\":\"Aventur\u0103 \u00een fiecare cadru.\",\"publisher\":{\"@id\":\"https:\/\/mhf.ro\/mm\/#\/schema\/person\/a3bebf7bdb4bf12f698aff73c7e46c21\"},\"potentialAction\":[{\"@type\":\"SearchAction\",\"target\":{\"@type\":\"EntryPoint\",\"urlTemplate\":\"https:\/\/mhf.ro\/mm\/?s={search_term_string}\"},\"query-input\":{\"@type\":\"PropertyValueSpecification\",\"valueRequired\":true,\"valueName\":\"search_term_string\"}}],\"inLanguage\":\"ro-RO\"},{\"@type\":[\"Person\",\"Organization\"],\"@id\":\"https:\/\/mhf.ro\/mm\/#\/schema\/person\/a3bebf7bdb4bf12f698aff73c7e46c21\",\"name\":\"Marius Marcu\",\"image\":{\"@type\":\"ImageObject\",\"inLanguage\":\"ro-RO\",\"@id\":\"https:\/\/mhf.ro\/mm\/#\/schema\/person\/image\/\",\"url\":\"https:\/\/mhf.ro\/mm\/wp-content\/uploads\/2025\/12\/cropped-logo_mhf_2.png\",\"contentUrl\":\"https:\/\/mhf.ro\/mm\/wp-content\/uploads\/2025\/12\/cropped-logo_mhf_2.png\",\"width\":1096,\"height\":457,\"caption\":\"Marius Marcu\"},\"logo\":{\"@id\":\"https:\/\/mhf.ro\/mm\/#\/schema\/person\/image\/\"},\"sameAs\":[\"https:\/\/mhf.ro\/mm\"],\"url\":\"https:\/\/mhf.ro\/mm\/author\/mihai\/\"}]}<\/script>\n<!-- \/ Yoast SEO plugin. -->","yoast_head_json":{"title":"Un nou v\u00e2rf COVID, atins mar\u021bi - MHF Photography","robots":{"index":"index","follow":"follow","max-snippet":"max-snippet:-1","max-image-preview":"max-image-preview:large","max-video-preview":"max-video-preview:-1"},"canonical":"https:\/\/mhf.ro\/mm\/un-nou-varf-covid-atins-marti\/","og_locale":"ro_RO","og_type":"article","og_title":"Un nou v\u00e2rf COVID, atins mar\u021bi - MHF Photography","og_description":"Grupul de Comunicare Strategic\u0103 a anun\u0163at mar\u0163i 2.931 de cazuri noi de persoane infectate cu coronavirus \u015fi 237 de decese.","og_url":"https:\/\/mhf.ro\/mm\/un-nou-varf-covid-atins-marti\/","og_site_name":"MHF Photography","article_published_time":"2021-04-20T18:38:19+00:00","article_modified_time":"2021-04-20T18:40:54+00:00","og_image":[{"width":1000,"height":513,"url":"https:\/\/mhf.ro\/mm\/wp-content\/uploads\/2021\/04\/covid_33.jpg","type":"image\/jpeg"}],"author":"Marius Marcu","twitter_card":"summary_large_image","twitter_misc":{"Scris de":"Marius Marcu","Timp estimat pentru citire":"1 minut"},"schema":{"@context":"https:\/\/schema.org","@graph":[{"@type":"Article","@id":"https:\/\/mhf.ro\/mm\/un-nou-varf-covid-atins-marti\/#article","isPartOf":{"@id":"https:\/\/mhf.ro\/mm\/un-nou-varf-covid-atins-marti\/"},"author":{"name":"Marius Marcu","@id":"https:\/\/mhf.ro\/mm\/#\/schema\/person\/a3bebf7bdb4bf12f698aff73c7e46c21"},"headline":"Un nou v\u00e2rf COVID, atins mar\u021bi","datePublished":"2021-04-20T18:38:19+00:00","dateModified":"2021-04-20T18:40:54+00:00","mainEntityOfPage":{"@id":"https:\/\/mhf.ro\/mm\/un-nou-varf-covid-atins-marti\/"},"wordCount":206,"commentCount":0,"publisher":{"@id":"https:\/\/mhf.ro\/mm\/#\/schema\/person\/a3bebf7bdb4bf12f698aff73c7e46c21"},"image":{"@id":"https:\/\/mhf.ro\/mm\/un-nou-varf-covid-atins-marti\/#primaryimage"},"thumbnailUrl":"https:\/\/mhf.ro\/mm\/wp-content\/uploads\/2021\/04\/covid_33.jpg","articleSection":["Diverse"],"inLanguage":"ro-RO","potentialAction":[{"@type":"CommentAction","name":"Comment","target":["https:\/\/mhf.ro\/mm\/un-nou-varf-covid-atins-marti\/#respond"]}]},{"@type":"WebPage","@id":"https:\/\/mhf.ro\/mm\/un-nou-varf-covid-atins-marti\/","url":"https:\/\/mhf.ro\/mm\/un-nou-varf-covid-atins-marti\/","name":"Un nou v\u00e2rf COVID, atins mar\u021bi - MHF Photography","isPartOf":{"@id":"https:\/\/mhf.ro\/mm\/#website"},"primaryImageOfPage":{"@id":"https:\/\/mhf.ro\/mm\/un-nou-varf-covid-atins-marti\/#primaryimage"},"image":{"@id":"https:\/\/mhf.ro\/mm\/un-nou-varf-covid-atins-marti\/#primaryimage"},"thumbnailUrl":"https:\/\/mhf.ro\/mm\/wp-content\/uploads\/2021\/04\/covid_33.jpg","datePublished":"2021-04-20T18:38:19+00:00","dateModified":"2021-04-20T18:40:54+00:00","breadcrumb":{"@id":"https:\/\/mhf.ro\/mm\/un-nou-varf-covid-atins-marti\/#breadcrumb"},"inLanguage":"ro-RO","potentialAction":[{"@type":"ReadAction","target":["https:\/\/mhf.ro\/mm\/un-nou-varf-covid-atins-marti\/"]}]},{"@type":"ImageObject","inLanguage":"ro-RO","@id":"https:\/\/mhf.ro\/mm\/un-nou-varf-covid-atins-marti\/#primaryimage","url":"https:\/\/mhf.ro\/mm\/wp-content\/uploads\/2021\/04\/covid_33.jpg","contentUrl":"https:\/\/mhf.ro\/mm\/wp-content\/uploads\/2021\/04\/covid_33.jpg","width":1000,"height":513},{"@type":"BreadcrumbList","@id":"https:\/\/mhf.ro\/mm\/un-nou-varf-covid-atins-marti\/#breadcrumb","itemListElement":[{"@type":"ListItem","position":1,"name":"Prima pagin\u0103","item":"https:\/\/mhf.ro\/mm\/"},{"@type":"ListItem","position":2,"name":"Un nou v\u00e2rf COVID, atins mar\u021bi"}]},{"@type":"WebSite","@id":"https:\/\/mhf.ro\/mm\/#website","url":"https:\/\/mhf.ro\/mm\/","name":"MHF Photography \u2013 Blog de fotografie, natur\u0103 \u0219i tehnic\u0103 divers\u0103","description":"Aventur\u0103 \u00een fiecare cadru.","publisher":{"@id":"https:\/\/mhf.ro\/mm\/#\/schema\/person\/a3bebf7bdb4bf12f698aff73c7e46c21"},"potentialAction":[{"@type":"SearchAction","target":{"@type":"EntryPoint","urlTemplate":"https:\/\/mhf.ro\/mm\/?s={search_term_string}"},"query-input":{"@type":"PropertyValueSpecification","valueRequired":true,"valueName":"search_term_string"}}],"inLanguage":"ro-RO"},{"@type":["Person","Organization"],"@id":"https:\/\/mhf.ro\/mm\/#\/schema\/person\/a3bebf7bdb4bf12f698aff73c7e46c21","name":"Marius Marcu","image":{"@type":"ImageObject","inLanguage":"ro-RO","@id":"https:\/\/mhf.ro\/mm\/#\/schema\/person\/image\/","url":"https:\/\/mhf.ro\/mm\/wp-content\/uploads\/2025\/12\/cropped-logo_mhf_2.png","contentUrl":"https:\/\/mhf.ro\/mm\/wp-content\/uploads\/2025\/12\/cropped-logo_mhf_2.png","width":1096,"height":457,"caption":"Marius Marcu"},"logo":{"@id":"https:\/\/mhf.ro\/mm\/#\/schema\/person\/image\/"},"sameAs":["https:\/\/mhf.ro\/mm"],"url":"https:\/\/mhf.ro\/mm\/author\/mihai\/"}]}},"_links":{"self":[{"href":"https:\/\/mhf.ro\/mm\/wp-json\/wp\/v2\/posts\/4694","targetHints":{"allow":["GET"]}}],"collection":[{"href":"https:\/\/mhf.ro\/mm\/wp-json\/wp\/v2\/posts"}],"about":[{"href":"https:\/\/mhf.ro\/mm\/wp-json\/wp\/v2\/types\/post"}],"author":[{"embeddable":true,"href":"https:\/\/mhf.ro\/mm\/wp-json\/wp\/v2\/users\/1"}],"replies":[{"embeddable":true,"href":"https:\/\/mhf.ro\/mm\/wp-json\/wp\/v2\/comments?post=4694"}],"version-history":[{"count":1,"href":"https:\/\/mhf.ro\/mm\/wp-json\/wp\/v2\/posts\/4694\/revisions"}],"predecessor-version":[{"id":4696,"href":"https:\/\/mhf.ro\/mm\/wp-json\/wp\/v2\/posts\/4694\/revisions\/4696"}],"wp:featuredmedia":[{"embeddable":true,"href":"https:\/\/mhf.ro\/mm\/wp-json\/wp\/v2\/media\/4695"}],"wp:attachment":[{"href":"https:\/\/mhf.ro\/mm\/wp-json\/wp\/v2\/media?parent=4694"}],"wp:term":[{"taxonomy":"category","embeddable":true,"href":"https:\/\/mhf.ro\/mm\/wp-json\/wp\/v2\/categories?post=4694"},{"taxonomy":"post_tag","embeddable":true,"href":"https:\/\/mhf.ro\/mm\/wp-json\/wp\/v2\/tags?post=4694"}],"curies":[{"name":"wp","href":"https:\/\/api.w.org\/{rel}","templated":true}]}}