{"id":4714,"date":"2021-04-21T15:47:20","date_gmt":"2021-04-21T13:47:20","guid":{"rendered":"https:\/\/mhf.ro\/mm\/?p=4714"},"modified":"2021-04-21T15:47:20","modified_gmt":"2021-04-21T13:47:20","slug":"iohannis-e-nevoie-de-reforma-in-sanatate","status":"publish","type":"post","link":"https:\/\/mhf.ro\/mm\/iohannis-e-nevoie-de-reforma-in-sanatate\/","title":{"rendered":"Iohannis: E nevoie de reform\u0103 \u00een S\u0103n\u0103tate"},"content":{"rendered":"<p>Pre\u0219edintele Klaus Iohannis a vorbit, miercuri, despre incendiul la Sec\u021bia de Psihiatrie a Spitalului Jude\u021bean Slatina. \u0218eful statului a spus c\u0103 este nevoie de reform\u0103 \u00een sistem, preciz\u00e2nd c\u0103 va vorbi despre aceste lucruri \u201emai in extenso probabil \u00een aceast\u0103 sear\u0103\u201d, c\u00e2nd ar putea avea loc ceremonia pentru \u00eenvestirea unui nou ministru al S\u0103n\u0103t\u0103\u021bii.<\/p>\n<p>\u201e\u00cenainte s\u0103 ajung aici, la centru, am primit o veste trist\u0103. Exist\u0103 un incendiu la un spital de psihiatrie din Slatina. Datele de p\u00e2n\u0103 acum, \u00eens\u0103, ne arat\u0103 c\u0103 nu sunt persoane grav r\u0103nite. Persoanele care au fost \u00een incint\u0103 au fost evacuate \u0219i pompierii abia acum intr\u0103 acolo s\u0103 vad\u0103 dac\u0103 nu cumva a mai r\u0103mas cineva. Situa\u021bia definitiv\u0103 v\u0103 va fi prezentat\u0103 de cei care sunt acolo, dar deocamdat\u0103, din fericire, nu este a\u0219a de grav cum ar fi putut s\u0103 par\u0103 chiar la \u00eenceput. \u00cens\u0103 semnalul de alarm\u0103 este clar. E nevoie de reform\u0103. Trebuie s\u0103 intervenim, trebuie s\u0103 facem spitalele mai performante, mai sigure \u0219i despre aceste lucruri voi vorbi mai in extenso probabil \u00een aceast\u0103 sear\u0103, c\u00e2nd cred c\u0103 vom avea ceremonia pentru un nou ministru al S\u0103n\u0103t\u0103\u021bii\u201d, a declarat \u0219eful statului, miercuri, la centrul mobil de vaccinare din comuna Afuma\u021bi, jude\u021bul Ilfov.<\/p>\n<p>Amintim c\u0103 36 de pacien\u021bi au fost evacua\u021bi din Sec\u021bia de Psihiatrie a Spitalului Jude\u021bean Slatina, \u00een urma izbucnirii unui incendiu. Cel pu\u021bin patru pacien\u021bi \u0219i un medic au fost du\u0219i la urgen\u021be, fiind \u00een afara oric\u0103rui pericol, scrie publica\u021bia local\u0103 Gazeta Nou\u0103.<\/p>\n<p>Klaus Iohannis \u00a0a mai subliniat c\u0103 vaccinarea anti-COVID-19 este singura cale de ie\u0219ire din pandemie.<\/p>\n<p>\u201eS\u0103 nu aib\u0103 cineva impresia c\u0103, dac\u0103 a venit prim\u0103vara, s-a terminat pandemia\u201d, ad\u0103ugat \u0219eful statului. (conf. Jurnalist.ro)<\/p>\n","protected":false},"excerpt":{"rendered":"<p>Pre\u0219edintele Klaus Iohannis a vorbit, miercuri, despre incendiul la Sec\u021bia de Psihiatrie a Spitalului Jude\u021bean Slatina. \u0218eful statului a spus<\/p>\n","protected":false},"author":1,"featured_media":4715,"comment_status":"open","ping_status":"open","sticky":false,"template":"","format":"standard","meta":{"colormag_page_container_layout":"default_layout","colormag_page_sidebar_layout":"default_layout","footnotes":""},"categories":[5],"tags":[],"class_list":["post-4714","post","type-post","status-publish","format-standard","has-post-thumbnail","hentry","category-locale"],"yoast_head":"<!-- This site is optimized with the Yoast SEO plugin v27.0 - https:\/\/yoast.com\/product\/yoast-seo-wordpress\/ -->\n<title>Iohannis: E nevoie de reform\u0103 \u00een S\u0103n\u0103tate - MHF Photography<\/title>\n<meta name=\"robots\" content=\"index, follow, max-snippet:-1, max-image-preview:large, max-video-preview:-1\" \/>\n<link rel=\"canonical\" href=\"https:\/\/mhf.ro\/mm\/iohannis-e-nevoie-de-reforma-in-sanatate\/\" \/>\n<meta property=\"og:locale\" content=\"ro_RO\" \/>\n<meta property=\"og:type\" content=\"article\" \/>\n<meta property=\"og:title\" content=\"Iohannis: E nevoie de reform\u0103 \u00een S\u0103n\u0103tate - MHF Photography\" \/>\n<meta property=\"og:description\" content=\"Pre\u0219edintele Klaus Iohannis a vorbit, miercuri, despre incendiul la Sec\u021bia de Psihiatrie a Spitalului Jude\u021bean Slatina. \u0218eful statului a spus\" \/>\n<meta property=\"og:url\" content=\"https:\/\/mhf.ro\/mm\/iohannis-e-nevoie-de-reforma-in-sanatate\/\" \/>\n<meta property=\"og:site_name\" content=\"MHF Photography\" \/>\n<meta property=\"article:published_time\" content=\"2021-04-21T13:47:20+00:00\" \/>\n<meta property=\"og:image\" content=\"https:\/\/mhf.ro\/mm\/wp-content\/uploads\/2021\/04\/iohannis.png\" \/>\n\t<meta property=\"og:image:width\" content=\"1200\" \/>\n\t<meta property=\"og:image:height\" content=\"684\" \/>\n\t<meta property=\"og:image:type\" content=\"image\/png\" \/>\n<meta name=\"author\" content=\"Marius Marcu\" \/>\n<meta name=\"twitter:card\" content=\"summary_large_image\" \/>\n<meta name=\"twitter:label1\" content=\"Scris de\" \/>\n\t<meta name=\"twitter:data1\" content=\"Marius Marcu\" \/>\n\t<meta name=\"twitter:label2\" content=\"Timp estimat pentru citire\" \/>\n\t<meta name=\"twitter:data2\" content=\"2 minute\" \/>\n<script type=\"application\/ld+json\" class=\"yoast-schema-graph\">{\"@context\":\"https:\/\/schema.org\",\"@graph\":[{\"@type\":\"Article\",\"@id\":\"https:\/\/mhf.ro\/mm\/iohannis-e-nevoie-de-reforma-in-sanatate\/#article\",\"isPartOf\":{\"@id\":\"https:\/\/mhf.ro\/mm\/iohannis-e-nevoie-de-reforma-in-sanatate\/\"},\"author\":{\"name\":\"Marius Marcu\",\"@id\":\"https:\/\/mhf.ro\/mm\/#\/schema\/person\/a3bebf7bdb4bf12f698aff73c7e46c21\"},\"headline\":\"Iohannis: E nevoie de reform\u0103 \u00een S\u0103n\u0103tate\",\"datePublished\":\"2021-04-21T13:47:20+00:00\",\"mainEntityOfPage\":{\"@id\":\"https:\/\/mhf.ro\/mm\/iohannis-e-nevoie-de-reforma-in-sanatate\/\"},\"wordCount\":319,\"commentCount\":0,\"publisher\":{\"@id\":\"https:\/\/mhf.ro\/mm\/#\/schema\/person\/a3bebf7bdb4bf12f698aff73c7e46c21\"},\"image\":{\"@id\":\"https:\/\/mhf.ro\/mm\/iohannis-e-nevoie-de-reforma-in-sanatate\/#primaryimage\"},\"thumbnailUrl\":\"https:\/\/mhf.ro\/mm\/wp-content\/uploads\/2021\/04\/iohannis.png\",\"articleSection\":[\"Locale\"],\"inLanguage\":\"ro-RO\",\"potentialAction\":[{\"@type\":\"CommentAction\",\"name\":\"Comment\",\"target\":[\"https:\/\/mhf.ro\/mm\/iohannis-e-nevoie-de-reforma-in-sanatate\/#respond\"]}]},{\"@type\":\"WebPage\",\"@id\":\"https:\/\/mhf.ro\/mm\/iohannis-e-nevoie-de-reforma-in-sanatate\/\",\"url\":\"https:\/\/mhf.ro\/mm\/iohannis-e-nevoie-de-reforma-in-sanatate\/\",\"name\":\"Iohannis: E nevoie de reform\u0103 \u00een S\u0103n\u0103tate - MHF Photography\",\"isPartOf\":{\"@id\":\"https:\/\/mhf.ro\/mm\/#website\"},\"primaryImageOfPage\":{\"@id\":\"https:\/\/mhf.ro\/mm\/iohannis-e-nevoie-de-reforma-in-sanatate\/#primaryimage\"},\"image\":{\"@id\":\"https:\/\/mhf.ro\/mm\/iohannis-e-nevoie-de-reforma-in-sanatate\/#primaryimage\"},\"thumbnailUrl\":\"https:\/\/mhf.ro\/mm\/wp-content\/uploads\/2021\/04\/iohannis.png\",\"datePublished\":\"2021-04-21T13:47:20+00:00\",\"breadcrumb\":{\"@id\":\"https:\/\/mhf.ro\/mm\/iohannis-e-nevoie-de-reforma-in-sanatate\/#breadcrumb\"},\"inLanguage\":\"ro-RO\",\"potentialAction\":[{\"@type\":\"ReadAction\",\"target\":[\"https:\/\/mhf.ro\/mm\/iohannis-e-nevoie-de-reforma-in-sanatate\/\"]}]},{\"@type\":\"ImageObject\",\"inLanguage\":\"ro-RO\",\"@id\":\"https:\/\/mhf.ro\/mm\/iohannis-e-nevoie-de-reforma-in-sanatate\/#primaryimage\",\"url\":\"https:\/\/mhf.ro\/mm\/wp-content\/uploads\/2021\/04\/iohannis.png\",\"contentUrl\":\"https:\/\/mhf.ro\/mm\/wp-content\/uploads\/2021\/04\/iohannis.png\",\"width\":1200,\"height\":684},{\"@type\":\"BreadcrumbList\",\"@id\":\"https:\/\/mhf.ro\/mm\/iohannis-e-nevoie-de-reforma-in-sanatate\/#breadcrumb\",\"itemListElement\":[{\"@type\":\"ListItem\",\"position\":1,\"name\":\"Prima pagin\u0103\",\"item\":\"https:\/\/mhf.ro\/mm\/\"},{\"@type\":\"ListItem\",\"position\":2,\"name\":\"Iohannis: E nevoie de reform\u0103 \u00een S\u0103n\u0103tate\"}]},{\"@type\":\"WebSite\",\"@id\":\"https:\/\/mhf.ro\/mm\/#website\",\"url\":\"https:\/\/mhf.ro\/mm\/\",\"name\":\"MHF Photography \u2013 Blog de fotografie, natur\u0103 \u0219i tehnic\u0103 divers\u0103\",\"description\":\"Aventur\u0103 \u00een fiecare cadru.\",\"publisher\":{\"@id\":\"https:\/\/mhf.ro\/mm\/#\/schema\/person\/a3bebf7bdb4bf12f698aff73c7e46c21\"},\"potentialAction\":[{\"@type\":\"SearchAction\",\"target\":{\"@type\":\"EntryPoint\",\"urlTemplate\":\"https:\/\/mhf.ro\/mm\/?s={search_term_string}\"},\"query-input\":{\"@type\":\"PropertyValueSpecification\",\"valueRequired\":true,\"valueName\":\"search_term_string\"}}],\"inLanguage\":\"ro-RO\"},{\"@type\":[\"Person\",\"Organization\"],\"@id\":\"https:\/\/mhf.ro\/mm\/#\/schema\/person\/a3bebf7bdb4bf12f698aff73c7e46c21\",\"name\":\"Marius Marcu\",\"image\":{\"@type\":\"ImageObject\",\"inLanguage\":\"ro-RO\",\"@id\":\"https:\/\/mhf.ro\/mm\/#\/schema\/person\/image\/\",\"url\":\"https:\/\/mhf.ro\/mm\/wp-content\/uploads\/2025\/12\/cropped-logo_mhf_2.png\",\"contentUrl\":\"https:\/\/mhf.ro\/mm\/wp-content\/uploads\/2025\/12\/cropped-logo_mhf_2.png\",\"width\":1096,\"height\":457,\"caption\":\"Marius Marcu\"},\"logo\":{\"@id\":\"https:\/\/mhf.ro\/mm\/#\/schema\/person\/image\/\"},\"sameAs\":[\"https:\/\/mhf.ro\/mm\"],\"url\":\"https:\/\/mhf.ro\/mm\/author\/mihai\/\"}]}<\/script>\n<!-- \/ Yoast SEO plugin. -->","yoast_head_json":{"title":"Iohannis: E nevoie de reform\u0103 \u00een S\u0103n\u0103tate - MHF Photography","robots":{"index":"index","follow":"follow","max-snippet":"max-snippet:-1","max-image-preview":"max-image-preview:large","max-video-preview":"max-video-preview:-1"},"canonical":"https:\/\/mhf.ro\/mm\/iohannis-e-nevoie-de-reforma-in-sanatate\/","og_locale":"ro_RO","og_type":"article","og_title":"Iohannis: E nevoie de reform\u0103 \u00een S\u0103n\u0103tate - MHF Photography","og_description":"Pre\u0219edintele Klaus Iohannis a vorbit, miercuri, despre incendiul la Sec\u021bia de Psihiatrie a Spitalului Jude\u021bean Slatina. \u0218eful statului a spus","og_url":"https:\/\/mhf.ro\/mm\/iohannis-e-nevoie-de-reforma-in-sanatate\/","og_site_name":"MHF Photography","article_published_time":"2021-04-21T13:47:20+00:00","og_image":[{"width":1200,"height":684,"url":"https:\/\/mhf.ro\/mm\/wp-content\/uploads\/2021\/04\/iohannis.png","type":"image\/png"}],"author":"Marius Marcu","twitter_card":"summary_large_image","twitter_misc":{"Scris de":"Marius Marcu","Timp estimat pentru citire":"2 minute"},"schema":{"@context":"https:\/\/schema.org","@graph":[{"@type":"Article","@id":"https:\/\/mhf.ro\/mm\/iohannis-e-nevoie-de-reforma-in-sanatate\/#article","isPartOf":{"@id":"https:\/\/mhf.ro\/mm\/iohannis-e-nevoie-de-reforma-in-sanatate\/"},"author":{"name":"Marius Marcu","@id":"https:\/\/mhf.ro\/mm\/#\/schema\/person\/a3bebf7bdb4bf12f698aff73c7e46c21"},"headline":"Iohannis: E nevoie de reform\u0103 \u00een S\u0103n\u0103tate","datePublished":"2021-04-21T13:47:20+00:00","mainEntityOfPage":{"@id":"https:\/\/mhf.ro\/mm\/iohannis-e-nevoie-de-reforma-in-sanatate\/"},"wordCount":319,"commentCount":0,"publisher":{"@id":"https:\/\/mhf.ro\/mm\/#\/schema\/person\/a3bebf7bdb4bf12f698aff73c7e46c21"},"image":{"@id":"https:\/\/mhf.ro\/mm\/iohannis-e-nevoie-de-reforma-in-sanatate\/#primaryimage"},"thumbnailUrl":"https:\/\/mhf.ro\/mm\/wp-content\/uploads\/2021\/04\/iohannis.png","articleSection":["Locale"],"inLanguage":"ro-RO","potentialAction":[{"@type":"CommentAction","name":"Comment","target":["https:\/\/mhf.ro\/mm\/iohannis-e-nevoie-de-reforma-in-sanatate\/#respond"]}]},{"@type":"WebPage","@id":"https:\/\/mhf.ro\/mm\/iohannis-e-nevoie-de-reforma-in-sanatate\/","url":"https:\/\/mhf.ro\/mm\/iohannis-e-nevoie-de-reforma-in-sanatate\/","name":"Iohannis: E nevoie de reform\u0103 \u00een S\u0103n\u0103tate - MHF Photography","isPartOf":{"@id":"https:\/\/mhf.ro\/mm\/#website"},"primaryImageOfPage":{"@id":"https:\/\/mhf.ro\/mm\/iohannis-e-nevoie-de-reforma-in-sanatate\/#primaryimage"},"image":{"@id":"https:\/\/mhf.ro\/mm\/iohannis-e-nevoie-de-reforma-in-sanatate\/#primaryimage"},"thumbnailUrl":"https:\/\/mhf.ro\/mm\/wp-content\/uploads\/2021\/04\/iohannis.png","datePublished":"2021-04-21T13:47:20+00:00","breadcrumb":{"@id":"https:\/\/mhf.ro\/mm\/iohannis-e-nevoie-de-reforma-in-sanatate\/#breadcrumb"},"inLanguage":"ro-RO","potentialAction":[{"@type":"ReadAction","target":["https:\/\/mhf.ro\/mm\/iohannis-e-nevoie-de-reforma-in-sanatate\/"]}]},{"@type":"ImageObject","inLanguage":"ro-RO","@id":"https:\/\/mhf.ro\/mm\/iohannis-e-nevoie-de-reforma-in-sanatate\/#primaryimage","url":"https:\/\/mhf.ro\/mm\/wp-content\/uploads\/2021\/04\/iohannis.png","contentUrl":"https:\/\/mhf.ro\/mm\/wp-content\/uploads\/2021\/04\/iohannis.png","width":1200,"height":684},{"@type":"BreadcrumbList","@id":"https:\/\/mhf.ro\/mm\/iohannis-e-nevoie-de-reforma-in-sanatate\/#breadcrumb","itemListElement":[{"@type":"ListItem","position":1,"name":"Prima pagin\u0103","item":"https:\/\/mhf.ro\/mm\/"},{"@type":"ListItem","position":2,"name":"Iohannis: E nevoie de reform\u0103 \u00een S\u0103n\u0103tate"}]},{"@type":"WebSite","@id":"https:\/\/mhf.ro\/mm\/#website","url":"https:\/\/mhf.ro\/mm\/","name":"MHF Photography \u2013 Blog de fotografie, natur\u0103 \u0219i tehnic\u0103 divers\u0103","description":"Aventur\u0103 \u00een fiecare cadru.","publisher":{"@id":"https:\/\/mhf.ro\/mm\/#\/schema\/person\/a3bebf7bdb4bf12f698aff73c7e46c21"},"potentialAction":[{"@type":"SearchAction","target":{"@type":"EntryPoint","urlTemplate":"https:\/\/mhf.ro\/mm\/?s={search_term_string}"},"query-input":{"@type":"PropertyValueSpecification","valueRequired":true,"valueName":"search_term_string"}}],"inLanguage":"ro-RO"},{"@type":["Person","Organization"],"@id":"https:\/\/mhf.ro\/mm\/#\/schema\/person\/a3bebf7bdb4bf12f698aff73c7e46c21","name":"Marius Marcu","image":{"@type":"ImageObject","inLanguage":"ro-RO","@id":"https:\/\/mhf.ro\/mm\/#\/schema\/person\/image\/","url":"https:\/\/mhf.ro\/mm\/wp-content\/uploads\/2025\/12\/cropped-logo_mhf_2.png","contentUrl":"https:\/\/mhf.ro\/mm\/wp-content\/uploads\/2025\/12\/cropped-logo_mhf_2.png","width":1096,"height":457,"caption":"Marius Marcu"},"logo":{"@id":"https:\/\/mhf.ro\/mm\/#\/schema\/person\/image\/"},"sameAs":["https:\/\/mhf.ro\/mm"],"url":"https:\/\/mhf.ro\/mm\/author\/mihai\/"}]}},"_links":{"self":[{"href":"https:\/\/mhf.ro\/mm\/wp-json\/wp\/v2\/posts\/4714","targetHints":{"allow":["GET"]}}],"collection":[{"href":"https:\/\/mhf.ro\/mm\/wp-json\/wp\/v2\/posts"}],"about":[{"href":"https:\/\/mhf.ro\/mm\/wp-json\/wp\/v2\/types\/post"}],"author":[{"embeddable":true,"href":"https:\/\/mhf.ro\/mm\/wp-json\/wp\/v2\/users\/1"}],"replies":[{"embeddable":true,"href":"https:\/\/mhf.ro\/mm\/wp-json\/wp\/v2\/comments?post=4714"}],"version-history":[{"count":1,"href":"https:\/\/mhf.ro\/mm\/wp-json\/wp\/v2\/posts\/4714\/revisions"}],"predecessor-version":[{"id":4716,"href":"https:\/\/mhf.ro\/mm\/wp-json\/wp\/v2\/posts\/4714\/revisions\/4716"}],"wp:featuredmedia":[{"embeddable":true,"href":"https:\/\/mhf.ro\/mm\/wp-json\/wp\/v2\/media\/4715"}],"wp:attachment":[{"href":"https:\/\/mhf.ro\/mm\/wp-json\/wp\/v2\/media?parent=4714"}],"wp:term":[{"taxonomy":"category","embeddable":true,"href":"https:\/\/mhf.ro\/mm\/wp-json\/wp\/v2\/categories?post=4714"},{"taxonomy":"post_tag","embeddable":true,"href":"https:\/\/mhf.ro\/mm\/wp-json\/wp\/v2\/tags?post=4714"}],"curies":[{"name":"wp","href":"https:\/\/api.w.org\/{rel}","templated":true}]}}