{"id":4725,"date":"2021-04-22T08:04:26","date_gmt":"2021-04-22T06:04:26","guid":{"rendered":"https:\/\/mhf.ro\/mm\/?p=4725"},"modified":"2021-04-21T16:06:43","modified_gmt":"2021-04-21T14:06:43","slug":"liviu-dragnea-aviz-pozitiv-pentru-eliberare","status":"publish","type":"post","link":"https:\/\/mhf.ro\/mm\/liviu-dragnea-aviz-pozitiv-pentru-eliberare\/","title":{"rendered":"Liviu Dragnea, aviz pozitiv pentru eliberare"},"content":{"rendered":"<p>Liviu Dragnea a primit aviz pozitiv pentru eliberare din partea Comisiei Penitenciarului Rahova, anun\u021b\u0103 Antena3.<\/p>\n<p>Astfel, s\u0103pt\u0103m\u00e2na viitoare, fostul \u0219ef PSD se va prezenta \u00een fa\u021ba instan\u021bei de judecat\u0103 cu cererea de eliberare condi\u021bionat\u0103.<\/p>\n<p>Dragnea a fost condamnat definitiv la 3 ani \u015fi 6 luni de \u00eenchisoare cu executare \u00een dosarul angaj\u0103rilor fictive de la DGASPC Teleorman, \u00een 27 mai 2019.<\/p>\n<p>\u021ain\u00e2nd cont de faptul c\u0103 a executat deja doi ani de \u00eenchisoare, Dragnea are mari \u0219anse ca mar\u021bi, 27 aprilie 2021, s\u0103 fie eliberat condi\u021bionat. (conf. jurnalist.ro)<\/p>\n","protected":false},"excerpt":{"rendered":"<p>Liviu Dragnea a primit aviz pozitiv pentru eliberare din partea Comisiei Penitenciarului Rahova, anun\u021b\u0103 Antena3. Astfel, s\u0103pt\u0103m\u00e2na viitoare, fostul \u0219ef<\/p>\n","protected":false},"author":1,"featured_media":4726,"comment_status":"open","ping_status":"open","sticky":false,"template":"","format":"standard","meta":{"colormag_page_container_layout":"default_layout","colormag_page_sidebar_layout":"default_layout","footnotes":""},"categories":[8],"tags":[],"class_list":["post-4725","post","type-post","status-publish","format-standard","has-post-thumbnail","hentry","category-div"],"yoast_head":"<!-- This site is optimized with the Yoast SEO plugin v27.0 - https:\/\/yoast.com\/product\/yoast-seo-wordpress\/ -->\n<title>Liviu Dragnea, aviz pozitiv pentru eliberare - MHF Photography<\/title>\n<meta name=\"robots\" content=\"index, follow, max-snippet:-1, max-image-preview:large, max-video-preview:-1\" \/>\n<link rel=\"canonical\" href=\"https:\/\/mhf.ro\/mm\/liviu-dragnea-aviz-pozitiv-pentru-eliberare\/\" \/>\n<meta property=\"og:locale\" content=\"ro_RO\" \/>\n<meta property=\"og:type\" content=\"article\" \/>\n<meta property=\"og:title\" content=\"Liviu Dragnea, aviz pozitiv pentru eliberare - MHF Photography\" \/>\n<meta property=\"og:description\" content=\"Liviu Dragnea a primit aviz pozitiv pentru eliberare din partea Comisiei Penitenciarului Rahova, anun\u021b\u0103 Antena3. Astfel, s\u0103pt\u0103m\u00e2na viitoare, fostul \u0219ef\" \/>\n<meta property=\"og:url\" content=\"https:\/\/mhf.ro\/mm\/liviu-dragnea-aviz-pozitiv-pentru-eliberare\/\" \/>\n<meta property=\"og:site_name\" content=\"MHF Photography\" \/>\n<meta property=\"article:published_time\" content=\"2021-04-22T06:04:26+00:00\" \/>\n<meta property=\"og:image\" content=\"https:\/\/mhf.ro\/mm\/wp-content\/uploads\/2021\/04\/dragnea-3.jpg\" \/>\n\t<meta property=\"og:image:width\" content=\"1000\" \/>\n\t<meta property=\"og:image:height\" content=\"474\" \/>\n\t<meta property=\"og:image:type\" content=\"image\/jpeg\" \/>\n<meta name=\"author\" content=\"Marius Marcu\" \/>\n<meta name=\"twitter:card\" content=\"summary_large_image\" \/>\n<meta name=\"twitter:label1\" content=\"Scris de\" \/>\n\t<meta name=\"twitter:data1\" content=\"Marius Marcu\" \/>\n\t<meta name=\"twitter:label2\" content=\"Timp estimat pentru citire\" \/>\n\t<meta name=\"twitter:data2\" content=\"1 minut\" \/>\n<script type=\"application\/ld+json\" class=\"yoast-schema-graph\">{\"@context\":\"https:\/\/schema.org\",\"@graph\":[{\"@type\":\"Article\",\"@id\":\"https:\/\/mhf.ro\/mm\/liviu-dragnea-aviz-pozitiv-pentru-eliberare\/#article\",\"isPartOf\":{\"@id\":\"https:\/\/mhf.ro\/mm\/liviu-dragnea-aviz-pozitiv-pentru-eliberare\/\"},\"author\":{\"name\":\"Marius Marcu\",\"@id\":\"https:\/\/mhf.ro\/mm\/#\/schema\/person\/a3bebf7bdb4bf12f698aff73c7e46c21\"},\"headline\":\"Liviu Dragnea, aviz pozitiv pentru eliberare\",\"datePublished\":\"2021-04-22T06:04:26+00:00\",\"mainEntityOfPage\":{\"@id\":\"https:\/\/mhf.ro\/mm\/liviu-dragnea-aviz-pozitiv-pentru-eliberare\/\"},\"wordCount\":99,\"commentCount\":0,\"publisher\":{\"@id\":\"https:\/\/mhf.ro\/mm\/#\/schema\/person\/a3bebf7bdb4bf12f698aff73c7e46c21\"},\"image\":{\"@id\":\"https:\/\/mhf.ro\/mm\/liviu-dragnea-aviz-pozitiv-pentru-eliberare\/#primaryimage\"},\"thumbnailUrl\":\"https:\/\/mhf.ro\/mm\/wp-content\/uploads\/2021\/04\/dragnea-3.jpg\",\"articleSection\":[\"Diverse\"],\"inLanguage\":\"ro-RO\",\"potentialAction\":[{\"@type\":\"CommentAction\",\"name\":\"Comment\",\"target\":[\"https:\/\/mhf.ro\/mm\/liviu-dragnea-aviz-pozitiv-pentru-eliberare\/#respond\"]}]},{\"@type\":\"WebPage\",\"@id\":\"https:\/\/mhf.ro\/mm\/liviu-dragnea-aviz-pozitiv-pentru-eliberare\/\",\"url\":\"https:\/\/mhf.ro\/mm\/liviu-dragnea-aviz-pozitiv-pentru-eliberare\/\",\"name\":\"Liviu Dragnea, aviz pozitiv pentru eliberare - MHF Photography\",\"isPartOf\":{\"@id\":\"https:\/\/mhf.ro\/mm\/#website\"},\"primaryImageOfPage\":{\"@id\":\"https:\/\/mhf.ro\/mm\/liviu-dragnea-aviz-pozitiv-pentru-eliberare\/#primaryimage\"},\"image\":{\"@id\":\"https:\/\/mhf.ro\/mm\/liviu-dragnea-aviz-pozitiv-pentru-eliberare\/#primaryimage\"},\"thumbnailUrl\":\"https:\/\/mhf.ro\/mm\/wp-content\/uploads\/2021\/04\/dragnea-3.jpg\",\"datePublished\":\"2021-04-22T06:04:26+00:00\",\"breadcrumb\":{\"@id\":\"https:\/\/mhf.ro\/mm\/liviu-dragnea-aviz-pozitiv-pentru-eliberare\/#breadcrumb\"},\"inLanguage\":\"ro-RO\",\"potentialAction\":[{\"@type\":\"ReadAction\",\"target\":[\"https:\/\/mhf.ro\/mm\/liviu-dragnea-aviz-pozitiv-pentru-eliberare\/\"]}]},{\"@type\":\"ImageObject\",\"inLanguage\":\"ro-RO\",\"@id\":\"https:\/\/mhf.ro\/mm\/liviu-dragnea-aviz-pozitiv-pentru-eliberare\/#primaryimage\",\"url\":\"https:\/\/mhf.ro\/mm\/wp-content\/uploads\/2021\/04\/dragnea-3.jpg\",\"contentUrl\":\"https:\/\/mhf.ro\/mm\/wp-content\/uploads\/2021\/04\/dragnea-3.jpg\",\"width\":1000,\"height\":474},{\"@type\":\"BreadcrumbList\",\"@id\":\"https:\/\/mhf.ro\/mm\/liviu-dragnea-aviz-pozitiv-pentru-eliberare\/#breadcrumb\",\"itemListElement\":[{\"@type\":\"ListItem\",\"position\":1,\"name\":\"Prima pagin\u0103\",\"item\":\"https:\/\/mhf.ro\/mm\/\"},{\"@type\":\"ListItem\",\"position\":2,\"name\":\"Liviu Dragnea, aviz pozitiv pentru eliberare\"}]},{\"@type\":\"WebSite\",\"@id\":\"https:\/\/mhf.ro\/mm\/#website\",\"url\":\"https:\/\/mhf.ro\/mm\/\",\"name\":\"MHF Photography \u2013 Blog de fotografie, natur\u0103 \u0219i tehnic\u0103 divers\u0103\",\"description\":\"Aventur\u0103 \u00een fiecare cadru.\",\"publisher\":{\"@id\":\"https:\/\/mhf.ro\/mm\/#\/schema\/person\/a3bebf7bdb4bf12f698aff73c7e46c21\"},\"potentialAction\":[{\"@type\":\"SearchAction\",\"target\":{\"@type\":\"EntryPoint\",\"urlTemplate\":\"https:\/\/mhf.ro\/mm\/?s={search_term_string}\"},\"query-input\":{\"@type\":\"PropertyValueSpecification\",\"valueRequired\":true,\"valueName\":\"search_term_string\"}}],\"inLanguage\":\"ro-RO\"},{\"@type\":[\"Person\",\"Organization\"],\"@id\":\"https:\/\/mhf.ro\/mm\/#\/schema\/person\/a3bebf7bdb4bf12f698aff73c7e46c21\",\"name\":\"Marius Marcu\",\"image\":{\"@type\":\"ImageObject\",\"inLanguage\":\"ro-RO\",\"@id\":\"https:\/\/mhf.ro\/mm\/#\/schema\/person\/image\/\",\"url\":\"https:\/\/mhf.ro\/mm\/wp-content\/uploads\/2025\/12\/cropped-logo_mhf_2.png\",\"contentUrl\":\"https:\/\/mhf.ro\/mm\/wp-content\/uploads\/2025\/12\/cropped-logo_mhf_2.png\",\"width\":1096,\"height\":457,\"caption\":\"Marius Marcu\"},\"logo\":{\"@id\":\"https:\/\/mhf.ro\/mm\/#\/schema\/person\/image\/\"},\"sameAs\":[\"https:\/\/mhf.ro\/mm\"],\"url\":\"https:\/\/mhf.ro\/mm\/author\/mihai\/\"}]}<\/script>\n<!-- \/ Yoast SEO plugin. -->","yoast_head_json":{"title":"Liviu Dragnea, aviz pozitiv pentru eliberare - MHF Photography","robots":{"index":"index","follow":"follow","max-snippet":"max-snippet:-1","max-image-preview":"max-image-preview:large","max-video-preview":"max-video-preview:-1"},"canonical":"https:\/\/mhf.ro\/mm\/liviu-dragnea-aviz-pozitiv-pentru-eliberare\/","og_locale":"ro_RO","og_type":"article","og_title":"Liviu Dragnea, aviz pozitiv pentru eliberare - MHF Photography","og_description":"Liviu Dragnea a primit aviz pozitiv pentru eliberare din partea Comisiei Penitenciarului Rahova, anun\u021b\u0103 Antena3. Astfel, s\u0103pt\u0103m\u00e2na viitoare, fostul \u0219ef","og_url":"https:\/\/mhf.ro\/mm\/liviu-dragnea-aviz-pozitiv-pentru-eliberare\/","og_site_name":"MHF Photography","article_published_time":"2021-04-22T06:04:26+00:00","og_image":[{"width":1000,"height":474,"url":"https:\/\/mhf.ro\/mm\/wp-content\/uploads\/2021\/04\/dragnea-3.jpg","type":"image\/jpeg"}],"author":"Marius Marcu","twitter_card":"summary_large_image","twitter_misc":{"Scris de":"Marius Marcu","Timp estimat pentru citire":"1 minut"},"schema":{"@context":"https:\/\/schema.org","@graph":[{"@type":"Article","@id":"https:\/\/mhf.ro\/mm\/liviu-dragnea-aviz-pozitiv-pentru-eliberare\/#article","isPartOf":{"@id":"https:\/\/mhf.ro\/mm\/liviu-dragnea-aviz-pozitiv-pentru-eliberare\/"},"author":{"name":"Marius Marcu","@id":"https:\/\/mhf.ro\/mm\/#\/schema\/person\/a3bebf7bdb4bf12f698aff73c7e46c21"},"headline":"Liviu Dragnea, aviz pozitiv pentru eliberare","datePublished":"2021-04-22T06:04:26+00:00","mainEntityOfPage":{"@id":"https:\/\/mhf.ro\/mm\/liviu-dragnea-aviz-pozitiv-pentru-eliberare\/"},"wordCount":99,"commentCount":0,"publisher":{"@id":"https:\/\/mhf.ro\/mm\/#\/schema\/person\/a3bebf7bdb4bf12f698aff73c7e46c21"},"image":{"@id":"https:\/\/mhf.ro\/mm\/liviu-dragnea-aviz-pozitiv-pentru-eliberare\/#primaryimage"},"thumbnailUrl":"https:\/\/mhf.ro\/mm\/wp-content\/uploads\/2021\/04\/dragnea-3.jpg","articleSection":["Diverse"],"inLanguage":"ro-RO","potentialAction":[{"@type":"CommentAction","name":"Comment","target":["https:\/\/mhf.ro\/mm\/liviu-dragnea-aviz-pozitiv-pentru-eliberare\/#respond"]}]},{"@type":"WebPage","@id":"https:\/\/mhf.ro\/mm\/liviu-dragnea-aviz-pozitiv-pentru-eliberare\/","url":"https:\/\/mhf.ro\/mm\/liviu-dragnea-aviz-pozitiv-pentru-eliberare\/","name":"Liviu Dragnea, aviz pozitiv pentru eliberare - MHF Photography","isPartOf":{"@id":"https:\/\/mhf.ro\/mm\/#website"},"primaryImageOfPage":{"@id":"https:\/\/mhf.ro\/mm\/liviu-dragnea-aviz-pozitiv-pentru-eliberare\/#primaryimage"},"image":{"@id":"https:\/\/mhf.ro\/mm\/liviu-dragnea-aviz-pozitiv-pentru-eliberare\/#primaryimage"},"thumbnailUrl":"https:\/\/mhf.ro\/mm\/wp-content\/uploads\/2021\/04\/dragnea-3.jpg","datePublished":"2021-04-22T06:04:26+00:00","breadcrumb":{"@id":"https:\/\/mhf.ro\/mm\/liviu-dragnea-aviz-pozitiv-pentru-eliberare\/#breadcrumb"},"inLanguage":"ro-RO","potentialAction":[{"@type":"ReadAction","target":["https:\/\/mhf.ro\/mm\/liviu-dragnea-aviz-pozitiv-pentru-eliberare\/"]}]},{"@type":"ImageObject","inLanguage":"ro-RO","@id":"https:\/\/mhf.ro\/mm\/liviu-dragnea-aviz-pozitiv-pentru-eliberare\/#primaryimage","url":"https:\/\/mhf.ro\/mm\/wp-content\/uploads\/2021\/04\/dragnea-3.jpg","contentUrl":"https:\/\/mhf.ro\/mm\/wp-content\/uploads\/2021\/04\/dragnea-3.jpg","width":1000,"height":474},{"@type":"BreadcrumbList","@id":"https:\/\/mhf.ro\/mm\/liviu-dragnea-aviz-pozitiv-pentru-eliberare\/#breadcrumb","itemListElement":[{"@type":"ListItem","position":1,"name":"Prima pagin\u0103","item":"https:\/\/mhf.ro\/mm\/"},{"@type":"ListItem","position":2,"name":"Liviu Dragnea, aviz pozitiv pentru eliberare"}]},{"@type":"WebSite","@id":"https:\/\/mhf.ro\/mm\/#website","url":"https:\/\/mhf.ro\/mm\/","name":"MHF Photography \u2013 Blog de fotografie, natur\u0103 \u0219i tehnic\u0103 divers\u0103","description":"Aventur\u0103 \u00een fiecare cadru.","publisher":{"@id":"https:\/\/mhf.ro\/mm\/#\/schema\/person\/a3bebf7bdb4bf12f698aff73c7e46c21"},"potentialAction":[{"@type":"SearchAction","target":{"@type":"EntryPoint","urlTemplate":"https:\/\/mhf.ro\/mm\/?s={search_term_string}"},"query-input":{"@type":"PropertyValueSpecification","valueRequired":true,"valueName":"search_term_string"}}],"inLanguage":"ro-RO"},{"@type":["Person","Organization"],"@id":"https:\/\/mhf.ro\/mm\/#\/schema\/person\/a3bebf7bdb4bf12f698aff73c7e46c21","name":"Marius Marcu","image":{"@type":"ImageObject","inLanguage":"ro-RO","@id":"https:\/\/mhf.ro\/mm\/#\/schema\/person\/image\/","url":"https:\/\/mhf.ro\/mm\/wp-content\/uploads\/2025\/12\/cropped-logo_mhf_2.png","contentUrl":"https:\/\/mhf.ro\/mm\/wp-content\/uploads\/2025\/12\/cropped-logo_mhf_2.png","width":1096,"height":457,"caption":"Marius Marcu"},"logo":{"@id":"https:\/\/mhf.ro\/mm\/#\/schema\/person\/image\/"},"sameAs":["https:\/\/mhf.ro\/mm"],"url":"https:\/\/mhf.ro\/mm\/author\/mihai\/"}]}},"_links":{"self":[{"href":"https:\/\/mhf.ro\/mm\/wp-json\/wp\/v2\/posts\/4725","targetHints":{"allow":["GET"]}}],"collection":[{"href":"https:\/\/mhf.ro\/mm\/wp-json\/wp\/v2\/posts"}],"about":[{"href":"https:\/\/mhf.ro\/mm\/wp-json\/wp\/v2\/types\/post"}],"author":[{"embeddable":true,"href":"https:\/\/mhf.ro\/mm\/wp-json\/wp\/v2\/users\/1"}],"replies":[{"embeddable":true,"href":"https:\/\/mhf.ro\/mm\/wp-json\/wp\/v2\/comments?post=4725"}],"version-history":[{"count":1,"href":"https:\/\/mhf.ro\/mm\/wp-json\/wp\/v2\/posts\/4725\/revisions"}],"predecessor-version":[{"id":4727,"href":"https:\/\/mhf.ro\/mm\/wp-json\/wp\/v2\/posts\/4725\/revisions\/4727"}],"wp:featuredmedia":[{"embeddable":true,"href":"https:\/\/mhf.ro\/mm\/wp-json\/wp\/v2\/media\/4726"}],"wp:attachment":[{"href":"https:\/\/mhf.ro\/mm\/wp-json\/wp\/v2\/media?parent=4725"}],"wp:term":[{"taxonomy":"category","embeddable":true,"href":"https:\/\/mhf.ro\/mm\/wp-json\/wp\/v2\/categories?post=4725"},{"taxonomy":"post_tag","embeddable":true,"href":"https:\/\/mhf.ro\/mm\/wp-json\/wp\/v2\/tags?post=4725"}],"curies":[{"name":"wp","href":"https:\/\/api.w.org\/{rel}","templated":true}]}}