{"id":4732,"date":"2021-04-23T08:20:25","date_gmt":"2021-04-23T06:20:25","guid":{"rendered":"https:\/\/mhf.ro\/mm\/?p=4732"},"modified":"2021-04-23T08:20:25","modified_gmt":"2021-04-23T06:20:25","slug":"ion-radoi-ameninta-cu-blocarea-metroului","status":"publish","type":"post","link":"https:\/\/mhf.ro\/mm\/ion-radoi-ameninta-cu-blocarea-metroului\/","title":{"rendered":"Ion R\u0103doi amenin\u021b\u0103 cu blocarea metroului"},"content":{"rendered":"<p>Ion R\u0103doi, \u0219eful sindicali\u0219tilor de la metrou, amenin\u021b\u0103 din nou cu blocarea transportului \u00een subteran. Traficul va fi din nou blocat, dac\u0103 Metrorex va face concedieri sau t\u0103ia salariile angaja\u021bilor, spune sindicalistul.<\/p>\n<p>\u201e(n.r. \u2013 \u00een cazul \u00een care Metrorex taie salarii sau face disponibiliz\u0103ri) sigur facem grev\u0103, adic\u0103 vom respecta legea, \u00een ordinea men\u021bionat\u0103. Dac\u0103 vor fi da\u021bi oameni afar\u0103 sau li se ia din salariu, \u00eencepem procedurile (\u2026)\u201d, a declarat Ion R\u0103doi, pre\u0219edintele USLM, \u00een cadrul unei conferin\u021be de pres\u0103, potrivit B1.ro.<\/p>\n<p>De asemenea, Ion R\u0103doi sus\u021bine c\u0103 protestul din martie,\u00a0care a blocat transportul \u00een subteran, \u00een Capital\u0103, nu a fost o grev\u0103.<\/p>\n<p>\u201e(\u2026) De data asta nu avem de-a face cu o grev\u0103.\u00a0Sindicatul nu s-a implicat, nu a avut nicio problem\u0103, ci s-a \u00eent\u00e2mplat altceva: A\u00a0fost oprire voluntar\u0103\u00a0a lucrului, care se poate \u00eent\u00e2mpla oric\u00e2nd, \u0219i azi, \u0219i m\u00e2ine, \u0219i poim\u00e2ine. \u0218i aia nu este problema sindicatului (\u2026)<\/p>\n<p>Dac\u0103 se iau m\u0103suri de c\u0103tre Drul\u0103 (n.r. \u2013 ministrul Transporturilor) s\u0103 dea oameni afar\u0103, s\u0103 li se ia din salarii, ne a\u0219tept\u0103m oric\u00e2nd (n.r. la oprirea lucrului), pentru c\u0103 nu e problema mea, a liderului de sindicat.<\/p>\n<p>C\u00e2nd este grev\u0103 organizat\u0103, atunci o treime (n.r. \u2013 din circula\u021bia trenurilor) trebuie asigurat\u0103. \u0218i greva organizat\u0103\u0103 \u00eenseamn\u0103 negociere cu administra\u021bia, cu Ministerul Muncii, s\u0103 faci grev\u0103 de avertisment \u0219i pe urm\u0103 greva propriu-zis\u0103. Dar \u00een condi\u021biile \u00een care oamenii au f\u0103cut o oprire voluntar\u0103 a lucrului, cine s\u0103-i controleze? C\u0103 nu sindicatul a organizat ac\u021biunea\u201d, a mai transmis R\u0103doi. (conf. Jurnalist.ro)<\/p>\n","protected":false},"excerpt":{"rendered":"<p>Ion R\u0103doi, \u0219eful sindicali\u0219tilor de la metrou, amenin\u021b\u0103 din nou cu blocarea transportului \u00een subteran. Traficul va fi din nou<\/p>\n","protected":false},"author":1,"featured_media":4733,"comment_status":"open","ping_status":"open","sticky":false,"template":"","format":"standard","meta":{"colormag_page_container_layout":"default_layout","colormag_page_sidebar_layout":"default_layout","footnotes":""},"categories":[8],"tags":[],"class_list":["post-4732","post","type-post","status-publish","format-standard","has-post-thumbnail","hentry","category-div"],"yoast_head":"<!-- This site is optimized with the Yoast SEO plugin v27.0 - https:\/\/yoast.com\/product\/yoast-seo-wordpress\/ -->\n<title>Ion R\u0103doi amenin\u021b\u0103 cu blocarea metroului - MHF Photography<\/title>\n<meta name=\"robots\" content=\"index, follow, max-snippet:-1, max-image-preview:large, max-video-preview:-1\" \/>\n<link rel=\"canonical\" href=\"https:\/\/mhf.ro\/mm\/ion-radoi-ameninta-cu-blocarea-metroului\/\" \/>\n<meta property=\"og:locale\" content=\"ro_RO\" \/>\n<meta property=\"og:type\" content=\"article\" \/>\n<meta property=\"og:title\" content=\"Ion R\u0103doi amenin\u021b\u0103 cu blocarea metroului - MHF Photography\" \/>\n<meta property=\"og:description\" content=\"Ion R\u0103doi, \u0219eful sindicali\u0219tilor de la metrou, amenin\u021b\u0103 din nou cu blocarea transportului \u00een subteran. Traficul va fi din nou\" \/>\n<meta property=\"og:url\" content=\"https:\/\/mhf.ro\/mm\/ion-radoi-ameninta-cu-blocarea-metroului\/\" \/>\n<meta property=\"og:site_name\" content=\"MHF Photography\" \/>\n<meta property=\"article:published_time\" content=\"2021-04-23T06:20:25+00:00\" \/>\n<meta property=\"og:image\" content=\"https:\/\/mhf.ro\/mm\/wp-content\/uploads\/2021\/04\/radoi-metrou.png\" \/>\n\t<meta property=\"og:image:width\" content=\"1200\" \/>\n\t<meta property=\"og:image:height\" content=\"711\" \/>\n\t<meta property=\"og:image:type\" content=\"image\/png\" \/>\n<meta name=\"author\" content=\"Marius Marcu\" \/>\n<meta name=\"twitter:card\" content=\"summary_large_image\" \/>\n<meta name=\"twitter:label1\" content=\"Scris de\" \/>\n\t<meta name=\"twitter:data1\" content=\"Marius Marcu\" \/>\n\t<meta name=\"twitter:label2\" content=\"Timp estimat pentru citire\" \/>\n\t<meta name=\"twitter:data2\" content=\"2 minute\" \/>\n<script type=\"application\/ld+json\" class=\"yoast-schema-graph\">{\"@context\":\"https:\/\/schema.org\",\"@graph\":[{\"@type\":\"Article\",\"@id\":\"https:\/\/mhf.ro\/mm\/ion-radoi-ameninta-cu-blocarea-metroului\/#article\",\"isPartOf\":{\"@id\":\"https:\/\/mhf.ro\/mm\/ion-radoi-ameninta-cu-blocarea-metroului\/\"},\"author\":{\"name\":\"Marius Marcu\",\"@id\":\"https:\/\/mhf.ro\/mm\/#\/schema\/person\/a3bebf7bdb4bf12f698aff73c7e46c21\"},\"headline\":\"Ion R\u0103doi amenin\u021b\u0103 cu blocarea metroului\",\"datePublished\":\"2021-04-23T06:20:25+00:00\",\"mainEntityOfPage\":{\"@id\":\"https:\/\/mhf.ro\/mm\/ion-radoi-ameninta-cu-blocarea-metroului\/\"},\"wordCount\":290,\"commentCount\":0,\"publisher\":{\"@id\":\"https:\/\/mhf.ro\/mm\/#\/schema\/person\/a3bebf7bdb4bf12f698aff73c7e46c21\"},\"image\":{\"@id\":\"https:\/\/mhf.ro\/mm\/ion-radoi-ameninta-cu-blocarea-metroului\/#primaryimage\"},\"thumbnailUrl\":\"https:\/\/mhf.ro\/mm\/wp-content\/uploads\/2021\/04\/radoi-metrou.png\",\"articleSection\":[\"Diverse\"],\"inLanguage\":\"ro-RO\",\"potentialAction\":[{\"@type\":\"CommentAction\",\"name\":\"Comment\",\"target\":[\"https:\/\/mhf.ro\/mm\/ion-radoi-ameninta-cu-blocarea-metroului\/#respond\"]}]},{\"@type\":\"WebPage\",\"@id\":\"https:\/\/mhf.ro\/mm\/ion-radoi-ameninta-cu-blocarea-metroului\/\",\"url\":\"https:\/\/mhf.ro\/mm\/ion-radoi-ameninta-cu-blocarea-metroului\/\",\"name\":\"Ion R\u0103doi amenin\u021b\u0103 cu blocarea metroului - MHF Photography\",\"isPartOf\":{\"@id\":\"https:\/\/mhf.ro\/mm\/#website\"},\"primaryImageOfPage\":{\"@id\":\"https:\/\/mhf.ro\/mm\/ion-radoi-ameninta-cu-blocarea-metroului\/#primaryimage\"},\"image\":{\"@id\":\"https:\/\/mhf.ro\/mm\/ion-radoi-ameninta-cu-blocarea-metroului\/#primaryimage\"},\"thumbnailUrl\":\"https:\/\/mhf.ro\/mm\/wp-content\/uploads\/2021\/04\/radoi-metrou.png\",\"datePublished\":\"2021-04-23T06:20:25+00:00\",\"breadcrumb\":{\"@id\":\"https:\/\/mhf.ro\/mm\/ion-radoi-ameninta-cu-blocarea-metroului\/#breadcrumb\"},\"inLanguage\":\"ro-RO\",\"potentialAction\":[{\"@type\":\"ReadAction\",\"target\":[\"https:\/\/mhf.ro\/mm\/ion-radoi-ameninta-cu-blocarea-metroului\/\"]}]},{\"@type\":\"ImageObject\",\"inLanguage\":\"ro-RO\",\"@id\":\"https:\/\/mhf.ro\/mm\/ion-radoi-ameninta-cu-blocarea-metroului\/#primaryimage\",\"url\":\"https:\/\/mhf.ro\/mm\/wp-content\/uploads\/2021\/04\/radoi-metrou.png\",\"contentUrl\":\"https:\/\/mhf.ro\/mm\/wp-content\/uploads\/2021\/04\/radoi-metrou.png\",\"width\":1200,\"height\":711},{\"@type\":\"BreadcrumbList\",\"@id\":\"https:\/\/mhf.ro\/mm\/ion-radoi-ameninta-cu-blocarea-metroului\/#breadcrumb\",\"itemListElement\":[{\"@type\":\"ListItem\",\"position\":1,\"name\":\"Prima pagin\u0103\",\"item\":\"https:\/\/mhf.ro\/mm\/\"},{\"@type\":\"ListItem\",\"position\":2,\"name\":\"Ion R\u0103doi amenin\u021b\u0103 cu blocarea metroului\"}]},{\"@type\":\"WebSite\",\"@id\":\"https:\/\/mhf.ro\/mm\/#website\",\"url\":\"https:\/\/mhf.ro\/mm\/\",\"name\":\"MHF Photography \u2013 Blog de fotografie, natur\u0103 \u0219i tehnic\u0103 divers\u0103\",\"description\":\"Aventur\u0103 \u00een fiecare cadru.\",\"publisher\":{\"@id\":\"https:\/\/mhf.ro\/mm\/#\/schema\/person\/a3bebf7bdb4bf12f698aff73c7e46c21\"},\"potentialAction\":[{\"@type\":\"SearchAction\",\"target\":{\"@type\":\"EntryPoint\",\"urlTemplate\":\"https:\/\/mhf.ro\/mm\/?s={search_term_string}\"},\"query-input\":{\"@type\":\"PropertyValueSpecification\",\"valueRequired\":true,\"valueName\":\"search_term_string\"}}],\"inLanguage\":\"ro-RO\"},{\"@type\":[\"Person\",\"Organization\"],\"@id\":\"https:\/\/mhf.ro\/mm\/#\/schema\/person\/a3bebf7bdb4bf12f698aff73c7e46c21\",\"name\":\"Marius Marcu\",\"image\":{\"@type\":\"ImageObject\",\"inLanguage\":\"ro-RO\",\"@id\":\"https:\/\/mhf.ro\/mm\/#\/schema\/person\/image\/\",\"url\":\"https:\/\/mhf.ro\/mm\/wp-content\/uploads\/2025\/12\/cropped-logo_mhf_2.png\",\"contentUrl\":\"https:\/\/mhf.ro\/mm\/wp-content\/uploads\/2025\/12\/cropped-logo_mhf_2.png\",\"width\":1096,\"height\":457,\"caption\":\"Marius Marcu\"},\"logo\":{\"@id\":\"https:\/\/mhf.ro\/mm\/#\/schema\/person\/image\/\"},\"sameAs\":[\"https:\/\/mhf.ro\/mm\"],\"url\":\"https:\/\/mhf.ro\/mm\/author\/mihai\/\"}]}<\/script>\n<!-- \/ Yoast SEO plugin. -->","yoast_head_json":{"title":"Ion R\u0103doi amenin\u021b\u0103 cu blocarea metroului - MHF Photography","robots":{"index":"index","follow":"follow","max-snippet":"max-snippet:-1","max-image-preview":"max-image-preview:large","max-video-preview":"max-video-preview:-1"},"canonical":"https:\/\/mhf.ro\/mm\/ion-radoi-ameninta-cu-blocarea-metroului\/","og_locale":"ro_RO","og_type":"article","og_title":"Ion R\u0103doi amenin\u021b\u0103 cu blocarea metroului - MHF Photography","og_description":"Ion R\u0103doi, \u0219eful sindicali\u0219tilor de la metrou, amenin\u021b\u0103 din nou cu blocarea transportului \u00een subteran. Traficul va fi din nou","og_url":"https:\/\/mhf.ro\/mm\/ion-radoi-ameninta-cu-blocarea-metroului\/","og_site_name":"MHF Photography","article_published_time":"2021-04-23T06:20:25+00:00","og_image":[{"width":1200,"height":711,"url":"https:\/\/mhf.ro\/mm\/wp-content\/uploads\/2021\/04\/radoi-metrou.png","type":"image\/png"}],"author":"Marius Marcu","twitter_card":"summary_large_image","twitter_misc":{"Scris de":"Marius Marcu","Timp estimat pentru citire":"2 minute"},"schema":{"@context":"https:\/\/schema.org","@graph":[{"@type":"Article","@id":"https:\/\/mhf.ro\/mm\/ion-radoi-ameninta-cu-blocarea-metroului\/#article","isPartOf":{"@id":"https:\/\/mhf.ro\/mm\/ion-radoi-ameninta-cu-blocarea-metroului\/"},"author":{"name":"Marius Marcu","@id":"https:\/\/mhf.ro\/mm\/#\/schema\/person\/a3bebf7bdb4bf12f698aff73c7e46c21"},"headline":"Ion R\u0103doi amenin\u021b\u0103 cu blocarea metroului","datePublished":"2021-04-23T06:20:25+00:00","mainEntityOfPage":{"@id":"https:\/\/mhf.ro\/mm\/ion-radoi-ameninta-cu-blocarea-metroului\/"},"wordCount":290,"commentCount":0,"publisher":{"@id":"https:\/\/mhf.ro\/mm\/#\/schema\/person\/a3bebf7bdb4bf12f698aff73c7e46c21"},"image":{"@id":"https:\/\/mhf.ro\/mm\/ion-radoi-ameninta-cu-blocarea-metroului\/#primaryimage"},"thumbnailUrl":"https:\/\/mhf.ro\/mm\/wp-content\/uploads\/2021\/04\/radoi-metrou.png","articleSection":["Diverse"],"inLanguage":"ro-RO","potentialAction":[{"@type":"CommentAction","name":"Comment","target":["https:\/\/mhf.ro\/mm\/ion-radoi-ameninta-cu-blocarea-metroului\/#respond"]}]},{"@type":"WebPage","@id":"https:\/\/mhf.ro\/mm\/ion-radoi-ameninta-cu-blocarea-metroului\/","url":"https:\/\/mhf.ro\/mm\/ion-radoi-ameninta-cu-blocarea-metroului\/","name":"Ion R\u0103doi amenin\u021b\u0103 cu blocarea metroului - MHF Photography","isPartOf":{"@id":"https:\/\/mhf.ro\/mm\/#website"},"primaryImageOfPage":{"@id":"https:\/\/mhf.ro\/mm\/ion-radoi-ameninta-cu-blocarea-metroului\/#primaryimage"},"image":{"@id":"https:\/\/mhf.ro\/mm\/ion-radoi-ameninta-cu-blocarea-metroului\/#primaryimage"},"thumbnailUrl":"https:\/\/mhf.ro\/mm\/wp-content\/uploads\/2021\/04\/radoi-metrou.png","datePublished":"2021-04-23T06:20:25+00:00","breadcrumb":{"@id":"https:\/\/mhf.ro\/mm\/ion-radoi-ameninta-cu-blocarea-metroului\/#breadcrumb"},"inLanguage":"ro-RO","potentialAction":[{"@type":"ReadAction","target":["https:\/\/mhf.ro\/mm\/ion-radoi-ameninta-cu-blocarea-metroului\/"]}]},{"@type":"ImageObject","inLanguage":"ro-RO","@id":"https:\/\/mhf.ro\/mm\/ion-radoi-ameninta-cu-blocarea-metroului\/#primaryimage","url":"https:\/\/mhf.ro\/mm\/wp-content\/uploads\/2021\/04\/radoi-metrou.png","contentUrl":"https:\/\/mhf.ro\/mm\/wp-content\/uploads\/2021\/04\/radoi-metrou.png","width":1200,"height":711},{"@type":"BreadcrumbList","@id":"https:\/\/mhf.ro\/mm\/ion-radoi-ameninta-cu-blocarea-metroului\/#breadcrumb","itemListElement":[{"@type":"ListItem","position":1,"name":"Prima pagin\u0103","item":"https:\/\/mhf.ro\/mm\/"},{"@type":"ListItem","position":2,"name":"Ion R\u0103doi amenin\u021b\u0103 cu blocarea metroului"}]},{"@type":"WebSite","@id":"https:\/\/mhf.ro\/mm\/#website","url":"https:\/\/mhf.ro\/mm\/","name":"MHF Photography \u2013 Blog de fotografie, natur\u0103 \u0219i tehnic\u0103 divers\u0103","description":"Aventur\u0103 \u00een fiecare cadru.","publisher":{"@id":"https:\/\/mhf.ro\/mm\/#\/schema\/person\/a3bebf7bdb4bf12f698aff73c7e46c21"},"potentialAction":[{"@type":"SearchAction","target":{"@type":"EntryPoint","urlTemplate":"https:\/\/mhf.ro\/mm\/?s={search_term_string}"},"query-input":{"@type":"PropertyValueSpecification","valueRequired":true,"valueName":"search_term_string"}}],"inLanguage":"ro-RO"},{"@type":["Person","Organization"],"@id":"https:\/\/mhf.ro\/mm\/#\/schema\/person\/a3bebf7bdb4bf12f698aff73c7e46c21","name":"Marius Marcu","image":{"@type":"ImageObject","inLanguage":"ro-RO","@id":"https:\/\/mhf.ro\/mm\/#\/schema\/person\/image\/","url":"https:\/\/mhf.ro\/mm\/wp-content\/uploads\/2025\/12\/cropped-logo_mhf_2.png","contentUrl":"https:\/\/mhf.ro\/mm\/wp-content\/uploads\/2025\/12\/cropped-logo_mhf_2.png","width":1096,"height":457,"caption":"Marius Marcu"},"logo":{"@id":"https:\/\/mhf.ro\/mm\/#\/schema\/person\/image\/"},"sameAs":["https:\/\/mhf.ro\/mm"],"url":"https:\/\/mhf.ro\/mm\/author\/mihai\/"}]}},"_links":{"self":[{"href":"https:\/\/mhf.ro\/mm\/wp-json\/wp\/v2\/posts\/4732","targetHints":{"allow":["GET"]}}],"collection":[{"href":"https:\/\/mhf.ro\/mm\/wp-json\/wp\/v2\/posts"}],"about":[{"href":"https:\/\/mhf.ro\/mm\/wp-json\/wp\/v2\/types\/post"}],"author":[{"embeddable":true,"href":"https:\/\/mhf.ro\/mm\/wp-json\/wp\/v2\/users\/1"}],"replies":[{"embeddable":true,"href":"https:\/\/mhf.ro\/mm\/wp-json\/wp\/v2\/comments?post=4732"}],"version-history":[{"count":1,"href":"https:\/\/mhf.ro\/mm\/wp-json\/wp\/v2\/posts\/4732\/revisions"}],"predecessor-version":[{"id":4734,"href":"https:\/\/mhf.ro\/mm\/wp-json\/wp\/v2\/posts\/4732\/revisions\/4734"}],"wp:featuredmedia":[{"embeddable":true,"href":"https:\/\/mhf.ro\/mm\/wp-json\/wp\/v2\/media\/4733"}],"wp:attachment":[{"href":"https:\/\/mhf.ro\/mm\/wp-json\/wp\/v2\/media?parent=4732"}],"wp:term":[{"taxonomy":"category","embeddable":true,"href":"https:\/\/mhf.ro\/mm\/wp-json\/wp\/v2\/categories?post=4732"},{"taxonomy":"post_tag","embeddable":true,"href":"https:\/\/mhf.ro\/mm\/wp-json\/wp\/v2\/tags?post=4732"}],"curies":[{"name":"wp","href":"https:\/\/api.w.org\/{rel}","templated":true}]}}