{"id":4744,"date":"2021-04-24T09:47:56","date_gmt":"2021-04-24T07:47:56","guid":{"rendered":"https:\/\/mhf.ro\/mm\/?p=4744"},"modified":"2021-04-24T09:47:56","modified_gmt":"2021-04-24T07:47:56","slug":"dezastru-logistic-la-ministerul-economiei","status":"publish","type":"post","link":"https:\/\/mhf.ro\/mm\/dezastru-logistic-la-ministerul-economiei\/","title":{"rendered":"Dezastru logistic la Ministerul Economiei"},"content":{"rendered":"<p>Ceea ce se \u00eent\u00e2mpl\u0103 la ministerul Economiei, dup\u0103 venirea lui Claudiu N\u0103sui, este de neimaginat. La sediul de pe calea Victoriei pare c\u0103 e casa ars\u0103. \u0218i cum aceste lucruri \u00eemi erau semnalate de mult\u0103 vreme, ieri am mers s\u0103 v\u0103d dezastrul cu ochii mei.<\/p>\n<p>A fost un fel de demers jurnalistic incognito. Am intrat \u00een minister \u00eentr-un mod discret, pentru a vedea dac\u0103 ceea ce \u00eemi scriau sursele se adevere\u0219te. Vreau s\u0103 vede\u021bi o singur\u0103 imagine, care probabil face c\u00e2t 1000 de cuvinte! Vorbim de curtea interioar\u0103 a ministrului Economiei:<\/p>\n<p><a href=\"https:\/\/mhf.ro\/mm\/wp-content\/uploads\/2021\/04\/nasui_economie.jpg\"><img decoding=\"async\" class=\"alignnone size-medium wp-image-4745\" src=\"https:\/\/mhf.ro\/mm\/wp-content\/uploads\/2021\/04\/nasui_economie-135x300.jpg\" alt=\"\" width=\"135\" height=\"300\" srcset=\"https:\/\/mhf.ro\/mm\/wp-content\/uploads\/2021\/04\/nasui_economie-135x300.jpg 135w, https:\/\/mhf.ro\/mm\/wp-content\/uploads\/2021\/04\/nasui_economie-461x1024.jpg 461w, https:\/\/mhf.ro\/mm\/wp-content\/uploads\/2021\/04\/nasui_economie-691x1536.jpg 691w, https:\/\/mhf.ro\/mm\/wp-content\/uploads\/2021\/04\/nasui_economie.jpg 720w\" sizes=\"(max-width: 135px) 100vw, 135px\" \/><\/a><\/p>\n<p>Pe l\u00e2ng\u0103 asta, ce se \u00eent\u00e2mpl\u0103 \u00een cladire e de vise negre. Nu mai exist\u0103 h\u00e2rtie pentru copiatoare, h\u00e2rtie igienic\u0103 la wc, ap\u0103 la dozatoare, ap\u0103 la protocol, s\u0103pun pentru sp\u0103lat pe m\u00e2ini. \u00cen magazie bate v\u00e2ntul. Ultimile achizi\u021bii au fost f\u0103cute p\u00e2n\u0103 \u00een decembrie anul trecut.<\/p>\n<p>Procedurile de lucru sunt \u0219i ele vrai\u0219te. Lucr\u0103rile stau la semnat, la cabinetul ministrului, chiar \u0219i c\u00e2te 2 s\u0103pt\u0103m\u00e2ni. To\u021bi subordona\u021bii lui N\u0103sui sunt siderati. Acesta \u00eens\u0103 pare din alt film. Cu o regularitate de ceas elve\u021bian, dup\u0103 17 seara N\u0103sui b\u00e2ntuie pe holurile ministerului f\u0103c\u00e2nd film\u0103ri \u0219i filmule\u021be pentru Facebook. \u00cen tot acest timp, programele de \u00eentrajutorare \u0219i stimulare a activit\u0103\u021bii IMM-urilor au sucombat total.. (conf. Jurnalist.ro)<\/p>\n","protected":false},"excerpt":{"rendered":"<p>Ceea ce se \u00eent\u00e2mpl\u0103 la ministerul Economiei, dup\u0103 venirea lui Claudiu N\u0103sui, este de neimaginat. La sediul de pe calea<\/p>\n","protected":false},"author":1,"featured_media":4746,"comment_status":"open","ping_status":"open","sticky":false,"template":"","format":"standard","meta":{"colormag_page_container_layout":"default_layout","colormag_page_sidebar_layout":"default_layout","footnotes":""},"categories":[8],"tags":[],"class_list":["post-4744","post","type-post","status-publish","format-standard","has-post-thumbnail","hentry","category-div"],"yoast_head":"<!-- This site is optimized with the Yoast SEO plugin v27.0 - https:\/\/yoast.com\/product\/yoast-seo-wordpress\/ -->\n<title>Dezastru logistic la Ministerul Economiei - MHF Photography<\/title>\n<meta name=\"robots\" content=\"index, follow, max-snippet:-1, max-image-preview:large, max-video-preview:-1\" \/>\n<link rel=\"canonical\" href=\"https:\/\/mhf.ro\/mm\/dezastru-logistic-la-ministerul-economiei\/\" \/>\n<meta property=\"og:locale\" content=\"ro_RO\" \/>\n<meta property=\"og:type\" content=\"article\" \/>\n<meta property=\"og:title\" content=\"Dezastru logistic la Ministerul Economiei - MHF Photography\" \/>\n<meta property=\"og:description\" content=\"Ceea ce se \u00eent\u00e2mpl\u0103 la ministerul Economiei, dup\u0103 venirea lui Claudiu N\u0103sui, este de neimaginat. La sediul de pe calea\" \/>\n<meta property=\"og:url\" content=\"https:\/\/mhf.ro\/mm\/dezastru-logistic-la-ministerul-economiei\/\" \/>\n<meta property=\"og:site_name\" content=\"MHF Photography\" \/>\n<meta property=\"article:published_time\" content=\"2021-04-24T07:47:56+00:00\" \/>\n<meta property=\"og:image\" content=\"https:\/\/mhf.ro\/mm\/wp-content\/uploads\/2021\/04\/inCollage_nasui.jpg\" \/>\n\t<meta property=\"og:image:width\" content=\"1920\" \/>\n\t<meta property=\"og:image:height\" content=\"1560\" \/>\n\t<meta property=\"og:image:type\" content=\"image\/jpeg\" \/>\n<meta name=\"author\" content=\"Marius Marcu\" \/>\n<meta name=\"twitter:card\" content=\"summary_large_image\" \/>\n<meta name=\"twitter:label1\" content=\"Scris de\" \/>\n\t<meta name=\"twitter:data1\" content=\"Marius Marcu\" \/>\n\t<meta name=\"twitter:label2\" content=\"Timp estimat pentru citire\" \/>\n\t<meta name=\"twitter:data2\" content=\"2 minute\" \/>\n<script type=\"application\/ld+json\" class=\"yoast-schema-graph\">{\"@context\":\"https:\/\/schema.org\",\"@graph\":[{\"@type\":\"Article\",\"@id\":\"https:\/\/mhf.ro\/mm\/dezastru-logistic-la-ministerul-economiei\/#article\",\"isPartOf\":{\"@id\":\"https:\/\/mhf.ro\/mm\/dezastru-logistic-la-ministerul-economiei\/\"},\"author\":{\"name\":\"Marius Marcu\",\"@id\":\"https:\/\/mhf.ro\/mm\/#\/schema\/person\/a3bebf7bdb4bf12f698aff73c7e46c21\"},\"headline\":\"Dezastru logistic la Ministerul Economiei\",\"datePublished\":\"2021-04-24T07:47:56+00:00\",\"mainEntityOfPage\":{\"@id\":\"https:\/\/mhf.ro\/mm\/dezastru-logistic-la-ministerul-economiei\/\"},\"wordCount\":243,\"commentCount\":0,\"publisher\":{\"@id\":\"https:\/\/mhf.ro\/mm\/#\/schema\/person\/a3bebf7bdb4bf12f698aff73c7e46c21\"},\"image\":{\"@id\":\"https:\/\/mhf.ro\/mm\/dezastru-logistic-la-ministerul-economiei\/#primaryimage\"},\"thumbnailUrl\":\"https:\/\/mhf.ro\/mm\/wp-content\/uploads\/2021\/04\/inCollage_nasui.jpg\",\"articleSection\":[\"Diverse\"],\"inLanguage\":\"ro-RO\",\"potentialAction\":[{\"@type\":\"CommentAction\",\"name\":\"Comment\",\"target\":[\"https:\/\/mhf.ro\/mm\/dezastru-logistic-la-ministerul-economiei\/#respond\"]}]},{\"@type\":\"WebPage\",\"@id\":\"https:\/\/mhf.ro\/mm\/dezastru-logistic-la-ministerul-economiei\/\",\"url\":\"https:\/\/mhf.ro\/mm\/dezastru-logistic-la-ministerul-economiei\/\",\"name\":\"Dezastru logistic la Ministerul Economiei - MHF Photography\",\"isPartOf\":{\"@id\":\"https:\/\/mhf.ro\/mm\/#website\"},\"primaryImageOfPage\":{\"@id\":\"https:\/\/mhf.ro\/mm\/dezastru-logistic-la-ministerul-economiei\/#primaryimage\"},\"image\":{\"@id\":\"https:\/\/mhf.ro\/mm\/dezastru-logistic-la-ministerul-economiei\/#primaryimage\"},\"thumbnailUrl\":\"https:\/\/mhf.ro\/mm\/wp-content\/uploads\/2021\/04\/inCollage_nasui.jpg\",\"datePublished\":\"2021-04-24T07:47:56+00:00\",\"breadcrumb\":{\"@id\":\"https:\/\/mhf.ro\/mm\/dezastru-logistic-la-ministerul-economiei\/#breadcrumb\"},\"inLanguage\":\"ro-RO\",\"potentialAction\":[{\"@type\":\"ReadAction\",\"target\":[\"https:\/\/mhf.ro\/mm\/dezastru-logistic-la-ministerul-economiei\/\"]}]},{\"@type\":\"ImageObject\",\"inLanguage\":\"ro-RO\",\"@id\":\"https:\/\/mhf.ro\/mm\/dezastru-logistic-la-ministerul-economiei\/#primaryimage\",\"url\":\"https:\/\/mhf.ro\/mm\/wp-content\/uploads\/2021\/04\/inCollage_nasui.jpg\",\"contentUrl\":\"https:\/\/mhf.ro\/mm\/wp-content\/uploads\/2021\/04\/inCollage_nasui.jpg\",\"width\":1920,\"height\":1560},{\"@type\":\"BreadcrumbList\",\"@id\":\"https:\/\/mhf.ro\/mm\/dezastru-logistic-la-ministerul-economiei\/#breadcrumb\",\"itemListElement\":[{\"@type\":\"ListItem\",\"position\":1,\"name\":\"Prima pagin\u0103\",\"item\":\"https:\/\/mhf.ro\/mm\/\"},{\"@type\":\"ListItem\",\"position\":2,\"name\":\"Dezastru logistic la Ministerul Economiei\"}]},{\"@type\":\"WebSite\",\"@id\":\"https:\/\/mhf.ro\/mm\/#website\",\"url\":\"https:\/\/mhf.ro\/mm\/\",\"name\":\"MHF Photography \u2013 Blog de fotografie, natur\u0103 \u0219i tehnic\u0103 divers\u0103\",\"description\":\"Aventur\u0103 \u00een fiecare cadru.\",\"publisher\":{\"@id\":\"https:\/\/mhf.ro\/mm\/#\/schema\/person\/a3bebf7bdb4bf12f698aff73c7e46c21\"},\"potentialAction\":[{\"@type\":\"SearchAction\",\"target\":{\"@type\":\"EntryPoint\",\"urlTemplate\":\"https:\/\/mhf.ro\/mm\/?s={search_term_string}\"},\"query-input\":{\"@type\":\"PropertyValueSpecification\",\"valueRequired\":true,\"valueName\":\"search_term_string\"}}],\"inLanguage\":\"ro-RO\"},{\"@type\":[\"Person\",\"Organization\"],\"@id\":\"https:\/\/mhf.ro\/mm\/#\/schema\/person\/a3bebf7bdb4bf12f698aff73c7e46c21\",\"name\":\"Marius Marcu\",\"image\":{\"@type\":\"ImageObject\",\"inLanguage\":\"ro-RO\",\"@id\":\"https:\/\/mhf.ro\/mm\/#\/schema\/person\/image\/\",\"url\":\"https:\/\/mhf.ro\/mm\/wp-content\/uploads\/2025\/12\/cropped-logo_mhf_2.png\",\"contentUrl\":\"https:\/\/mhf.ro\/mm\/wp-content\/uploads\/2025\/12\/cropped-logo_mhf_2.png\",\"width\":1096,\"height\":457,\"caption\":\"Marius Marcu\"},\"logo\":{\"@id\":\"https:\/\/mhf.ro\/mm\/#\/schema\/person\/image\/\"},\"sameAs\":[\"https:\/\/mhf.ro\/mm\"],\"url\":\"https:\/\/mhf.ro\/mm\/author\/mihai\/\"}]}<\/script>\n<!-- \/ Yoast SEO plugin. -->","yoast_head_json":{"title":"Dezastru logistic la Ministerul Economiei - MHF Photography","robots":{"index":"index","follow":"follow","max-snippet":"max-snippet:-1","max-image-preview":"max-image-preview:large","max-video-preview":"max-video-preview:-1"},"canonical":"https:\/\/mhf.ro\/mm\/dezastru-logistic-la-ministerul-economiei\/","og_locale":"ro_RO","og_type":"article","og_title":"Dezastru logistic la Ministerul Economiei - MHF Photography","og_description":"Ceea ce se \u00eent\u00e2mpl\u0103 la ministerul Economiei, dup\u0103 venirea lui Claudiu N\u0103sui, este de neimaginat. La sediul de pe calea","og_url":"https:\/\/mhf.ro\/mm\/dezastru-logistic-la-ministerul-economiei\/","og_site_name":"MHF Photography","article_published_time":"2021-04-24T07:47:56+00:00","og_image":[{"width":1920,"height":1560,"url":"https:\/\/mhf.ro\/mm\/wp-content\/uploads\/2021\/04\/inCollage_nasui.jpg","type":"image\/jpeg"}],"author":"Marius Marcu","twitter_card":"summary_large_image","twitter_misc":{"Scris de":"Marius Marcu","Timp estimat pentru citire":"2 minute"},"schema":{"@context":"https:\/\/schema.org","@graph":[{"@type":"Article","@id":"https:\/\/mhf.ro\/mm\/dezastru-logistic-la-ministerul-economiei\/#article","isPartOf":{"@id":"https:\/\/mhf.ro\/mm\/dezastru-logistic-la-ministerul-economiei\/"},"author":{"name":"Marius Marcu","@id":"https:\/\/mhf.ro\/mm\/#\/schema\/person\/a3bebf7bdb4bf12f698aff73c7e46c21"},"headline":"Dezastru logistic la Ministerul Economiei","datePublished":"2021-04-24T07:47:56+00:00","mainEntityOfPage":{"@id":"https:\/\/mhf.ro\/mm\/dezastru-logistic-la-ministerul-economiei\/"},"wordCount":243,"commentCount":0,"publisher":{"@id":"https:\/\/mhf.ro\/mm\/#\/schema\/person\/a3bebf7bdb4bf12f698aff73c7e46c21"},"image":{"@id":"https:\/\/mhf.ro\/mm\/dezastru-logistic-la-ministerul-economiei\/#primaryimage"},"thumbnailUrl":"https:\/\/mhf.ro\/mm\/wp-content\/uploads\/2021\/04\/inCollage_nasui.jpg","articleSection":["Diverse"],"inLanguage":"ro-RO","potentialAction":[{"@type":"CommentAction","name":"Comment","target":["https:\/\/mhf.ro\/mm\/dezastru-logistic-la-ministerul-economiei\/#respond"]}]},{"@type":"WebPage","@id":"https:\/\/mhf.ro\/mm\/dezastru-logistic-la-ministerul-economiei\/","url":"https:\/\/mhf.ro\/mm\/dezastru-logistic-la-ministerul-economiei\/","name":"Dezastru logistic la Ministerul Economiei - MHF Photography","isPartOf":{"@id":"https:\/\/mhf.ro\/mm\/#website"},"primaryImageOfPage":{"@id":"https:\/\/mhf.ro\/mm\/dezastru-logistic-la-ministerul-economiei\/#primaryimage"},"image":{"@id":"https:\/\/mhf.ro\/mm\/dezastru-logistic-la-ministerul-economiei\/#primaryimage"},"thumbnailUrl":"https:\/\/mhf.ro\/mm\/wp-content\/uploads\/2021\/04\/inCollage_nasui.jpg","datePublished":"2021-04-24T07:47:56+00:00","breadcrumb":{"@id":"https:\/\/mhf.ro\/mm\/dezastru-logistic-la-ministerul-economiei\/#breadcrumb"},"inLanguage":"ro-RO","potentialAction":[{"@type":"ReadAction","target":["https:\/\/mhf.ro\/mm\/dezastru-logistic-la-ministerul-economiei\/"]}]},{"@type":"ImageObject","inLanguage":"ro-RO","@id":"https:\/\/mhf.ro\/mm\/dezastru-logistic-la-ministerul-economiei\/#primaryimage","url":"https:\/\/mhf.ro\/mm\/wp-content\/uploads\/2021\/04\/inCollage_nasui.jpg","contentUrl":"https:\/\/mhf.ro\/mm\/wp-content\/uploads\/2021\/04\/inCollage_nasui.jpg","width":1920,"height":1560},{"@type":"BreadcrumbList","@id":"https:\/\/mhf.ro\/mm\/dezastru-logistic-la-ministerul-economiei\/#breadcrumb","itemListElement":[{"@type":"ListItem","position":1,"name":"Prima pagin\u0103","item":"https:\/\/mhf.ro\/mm\/"},{"@type":"ListItem","position":2,"name":"Dezastru logistic la Ministerul Economiei"}]},{"@type":"WebSite","@id":"https:\/\/mhf.ro\/mm\/#website","url":"https:\/\/mhf.ro\/mm\/","name":"MHF Photography \u2013 Blog de fotografie, natur\u0103 \u0219i tehnic\u0103 divers\u0103","description":"Aventur\u0103 \u00een fiecare cadru.","publisher":{"@id":"https:\/\/mhf.ro\/mm\/#\/schema\/person\/a3bebf7bdb4bf12f698aff73c7e46c21"},"potentialAction":[{"@type":"SearchAction","target":{"@type":"EntryPoint","urlTemplate":"https:\/\/mhf.ro\/mm\/?s={search_term_string}"},"query-input":{"@type":"PropertyValueSpecification","valueRequired":true,"valueName":"search_term_string"}}],"inLanguage":"ro-RO"},{"@type":["Person","Organization"],"@id":"https:\/\/mhf.ro\/mm\/#\/schema\/person\/a3bebf7bdb4bf12f698aff73c7e46c21","name":"Marius Marcu","image":{"@type":"ImageObject","inLanguage":"ro-RO","@id":"https:\/\/mhf.ro\/mm\/#\/schema\/person\/image\/","url":"https:\/\/mhf.ro\/mm\/wp-content\/uploads\/2025\/12\/cropped-logo_mhf_2.png","contentUrl":"https:\/\/mhf.ro\/mm\/wp-content\/uploads\/2025\/12\/cropped-logo_mhf_2.png","width":1096,"height":457,"caption":"Marius Marcu"},"logo":{"@id":"https:\/\/mhf.ro\/mm\/#\/schema\/person\/image\/"},"sameAs":["https:\/\/mhf.ro\/mm"],"url":"https:\/\/mhf.ro\/mm\/author\/mihai\/"}]}},"_links":{"self":[{"href":"https:\/\/mhf.ro\/mm\/wp-json\/wp\/v2\/posts\/4744","targetHints":{"allow":["GET"]}}],"collection":[{"href":"https:\/\/mhf.ro\/mm\/wp-json\/wp\/v2\/posts"}],"about":[{"href":"https:\/\/mhf.ro\/mm\/wp-json\/wp\/v2\/types\/post"}],"author":[{"embeddable":true,"href":"https:\/\/mhf.ro\/mm\/wp-json\/wp\/v2\/users\/1"}],"replies":[{"embeddable":true,"href":"https:\/\/mhf.ro\/mm\/wp-json\/wp\/v2\/comments?post=4744"}],"version-history":[{"count":1,"href":"https:\/\/mhf.ro\/mm\/wp-json\/wp\/v2\/posts\/4744\/revisions"}],"predecessor-version":[{"id":4747,"href":"https:\/\/mhf.ro\/mm\/wp-json\/wp\/v2\/posts\/4744\/revisions\/4747"}],"wp:featuredmedia":[{"embeddable":true,"href":"https:\/\/mhf.ro\/mm\/wp-json\/wp\/v2\/media\/4746"}],"wp:attachment":[{"href":"https:\/\/mhf.ro\/mm\/wp-json\/wp\/v2\/media?parent=4744"}],"wp:term":[{"taxonomy":"category","embeddable":true,"href":"https:\/\/mhf.ro\/mm\/wp-json\/wp\/v2\/categories?post=4744"},{"taxonomy":"post_tag","embeddable":true,"href":"https:\/\/mhf.ro\/mm\/wp-json\/wp\/v2\/tags?post=4744"}],"curies":[{"name":"wp","href":"https:\/\/api.w.org\/{rel}","templated":true}]}}