{"id":4748,"date":"2021-04-24T09:51:21","date_gmt":"2021-04-24T07:51:21","guid":{"rendered":"https:\/\/mhf.ro\/mm\/?p=4748"},"modified":"2021-04-24T09:51:21","modified_gmt":"2021-04-24T07:51:21","slug":"judecatoare-cu-sotul-condamnat-promovata-de-csm","status":"publish","type":"post","link":"https:\/\/mhf.ro\/mm\/judecatoare-cu-sotul-condamnat-promovata-de-csm\/","title":{"rendered":"Judec\u0103toare cu so\u021bul condamnat, promovat\u0103 de CSM"},"content":{"rendered":"<p>Judec\u0103toarea Laura Soane, al c\u0103rei so\u021b are o condamnare penal\u0103, a fost promovat\u0103 de CSM la Sec\u021bia Penal\u0103 a \u00cenaltei Cur\u021bi de Casa\u021bie \u0219i Justi\u021bie.<\/p>\n<p>Pavel Soane a fost condamnat definitiv, \u00een 2012, de \u00ceCCJ la 2 ani de \u00eenchisoare cu suspendare pentru trafic de migran\u021bi \u015fi asociere \u00een vederea s\u0103v\u00e2r\u0219irii de trafic de migran\u0163i, scrie g4media.ro<\/p>\n<p>El a fost g\u0103sit vinovat de implicare, \u00een 2003, \u00een traficul unor imigran\u021bi kurzi peste grani\u021b\u0103. La acea vreme, pe numele lui Pavel Soane a fost emis un mandat de arestare. A \u00eencercat s\u0103 fug\u0103 \u0219i a fost dat \u00een urm\u0103rire general\u0103. P\u00e2n\u0103 la urm\u0103, s-a predat poli\u021biei. Procesul a\u00a0 durat ani buni, iar Soane a primit 2 ani de \u00eenchisoare cu suspendare. (conf. Jurnalist.ro)<\/p>\n","protected":false},"excerpt":{"rendered":"<p>Judec\u0103toarea Laura Soane, al c\u0103rei so\u021b are o condamnare penal\u0103, a fost promovat\u0103 de CSM la Sec\u021bia Penal\u0103 a \u00cenaltei<\/p>\n","protected":false},"author":1,"featured_media":4749,"comment_status":"open","ping_status":"open","sticky":false,"template":"","format":"standard","meta":{"colormag_page_container_layout":"default_layout","colormag_page_sidebar_layout":"default_layout","footnotes":""},"categories":[8],"tags":[],"class_list":["post-4748","post","type-post","status-publish","format-standard","has-post-thumbnail","hentry","category-div"],"yoast_head":"<!-- This site is optimized with the Yoast SEO plugin v27.0 - https:\/\/yoast.com\/product\/yoast-seo-wordpress\/ -->\n<title>Judec\u0103toare cu so\u021bul condamnat, promovat\u0103 de CSM - MHF Photography<\/title>\n<meta name=\"robots\" content=\"index, follow, max-snippet:-1, max-image-preview:large, max-video-preview:-1\" \/>\n<link rel=\"canonical\" href=\"https:\/\/mhf.ro\/mm\/judecatoare-cu-sotul-condamnat-promovata-de-csm\/\" \/>\n<meta property=\"og:locale\" content=\"ro_RO\" \/>\n<meta property=\"og:type\" content=\"article\" \/>\n<meta property=\"og:title\" content=\"Judec\u0103toare cu so\u021bul condamnat, promovat\u0103 de CSM - MHF Photography\" \/>\n<meta property=\"og:description\" content=\"Judec\u0103toarea Laura Soane, al c\u0103rei so\u021b are o condamnare penal\u0103, a fost promovat\u0103 de CSM la Sec\u021bia Penal\u0103 a \u00cenaltei\" \/>\n<meta property=\"og:url\" content=\"https:\/\/mhf.ro\/mm\/judecatoare-cu-sotul-condamnat-promovata-de-csm\/\" \/>\n<meta property=\"og:site_name\" content=\"MHF Photography\" \/>\n<meta property=\"article:published_time\" content=\"2021-04-24T07:51:21+00:00\" \/>\n<meta property=\"og:image\" content=\"https:\/\/mhf.ro\/mm\/wp-content\/uploads\/2021\/04\/judecatoare.jpg\" \/>\n\t<meta property=\"og:image:width\" content=\"1200\" \/>\n\t<meta property=\"og:image:height\" content=\"597\" \/>\n\t<meta property=\"og:image:type\" content=\"image\/jpeg\" \/>\n<meta name=\"author\" content=\"Marius Marcu\" \/>\n<meta name=\"twitter:card\" content=\"summary_large_image\" \/>\n<meta name=\"twitter:label1\" content=\"Scris de\" \/>\n\t<meta name=\"twitter:data1\" content=\"Marius Marcu\" \/>\n\t<meta name=\"twitter:label2\" content=\"Timp estimat pentru citire\" \/>\n\t<meta name=\"twitter:data2\" content=\"1 minut\" \/>\n<script type=\"application\/ld+json\" class=\"yoast-schema-graph\">{\"@context\":\"https:\/\/schema.org\",\"@graph\":[{\"@type\":\"Article\",\"@id\":\"https:\/\/mhf.ro\/mm\/judecatoare-cu-sotul-condamnat-promovata-de-csm\/#article\",\"isPartOf\":{\"@id\":\"https:\/\/mhf.ro\/mm\/judecatoare-cu-sotul-condamnat-promovata-de-csm\/\"},\"author\":{\"name\":\"Marius Marcu\",\"@id\":\"https:\/\/mhf.ro\/mm\/#\/schema\/person\/a3bebf7bdb4bf12f698aff73c7e46c21\"},\"headline\":\"Judec\u0103toare cu so\u021bul condamnat, promovat\u0103 de CSM\",\"datePublished\":\"2021-04-24T07:51:21+00:00\",\"mainEntityOfPage\":{\"@id\":\"https:\/\/mhf.ro\/mm\/judecatoare-cu-sotul-condamnat-promovata-de-csm\/\"},\"wordCount\":146,\"commentCount\":0,\"publisher\":{\"@id\":\"https:\/\/mhf.ro\/mm\/#\/schema\/person\/a3bebf7bdb4bf12f698aff73c7e46c21\"},\"image\":{\"@id\":\"https:\/\/mhf.ro\/mm\/judecatoare-cu-sotul-condamnat-promovata-de-csm\/#primaryimage\"},\"thumbnailUrl\":\"https:\/\/mhf.ro\/mm\/wp-content\/uploads\/2021\/04\/judecatoare.jpg\",\"articleSection\":[\"Diverse\"],\"inLanguage\":\"ro-RO\",\"potentialAction\":[{\"@type\":\"CommentAction\",\"name\":\"Comment\",\"target\":[\"https:\/\/mhf.ro\/mm\/judecatoare-cu-sotul-condamnat-promovata-de-csm\/#respond\"]}]},{\"@type\":\"WebPage\",\"@id\":\"https:\/\/mhf.ro\/mm\/judecatoare-cu-sotul-condamnat-promovata-de-csm\/\",\"url\":\"https:\/\/mhf.ro\/mm\/judecatoare-cu-sotul-condamnat-promovata-de-csm\/\",\"name\":\"Judec\u0103toare cu so\u021bul condamnat, promovat\u0103 de CSM - MHF Photography\",\"isPartOf\":{\"@id\":\"https:\/\/mhf.ro\/mm\/#website\"},\"primaryImageOfPage\":{\"@id\":\"https:\/\/mhf.ro\/mm\/judecatoare-cu-sotul-condamnat-promovata-de-csm\/#primaryimage\"},\"image\":{\"@id\":\"https:\/\/mhf.ro\/mm\/judecatoare-cu-sotul-condamnat-promovata-de-csm\/#primaryimage\"},\"thumbnailUrl\":\"https:\/\/mhf.ro\/mm\/wp-content\/uploads\/2021\/04\/judecatoare.jpg\",\"datePublished\":\"2021-04-24T07:51:21+00:00\",\"breadcrumb\":{\"@id\":\"https:\/\/mhf.ro\/mm\/judecatoare-cu-sotul-condamnat-promovata-de-csm\/#breadcrumb\"},\"inLanguage\":\"ro-RO\",\"potentialAction\":[{\"@type\":\"ReadAction\",\"target\":[\"https:\/\/mhf.ro\/mm\/judecatoare-cu-sotul-condamnat-promovata-de-csm\/\"]}]},{\"@type\":\"ImageObject\",\"inLanguage\":\"ro-RO\",\"@id\":\"https:\/\/mhf.ro\/mm\/judecatoare-cu-sotul-condamnat-promovata-de-csm\/#primaryimage\",\"url\":\"https:\/\/mhf.ro\/mm\/wp-content\/uploads\/2021\/04\/judecatoare.jpg\",\"contentUrl\":\"https:\/\/mhf.ro\/mm\/wp-content\/uploads\/2021\/04\/judecatoare.jpg\",\"width\":1200,\"height\":597},{\"@type\":\"BreadcrumbList\",\"@id\":\"https:\/\/mhf.ro\/mm\/judecatoare-cu-sotul-condamnat-promovata-de-csm\/#breadcrumb\",\"itemListElement\":[{\"@type\":\"ListItem\",\"position\":1,\"name\":\"Prima pagin\u0103\",\"item\":\"https:\/\/mhf.ro\/mm\/\"},{\"@type\":\"ListItem\",\"position\":2,\"name\":\"Judec\u0103toare cu so\u021bul condamnat, promovat\u0103 de CSM\"}]},{\"@type\":\"WebSite\",\"@id\":\"https:\/\/mhf.ro\/mm\/#website\",\"url\":\"https:\/\/mhf.ro\/mm\/\",\"name\":\"MHF Photography \u2013 Blog de fotografie, natur\u0103 \u0219i tehnic\u0103 divers\u0103\",\"description\":\"Aventur\u0103 \u00een fiecare cadru.\",\"publisher\":{\"@id\":\"https:\/\/mhf.ro\/mm\/#\/schema\/person\/a3bebf7bdb4bf12f698aff73c7e46c21\"},\"potentialAction\":[{\"@type\":\"SearchAction\",\"target\":{\"@type\":\"EntryPoint\",\"urlTemplate\":\"https:\/\/mhf.ro\/mm\/?s={search_term_string}\"},\"query-input\":{\"@type\":\"PropertyValueSpecification\",\"valueRequired\":true,\"valueName\":\"search_term_string\"}}],\"inLanguage\":\"ro-RO\"},{\"@type\":[\"Person\",\"Organization\"],\"@id\":\"https:\/\/mhf.ro\/mm\/#\/schema\/person\/a3bebf7bdb4bf12f698aff73c7e46c21\",\"name\":\"Marius Marcu\",\"image\":{\"@type\":\"ImageObject\",\"inLanguage\":\"ro-RO\",\"@id\":\"https:\/\/mhf.ro\/mm\/#\/schema\/person\/image\/\",\"url\":\"https:\/\/mhf.ro\/mm\/wp-content\/uploads\/2025\/12\/cropped-logo_mhf_2.png\",\"contentUrl\":\"https:\/\/mhf.ro\/mm\/wp-content\/uploads\/2025\/12\/cropped-logo_mhf_2.png\",\"width\":1096,\"height\":457,\"caption\":\"Marius Marcu\"},\"logo\":{\"@id\":\"https:\/\/mhf.ro\/mm\/#\/schema\/person\/image\/\"},\"sameAs\":[\"https:\/\/mhf.ro\/mm\"],\"url\":\"https:\/\/mhf.ro\/mm\/author\/mihai\/\"}]}<\/script>\n<!-- \/ Yoast SEO plugin. -->","yoast_head_json":{"title":"Judec\u0103toare cu so\u021bul condamnat, promovat\u0103 de CSM - MHF Photography","robots":{"index":"index","follow":"follow","max-snippet":"max-snippet:-1","max-image-preview":"max-image-preview:large","max-video-preview":"max-video-preview:-1"},"canonical":"https:\/\/mhf.ro\/mm\/judecatoare-cu-sotul-condamnat-promovata-de-csm\/","og_locale":"ro_RO","og_type":"article","og_title":"Judec\u0103toare cu so\u021bul condamnat, promovat\u0103 de CSM - MHF Photography","og_description":"Judec\u0103toarea Laura Soane, al c\u0103rei so\u021b are o condamnare penal\u0103, a fost promovat\u0103 de CSM la Sec\u021bia Penal\u0103 a \u00cenaltei","og_url":"https:\/\/mhf.ro\/mm\/judecatoare-cu-sotul-condamnat-promovata-de-csm\/","og_site_name":"MHF Photography","article_published_time":"2021-04-24T07:51:21+00:00","og_image":[{"width":1200,"height":597,"url":"https:\/\/mhf.ro\/mm\/wp-content\/uploads\/2021\/04\/judecatoare.jpg","type":"image\/jpeg"}],"author":"Marius Marcu","twitter_card":"summary_large_image","twitter_misc":{"Scris de":"Marius Marcu","Timp estimat pentru citire":"1 minut"},"schema":{"@context":"https:\/\/schema.org","@graph":[{"@type":"Article","@id":"https:\/\/mhf.ro\/mm\/judecatoare-cu-sotul-condamnat-promovata-de-csm\/#article","isPartOf":{"@id":"https:\/\/mhf.ro\/mm\/judecatoare-cu-sotul-condamnat-promovata-de-csm\/"},"author":{"name":"Marius Marcu","@id":"https:\/\/mhf.ro\/mm\/#\/schema\/person\/a3bebf7bdb4bf12f698aff73c7e46c21"},"headline":"Judec\u0103toare cu so\u021bul condamnat, promovat\u0103 de CSM","datePublished":"2021-04-24T07:51:21+00:00","mainEntityOfPage":{"@id":"https:\/\/mhf.ro\/mm\/judecatoare-cu-sotul-condamnat-promovata-de-csm\/"},"wordCount":146,"commentCount":0,"publisher":{"@id":"https:\/\/mhf.ro\/mm\/#\/schema\/person\/a3bebf7bdb4bf12f698aff73c7e46c21"},"image":{"@id":"https:\/\/mhf.ro\/mm\/judecatoare-cu-sotul-condamnat-promovata-de-csm\/#primaryimage"},"thumbnailUrl":"https:\/\/mhf.ro\/mm\/wp-content\/uploads\/2021\/04\/judecatoare.jpg","articleSection":["Diverse"],"inLanguage":"ro-RO","potentialAction":[{"@type":"CommentAction","name":"Comment","target":["https:\/\/mhf.ro\/mm\/judecatoare-cu-sotul-condamnat-promovata-de-csm\/#respond"]}]},{"@type":"WebPage","@id":"https:\/\/mhf.ro\/mm\/judecatoare-cu-sotul-condamnat-promovata-de-csm\/","url":"https:\/\/mhf.ro\/mm\/judecatoare-cu-sotul-condamnat-promovata-de-csm\/","name":"Judec\u0103toare cu so\u021bul condamnat, promovat\u0103 de CSM - MHF Photography","isPartOf":{"@id":"https:\/\/mhf.ro\/mm\/#website"},"primaryImageOfPage":{"@id":"https:\/\/mhf.ro\/mm\/judecatoare-cu-sotul-condamnat-promovata-de-csm\/#primaryimage"},"image":{"@id":"https:\/\/mhf.ro\/mm\/judecatoare-cu-sotul-condamnat-promovata-de-csm\/#primaryimage"},"thumbnailUrl":"https:\/\/mhf.ro\/mm\/wp-content\/uploads\/2021\/04\/judecatoare.jpg","datePublished":"2021-04-24T07:51:21+00:00","breadcrumb":{"@id":"https:\/\/mhf.ro\/mm\/judecatoare-cu-sotul-condamnat-promovata-de-csm\/#breadcrumb"},"inLanguage":"ro-RO","potentialAction":[{"@type":"ReadAction","target":["https:\/\/mhf.ro\/mm\/judecatoare-cu-sotul-condamnat-promovata-de-csm\/"]}]},{"@type":"ImageObject","inLanguage":"ro-RO","@id":"https:\/\/mhf.ro\/mm\/judecatoare-cu-sotul-condamnat-promovata-de-csm\/#primaryimage","url":"https:\/\/mhf.ro\/mm\/wp-content\/uploads\/2021\/04\/judecatoare.jpg","contentUrl":"https:\/\/mhf.ro\/mm\/wp-content\/uploads\/2021\/04\/judecatoare.jpg","width":1200,"height":597},{"@type":"BreadcrumbList","@id":"https:\/\/mhf.ro\/mm\/judecatoare-cu-sotul-condamnat-promovata-de-csm\/#breadcrumb","itemListElement":[{"@type":"ListItem","position":1,"name":"Prima pagin\u0103","item":"https:\/\/mhf.ro\/mm\/"},{"@type":"ListItem","position":2,"name":"Judec\u0103toare cu so\u021bul condamnat, promovat\u0103 de CSM"}]},{"@type":"WebSite","@id":"https:\/\/mhf.ro\/mm\/#website","url":"https:\/\/mhf.ro\/mm\/","name":"MHF Photography \u2013 Blog de fotografie, natur\u0103 \u0219i tehnic\u0103 divers\u0103","description":"Aventur\u0103 \u00een fiecare cadru.","publisher":{"@id":"https:\/\/mhf.ro\/mm\/#\/schema\/person\/a3bebf7bdb4bf12f698aff73c7e46c21"},"potentialAction":[{"@type":"SearchAction","target":{"@type":"EntryPoint","urlTemplate":"https:\/\/mhf.ro\/mm\/?s={search_term_string}"},"query-input":{"@type":"PropertyValueSpecification","valueRequired":true,"valueName":"search_term_string"}}],"inLanguage":"ro-RO"},{"@type":["Person","Organization"],"@id":"https:\/\/mhf.ro\/mm\/#\/schema\/person\/a3bebf7bdb4bf12f698aff73c7e46c21","name":"Marius Marcu","image":{"@type":"ImageObject","inLanguage":"ro-RO","@id":"https:\/\/mhf.ro\/mm\/#\/schema\/person\/image\/","url":"https:\/\/mhf.ro\/mm\/wp-content\/uploads\/2025\/12\/cropped-logo_mhf_2.png","contentUrl":"https:\/\/mhf.ro\/mm\/wp-content\/uploads\/2025\/12\/cropped-logo_mhf_2.png","width":1096,"height":457,"caption":"Marius Marcu"},"logo":{"@id":"https:\/\/mhf.ro\/mm\/#\/schema\/person\/image\/"},"sameAs":["https:\/\/mhf.ro\/mm"],"url":"https:\/\/mhf.ro\/mm\/author\/mihai\/"}]}},"_links":{"self":[{"href":"https:\/\/mhf.ro\/mm\/wp-json\/wp\/v2\/posts\/4748","targetHints":{"allow":["GET"]}}],"collection":[{"href":"https:\/\/mhf.ro\/mm\/wp-json\/wp\/v2\/posts"}],"about":[{"href":"https:\/\/mhf.ro\/mm\/wp-json\/wp\/v2\/types\/post"}],"author":[{"embeddable":true,"href":"https:\/\/mhf.ro\/mm\/wp-json\/wp\/v2\/users\/1"}],"replies":[{"embeddable":true,"href":"https:\/\/mhf.ro\/mm\/wp-json\/wp\/v2\/comments?post=4748"}],"version-history":[{"count":1,"href":"https:\/\/mhf.ro\/mm\/wp-json\/wp\/v2\/posts\/4748\/revisions"}],"predecessor-version":[{"id":4750,"href":"https:\/\/mhf.ro\/mm\/wp-json\/wp\/v2\/posts\/4748\/revisions\/4750"}],"wp:featuredmedia":[{"embeddable":true,"href":"https:\/\/mhf.ro\/mm\/wp-json\/wp\/v2\/media\/4749"}],"wp:attachment":[{"href":"https:\/\/mhf.ro\/mm\/wp-json\/wp\/v2\/media?parent=4748"}],"wp:term":[{"taxonomy":"category","embeddable":true,"href":"https:\/\/mhf.ro\/mm\/wp-json\/wp\/v2\/categories?post=4748"},{"taxonomy":"post_tag","embeddable":true,"href":"https:\/\/mhf.ro\/mm\/wp-json\/wp\/v2\/tags?post=4748"}],"curies":[{"name":"wp","href":"https:\/\/api.w.org\/{rel}","templated":true}]}}