{"id":4764,"date":"2021-04-26T11:18:15","date_gmt":"2021-04-26T09:18:15","guid":{"rendered":"https:\/\/mhf.ro\/mm\/?p=4764"},"modified":"2021-04-26T11:18:15","modified_gmt":"2021-04-26T09:18:15","slug":"andi-manciu-coordonatorul-gcs-pleaca-din-guvern","status":"publish","type":"post","link":"https:\/\/mhf.ro\/mm\/andi-manciu-coordonatorul-gcs-pleaca-din-guvern\/","title":{"rendered":"Andi Manciu, coordonatorul GCS, pleac\u0103 din Guvern"},"content":{"rendered":"<p class=\"title\">Andi Manciu, coordonatorul Grupului de Comunicare Strategic\u0103 \u0219i consilier al prim-ministrului Rom\u00e2niei, \u0219i-a anun\u021bat luni diminea\u021ba pleacarea din<span class=\"antiorfan\">\u00a0<\/span>Guvern. GCS gestioneaz\u0103 comunicarea privind evolu\u021bia epidemiei de COVID-19 \u00een \u021bara noastr\u0103.<\/p>\n<p>\u201eM-am hot\u0103r\u00e2t s\u0103 solicit eliberarea mea din func\u021bie \u00eencep\u00e2nd din 1 Mai. S-a f\u0103cut aproape un an \u0219i jum\u0103tate \u00een care m-am ocupat \u00een calitate de consilier de stat de coordonarea comunic\u0103rii guvernamentale. O perioad\u0103 dificil\u0103, \u00eenc\u0103rcat\u0103, plin\u0103 de provoc\u0103ri \u0219i de momente care \u00eemi vor r\u0103m\u00e2ne \u00een minte pentru mult\u0103 vreme de acum \u00eencolo. Acum e momentul s\u0103 pun punct \u0219i al\u021bii s\u0103 preia aceast\u0103 responsabilitate. (\u2026) Le transmit aprecierea mea celor din Direc\u021bia de comunicare a Guvernului, pentru faptul c\u0103 au \u021binut pasul cu un ritm, uneori, infernal. De prea multe ori munca acestor oameni este v\u0103zut\u0103 ca un dat, ceva ce vine de la sine. Nu este a\u0219a! Acolo \u00een spate sunt persoane care zilnic sunt preocupate s\u0103 fac\u0103 lucrurile s\u0103 func\u021bioneze, \u0219i prea pu\u021bini le realizeaz\u0103 sau apreciaz\u0103 eforturile\u201d,<strong>\u00a0<\/strong>a scris Andi Manciu pe Facebook.<\/p>\n<p>Potrivit unor surse B1.ro, Manciu nu a demisionat, ci ar fi fost demis de la conducerea Grupului de Comunicare Strategic\u0103. Premierul Florin C\u00ee\u021bu i-ar fi solicitat s\u0103 plece din func\u021bie anun\u021b\u00e2ndu-l c\u0103 dac\u0103 nu va face acest lucru \u00eel va demite. (conf Jurnalist.ro)<\/p>\n","protected":false},"excerpt":{"rendered":"<p>Andi Manciu, coordonatorul Grupului de Comunicare Strategic\u0103 \u0219i consilier al prim-ministrului Rom\u00e2niei, \u0219i-a anun\u021bat luni diminea\u021ba pleacarea din\u00a0Guvern. GCS gestioneaz\u0103<\/p>\n","protected":false},"author":1,"featured_media":4765,"comment_status":"open","ping_status":"open","sticky":false,"template":"","format":"standard","meta":{"colormag_page_container_layout":"default_layout","colormag_page_sidebar_layout":"default_layout","footnotes":""},"categories":[8],"tags":[],"class_list":["post-4764","post","type-post","status-publish","format-standard","has-post-thumbnail","hentry","category-div"],"yoast_head":"<!-- This site is optimized with the Yoast SEO plugin v27.0 - https:\/\/yoast.com\/product\/yoast-seo-wordpress\/ -->\n<title>Andi Manciu, coordonatorul GCS, pleac\u0103 din Guvern - MHF Photography<\/title>\n<meta name=\"robots\" content=\"index, follow, max-snippet:-1, max-image-preview:large, max-video-preview:-1\" \/>\n<link rel=\"canonical\" href=\"https:\/\/mhf.ro\/mm\/andi-manciu-coordonatorul-gcs-pleaca-din-guvern\/\" \/>\n<meta property=\"og:locale\" content=\"ro_RO\" \/>\n<meta property=\"og:type\" content=\"article\" \/>\n<meta property=\"og:title\" content=\"Andi Manciu, coordonatorul GCS, pleac\u0103 din Guvern - MHF Photography\" \/>\n<meta property=\"og:description\" content=\"Andi Manciu, coordonatorul Grupului de Comunicare Strategic\u0103 \u0219i consilier al prim-ministrului Rom\u00e2niei, \u0219i-a anun\u021bat luni diminea\u021ba pleacarea din\u00a0Guvern. GCS gestioneaz\u0103\" \/>\n<meta property=\"og:url\" content=\"https:\/\/mhf.ro\/mm\/andi-manciu-coordonatorul-gcs-pleaca-din-guvern\/\" \/>\n<meta property=\"og:site_name\" content=\"MHF Photography\" \/>\n<meta property=\"article:published_time\" content=\"2021-04-26T09:18:15+00:00\" \/>\n<meta property=\"og:image\" content=\"https:\/\/mhf.ro\/mm\/wp-content\/uploads\/2021\/04\/andi-manciu.jpg\" \/>\n\t<meta property=\"og:image:width\" content=\"1200\" \/>\n\t<meta property=\"og:image:height\" content=\"589\" \/>\n\t<meta property=\"og:image:type\" content=\"image\/jpeg\" \/>\n<meta name=\"author\" content=\"Marius Marcu\" \/>\n<meta name=\"twitter:card\" content=\"summary_large_image\" \/>\n<meta name=\"twitter:label1\" content=\"Scris de\" \/>\n\t<meta name=\"twitter:data1\" content=\"Marius Marcu\" \/>\n\t<meta name=\"twitter:label2\" content=\"Timp estimat pentru citire\" \/>\n\t<meta name=\"twitter:data2\" content=\"1 minut\" \/>\n<script type=\"application\/ld+json\" class=\"yoast-schema-graph\">{\"@context\":\"https:\/\/schema.org\",\"@graph\":[{\"@type\":\"Article\",\"@id\":\"https:\/\/mhf.ro\/mm\/andi-manciu-coordonatorul-gcs-pleaca-din-guvern\/#article\",\"isPartOf\":{\"@id\":\"https:\/\/mhf.ro\/mm\/andi-manciu-coordonatorul-gcs-pleaca-din-guvern\/\"},\"author\":{\"name\":\"Marius Marcu\",\"@id\":\"https:\/\/mhf.ro\/mm\/#\/schema\/person\/a3bebf7bdb4bf12f698aff73c7e46c21\"},\"headline\":\"Andi Manciu, coordonatorul GCS, pleac\u0103 din Guvern\",\"datePublished\":\"2021-04-26T09:18:15+00:00\",\"mainEntityOfPage\":{\"@id\":\"https:\/\/mhf.ro\/mm\/andi-manciu-coordonatorul-gcs-pleaca-din-guvern\/\"},\"wordCount\":243,\"commentCount\":0,\"publisher\":{\"@id\":\"https:\/\/mhf.ro\/mm\/#\/schema\/person\/a3bebf7bdb4bf12f698aff73c7e46c21\"},\"image\":{\"@id\":\"https:\/\/mhf.ro\/mm\/andi-manciu-coordonatorul-gcs-pleaca-din-guvern\/#primaryimage\"},\"thumbnailUrl\":\"https:\/\/mhf.ro\/mm\/wp-content\/uploads\/2021\/04\/andi-manciu.jpg\",\"articleSection\":[\"Diverse\"],\"inLanguage\":\"ro-RO\",\"potentialAction\":[{\"@type\":\"CommentAction\",\"name\":\"Comment\",\"target\":[\"https:\/\/mhf.ro\/mm\/andi-manciu-coordonatorul-gcs-pleaca-din-guvern\/#respond\"]}]},{\"@type\":\"WebPage\",\"@id\":\"https:\/\/mhf.ro\/mm\/andi-manciu-coordonatorul-gcs-pleaca-din-guvern\/\",\"url\":\"https:\/\/mhf.ro\/mm\/andi-manciu-coordonatorul-gcs-pleaca-din-guvern\/\",\"name\":\"Andi Manciu, coordonatorul GCS, pleac\u0103 din Guvern - MHF Photography\",\"isPartOf\":{\"@id\":\"https:\/\/mhf.ro\/mm\/#website\"},\"primaryImageOfPage\":{\"@id\":\"https:\/\/mhf.ro\/mm\/andi-manciu-coordonatorul-gcs-pleaca-din-guvern\/#primaryimage\"},\"image\":{\"@id\":\"https:\/\/mhf.ro\/mm\/andi-manciu-coordonatorul-gcs-pleaca-din-guvern\/#primaryimage\"},\"thumbnailUrl\":\"https:\/\/mhf.ro\/mm\/wp-content\/uploads\/2021\/04\/andi-manciu.jpg\",\"datePublished\":\"2021-04-26T09:18:15+00:00\",\"breadcrumb\":{\"@id\":\"https:\/\/mhf.ro\/mm\/andi-manciu-coordonatorul-gcs-pleaca-din-guvern\/#breadcrumb\"},\"inLanguage\":\"ro-RO\",\"potentialAction\":[{\"@type\":\"ReadAction\",\"target\":[\"https:\/\/mhf.ro\/mm\/andi-manciu-coordonatorul-gcs-pleaca-din-guvern\/\"]}]},{\"@type\":\"ImageObject\",\"inLanguage\":\"ro-RO\",\"@id\":\"https:\/\/mhf.ro\/mm\/andi-manciu-coordonatorul-gcs-pleaca-din-guvern\/#primaryimage\",\"url\":\"https:\/\/mhf.ro\/mm\/wp-content\/uploads\/2021\/04\/andi-manciu.jpg\",\"contentUrl\":\"https:\/\/mhf.ro\/mm\/wp-content\/uploads\/2021\/04\/andi-manciu.jpg\",\"width\":1200,\"height\":589},{\"@type\":\"BreadcrumbList\",\"@id\":\"https:\/\/mhf.ro\/mm\/andi-manciu-coordonatorul-gcs-pleaca-din-guvern\/#breadcrumb\",\"itemListElement\":[{\"@type\":\"ListItem\",\"position\":1,\"name\":\"Prima pagin\u0103\",\"item\":\"https:\/\/mhf.ro\/mm\/\"},{\"@type\":\"ListItem\",\"position\":2,\"name\":\"Andi Manciu, coordonatorul GCS, pleac\u0103 din Guvern\"}]},{\"@type\":\"WebSite\",\"@id\":\"https:\/\/mhf.ro\/mm\/#website\",\"url\":\"https:\/\/mhf.ro\/mm\/\",\"name\":\"MHF Photography \u2013 Blog de fotografie, natur\u0103 \u0219i tehnic\u0103 divers\u0103\",\"description\":\"Aventur\u0103 \u00een fiecare cadru.\",\"publisher\":{\"@id\":\"https:\/\/mhf.ro\/mm\/#\/schema\/person\/a3bebf7bdb4bf12f698aff73c7e46c21\"},\"potentialAction\":[{\"@type\":\"SearchAction\",\"target\":{\"@type\":\"EntryPoint\",\"urlTemplate\":\"https:\/\/mhf.ro\/mm\/?s={search_term_string}\"},\"query-input\":{\"@type\":\"PropertyValueSpecification\",\"valueRequired\":true,\"valueName\":\"search_term_string\"}}],\"inLanguage\":\"ro-RO\"},{\"@type\":[\"Person\",\"Organization\"],\"@id\":\"https:\/\/mhf.ro\/mm\/#\/schema\/person\/a3bebf7bdb4bf12f698aff73c7e46c21\",\"name\":\"Marius Marcu\",\"image\":{\"@type\":\"ImageObject\",\"inLanguage\":\"ro-RO\",\"@id\":\"https:\/\/mhf.ro\/mm\/#\/schema\/person\/image\/\",\"url\":\"https:\/\/mhf.ro\/mm\/wp-content\/uploads\/2025\/12\/cropped-logo_mhf_2.png\",\"contentUrl\":\"https:\/\/mhf.ro\/mm\/wp-content\/uploads\/2025\/12\/cropped-logo_mhf_2.png\",\"width\":1096,\"height\":457,\"caption\":\"Marius Marcu\"},\"logo\":{\"@id\":\"https:\/\/mhf.ro\/mm\/#\/schema\/person\/image\/\"},\"sameAs\":[\"https:\/\/mhf.ro\/mm\"],\"url\":\"https:\/\/mhf.ro\/mm\/author\/mihai\/\"}]}<\/script>\n<!-- \/ Yoast SEO plugin. -->","yoast_head_json":{"title":"Andi Manciu, coordonatorul GCS, pleac\u0103 din Guvern - MHF Photography","robots":{"index":"index","follow":"follow","max-snippet":"max-snippet:-1","max-image-preview":"max-image-preview:large","max-video-preview":"max-video-preview:-1"},"canonical":"https:\/\/mhf.ro\/mm\/andi-manciu-coordonatorul-gcs-pleaca-din-guvern\/","og_locale":"ro_RO","og_type":"article","og_title":"Andi Manciu, coordonatorul GCS, pleac\u0103 din Guvern - MHF Photography","og_description":"Andi Manciu, coordonatorul Grupului de Comunicare Strategic\u0103 \u0219i consilier al prim-ministrului Rom\u00e2niei, \u0219i-a anun\u021bat luni diminea\u021ba pleacarea din\u00a0Guvern. GCS gestioneaz\u0103","og_url":"https:\/\/mhf.ro\/mm\/andi-manciu-coordonatorul-gcs-pleaca-din-guvern\/","og_site_name":"MHF Photography","article_published_time":"2021-04-26T09:18:15+00:00","og_image":[{"width":1200,"height":589,"url":"https:\/\/mhf.ro\/mm\/wp-content\/uploads\/2021\/04\/andi-manciu.jpg","type":"image\/jpeg"}],"author":"Marius Marcu","twitter_card":"summary_large_image","twitter_misc":{"Scris de":"Marius Marcu","Timp estimat pentru citire":"1 minut"},"schema":{"@context":"https:\/\/schema.org","@graph":[{"@type":"Article","@id":"https:\/\/mhf.ro\/mm\/andi-manciu-coordonatorul-gcs-pleaca-din-guvern\/#article","isPartOf":{"@id":"https:\/\/mhf.ro\/mm\/andi-manciu-coordonatorul-gcs-pleaca-din-guvern\/"},"author":{"name":"Marius Marcu","@id":"https:\/\/mhf.ro\/mm\/#\/schema\/person\/a3bebf7bdb4bf12f698aff73c7e46c21"},"headline":"Andi Manciu, coordonatorul GCS, pleac\u0103 din Guvern","datePublished":"2021-04-26T09:18:15+00:00","mainEntityOfPage":{"@id":"https:\/\/mhf.ro\/mm\/andi-manciu-coordonatorul-gcs-pleaca-din-guvern\/"},"wordCount":243,"commentCount":0,"publisher":{"@id":"https:\/\/mhf.ro\/mm\/#\/schema\/person\/a3bebf7bdb4bf12f698aff73c7e46c21"},"image":{"@id":"https:\/\/mhf.ro\/mm\/andi-manciu-coordonatorul-gcs-pleaca-din-guvern\/#primaryimage"},"thumbnailUrl":"https:\/\/mhf.ro\/mm\/wp-content\/uploads\/2021\/04\/andi-manciu.jpg","articleSection":["Diverse"],"inLanguage":"ro-RO","potentialAction":[{"@type":"CommentAction","name":"Comment","target":["https:\/\/mhf.ro\/mm\/andi-manciu-coordonatorul-gcs-pleaca-din-guvern\/#respond"]}]},{"@type":"WebPage","@id":"https:\/\/mhf.ro\/mm\/andi-manciu-coordonatorul-gcs-pleaca-din-guvern\/","url":"https:\/\/mhf.ro\/mm\/andi-manciu-coordonatorul-gcs-pleaca-din-guvern\/","name":"Andi Manciu, coordonatorul GCS, pleac\u0103 din Guvern - MHF Photography","isPartOf":{"@id":"https:\/\/mhf.ro\/mm\/#website"},"primaryImageOfPage":{"@id":"https:\/\/mhf.ro\/mm\/andi-manciu-coordonatorul-gcs-pleaca-din-guvern\/#primaryimage"},"image":{"@id":"https:\/\/mhf.ro\/mm\/andi-manciu-coordonatorul-gcs-pleaca-din-guvern\/#primaryimage"},"thumbnailUrl":"https:\/\/mhf.ro\/mm\/wp-content\/uploads\/2021\/04\/andi-manciu.jpg","datePublished":"2021-04-26T09:18:15+00:00","breadcrumb":{"@id":"https:\/\/mhf.ro\/mm\/andi-manciu-coordonatorul-gcs-pleaca-din-guvern\/#breadcrumb"},"inLanguage":"ro-RO","potentialAction":[{"@type":"ReadAction","target":["https:\/\/mhf.ro\/mm\/andi-manciu-coordonatorul-gcs-pleaca-din-guvern\/"]}]},{"@type":"ImageObject","inLanguage":"ro-RO","@id":"https:\/\/mhf.ro\/mm\/andi-manciu-coordonatorul-gcs-pleaca-din-guvern\/#primaryimage","url":"https:\/\/mhf.ro\/mm\/wp-content\/uploads\/2021\/04\/andi-manciu.jpg","contentUrl":"https:\/\/mhf.ro\/mm\/wp-content\/uploads\/2021\/04\/andi-manciu.jpg","width":1200,"height":589},{"@type":"BreadcrumbList","@id":"https:\/\/mhf.ro\/mm\/andi-manciu-coordonatorul-gcs-pleaca-din-guvern\/#breadcrumb","itemListElement":[{"@type":"ListItem","position":1,"name":"Prima pagin\u0103","item":"https:\/\/mhf.ro\/mm\/"},{"@type":"ListItem","position":2,"name":"Andi Manciu, coordonatorul GCS, pleac\u0103 din Guvern"}]},{"@type":"WebSite","@id":"https:\/\/mhf.ro\/mm\/#website","url":"https:\/\/mhf.ro\/mm\/","name":"MHF Photography \u2013 Blog de fotografie, natur\u0103 \u0219i tehnic\u0103 divers\u0103","description":"Aventur\u0103 \u00een fiecare cadru.","publisher":{"@id":"https:\/\/mhf.ro\/mm\/#\/schema\/person\/a3bebf7bdb4bf12f698aff73c7e46c21"},"potentialAction":[{"@type":"SearchAction","target":{"@type":"EntryPoint","urlTemplate":"https:\/\/mhf.ro\/mm\/?s={search_term_string}"},"query-input":{"@type":"PropertyValueSpecification","valueRequired":true,"valueName":"search_term_string"}}],"inLanguage":"ro-RO"},{"@type":["Person","Organization"],"@id":"https:\/\/mhf.ro\/mm\/#\/schema\/person\/a3bebf7bdb4bf12f698aff73c7e46c21","name":"Marius Marcu","image":{"@type":"ImageObject","inLanguage":"ro-RO","@id":"https:\/\/mhf.ro\/mm\/#\/schema\/person\/image\/","url":"https:\/\/mhf.ro\/mm\/wp-content\/uploads\/2025\/12\/cropped-logo_mhf_2.png","contentUrl":"https:\/\/mhf.ro\/mm\/wp-content\/uploads\/2025\/12\/cropped-logo_mhf_2.png","width":1096,"height":457,"caption":"Marius Marcu"},"logo":{"@id":"https:\/\/mhf.ro\/mm\/#\/schema\/person\/image\/"},"sameAs":["https:\/\/mhf.ro\/mm"],"url":"https:\/\/mhf.ro\/mm\/author\/mihai\/"}]}},"_links":{"self":[{"href":"https:\/\/mhf.ro\/mm\/wp-json\/wp\/v2\/posts\/4764","targetHints":{"allow":["GET"]}}],"collection":[{"href":"https:\/\/mhf.ro\/mm\/wp-json\/wp\/v2\/posts"}],"about":[{"href":"https:\/\/mhf.ro\/mm\/wp-json\/wp\/v2\/types\/post"}],"author":[{"embeddable":true,"href":"https:\/\/mhf.ro\/mm\/wp-json\/wp\/v2\/users\/1"}],"replies":[{"embeddable":true,"href":"https:\/\/mhf.ro\/mm\/wp-json\/wp\/v2\/comments?post=4764"}],"version-history":[{"count":1,"href":"https:\/\/mhf.ro\/mm\/wp-json\/wp\/v2\/posts\/4764\/revisions"}],"predecessor-version":[{"id":4766,"href":"https:\/\/mhf.ro\/mm\/wp-json\/wp\/v2\/posts\/4764\/revisions\/4766"}],"wp:featuredmedia":[{"embeddable":true,"href":"https:\/\/mhf.ro\/mm\/wp-json\/wp\/v2\/media\/4765"}],"wp:attachment":[{"href":"https:\/\/mhf.ro\/mm\/wp-json\/wp\/v2\/media?parent=4764"}],"wp:term":[{"taxonomy":"category","embeddable":true,"href":"https:\/\/mhf.ro\/mm\/wp-json\/wp\/v2\/categories?post=4764"},{"taxonomy":"post_tag","embeddable":true,"href":"https:\/\/mhf.ro\/mm\/wp-json\/wp\/v2\/tags?post=4764"}],"curies":[{"name":"wp","href":"https:\/\/api.w.org\/{rel}","templated":true}]}}