{"id":4767,"date":"2021-04-27T11:18:58","date_gmt":"2021-04-27T09:18:58","guid":{"rendered":"https:\/\/mhf.ro\/mm\/?p=4767"},"modified":"2021-04-27T11:18:58","modified_gmt":"2021-04-27T09:18:58","slug":"oficial-rus-persona-non-grata-in-romania","status":"publish","type":"post","link":"https:\/\/mhf.ro\/mm\/oficial-rus-persona-non-grata-in-romania\/","title":{"rendered":"Oficial rus, persona non grata \u00een Rom\u00e2nia"},"content":{"rendered":"<p>Tensiuni diplomatice \u00eentre Rom\u00e2nia \u0219i Rusia. Ministerul Afacerilor Externe l-a declarat, luni, pe adjunctul ata\u0219atului militar rus la Bucure\u0219ti persona non grata pe teritoriul Rom\u00e2niei.<\/p>\n<p>Aceste elemente au fost comunicate p\u0103r\u021bii ruse luni, cu prilejul convoc\u0103rii la sediul MAE, din dispozi\u021bia ministrului Bogdan Aurescu, a ambasadorului Federa\u021biei Ruse la Bucure\u0219ti, Valery Kuzmin.<\/p>\n<p>\u201dMinisterul Afacerilor Externe informeaz\u0103 c\u0103 autorit\u0103\u021bile rom\u00e2ne au decis declararea persona non grata pe teritoriul Rom\u00e2niei a domnului Alexey Grishaev, adjunct al ata\u0219atului militar \u00een cadrul Ambasadei Federa\u021biei Ruse la Bucure\u0219ti, av\u00e2nd \u00een vedere c\u0103 activit\u0103\u021bile \u0219i ac\u021biunile sale contravin prevederilor Conven\u021biei de la Viena privind rela\u021biile diplomatice din 1961.<\/p>\n<p>Aceste elemente au fost comunicate p\u0103r\u021bii ruse ast\u0103zi, 26 aprilie 2021, cu prilejul convoc\u0103rii la sediul\u00a0MAE, din dispozi\u021bia ministrului Bogdan Aurescu, a ambasadorului Federa\u021biei Ruse la Bucure\u0219ti, domnul Valery Kuzmin\u201d, se arat\u0103 \u00een anun\u021bul\u00a0MAE.<\/p>\n<p>Anun\u021bul MAE vine \u00een contextul \u00een care, duminic\u0103, ministru Bogdan Aurescu a spus, referindu-se la declara\u021bia ambasadorului Rusiei la Bucure\u0219ti, conform c\u0103reia Rom\u00e2nia ar trebui s\u0103 se \u00eengrijoreze dac\u0103 este implicat\u0103 \u201c\u00eentr-un fel de aventur\u0103 militar\u0103 conceput\u0103 de \u00abcapetele fierbin\u021bi\u00bb din sediul NATO\u201d, c\u0103 orice amenin\u021bare care vizeaz\u0103 \u021bara noastr\u0103 este o amenin\u021bare la adresa NATO.<\/p>\n<p>\u201cFaptul c\u0103 Rom\u00e2nia face parte din aceast\u0103 alian\u0163\u0103 este o garan\u0163ie pentru securitatea Rom\u00e2niei \u015fi a cet\u0103\u0163enilor s\u0103i, f\u0103r\u0103 niciun fel de dubiu, de aceea am \u015fi spus c\u0103 nu exist\u0103 niciun fel de pericol pentru Rom\u00e2nia \u015fi pentru cet\u0103\u0163enii ei \u00een cursul acestei crize care a avut loc zilele trecute (mi\u0219c\u0103rile de trupe ruse la grani\u021bele Ucrainei \u2013 n.r.). Dar trebuie s\u0103 fim foarte clari aici: orice amenin\u0163are la adresa Rom\u00e2niei este de fapt o amenin\u0163are la adresa NATO \u015fi lu\u0103m \u00een serios aceste aspecte\u201c, a declarat Bogdan Aurescu. (conf. Jurnalist.ro)<\/p>\n","protected":false},"excerpt":{"rendered":"<p>Tensiuni diplomatice \u00eentre Rom\u00e2nia \u0219i Rusia. Ministerul Afacerilor Externe l-a declarat, luni, pe adjunctul ata\u0219atului militar rus la Bucure\u0219ti persona<\/p>\n","protected":false},"author":1,"featured_media":4768,"comment_status":"open","ping_status":"open","sticky":false,"template":"","format":"standard","meta":{"colormag_page_container_layout":"default_layout","colormag_page_sidebar_layout":"default_layout","footnotes":""},"categories":[5],"tags":[],"class_list":["post-4767","post","type-post","status-publish","format-standard","has-post-thumbnail","hentry","category-locale"],"yoast_head":"<!-- This site is optimized with the Yoast SEO plugin v27.0 - https:\/\/yoast.com\/product\/yoast-seo-wordpress\/ -->\n<title>Oficial rus, persona non grata \u00een Rom\u00e2nia - MHF Photography<\/title>\n<meta name=\"robots\" content=\"index, follow, max-snippet:-1, max-image-preview:large, max-video-preview:-1\" \/>\n<link rel=\"canonical\" href=\"https:\/\/mhf.ro\/mm\/oficial-rus-persona-non-grata-in-romania\/\" \/>\n<meta property=\"og:locale\" content=\"ro_RO\" \/>\n<meta property=\"og:type\" content=\"article\" \/>\n<meta property=\"og:title\" content=\"Oficial rus, persona non grata \u00een Rom\u00e2nia - MHF Photography\" \/>\n<meta property=\"og:description\" content=\"Tensiuni diplomatice \u00eentre Rom\u00e2nia \u0219i Rusia. Ministerul Afacerilor Externe l-a declarat, luni, pe adjunctul ata\u0219atului militar rus la Bucure\u0219ti persona\" \/>\n<meta property=\"og:url\" content=\"https:\/\/mhf.ro\/mm\/oficial-rus-persona-non-grata-in-romania\/\" \/>\n<meta property=\"og:site_name\" content=\"MHF Photography\" \/>\n<meta property=\"article:published_time\" content=\"2021-04-27T09:18:58+00:00\" \/>\n<meta property=\"og:image\" content=\"https:\/\/mhf.ro\/mm\/wp-content\/uploads\/2021\/04\/rusia-nongrata.jpeg\" \/>\n\t<meta property=\"og:image:width\" content=\"1200\" \/>\n\t<meta property=\"og:image:height\" content=\"631\" \/>\n\t<meta property=\"og:image:type\" content=\"image\/jpeg\" \/>\n<meta name=\"author\" content=\"Marius Marcu\" \/>\n<meta name=\"twitter:card\" content=\"summary_large_image\" \/>\n<meta name=\"twitter:label1\" content=\"Scris de\" \/>\n\t<meta name=\"twitter:data1\" content=\"Marius Marcu\" \/>\n\t<meta name=\"twitter:label2\" content=\"Timp estimat pentru citire\" \/>\n\t<meta name=\"twitter:data2\" content=\"2 minute\" \/>\n<script type=\"application\/ld+json\" class=\"yoast-schema-graph\">{\"@context\":\"https:\/\/schema.org\",\"@graph\":[{\"@type\":\"Article\",\"@id\":\"https:\/\/mhf.ro\/mm\/oficial-rus-persona-non-grata-in-romania\/#article\",\"isPartOf\":{\"@id\":\"https:\/\/mhf.ro\/mm\/oficial-rus-persona-non-grata-in-romania\/\"},\"author\":{\"name\":\"Marius Marcu\",\"@id\":\"https:\/\/mhf.ro\/mm\/#\/schema\/person\/a3bebf7bdb4bf12f698aff73c7e46c21\"},\"headline\":\"Oficial rus, persona non grata \u00een Rom\u00e2nia\",\"datePublished\":\"2021-04-27T09:18:58+00:00\",\"mainEntityOfPage\":{\"@id\":\"https:\/\/mhf.ro\/mm\/oficial-rus-persona-non-grata-in-romania\/\"},\"wordCount\":344,\"commentCount\":0,\"publisher\":{\"@id\":\"https:\/\/mhf.ro\/mm\/#\/schema\/person\/a3bebf7bdb4bf12f698aff73c7e46c21\"},\"image\":{\"@id\":\"https:\/\/mhf.ro\/mm\/oficial-rus-persona-non-grata-in-romania\/#primaryimage\"},\"thumbnailUrl\":\"https:\/\/mhf.ro\/mm\/wp-content\/uploads\/2021\/04\/rusia-nongrata.jpeg\",\"articleSection\":[\"Locale\"],\"inLanguage\":\"ro-RO\",\"potentialAction\":[{\"@type\":\"CommentAction\",\"name\":\"Comment\",\"target\":[\"https:\/\/mhf.ro\/mm\/oficial-rus-persona-non-grata-in-romania\/#respond\"]}]},{\"@type\":\"WebPage\",\"@id\":\"https:\/\/mhf.ro\/mm\/oficial-rus-persona-non-grata-in-romania\/\",\"url\":\"https:\/\/mhf.ro\/mm\/oficial-rus-persona-non-grata-in-romania\/\",\"name\":\"Oficial rus, persona non grata \u00een Rom\u00e2nia - MHF Photography\",\"isPartOf\":{\"@id\":\"https:\/\/mhf.ro\/mm\/#website\"},\"primaryImageOfPage\":{\"@id\":\"https:\/\/mhf.ro\/mm\/oficial-rus-persona-non-grata-in-romania\/#primaryimage\"},\"image\":{\"@id\":\"https:\/\/mhf.ro\/mm\/oficial-rus-persona-non-grata-in-romania\/#primaryimage\"},\"thumbnailUrl\":\"https:\/\/mhf.ro\/mm\/wp-content\/uploads\/2021\/04\/rusia-nongrata.jpeg\",\"datePublished\":\"2021-04-27T09:18:58+00:00\",\"breadcrumb\":{\"@id\":\"https:\/\/mhf.ro\/mm\/oficial-rus-persona-non-grata-in-romania\/#breadcrumb\"},\"inLanguage\":\"ro-RO\",\"potentialAction\":[{\"@type\":\"ReadAction\",\"target\":[\"https:\/\/mhf.ro\/mm\/oficial-rus-persona-non-grata-in-romania\/\"]}]},{\"@type\":\"ImageObject\",\"inLanguage\":\"ro-RO\",\"@id\":\"https:\/\/mhf.ro\/mm\/oficial-rus-persona-non-grata-in-romania\/#primaryimage\",\"url\":\"https:\/\/mhf.ro\/mm\/wp-content\/uploads\/2021\/04\/rusia-nongrata.jpeg\",\"contentUrl\":\"https:\/\/mhf.ro\/mm\/wp-content\/uploads\/2021\/04\/rusia-nongrata.jpeg\",\"width\":1200,\"height\":631},{\"@type\":\"BreadcrumbList\",\"@id\":\"https:\/\/mhf.ro\/mm\/oficial-rus-persona-non-grata-in-romania\/#breadcrumb\",\"itemListElement\":[{\"@type\":\"ListItem\",\"position\":1,\"name\":\"Prima pagin\u0103\",\"item\":\"https:\/\/mhf.ro\/mm\/\"},{\"@type\":\"ListItem\",\"position\":2,\"name\":\"Oficial rus, persona non grata \u00een Rom\u00e2nia\"}]},{\"@type\":\"WebSite\",\"@id\":\"https:\/\/mhf.ro\/mm\/#website\",\"url\":\"https:\/\/mhf.ro\/mm\/\",\"name\":\"MHF Photography \u2013 Blog de fotografie, natur\u0103 \u0219i tehnic\u0103 divers\u0103\",\"description\":\"Aventur\u0103 \u00een fiecare cadru.\",\"publisher\":{\"@id\":\"https:\/\/mhf.ro\/mm\/#\/schema\/person\/a3bebf7bdb4bf12f698aff73c7e46c21\"},\"potentialAction\":[{\"@type\":\"SearchAction\",\"target\":{\"@type\":\"EntryPoint\",\"urlTemplate\":\"https:\/\/mhf.ro\/mm\/?s={search_term_string}\"},\"query-input\":{\"@type\":\"PropertyValueSpecification\",\"valueRequired\":true,\"valueName\":\"search_term_string\"}}],\"inLanguage\":\"ro-RO\"},{\"@type\":[\"Person\",\"Organization\"],\"@id\":\"https:\/\/mhf.ro\/mm\/#\/schema\/person\/a3bebf7bdb4bf12f698aff73c7e46c21\",\"name\":\"Marius Marcu\",\"image\":{\"@type\":\"ImageObject\",\"inLanguage\":\"ro-RO\",\"@id\":\"https:\/\/mhf.ro\/mm\/#\/schema\/person\/image\/\",\"url\":\"https:\/\/mhf.ro\/mm\/wp-content\/uploads\/2025\/12\/cropped-logo_mhf_2.png\",\"contentUrl\":\"https:\/\/mhf.ro\/mm\/wp-content\/uploads\/2025\/12\/cropped-logo_mhf_2.png\",\"width\":1096,\"height\":457,\"caption\":\"Marius Marcu\"},\"logo\":{\"@id\":\"https:\/\/mhf.ro\/mm\/#\/schema\/person\/image\/\"},\"sameAs\":[\"https:\/\/mhf.ro\/mm\"],\"url\":\"https:\/\/mhf.ro\/mm\/author\/mihai\/\"}]}<\/script>\n<!-- \/ Yoast SEO plugin. -->","yoast_head_json":{"title":"Oficial rus, persona non grata \u00een Rom\u00e2nia - MHF Photography","robots":{"index":"index","follow":"follow","max-snippet":"max-snippet:-1","max-image-preview":"max-image-preview:large","max-video-preview":"max-video-preview:-1"},"canonical":"https:\/\/mhf.ro\/mm\/oficial-rus-persona-non-grata-in-romania\/","og_locale":"ro_RO","og_type":"article","og_title":"Oficial rus, persona non grata \u00een Rom\u00e2nia - MHF Photography","og_description":"Tensiuni diplomatice \u00eentre Rom\u00e2nia \u0219i Rusia. Ministerul Afacerilor Externe l-a declarat, luni, pe adjunctul ata\u0219atului militar rus la Bucure\u0219ti persona","og_url":"https:\/\/mhf.ro\/mm\/oficial-rus-persona-non-grata-in-romania\/","og_site_name":"MHF Photography","article_published_time":"2021-04-27T09:18:58+00:00","og_image":[{"width":1200,"height":631,"url":"https:\/\/mhf.ro\/mm\/wp-content\/uploads\/2021\/04\/rusia-nongrata.jpeg","type":"image\/jpeg"}],"author":"Marius Marcu","twitter_card":"summary_large_image","twitter_misc":{"Scris de":"Marius Marcu","Timp estimat pentru citire":"2 minute"},"schema":{"@context":"https:\/\/schema.org","@graph":[{"@type":"Article","@id":"https:\/\/mhf.ro\/mm\/oficial-rus-persona-non-grata-in-romania\/#article","isPartOf":{"@id":"https:\/\/mhf.ro\/mm\/oficial-rus-persona-non-grata-in-romania\/"},"author":{"name":"Marius Marcu","@id":"https:\/\/mhf.ro\/mm\/#\/schema\/person\/a3bebf7bdb4bf12f698aff73c7e46c21"},"headline":"Oficial rus, persona non grata \u00een Rom\u00e2nia","datePublished":"2021-04-27T09:18:58+00:00","mainEntityOfPage":{"@id":"https:\/\/mhf.ro\/mm\/oficial-rus-persona-non-grata-in-romania\/"},"wordCount":344,"commentCount":0,"publisher":{"@id":"https:\/\/mhf.ro\/mm\/#\/schema\/person\/a3bebf7bdb4bf12f698aff73c7e46c21"},"image":{"@id":"https:\/\/mhf.ro\/mm\/oficial-rus-persona-non-grata-in-romania\/#primaryimage"},"thumbnailUrl":"https:\/\/mhf.ro\/mm\/wp-content\/uploads\/2021\/04\/rusia-nongrata.jpeg","articleSection":["Locale"],"inLanguage":"ro-RO","potentialAction":[{"@type":"CommentAction","name":"Comment","target":["https:\/\/mhf.ro\/mm\/oficial-rus-persona-non-grata-in-romania\/#respond"]}]},{"@type":"WebPage","@id":"https:\/\/mhf.ro\/mm\/oficial-rus-persona-non-grata-in-romania\/","url":"https:\/\/mhf.ro\/mm\/oficial-rus-persona-non-grata-in-romania\/","name":"Oficial rus, persona non grata \u00een Rom\u00e2nia - MHF Photography","isPartOf":{"@id":"https:\/\/mhf.ro\/mm\/#website"},"primaryImageOfPage":{"@id":"https:\/\/mhf.ro\/mm\/oficial-rus-persona-non-grata-in-romania\/#primaryimage"},"image":{"@id":"https:\/\/mhf.ro\/mm\/oficial-rus-persona-non-grata-in-romania\/#primaryimage"},"thumbnailUrl":"https:\/\/mhf.ro\/mm\/wp-content\/uploads\/2021\/04\/rusia-nongrata.jpeg","datePublished":"2021-04-27T09:18:58+00:00","breadcrumb":{"@id":"https:\/\/mhf.ro\/mm\/oficial-rus-persona-non-grata-in-romania\/#breadcrumb"},"inLanguage":"ro-RO","potentialAction":[{"@type":"ReadAction","target":["https:\/\/mhf.ro\/mm\/oficial-rus-persona-non-grata-in-romania\/"]}]},{"@type":"ImageObject","inLanguage":"ro-RO","@id":"https:\/\/mhf.ro\/mm\/oficial-rus-persona-non-grata-in-romania\/#primaryimage","url":"https:\/\/mhf.ro\/mm\/wp-content\/uploads\/2021\/04\/rusia-nongrata.jpeg","contentUrl":"https:\/\/mhf.ro\/mm\/wp-content\/uploads\/2021\/04\/rusia-nongrata.jpeg","width":1200,"height":631},{"@type":"BreadcrumbList","@id":"https:\/\/mhf.ro\/mm\/oficial-rus-persona-non-grata-in-romania\/#breadcrumb","itemListElement":[{"@type":"ListItem","position":1,"name":"Prima pagin\u0103","item":"https:\/\/mhf.ro\/mm\/"},{"@type":"ListItem","position":2,"name":"Oficial rus, persona non grata \u00een Rom\u00e2nia"}]},{"@type":"WebSite","@id":"https:\/\/mhf.ro\/mm\/#website","url":"https:\/\/mhf.ro\/mm\/","name":"MHF Photography \u2013 Blog de fotografie, natur\u0103 \u0219i tehnic\u0103 divers\u0103","description":"Aventur\u0103 \u00een fiecare cadru.","publisher":{"@id":"https:\/\/mhf.ro\/mm\/#\/schema\/person\/a3bebf7bdb4bf12f698aff73c7e46c21"},"potentialAction":[{"@type":"SearchAction","target":{"@type":"EntryPoint","urlTemplate":"https:\/\/mhf.ro\/mm\/?s={search_term_string}"},"query-input":{"@type":"PropertyValueSpecification","valueRequired":true,"valueName":"search_term_string"}}],"inLanguage":"ro-RO"},{"@type":["Person","Organization"],"@id":"https:\/\/mhf.ro\/mm\/#\/schema\/person\/a3bebf7bdb4bf12f698aff73c7e46c21","name":"Marius Marcu","image":{"@type":"ImageObject","inLanguage":"ro-RO","@id":"https:\/\/mhf.ro\/mm\/#\/schema\/person\/image\/","url":"https:\/\/mhf.ro\/mm\/wp-content\/uploads\/2025\/12\/cropped-logo_mhf_2.png","contentUrl":"https:\/\/mhf.ro\/mm\/wp-content\/uploads\/2025\/12\/cropped-logo_mhf_2.png","width":1096,"height":457,"caption":"Marius Marcu"},"logo":{"@id":"https:\/\/mhf.ro\/mm\/#\/schema\/person\/image\/"},"sameAs":["https:\/\/mhf.ro\/mm"],"url":"https:\/\/mhf.ro\/mm\/author\/mihai\/"}]}},"_links":{"self":[{"href":"https:\/\/mhf.ro\/mm\/wp-json\/wp\/v2\/posts\/4767","targetHints":{"allow":["GET"]}}],"collection":[{"href":"https:\/\/mhf.ro\/mm\/wp-json\/wp\/v2\/posts"}],"about":[{"href":"https:\/\/mhf.ro\/mm\/wp-json\/wp\/v2\/types\/post"}],"author":[{"embeddable":true,"href":"https:\/\/mhf.ro\/mm\/wp-json\/wp\/v2\/users\/1"}],"replies":[{"embeddable":true,"href":"https:\/\/mhf.ro\/mm\/wp-json\/wp\/v2\/comments?post=4767"}],"version-history":[{"count":1,"href":"https:\/\/mhf.ro\/mm\/wp-json\/wp\/v2\/posts\/4767\/revisions"}],"predecessor-version":[{"id":4769,"href":"https:\/\/mhf.ro\/mm\/wp-json\/wp\/v2\/posts\/4767\/revisions\/4769"}],"wp:featuredmedia":[{"embeddable":true,"href":"https:\/\/mhf.ro\/mm\/wp-json\/wp\/v2\/media\/4768"}],"wp:attachment":[{"href":"https:\/\/mhf.ro\/mm\/wp-json\/wp\/v2\/media?parent=4767"}],"wp:term":[{"taxonomy":"category","embeddable":true,"href":"https:\/\/mhf.ro\/mm\/wp-json\/wp\/v2\/categories?post=4767"},{"taxonomy":"post_tag","embeddable":true,"href":"https:\/\/mhf.ro\/mm\/wp-json\/wp\/v2\/tags?post=4767"}],"curies":[{"name":"wp","href":"https:\/\/api.w.org\/{rel}","templated":true}]}}